{"id":1000,"date":"2022-03-29T14:23:21","date_gmt":"2022-03-29T17:23:21","guid":{"rendered":"https:\/\/portaldestaquenoticias.com.br\/?p=1000"},"modified":"2022-03-29T14:23:27","modified_gmt":"2022-03-29T17:23:27","slug":"governo-do-amazonas-inaugura-centro-para-estudos-do-envelhecimento-e-longevidade-da-funati","status":"publish","type":"post","link":"https:\/\/markd.com.br\/models\/governo-do-amazonas-inaugura-centro-para-estudos-do-envelhecimento-e-longevidade-da-funati\/","title":{"rendered":"Governo do Amazonas inaugura centro para estudos do envelhecimento e longevidade, da FUnATI"},"content":{"rendered":"\n<p>Centro de Pesquisa, Ensino e Desenvolvimento Tecnol\u00f3gico Gerontec possui o primeiro laborat\u00f3rio de biogen\u00f4mica do Norte do pa\u00eds<\/p>\n\n\n\n<p>O Governo do Amazonas inaugurou, nesta ter\u00e7a-feira (29\/03), o Centro de Pesquisa, Ensino e Desenvolvimento Tecnol\u00f3gico (Gerontec), da Funda\u00e7\u00e3o Universidade Aberta da Terceira Idade (FUnATI). O centro conta com o primeiro laborat\u00f3rio de biogen\u00f4mica da regi\u00e3o Norte do Brasil, que ter\u00e1 estudos voltados ao envelhecimento e longevidade das pessoas que vivem na floresta amaz\u00f4nica.<\/p>\n\n\n\n<p>O investimento no Gerontec \u00e9 de R$ 2,5 milh\u00f5es, recurso repassado por meio do Fundo de Promo\u00e7\u00e3o Social e Erradica\u00e7\u00e3o da Pobreza (FPS). A obra foi executada pela Secretaria de Estado de Infraestrutura e Regi\u00e3o Metropolitana de Manaus (Seinfra).<\/p>\n\n\n\n<p>A cerim\u00f4nia de inaugura\u00e7\u00e3o do novo centro contou com a participa\u00e7\u00e3o dos secret\u00e1rios estaduais de Sa\u00fade, Anoar Samad, e de Justi\u00e7a, Direitos Humanos e Cidadania, Mirtes Salles; dos deputados estaduais Dr. Gomes e Joana Darc; do prefeito de Itacoatiara, M\u00e1rio Abrahim, al\u00e9m do reitor da FUnATI, Euler Ribeiro.<\/p>\n\n\n\n<p>Titular da Secretaria de Estado de Sa\u00fade (SES-AM), Anoar Samad falou sobre a import\u00e2ncia do Gerontec para a pesquisa no Amazonas.<\/p>\n\n\n\n<p>\u201cEsse laborat\u00f3rio n\u00e3o \u00e9 somente um laborat\u00f3rio de an\u00e1lises cl\u00ednicas, mas tamb\u00e9m \u00e9 uma estrutura para pesquisas sobre um envelhecimento saud\u00e1vel, como envelhecer bem, sob a dire\u00e7\u00e3o e aconselhamento do doutor Euler Ribeiro, que \u00e9 um verdadeiro lutador dessa causa do envelhecimento saud\u00e1vel, vide a quantidade de pesquisadores nacionais e internacionais que temos aqui\u201d, destacou.<\/p>\n\n\n\n<p>As pesquisas que antes eram executadas no laborat\u00f3rio da Universidade Federal de Santa Maria (UFSM) agora passam a contar com seu pr\u00f3prio laborat\u00f3rio na Amaz\u00f4nia, que ter\u00e1 a contribui\u00e7\u00e3o e experi\u00eancia dos pesquisadores da UFSM para o desenvolvimento regional. \u201cEsse \u00e9 o objetivo principal, para que a gente consiga ser autossuficiente, inclusive, nessas pesquisas do envelhecimento saud\u00e1vel\u201d, completou o secret\u00e1rio.<\/p>\n\n\n\n<p>De acordo com reitor da FUnATI, Euler Ribeiro, o Gerontec vai investigar a inter-rela\u00e7\u00e3o entre envelhecimento, biodiversidade amaz\u00f4nica e longevidade, ampliando a produ\u00e7\u00e3o cient\u00edfica para promover a\u00e7\u00f5es efetivas de sa\u00fade p\u00fablica para a popula\u00e7\u00e3o do Amazonas.<\/p>\n\n\n\n<p>\u201cEu trazia pesquisadores do Brasil e do mundo para que n\u00f3s pud\u00e9ssemos fazer um levantamento dessa expectativa de vida aumentada do homem da floresta, 1% acima de 80 anos, quando a m\u00e9dia mundial, nos pa\u00edses que a expectativa de vida \u00e9 maior que a do Brasil, \u00e9 0,5%. Ent\u00e3o, eu fui aprender com os homens da floresta o que fazer, e n\u00f3s estamos pesquisando nos frutos, nas ervas e nos peixes\u201d, revelou Euler.<\/p>\n\n\n\n<p>Equipamentos de ponta \u2013 O Gerontec conta com equipamentos de \u00faltima gera\u00e7\u00e3o, com laborat\u00f3rios de Biologia Celular, Biologia Molecular, Bioqu\u00edmica, Pesquisas Cl\u00ednicas e Populacionais e de Microscopia e Desenvolvimento Tecnol\u00f3gico, al\u00e9m de espa\u00e7o f\u00edsico adequado para abrigar pesquisadores.<\/p>\n\n\n\n<p>O novo centro conta ainda com um pavimento com dois laborat\u00f3rios; duas salas de pesquisas; consult\u00f3rio; e salas de classifica\u00e7\u00e3o de reagentes, hematologia, bioqu\u00edmica, uroan\u00e1lise, preparo de reagente, coleta, limpeza e secagem de material, entre outras.<\/p>\n\n\n\n<p>Revitaliza\u00e7\u00e3o \u2013 Durante a inaugura\u00e7\u00e3o do Gerontec, tamb\u00e9m foi entregue a Policl\u00ednica Gerontol\u00f3gica da FUnATI, revitalizada pelo Governo do Estado. Aproximadamente 2,6 mil idosos s\u00e3o acompanhados na policl\u00ednica, que, agora, ter\u00e1 parceria com o centro de pesquisa para monitorar a sa\u00fade dos seus usu\u00e1rios.<\/p>\n\n\n\n<p>\u201cHoje, n\u00f3s temos tudo o que precisa para atender todos os desvios de sa\u00fade das pessoas que envelhecerem. N\u00e3o s\u00f3 os nossos alunos, mas de toda a zona oeste e no interior do estado, atrav\u00e9s de videoconfer\u00eancia\u201d, afirmou o reitor da FUnATI.<\/p>\n\n\n\n<p>Na policl\u00ednica, os pacientes s\u00e3o cuidados por equipe multidisciplinar composta por m\u00e9dicos especialistas na \u00e1rea da gerontologia, oftalmologista, enfermeiros, psic\u00f3logos, assistentes sociais, nutricionistas, fisioterapeutas, odont\u00f3logos, t\u00e9cnico de enfermagem, recepcionista e equipe dos sistemas de informa\u00e7\u00e3o do SUS.<\/p>\n\n\n\n<p>A revitaliza\u00e7\u00e3o contemplou novos servi\u00e7os de fonoaudiologia, farm\u00e1cia, laborat\u00f3rio de reabilita\u00e7\u00e3o e atendimento especializado \u00e0 sa\u00fade da mulher idosa.<\/p>\n\n\n\n<p>FUnATI \u2013 A FUnATI, que completa 15 anos de exist\u00eancia em 2022, tem como miss\u00e3o promover de forma integrada a difus\u00e3o do conhecimento por meio do ensino, pesquisa, extens\u00e3o e assist\u00eancia \u00e0 sa\u00fade para contribuir com o aumento da qualidade de vida da popula\u00e7\u00e3o.<\/p>\n\n\n\n<p>Desde sua cria\u00e7\u00e3o, firmou parcerias com universidades do Brasil e do exterior para produ\u00e7\u00e3o de pesquisas, sendo, hoje, reconhecida principalmente pelos estudos da Dieta Amaz\u00f4nica e seus efeitos positivos no envelhecimento com qualidade.<\/p>\n\n\n\n<p>FOTOS: Bruno Zanardo\/Secom<\/p>\n\n\n\n<figure class=\"wp-block-image\"><img decoding=\"async\" src=\"https:\/\/sp-ao.shortpixel.ai\/client\/to_auto,q_glossy,ret_img,w_1024,h_682\/https:\/\/portalmancheteam.com.br\/wp-content\/uploads\/2022\/03\/71918431-ae54-4617-b87a-cc8f2bda2667-1024x682.jpg\" alt=\"\" class=\"wp-image-80432\"\/><\/figure>\n\n\n\n<figure class=\"wp-block-image\"><img decoding=\"async\" src=\"https:\/\/sp-ao.shortpixel.ai\/client\/to_auto,q_glossy,ret_img,w_1024,h_682\/https:\/\/portalmancheteam.com.br\/wp-content\/uploads\/2022\/03\/a39a8f93-1cde-42bd-a7f5-fbb2eece96c3-1024x682.jpg\" alt=\"\" class=\"wp-image-80433\"\/><\/figure>\n\n\n\n<figure class=\"wp-block-image\"><img decoding=\"async\" src=\"https:\/\/sp-ao.shortpixel.ai\/client\/to_auto,q_glossy,ret_img,w_1024,h_682\/https:\/\/portalmancheteam.com.br\/wp-content\/uploads\/2022\/03\/cbe5c95f-4c94-411d-bfd1-9ddfca2edcd2-1024x682.jpg\" alt=\"\" class=\"wp-image-80434\"\/><\/figure>\n","protected":false},"excerpt":{"rendered":"<p>Centro de Pesquisa, Ensino e Desenvolvimento Tecnol\u00f3gico Gerontec possui o primeiro laborat\u00f3rio de biogen\u00f4mica do&#8230;<\/p>\n","protected":false},"author":5,"featured_media":1001,"comment_status":"open","ping_status":"open","sticky":false,"template":"","format":"standard","meta":{"footnotes":""},"categories":[51],"tags":[180,52,181],"class_list":["post-1000","post","type-post","status-publish","format-standard","has-post-thumbnail","hentry","category-governo-do-amazonas","tag-gerontec","tag-governo-do-amazonas","tag-seinfra"],"yoast_head":"<!-- This site is optimized with the Yoast SEO plugin v24.4 - https:\/\/yoast.com\/wordpress\/plugins\/seo\/ -->\n<title>Governo do Amazonas inaugura centro para estudos do envelhecimento e longevidade, da FUnATI - Not\u00edcias de Todos - Models01<\/title>\n<meta name=\"robots\" content=\"index, follow, max-snippet:-1, max-image-preview:large, max-video-preview:-1\" \/>\n<link rel=\"canonical\" href=\"https:\/\/markd.com.br\/models\/governo-do-amazonas-inaugura-centro-para-estudos-do-envelhecimento-e-longevidade-da-funati\/\" \/>\n<meta property=\"og:locale\" content=\"pt_BR\" \/>\n<meta property=\"og:type\" content=\"article\" \/>\n<meta property=\"og:title\" content=\"Governo do Amazonas inaugura centro para estudos do envelhecimento e longevidade, da FUnATI - Not\u00edcias de Todos - Models01\" \/>\n<meta property=\"og:description\" content=\"Centro de Pesquisa, Ensino e Desenvolvimento Tecnol\u00f3gico Gerontec possui o primeiro laborat\u00f3rio de biogen\u00f4mica do...\" \/>\n<meta property=\"og:url\" content=\"https:\/\/markd.com.br\/models\/governo-do-amazonas-inaugura-centro-para-estudos-do-envelhecimento-e-longevidade-da-funati\/\" \/>\n<meta property=\"og:site_name\" content=\"Not\u00edcias de Todos - Models01\" \/>\n<meta property=\"article:published_time\" content=\"2022-03-29T17:23:21+00:00\" \/>\n<meta property=\"article:modified_time\" content=\"2022-03-29T17:23:27+00:00\" \/>\n<meta property=\"og:image\" content=\"https:\/\/markd.com.br\/models\/wp-content\/uploads\/2022\/03\/cbe5c95f-4c94-411d-bfd1-9ddfca2edcd2-1.jpg\" \/>\n\t<meta property=\"og:image:width\" content=\"650\" \/>\n\t<meta property=\"og:image:height\" content=\"433\" \/>\n\t<meta property=\"og:image:type\" content=\"image\/jpeg\" \/>\n<meta name=\"author\" content=\"Reda\u00e7\u00e3o Reda\u00e7\u00e3o\" \/>\n<meta name=\"twitter:card\" content=\"summary_large_image\" \/>\n<meta name=\"twitter:label1\" content=\"Escrito por\" \/>\n\t<meta name=\"twitter:data1\" content=\"Reda\u00e7\u00e3o Reda\u00e7\u00e3o\" \/>\n\t<meta name=\"twitter:label2\" content=\"Est. tempo de leitura\" \/>\n\t<meta name=\"twitter:data2\" content=\"5 minutos\" \/>\n<script type=\"application\/ld+json\" class=\"yoast-schema-graph\">{\"@context\":\"https:\/\/schema.org\",\"@graph\":[{\"@type\":\"WebPage\",\"@id\":\"https:\/\/markd.com.br\/models\/governo-do-amazonas-inaugura-centro-para-estudos-do-envelhecimento-e-longevidade-da-funati\/\",\"url\":\"https:\/\/markd.com.br\/models\/governo-do-amazonas-inaugura-centro-para-estudos-do-envelhecimento-e-longevidade-da-funati\/\",\"name\":\"Governo do Amazonas inaugura centro para estudos do envelhecimento e longevidade, da FUnATI - Not\u00edcias de Todos - Models01\",\"isPartOf\":{\"@id\":\"https:\/\/markd.com.br\/models\/#website\"},\"primaryImageOfPage\":{\"@id\":\"https:\/\/markd.com.br\/models\/governo-do-amazonas-inaugura-centro-para-estudos-do-envelhecimento-e-longevidade-da-funati\/#primaryimage\"},\"image\":{\"@id\":\"https:\/\/markd.com.br\/models\/governo-do-amazonas-inaugura-centro-para-estudos-do-envelhecimento-e-longevidade-da-funati\/#primaryimage\"},\"thumbnailUrl\":\"https:\/\/markd.com.br\/models\/wp-content\/uploads\/2022\/03\/cbe5c95f-4c94-411d-bfd1-9ddfca2edcd2-1.jpg\",\"datePublished\":\"2022-03-29T17:23:21+00:00\",\"dateModified\":\"2022-03-29T17:23:27+00:00\",\"author\":{\"@id\":\"https:\/\/markd.com.br\/models\/#\/schema\/person\/c12a77ab487a7262d8bec3c47301ad37\"},\"breadcrumb\":{\"@id\":\"https:\/\/markd.com.br\/models\/governo-do-amazonas-inaugura-centro-para-estudos-do-envelhecimento-e-longevidade-da-funati\/#breadcrumb\"},\"inLanguage\":\"pt-BR\",\"potentialAction\":[{\"@type\":\"ReadAction\",\"target\":[\"https:\/\/markd.com.br\/models\/governo-do-amazonas-inaugura-centro-para-estudos-do-envelhecimento-e-longevidade-da-funati\/\"]}]},{\"@type\":\"ImageObject\",\"inLanguage\":\"pt-BR\",\"@id\":\"https:\/\/markd.com.br\/models\/governo-do-amazonas-inaugura-centro-para-estudos-do-envelhecimento-e-longevidade-da-funati\/#primaryimage\",\"url\":\"https:\/\/markd.com.br\/models\/wp-content\/uploads\/2022\/03\/cbe5c95f-4c94-411d-bfd1-9ddfca2edcd2-1.jpg\",\"contentUrl\":\"https:\/\/markd.com.br\/models\/wp-content\/uploads\/2022\/03\/cbe5c95f-4c94-411d-bfd1-9ddfca2edcd2-1.jpg\",\"width\":650,\"height\":433},{\"@type\":\"BreadcrumbList\",\"@id\":\"https:\/\/markd.com.br\/models\/governo-do-amazonas-inaugura-centro-para-estudos-do-envelhecimento-e-longevidade-da-funati\/#breadcrumb\",\"itemListElement\":[{\"@type\":\"ListItem\",\"position\":1,\"name\":\"In\u00edcio\",\"item\":\"https:\/\/markd.com.br\/models\/\"},{\"@type\":\"ListItem\",\"position\":2,\"name\":\"Governo do Amazonas inaugura centro para estudos do envelhecimento e longevidade, da FUnATI\"}]},{\"@type\":\"WebSite\",\"@id\":\"https:\/\/markd.com.br\/models\/#website\",\"url\":\"https:\/\/markd.com.br\/models\/\",\"name\":\"Not\u00edcias de Todos - Models01\",\"description\":\"Tenha um Portal de Not\u00edcias Moderno, Din\u00e2mico, R\u00e1pido e Profissional. Entregamos seu Site de  Not\u00edcias Pronto, Instalado, Hospedado, com Manual Passo a Passo e Suporte 24 horas.\",\"potentialAction\":[{\"@type\":\"SearchAction\",\"target\":{\"@type\":\"EntryPoint\",\"urlTemplate\":\"https:\/\/markd.com.br\/models\/?s={search_term_string}\"},\"query-input\":{\"@type\":\"PropertyValueSpecification\",\"valueRequired\":true,\"valueName\":\"search_term_string\"}}],\"inLanguage\":\"pt-BR\"},{\"@type\":\"Person\",\"@id\":\"https:\/\/markd.com.br\/models\/#\/schema\/person\/c12a77ab487a7262d8bec3c47301ad37\",\"name\":\"Reda\u00e7\u00e3o Reda\u00e7\u00e3o\",\"image\":{\"@type\":\"ImageObject\",\"inLanguage\":\"pt-BR\",\"@id\":\"https:\/\/markd.com.br\/models\/#\/schema\/person\/image\/\",\"url\":\"https:\/\/secure.gravatar.com\/avatar\/9448f3599ce269febf169e183039b4a6?s=96&d=mm&r=g\",\"contentUrl\":\"https:\/\/secure.gravatar.com\/avatar\/9448f3599ce269febf169e183039b4a6?s=96&d=mm&r=g\",\"caption\":\"Reda\u00e7\u00e3o Reda\u00e7\u00e3o\"},\"sameAs\":[\"https:\/\/markd.com.br\/\"],\"url\":\"https:\/\/markd.com.br\/models\/author\/redacao\/\"}]}<\/script>\n<!-- \/ Yoast SEO plugin. -->","yoast_head_json":{"title":"Governo do Amazonas inaugura centro para estudos do envelhecimento e longevidade, da FUnATI - Not\u00edcias de Todos - Models01","robots":{"index":"index","follow":"follow","max-snippet":"max-snippet:-1","max-image-preview":"max-image-preview:large","max-video-preview":"max-video-preview:-1"},"canonical":"https:\/\/markd.com.br\/models\/governo-do-amazonas-inaugura-centro-para-estudos-do-envelhecimento-e-longevidade-da-funati\/","og_locale":"pt_BR","og_type":"article","og_title":"Governo do Amazonas inaugura centro para estudos do envelhecimento e longevidade, da FUnATI - Not\u00edcias de Todos - Models01","og_description":"Centro de Pesquisa, Ensino e Desenvolvimento Tecnol\u00f3gico Gerontec possui o primeiro laborat\u00f3rio de biogen\u00f4mica do...","og_url":"https:\/\/markd.com.br\/models\/governo-do-amazonas-inaugura-centro-para-estudos-do-envelhecimento-e-longevidade-da-funati\/","og_site_name":"Not\u00edcias de Todos - Models01","article_published_time":"2022-03-29T17:23:21+00:00","article_modified_time":"2022-03-29T17:23:27+00:00","og_image":[{"width":650,"height":433,"url":"https:\/\/markd.com.br\/models\/wp-content\/uploads\/2022\/03\/cbe5c95f-4c94-411d-bfd1-9ddfca2edcd2-1.jpg","type":"image\/jpeg"}],"author":"Reda\u00e7\u00e3o Reda\u00e7\u00e3o","twitter_card":"summary_large_image","twitter_misc":{"Escrito por":"Reda\u00e7\u00e3o Reda\u00e7\u00e3o","Est. tempo de leitura":"5 minutos"},"schema":{"@context":"https:\/\/schema.org","@graph":[{"@type":"WebPage","@id":"https:\/\/markd.com.br\/models\/governo-do-amazonas-inaugura-centro-para-estudos-do-envelhecimento-e-longevidade-da-funati\/","url":"https:\/\/markd.com.br\/models\/governo-do-amazonas-inaugura-centro-para-estudos-do-envelhecimento-e-longevidade-da-funati\/","name":"Governo do Amazonas inaugura centro para estudos do envelhecimento e longevidade, da FUnATI - Not\u00edcias de Todos - Models01","isPartOf":{"@id":"https:\/\/markd.com.br\/models\/#website"},"primaryImageOfPage":{"@id":"https:\/\/markd.com.br\/models\/governo-do-amazonas-inaugura-centro-para-estudos-do-envelhecimento-e-longevidade-da-funati\/#primaryimage"},"image":{"@id":"https:\/\/markd.com.br\/models\/governo-do-amazonas-inaugura-centro-para-estudos-do-envelhecimento-e-longevidade-da-funati\/#primaryimage"},"thumbnailUrl":"https:\/\/markd.com.br\/models\/wp-content\/uploads\/2022\/03\/cbe5c95f-4c94-411d-bfd1-9ddfca2edcd2-1.jpg","datePublished":"2022-03-29T17:23:21+00:00","dateModified":"2022-03-29T17:23:27+00:00","author":{"@id":"https:\/\/markd.com.br\/models\/#\/schema\/person\/c12a77ab487a7262d8bec3c47301ad37"},"breadcrumb":{"@id":"https:\/\/markd.com.br\/models\/governo-do-amazonas-inaugura-centro-para-estudos-do-envelhecimento-e-longevidade-da-funati\/#breadcrumb"},"inLanguage":"pt-BR","potentialAction":[{"@type":"ReadAction","target":["https:\/\/markd.com.br\/models\/governo-do-amazonas-inaugura-centro-para-estudos-do-envelhecimento-e-longevidade-da-funati\/"]}]},{"@type":"ImageObject","inLanguage":"pt-BR","@id":"https:\/\/markd.com.br\/models\/governo-do-amazonas-inaugura-centro-para-estudos-do-envelhecimento-e-longevidade-da-funati\/#primaryimage","url":"https:\/\/markd.com.br\/models\/wp-content\/uploads\/2022\/03\/cbe5c95f-4c94-411d-bfd1-9ddfca2edcd2-1.jpg","contentUrl":"https:\/\/markd.com.br\/models\/wp-content\/uploads\/2022\/03\/cbe5c95f-4c94-411d-bfd1-9ddfca2edcd2-1.jpg","width":650,"height":433},{"@type":"BreadcrumbList","@id":"https:\/\/markd.com.br\/models\/governo-do-amazonas-inaugura-centro-para-estudos-do-envelhecimento-e-longevidade-da-funati\/#breadcrumb","itemListElement":[{"@type":"ListItem","position":1,"name":"In\u00edcio","item":"https:\/\/markd.com.br\/models\/"},{"@type":"ListItem","position":2,"name":"Governo do Amazonas inaugura centro para estudos do envelhecimento e longevidade, da FUnATI"}]},{"@type":"WebSite","@id":"https:\/\/markd.com.br\/models\/#website","url":"https:\/\/markd.com.br\/models\/","name":"Not\u00edcias de Todos - Models01","description":"Tenha um Portal de Not\u00edcias Moderno, Din\u00e2mico, R\u00e1pido e Profissional. Entregamos seu Site de  Not\u00edcias Pronto, Instalado, Hospedado, com Manual Passo a Passo e Suporte 24 horas.","potentialAction":[{"@type":"SearchAction","target":{"@type":"EntryPoint","urlTemplate":"https:\/\/markd.com.br\/models\/?s={search_term_string}"},"query-input":{"@type":"PropertyValueSpecification","valueRequired":true,"valueName":"search_term_string"}}],"inLanguage":"pt-BR"},{"@type":"Person","@id":"https:\/\/markd.com.br\/models\/#\/schema\/person\/c12a77ab487a7262d8bec3c47301ad37","name":"Reda\u00e7\u00e3o Reda\u00e7\u00e3o","image":{"@type":"ImageObject","inLanguage":"pt-BR","@id":"https:\/\/markd.com.br\/models\/#\/schema\/person\/image\/","url":"https:\/\/secure.gravatar.com\/avatar\/9448f3599ce269febf169e183039b4a6?s=96&d=mm&r=g","contentUrl":"https:\/\/secure.gravatar.com\/avatar\/9448f3599ce269febf169e183039b4a6?s=96&d=mm&r=g","caption":"Reda\u00e7\u00e3o Reda\u00e7\u00e3o"},"sameAs":["https:\/\/markd.com.br\/"],"url":"https:\/\/markd.com.br\/models\/author\/redacao\/"}]}},"featured_image_urls":{"full":["https:\/\/markd.com.br\/models\/wp-content\/uploads\/2022\/03\/cbe5c95f-4c94-411d-bfd1-9ddfca2edcd2-1.jpg",650,433,false],"thumbnail":["https:\/\/markd.com.br\/models\/wp-content\/uploads\/2022\/03\/cbe5c95f-4c94-411d-bfd1-9ddfca2edcd2-1-150x150.jpg",150,150,true],"medium":["https:\/\/markd.com.br\/models\/wp-content\/uploads\/2022\/03\/cbe5c95f-4c94-411d-bfd1-9ddfca2edcd2-1-300x200.jpg",300,200,true],"medium_large":["https:\/\/markd.com.br\/models\/wp-content\/uploads\/2022\/03\/cbe5c95f-4c94-411d-bfd1-9ddfca2edcd2-1.jpg",640,426,false],"large":["https:\/\/markd.com.br\/models\/wp-content\/uploads\/2022\/03\/cbe5c95f-4c94-411d-bfd1-9ddfca2edcd2-1.jpg",640,426,false],"1536x1536":["https:\/\/markd.com.br\/models\/wp-content\/uploads\/2022\/03\/cbe5c95f-4c94-411d-bfd1-9ddfca2edcd2-1.jpg",650,433,false],"2048x2048":["https:\/\/markd.com.br\/models\/wp-content\/uploads\/2022\/03\/cbe5c95f-4c94-411d-bfd1-9ddfca2edcd2-1.jpg",650,433,false],"newsphere-slider-full":["https:\/\/markd.com.br\/models\/wp-content\/uploads\/2022\/03\/cbe5c95f-4c94-411d-bfd1-9ddfca2edcd2-1.jpg",650,433,false],"newsphere-featured":["https:\/\/markd.com.br\/models\/wp-content\/uploads\/2022\/03\/cbe5c95f-4c94-411d-bfd1-9ddfca2edcd2-1.jpg",650,433,false],"newsphere-medium":["https:\/\/markd.com.br\/models\/wp-content\/uploads\/2022\/03\/cbe5c95f-4c94-411d-bfd1-9ddfca2edcd2-1-650x380.jpg",650,380,true]},"author_info":{"display_name":"Reda\u00e7\u00e3o Reda\u00e7\u00e3o","author_link":"https:\/\/markd.com.br\/models\/author\/redacao\/"},"category_info":"<a href=\"https:\/\/markd.com.br\/models\/category\/governo-do-amazonas\/\" rel=\"category tag\">Governo do amazonas<\/a>","tag_info":"Governo do amazonas","comment_count":"0","jetpack_featured_media_url":"https:\/\/markd.com.br\/models\/wp-content\/uploads\/2022\/03\/cbe5c95f-4c94-411d-bfd1-9ddfca2edcd2-1.jpg","_links":{"self":[{"href":"https:\/\/markd.com.br\/models\/wp-json\/wp\/v2\/posts\/1000","targetHints":{"allow":["GET"]}}],"collection":[{"href":"https:\/\/markd.com.br\/models\/wp-json\/wp\/v2\/posts"}],"about":[{"href":"https:\/\/markd.com.br\/models\/wp-json\/wp\/v2\/types\/post"}],"author":[{"embeddable":true,"href":"https:\/\/markd.com.br\/models\/wp-json\/wp\/v2\/users\/5"}],"replies":[{"embeddable":true,"href":"https:\/\/markd.com.br\/models\/wp-json\/wp\/v2\/comments?post=1000"}],"version-history":[{"count":1,"href":"https:\/\/markd.com.br\/models\/wp-json\/wp\/v2\/posts\/1000\/revisions"}],"predecessor-version":[{"id":1002,"href":"https:\/\/markd.com.br\/models\/wp-json\/wp\/v2\/posts\/1000\/revisions\/1002"}],"wp:featuredmedia":[{"embeddable":true,"href":"https:\/\/markd.com.br\/models\/wp-json\/wp\/v2\/media\/1001"}],"wp:attachment":[{"href":"https:\/\/markd.com.br\/models\/wp-json\/wp\/v2\/media?parent=1000"}],"wp:term":[{"taxonomy":"category","embeddable":true,"href":"https:\/\/markd.com.br\/models\/wp-json\/wp\/v2\/categories?post=1000"},{"taxonomy":"post_tag","embeddable":true,"href":"https:\/\/markd.com.br\/models\/wp-json\/wp\/v2\/tags?post=1000"}],"curies":[{"name":"wp","href":"https:\/\/api.w.org\/{rel}","templated":true}]}}