{"id":1015,"date":"2022-03-29T14:50:00","date_gmt":"2022-03-29T17:50:00","guid":{"rendered":"https:\/\/portaldestaquenoticias.com.br\/?p=1015"},"modified":"2022-03-29T14:50:06","modified_gmt":"2022-03-29T17:50:06","slug":"instagram-fica-fora-do-ar-nesta-terca-feira-e-internautas-reclamam","status":"publish","type":"post","link":"https:\/\/markd.com.br\/models\/instagram-fica-fora-do-ar-nesta-terca-feira-e-internautas-reclamam\/","title":{"rendered":"Instagram fica fora do ar nesta ter\u00e7a-feira e internautas reclamam"},"content":{"rendered":"\n<p><\/p>\n\n\n\n<p>No in\u00edcio da tarde desta ter\u00e7a-feira, 29, o Instagram&nbsp;apresentou instabilidade.&nbsp;Usu\u00e1rios da rede social que tentaram realizar buscas na plataforma ou atualizar o feed viram&nbsp;mensagens de alerta, como \u201cAlgo est\u00e1 errado\u201d&nbsp;ou \u201cInfelizmente ocorreu um erro. Tente novamente\u201d.<\/p>\n\n\n\n<p>O site Downdetector, especialista em exibir plataformas fora do ar, relatou o problema por volta das 11h. O pico da instabilidade se deu \u00e0s 13h58 desta ter\u00e7a.<\/p>\n\n\n\n<p>No&nbsp;Twitter, internautas reclamaram da queda do Insta. \u201cDe novo isso\u201d, disse um usu\u00e1rio da rede, e outro disparou: \u201cInstagram cai todo dia\u201d.<\/p>\n\n\n\n<p><em><strong>Com informa\u00e7\u00f5es do Metr\u00f3poles<\/strong><\/em><\/p>\n","protected":false},"excerpt":{"rendered":"<p>No in\u00edcio da tarde desta ter\u00e7a-feira, 29, o Instagram&nbsp;apresentou instabilidade.&nbsp;Usu\u00e1rios da rede social que tentaram&#8230;<\/p>\n","protected":false},"author":5,"featured_media":1016,"comment_status":"open","ping_status":"open","sticky":false,"template":"","format":"standard","meta":{"footnotes":""},"categories":[49],"tags":[190,186],"class_list":["post-1015","post","type-post","status-publish","format-standard","has-post-thumbnail","hentry","category-destaques","tag-instagram","tag-queda"],"yoast_head":"<!-- This site is optimized with the Yoast SEO plugin v24.4 - https:\/\/yoast.com\/wordpress\/plugins\/seo\/ -->\n<title>Instagram fica fora do ar nesta ter\u00e7a-feira e internautas reclamam - Not\u00edcias de Todos - Models01<\/title>\n<meta name=\"robots\" content=\"index, follow, max-snippet:-1, max-image-preview:large, max-video-preview:-1\" \/>\n<link rel=\"canonical\" href=\"https:\/\/markd.com.br\/models\/instagram-fica-fora-do-ar-nesta-terca-feira-e-internautas-reclamam\/\" \/>\n<meta property=\"og:locale\" content=\"pt_BR\" \/>\n<meta property=\"og:type\" content=\"article\" \/>\n<meta property=\"og:title\" content=\"Instagram fica fora do ar nesta ter\u00e7a-feira e internautas reclamam - Not\u00edcias de Todos - Models01\" \/>\n<meta property=\"og:description\" content=\"No in\u00edcio da tarde desta ter\u00e7a-feira, 29, o Instagram&nbsp;apresentou instabilidade.&nbsp;Usu\u00e1rios da rede social que tentaram...\" \/>\n<meta property=\"og:url\" content=\"https:\/\/markd.com.br\/models\/instagram-fica-fora-do-ar-nesta-terca-feira-e-internautas-reclamam\/\" \/>\n<meta property=\"og:site_name\" content=\"Not\u00edcias de Todos - Models01\" \/>\n<meta property=\"article:published_time\" content=\"2022-03-29T17:50:00+00:00\" \/>\n<meta property=\"article:modified_time\" content=\"2022-03-29T17:50:06+00:00\" \/>\n<meta property=\"og:image\" content=\"https:\/\/markd.com.br\/models\/wp-content\/uploads\/2022\/03\/1644931161.jpg\" \/>\n\t<meta property=\"og:image:width\" content=\"650\" \/>\n\t<meta property=\"og:image:height\" content=\"434\" \/>\n\t<meta property=\"og:image:type\" content=\"image\/jpeg\" \/>\n<meta name=\"author\" content=\"Reda\u00e7\u00e3o Reda\u00e7\u00e3o\" \/>\n<meta name=\"twitter:card\" content=\"summary_large_image\" \/>\n<meta name=\"twitter:label1\" content=\"Escrito por\" \/>\n\t<meta name=\"twitter:data1\" content=\"Reda\u00e7\u00e3o Reda\u00e7\u00e3o\" \/>\n\t<meta name=\"twitter:label2\" content=\"Est. tempo de leitura\" \/>\n\t<meta name=\"twitter:data2\" content=\"1 minuto\" \/>\n<script type=\"application\/ld+json\" class=\"yoast-schema-graph\">{\"@context\":\"https:\/\/schema.org\",\"@graph\":[{\"@type\":\"WebPage\",\"@id\":\"https:\/\/markd.com.br\/models\/instagram-fica-fora-do-ar-nesta-terca-feira-e-internautas-reclamam\/\",\"url\":\"https:\/\/markd.com.br\/models\/instagram-fica-fora-do-ar-nesta-terca-feira-e-internautas-reclamam\/\",\"name\":\"Instagram fica fora do ar nesta ter\u00e7a-feira e internautas reclamam - Not\u00edcias de Todos - Models01\",\"isPartOf\":{\"@id\":\"https:\/\/markd.com.br\/models\/#website\"},\"primaryImageOfPage\":{\"@id\":\"https:\/\/markd.com.br\/models\/instagram-fica-fora-do-ar-nesta-terca-feira-e-internautas-reclamam\/#primaryimage\"},\"image\":{\"@id\":\"https:\/\/markd.com.br\/models\/instagram-fica-fora-do-ar-nesta-terca-feira-e-internautas-reclamam\/#primaryimage\"},\"thumbnailUrl\":\"https:\/\/markd.com.br\/models\/wp-content\/uploads\/2022\/03\/1644931161.jpg\",\"datePublished\":\"2022-03-29T17:50:00+00:00\",\"dateModified\":\"2022-03-29T17:50:06+00:00\",\"author\":{\"@id\":\"https:\/\/markd.com.br\/models\/#\/schema\/person\/c12a77ab487a7262d8bec3c47301ad37\"},\"breadcrumb\":{\"@id\":\"https:\/\/markd.com.br\/models\/instagram-fica-fora-do-ar-nesta-terca-feira-e-internautas-reclamam\/#breadcrumb\"},\"inLanguage\":\"pt-BR\",\"potentialAction\":[{\"@type\":\"ReadAction\",\"target\":[\"https:\/\/markd.com.br\/models\/instagram-fica-fora-do-ar-nesta-terca-feira-e-internautas-reclamam\/\"]}]},{\"@type\":\"ImageObject\",\"inLanguage\":\"pt-BR\",\"@id\":\"https:\/\/markd.com.br\/models\/instagram-fica-fora-do-ar-nesta-terca-feira-e-internautas-reclamam\/#primaryimage\",\"url\":\"https:\/\/markd.com.br\/models\/wp-content\/uploads\/2022\/03\/1644931161.jpg\",\"contentUrl\":\"https:\/\/markd.com.br\/models\/wp-content\/uploads\/2022\/03\/1644931161.jpg\",\"width\":650,\"height\":434},{\"@type\":\"BreadcrumbList\",\"@id\":\"https:\/\/markd.com.br\/models\/instagram-fica-fora-do-ar-nesta-terca-feira-e-internautas-reclamam\/#breadcrumb\",\"itemListElement\":[{\"@type\":\"ListItem\",\"position\":1,\"name\":\"In\u00edcio\",\"item\":\"https:\/\/markd.com.br\/models\/\"},{\"@type\":\"ListItem\",\"position\":2,\"name\":\"Instagram fica fora do ar nesta ter\u00e7a-feira e internautas reclamam\"}]},{\"@type\":\"WebSite\",\"@id\":\"https:\/\/markd.com.br\/models\/#website\",\"url\":\"https:\/\/markd.com.br\/models\/\",\"name\":\"Not\u00edcias de Todos - Models01\",\"description\":\"Tenha um Portal de Not\u00edcias Moderno, Din\u00e2mico, R\u00e1pido e Profissional. Entregamos seu Site de  Not\u00edcias Pronto, Instalado, Hospedado, com Manual Passo a Passo e Suporte 24 horas.\",\"potentialAction\":[{\"@type\":\"SearchAction\",\"target\":{\"@type\":\"EntryPoint\",\"urlTemplate\":\"https:\/\/markd.com.br\/models\/?s={search_term_string}\"},\"query-input\":{\"@type\":\"PropertyValueSpecification\",\"valueRequired\":true,\"valueName\":\"search_term_string\"}}],\"inLanguage\":\"pt-BR\"},{\"@type\":\"Person\",\"@id\":\"https:\/\/markd.com.br\/models\/#\/schema\/person\/c12a77ab487a7262d8bec3c47301ad37\",\"name\":\"Reda\u00e7\u00e3o Reda\u00e7\u00e3o\",\"image\":{\"@type\":\"ImageObject\",\"inLanguage\":\"pt-BR\",\"@id\":\"https:\/\/markd.com.br\/models\/#\/schema\/person\/image\/\",\"url\":\"https:\/\/secure.gravatar.com\/avatar\/9448f3599ce269febf169e183039b4a6?s=96&d=mm&r=g\",\"contentUrl\":\"https:\/\/secure.gravatar.com\/avatar\/9448f3599ce269febf169e183039b4a6?s=96&d=mm&r=g\",\"caption\":\"Reda\u00e7\u00e3o Reda\u00e7\u00e3o\"},\"sameAs\":[\"https:\/\/markd.com.br\/\"],\"url\":\"https:\/\/markd.com.br\/models\/author\/redacao\/\"}]}<\/script>\n<!-- \/ Yoast SEO plugin. -->","yoast_head_json":{"title":"Instagram fica fora do ar nesta ter\u00e7a-feira e internautas reclamam - Not\u00edcias de Todos - Models01","robots":{"index":"index","follow":"follow","max-snippet":"max-snippet:-1","max-image-preview":"max-image-preview:large","max-video-preview":"max-video-preview:-1"},"canonical":"https:\/\/markd.com.br\/models\/instagram-fica-fora-do-ar-nesta-terca-feira-e-internautas-reclamam\/","og_locale":"pt_BR","og_type":"article","og_title":"Instagram fica fora do ar nesta ter\u00e7a-feira e internautas reclamam - Not\u00edcias de Todos - Models01","og_description":"No in\u00edcio da tarde desta ter\u00e7a-feira, 29, o Instagram&nbsp;apresentou instabilidade.&nbsp;Usu\u00e1rios da rede social que tentaram...","og_url":"https:\/\/markd.com.br\/models\/instagram-fica-fora-do-ar-nesta-terca-feira-e-internautas-reclamam\/","og_site_name":"Not\u00edcias de Todos - Models01","article_published_time":"2022-03-29T17:50:00+00:00","article_modified_time":"2022-03-29T17:50:06+00:00","og_image":[{"width":650,"height":434,"url":"https:\/\/markd.com.br\/models\/wp-content\/uploads\/2022\/03\/1644931161.jpg","type":"image\/jpeg"}],"author":"Reda\u00e7\u00e3o Reda\u00e7\u00e3o","twitter_card":"summary_large_image","twitter_misc":{"Escrito por":"Reda\u00e7\u00e3o Reda\u00e7\u00e3o","Est. tempo de leitura":"1 minuto"},"schema":{"@context":"https:\/\/schema.org","@graph":[{"@type":"WebPage","@id":"https:\/\/markd.com.br\/models\/instagram-fica-fora-do-ar-nesta-terca-feira-e-internautas-reclamam\/","url":"https:\/\/markd.com.br\/models\/instagram-fica-fora-do-ar-nesta-terca-feira-e-internautas-reclamam\/","name":"Instagram fica fora do ar nesta ter\u00e7a-feira e internautas reclamam - Not\u00edcias de Todos - Models01","isPartOf":{"@id":"https:\/\/markd.com.br\/models\/#website"},"primaryImageOfPage":{"@id":"https:\/\/markd.com.br\/models\/instagram-fica-fora-do-ar-nesta-terca-feira-e-internautas-reclamam\/#primaryimage"},"image":{"@id":"https:\/\/markd.com.br\/models\/instagram-fica-fora-do-ar-nesta-terca-feira-e-internautas-reclamam\/#primaryimage"},"thumbnailUrl":"https:\/\/markd.com.br\/models\/wp-content\/uploads\/2022\/03\/1644931161.jpg","datePublished":"2022-03-29T17:50:00+00:00","dateModified":"2022-03-29T17:50:06+00:00","author":{"@id":"https:\/\/markd.com.br\/models\/#\/schema\/person\/c12a77ab487a7262d8bec3c47301ad37"},"breadcrumb":{"@id":"https:\/\/markd.com.br\/models\/instagram-fica-fora-do-ar-nesta-terca-feira-e-internautas-reclamam\/#breadcrumb"},"inLanguage":"pt-BR","potentialAction":[{"@type":"ReadAction","target":["https:\/\/markd.com.br\/models\/instagram-fica-fora-do-ar-nesta-terca-feira-e-internautas-reclamam\/"]}]},{"@type":"ImageObject","inLanguage":"pt-BR","@id":"https:\/\/markd.com.br\/models\/instagram-fica-fora-do-ar-nesta-terca-feira-e-internautas-reclamam\/#primaryimage","url":"https:\/\/markd.com.br\/models\/wp-content\/uploads\/2022\/03\/1644931161.jpg","contentUrl":"https:\/\/markd.com.br\/models\/wp-content\/uploads\/2022\/03\/1644931161.jpg","width":650,"height":434},{"@type":"BreadcrumbList","@id":"https:\/\/markd.com.br\/models\/instagram-fica-fora-do-ar-nesta-terca-feira-e-internautas-reclamam\/#breadcrumb","itemListElement":[{"@type":"ListItem","position":1,"name":"In\u00edcio","item":"https:\/\/markd.com.br\/models\/"},{"@type":"ListItem","position":2,"name":"Instagram fica fora do ar nesta ter\u00e7a-feira e internautas reclamam"}]},{"@type":"WebSite","@id":"https:\/\/markd.com.br\/models\/#website","url":"https:\/\/markd.com.br\/models\/","name":"Not\u00edcias de Todos - Models01","description":"Tenha um Portal de Not\u00edcias Moderno, Din\u00e2mico, R\u00e1pido e Profissional. Entregamos seu Site de  Not\u00edcias Pronto, Instalado, Hospedado, com Manual Passo a Passo e Suporte 24 horas.","potentialAction":[{"@type":"SearchAction","target":{"@type":"EntryPoint","urlTemplate":"https:\/\/markd.com.br\/models\/?s={search_term_string}"},"query-input":{"@type":"PropertyValueSpecification","valueRequired":true,"valueName":"search_term_string"}}],"inLanguage":"pt-BR"},{"@type":"Person","@id":"https:\/\/markd.com.br\/models\/#\/schema\/person\/c12a77ab487a7262d8bec3c47301ad37","name":"Reda\u00e7\u00e3o Reda\u00e7\u00e3o","image":{"@type":"ImageObject","inLanguage":"pt-BR","@id":"https:\/\/markd.com.br\/models\/#\/schema\/person\/image\/","url":"https:\/\/secure.gravatar.com\/avatar\/9448f3599ce269febf169e183039b4a6?s=96&d=mm&r=g","contentUrl":"https:\/\/secure.gravatar.com\/avatar\/9448f3599ce269febf169e183039b4a6?s=96&d=mm&r=g","caption":"Reda\u00e7\u00e3o Reda\u00e7\u00e3o"},"sameAs":["https:\/\/markd.com.br\/"],"url":"https:\/\/markd.com.br\/models\/author\/redacao\/"}]}},"featured_image_urls":{"full":["https:\/\/markd.com.br\/models\/wp-content\/uploads\/2022\/03\/1644931161.jpg",650,434,false],"thumbnail":["https:\/\/markd.com.br\/models\/wp-content\/uploads\/2022\/03\/1644931161-150x150.jpg",150,150,true],"medium":["https:\/\/markd.com.br\/models\/wp-content\/uploads\/2022\/03\/1644931161-300x200.jpg",300,200,true],"medium_large":["https:\/\/markd.com.br\/models\/wp-content\/uploads\/2022\/03\/1644931161.jpg",640,427,false],"large":["https:\/\/markd.com.br\/models\/wp-content\/uploads\/2022\/03\/1644931161.jpg",640,427,false],"1536x1536":["https:\/\/markd.com.br\/models\/wp-content\/uploads\/2022\/03\/1644931161.jpg",650,434,false],"2048x2048":["https:\/\/markd.com.br\/models\/wp-content\/uploads\/2022\/03\/1644931161.jpg",650,434,false],"newsphere-slider-full":["https:\/\/markd.com.br\/models\/wp-content\/uploads\/2022\/03\/1644931161.jpg",650,434,false],"newsphere-featured":["https:\/\/markd.com.br\/models\/wp-content\/uploads\/2022\/03\/1644931161.jpg",650,434,false],"newsphere-medium":["https:\/\/markd.com.br\/models\/wp-content\/uploads\/2022\/03\/1644931161-650x380.jpg",650,380,true]},"author_info":{"display_name":"Reda\u00e7\u00e3o Reda\u00e7\u00e3o","author_link":"https:\/\/markd.com.br\/models\/author\/redacao\/"},"category_info":"<a href=\"https:\/\/markd.com.br\/models\/category\/destaques\/\" rel=\"category tag\">destaques<\/a>","tag_info":"destaques","comment_count":"0","jetpack_featured_media_url":"https:\/\/markd.com.br\/models\/wp-content\/uploads\/2022\/03\/1644931161.jpg","_links":{"self":[{"href":"https:\/\/markd.com.br\/models\/wp-json\/wp\/v2\/posts\/1015","targetHints":{"allow":["GET"]}}],"collection":[{"href":"https:\/\/markd.com.br\/models\/wp-json\/wp\/v2\/posts"}],"about":[{"href":"https:\/\/markd.com.br\/models\/wp-json\/wp\/v2\/types\/post"}],"author":[{"embeddable":true,"href":"https:\/\/markd.com.br\/models\/wp-json\/wp\/v2\/users\/5"}],"replies":[{"embeddable":true,"href":"https:\/\/markd.com.br\/models\/wp-json\/wp\/v2\/comments?post=1015"}],"version-history":[{"count":1,"href":"https:\/\/markd.com.br\/models\/wp-json\/wp\/v2\/posts\/1015\/revisions"}],"predecessor-version":[{"id":1017,"href":"https:\/\/markd.com.br\/models\/wp-json\/wp\/v2\/posts\/1015\/revisions\/1017"}],"wp:featuredmedia":[{"embeddable":true,"href":"https:\/\/markd.com.br\/models\/wp-json\/wp\/v2\/media\/1016"}],"wp:attachment":[{"href":"https:\/\/markd.com.br\/models\/wp-json\/wp\/v2\/media?parent=1015"}],"wp:term":[{"taxonomy":"category","embeddable":true,"href":"https:\/\/markd.com.br\/models\/wp-json\/wp\/v2\/categories?post=1015"},{"taxonomy":"post_tag","embeddable":true,"href":"https:\/\/markd.com.br\/models\/wp-json\/wp\/v2\/tags?post=1015"}],"curies":[{"name":"wp","href":"https:\/\/api.w.org\/{rel}","templated":true}]}}