{"id":1033,"date":"2022-03-29T16:07:12","date_gmt":"2022-03-29T19:07:12","guid":{"rendered":"https:\/\/portaldestaquenoticias.com.br\/?p=1033"},"modified":"2022-03-29T16:07:17","modified_gmt":"2022-03-29T19:07:17","slug":"rede-estadual-de-ensino-inicia-temporada-2022-do-projeto-conquistar-com-aulas-de-reforco-em-multiplataformas","status":"publish","type":"post","link":"https:\/\/markd.com.br\/models\/rede-estadual-de-ensino-inicia-temporada-2022-do-projeto-conquistar-com-aulas-de-reforco-em-multiplataformas\/","title":{"rendered":"Rede estadual de ensino inicia temporada 2022 do projeto \u201cConquistar\u201d, com aulas de refor\u00e7o em multiplataformas"},"content":{"rendered":"\n<p><\/p>\n\n\n\n<p>O programa \u00e9 voltado para alunos da 1\u00aa, 2\u00aa e 3\u00aa s\u00e9rie do Ensino M\u00e9dio e 11\u00aa Etapa da EJA M\u00e9dio<\/p>\n\n\n\n<p>A Secretaria de Estado de Educa\u00e7\u00e3o e Desporto deu in\u00edcio \u00e0s atividades do \u201cProjeto de Apoio \u00e0 Aprendizagem Conquistar 2022\u201d. O programa tem foco na complementa\u00e7\u00e3o da aprendizagem e na amplia\u00e7\u00e3o da carga hor\u00e1ria de estudo dos estudantes por meio de aulas de apoio e de revis\u00e3o de conte\u00fados para os alunos da 1\u00aa, 2\u00aa e 3\u00aa s\u00e9rie do Ensino M\u00e9dio e para os estudantes da 11\u00aa Etapa da Educa\u00e7\u00e3o de Jovens e Adultos (EJA).<\/p>\n\n\n\n<p>Este ano, a plataforma busca a inova\u00e7\u00e3o e organiza a sua programa\u00e7\u00e3o no formato de webs\u00e9rie, na qual cada programa\u00e7\u00e3o de estudos \u2013 antes chamada de blocos \u2013 receber\u00e1 o nome de temporadas, estas ser\u00e3o tem\u00e1ticas e, durante as temporadas, ocorrer\u00e1 o lan\u00e7amento de epis\u00f3dios. Os epis\u00f3dios s\u00e3o: aulas, lives, simulados, dicas e muitos mais. A ideia \u00e9 aproximar ainda mais os recursos pedag\u00f3gicos dos alunos e dos professores.<\/p>\n\n\n\n<p>Para a secret\u00e1ria de Estado de Educa\u00e7\u00e3o, Kuka Chaves, as novidades marcam a nova temporada. \u201cO projeto atende todos os alunos da rede estadual do Amazonas que estejam no Ensino M\u00e9dio e EJA Ensino M\u00e9dio. Mais uma vez, ele vem inovando, e apresenta uma nova vers\u00e3o mais interativa e integrada \u00e0s metodologias ativas em uma linguagem atual e contextualizada. Professores e estudantes ter\u00e3o mais espa\u00e7os participativos na elabora\u00e7\u00e3o, produ\u00e7\u00e3o e divulga\u00e7\u00e3o dos recursos pedag\u00f3gicos do projeto\u201d, destacou.<\/p>\n\n\n\n<p>Desenvolvido desde 2018 pelo Centro de M\u00eddias do Amazonas (Cemeam), o \u201cConquistar\u201d conta com programa\u00e7\u00e3o televisiva, ambientes virtuais de aprendizagem (Plataforma Educa\u00e7\u00e3o, Acerta Mais ENEM, EXP for School, ENEM Brasil), apostilas, simulados, aul\u00f5es ao vivo com professores convidados, interatividade em redes sociais e durante as transmiss\u00f5es, lives de orienta\u00e7\u00e3o sobre as \u00e1reas de atua\u00e7\u00e3o profissional, entre outros.<\/p>\n\n\n\n<p>Alunos influencers \u2013 Em 2021, as aulas foram apresentadas em um formato de \u201cSala de Aula Invertida\u201d, agora em 2022, a metodologia permanece, e assim o projeto vai expandir suas a\u00e7\u00f5es pedag\u00f3gicas com a organiza\u00e7\u00e3o de blocos tem\u00e1ticos, tornando a programa\u00e7\u00e3o de estudos mais atrativa. Al\u00e9m disso, o projeto conta com a sele\u00e7\u00e3o de alunos \u201cinfluencers\u201d, para apoiar a mobiliza\u00e7\u00e3o e participa\u00e7\u00e3o dos estudantes na escola, tamb\u00e9m com a sele\u00e7\u00e3o de professores de sala de aula para realizar a produ\u00e7\u00e3o de material pedag\u00f3gico de apoio e para ministrar os aul\u00f5es ao vivo.<\/p>\n\n\n\n<p>Os estudantes escolhidos ter\u00e3o seus v\u00eddeos divulgados pelas redes sociais das escolas estaduais.<\/p>\n\n\n\n<p>Como acessar \u2013 Para ter acesso aos conte\u00fados e \u00e0 programa\u00e7\u00e3o do projeto \u201cConquistar\u201d, o estudante deve acessar o site pelo endere\u00e7o https:\/\/conquistar.am.gov.br\/. Al\u00e9m disso, as aulas s\u00e3o disponibilizadas tamb\u00e9m na TV Tiradentes, Canal 2.3, de segunda a sexta-feira.<\/p>\n\n\n\n<p>FOTOS: Tairone dos Santos\/Seduc<\/p>\n\n\n\n<figure class=\"wp-block-image\"><img decoding=\"async\" src=\"https:\/\/sp-ao.shortpixel.ai\/client\/to_auto,q_glossy,ret_img,w_768,h_1024\/https:\/\/portalmancheteam.com.br\/wp-content\/uploads\/2022\/03\/8f5787ad-5d09-4bd7-b378-f60a28c263d9-768x1024.jpg\" alt=\"\" class=\"wp-image-80459\"\/><\/figure>\n\n\n\n<figure class=\"wp-block-image\"><img decoding=\"async\" src=\"https:\/\/sp-ao.shortpixel.ai\/client\/to_auto,q_glossy,ret_img,w_1024,h_728\/https:\/\/portalmancheteam.com.br\/wp-content\/uploads\/2022\/03\/a3ff95c6-b6ae-4c88-9006-191db3d16123-1024x728.jpg\" alt=\"\" class=\"wp-image-80461\"\/><\/figure>\n\n\n\n<figure class=\"wp-block-image\"><img decoding=\"async\" src=\"https:\/\/sp-ao.shortpixel.ai\/client\/to_auto,q_glossy,ret_img,w_1024,h_694\/https:\/\/portalmancheteam.com.br\/wp-content\/uploads\/2022\/03\/544f9f41-66c4-42cf-80f8-6e66fc0d66e3-1024x694.jpg\" alt=\"\" class=\"wp-image-80460\"\/><\/figure>\n\n\n\n<p>Informa\u00e7\u00f5es para a Imprensa: Assessoria de Comunica\u00e7\u00e3o da Secretaria de Estado de Educa\u00e7\u00e3o e Desporto: imprensa@seduc.net.<\/p>\n","protected":false},"excerpt":{"rendered":"<p>O programa \u00e9 voltado para alunos da 1\u00aa, 2\u00aa e 3\u00aa s\u00e9rie do Ensino M\u00e9dio&#8230;<\/p>\n","protected":false},"author":5,"featured_media":1034,"comment_status":"open","ping_status":"open","sticky":false,"template":"","format":"standard","meta":{"footnotes":""},"categories":[49],"tags":[201,200,202],"class_list":["post-1033","post","type-post","status-publish","format-standard","has-post-thumbnail","hentry","category-destaques","tag-cemeam","tag-eja","tag-enem"],"yoast_head":"<!-- This site is optimized with the Yoast SEO plugin v24.4 - https:\/\/yoast.com\/wordpress\/plugins\/seo\/ -->\n<title>Rede estadual de ensino inicia temporada 2022 do projeto \u201cConquistar\u201d, com aulas de refor\u00e7o em multiplataformas - Not\u00edcias de Todos - Models01<\/title>\n<meta name=\"robots\" content=\"index, follow, max-snippet:-1, max-image-preview:large, max-video-preview:-1\" \/>\n<link rel=\"canonical\" href=\"https:\/\/markd.com.br\/models\/rede-estadual-de-ensino-inicia-temporada-2022-do-projeto-conquistar-com-aulas-de-reforco-em-multiplataformas\/\" \/>\n<meta property=\"og:locale\" content=\"pt_BR\" \/>\n<meta property=\"og:type\" content=\"article\" \/>\n<meta property=\"og:title\" content=\"Rede estadual de ensino inicia temporada 2022 do projeto \u201cConquistar\u201d, com aulas de refor\u00e7o em multiplataformas - Not\u00edcias de Todos - Models01\" \/>\n<meta property=\"og:description\" content=\"O programa \u00e9 voltado para alunos da 1\u00aa, 2\u00aa e 3\u00aa s\u00e9rie do Ensino M\u00e9dio...\" \/>\n<meta property=\"og:url\" content=\"https:\/\/markd.com.br\/models\/rede-estadual-de-ensino-inicia-temporada-2022-do-projeto-conquistar-com-aulas-de-reforco-em-multiplataformas\/\" \/>\n<meta property=\"og:site_name\" content=\"Not\u00edcias de Todos - Models01\" \/>\n<meta property=\"article:published_time\" content=\"2022-03-29T19:07:12+00:00\" \/>\n<meta property=\"article:modified_time\" content=\"2022-03-29T19:07:17+00:00\" \/>\n<meta property=\"og:image\" content=\"https:\/\/markd.com.br\/models\/wp-content\/uploads\/2022\/03\/0497dbe9-e440-4276-b078-6ce1b637d875.jpg\" \/>\n\t<meta property=\"og:image:width\" content=\"650\" \/>\n\t<meta property=\"og:image:height\" content=\"391\" \/>\n\t<meta property=\"og:image:type\" content=\"image\/jpeg\" \/>\n<meta name=\"author\" content=\"Reda\u00e7\u00e3o Reda\u00e7\u00e3o\" \/>\n<meta name=\"twitter:card\" content=\"summary_large_image\" \/>\n<meta name=\"twitter:label1\" content=\"Escrito por\" \/>\n\t<meta name=\"twitter:data1\" content=\"Reda\u00e7\u00e3o Reda\u00e7\u00e3o\" \/>\n\t<meta name=\"twitter:label2\" content=\"Est. tempo de leitura\" \/>\n\t<meta name=\"twitter:data2\" content=\"4 minutos\" \/>\n<script type=\"application\/ld+json\" class=\"yoast-schema-graph\">{\"@context\":\"https:\/\/schema.org\",\"@graph\":[{\"@type\":\"WebPage\",\"@id\":\"https:\/\/markd.com.br\/models\/rede-estadual-de-ensino-inicia-temporada-2022-do-projeto-conquistar-com-aulas-de-reforco-em-multiplataformas\/\",\"url\":\"https:\/\/markd.com.br\/models\/rede-estadual-de-ensino-inicia-temporada-2022-do-projeto-conquistar-com-aulas-de-reforco-em-multiplataformas\/\",\"name\":\"Rede estadual de ensino inicia temporada 2022 do projeto \u201cConquistar\u201d, com aulas de refor\u00e7o em multiplataformas - Not\u00edcias de Todos - Models01\",\"isPartOf\":{\"@id\":\"https:\/\/markd.com.br\/models\/#website\"},\"primaryImageOfPage\":{\"@id\":\"https:\/\/markd.com.br\/models\/rede-estadual-de-ensino-inicia-temporada-2022-do-projeto-conquistar-com-aulas-de-reforco-em-multiplataformas\/#primaryimage\"},\"image\":{\"@id\":\"https:\/\/markd.com.br\/models\/rede-estadual-de-ensino-inicia-temporada-2022-do-projeto-conquistar-com-aulas-de-reforco-em-multiplataformas\/#primaryimage\"},\"thumbnailUrl\":\"https:\/\/markd.com.br\/models\/wp-content\/uploads\/2022\/03\/0497dbe9-e440-4276-b078-6ce1b637d875.jpg\",\"datePublished\":\"2022-03-29T19:07:12+00:00\",\"dateModified\":\"2022-03-29T19:07:17+00:00\",\"author\":{\"@id\":\"https:\/\/markd.com.br\/models\/#\/schema\/person\/c12a77ab487a7262d8bec3c47301ad37\"},\"breadcrumb\":{\"@id\":\"https:\/\/markd.com.br\/models\/rede-estadual-de-ensino-inicia-temporada-2022-do-projeto-conquistar-com-aulas-de-reforco-em-multiplataformas\/#breadcrumb\"},\"inLanguage\":\"pt-BR\",\"potentialAction\":[{\"@type\":\"ReadAction\",\"target\":[\"https:\/\/markd.com.br\/models\/rede-estadual-de-ensino-inicia-temporada-2022-do-projeto-conquistar-com-aulas-de-reforco-em-multiplataformas\/\"]}]},{\"@type\":\"ImageObject\",\"inLanguage\":\"pt-BR\",\"@id\":\"https:\/\/markd.com.br\/models\/rede-estadual-de-ensino-inicia-temporada-2022-do-projeto-conquistar-com-aulas-de-reforco-em-multiplataformas\/#primaryimage\",\"url\":\"https:\/\/markd.com.br\/models\/wp-content\/uploads\/2022\/03\/0497dbe9-e440-4276-b078-6ce1b637d875.jpg\",\"contentUrl\":\"https:\/\/markd.com.br\/models\/wp-content\/uploads\/2022\/03\/0497dbe9-e440-4276-b078-6ce1b637d875.jpg\",\"width\":650,\"height\":391},{\"@type\":\"BreadcrumbList\",\"@id\":\"https:\/\/markd.com.br\/models\/rede-estadual-de-ensino-inicia-temporada-2022-do-projeto-conquistar-com-aulas-de-reforco-em-multiplataformas\/#breadcrumb\",\"itemListElement\":[{\"@type\":\"ListItem\",\"position\":1,\"name\":\"In\u00edcio\",\"item\":\"https:\/\/markd.com.br\/models\/\"},{\"@type\":\"ListItem\",\"position\":2,\"name\":\"Rede estadual de ensino inicia temporada 2022 do projeto \u201cConquistar\u201d, com aulas de refor\u00e7o em multiplataformas\"}]},{\"@type\":\"WebSite\",\"@id\":\"https:\/\/markd.com.br\/models\/#website\",\"url\":\"https:\/\/markd.com.br\/models\/\",\"name\":\"Not\u00edcias de Todos - Models01\",\"description\":\"Tenha um Portal de Not\u00edcias Moderno, Din\u00e2mico, R\u00e1pido e Profissional. Entregamos seu Site de  Not\u00edcias Pronto, Instalado, Hospedado, com Manual Passo a Passo e Suporte 24 horas.\",\"potentialAction\":[{\"@type\":\"SearchAction\",\"target\":{\"@type\":\"EntryPoint\",\"urlTemplate\":\"https:\/\/markd.com.br\/models\/?s={search_term_string}\"},\"query-input\":{\"@type\":\"PropertyValueSpecification\",\"valueRequired\":true,\"valueName\":\"search_term_string\"}}],\"inLanguage\":\"pt-BR\"},{\"@type\":\"Person\",\"@id\":\"https:\/\/markd.com.br\/models\/#\/schema\/person\/c12a77ab487a7262d8bec3c47301ad37\",\"name\":\"Reda\u00e7\u00e3o Reda\u00e7\u00e3o\",\"image\":{\"@type\":\"ImageObject\",\"inLanguage\":\"pt-BR\",\"@id\":\"https:\/\/markd.com.br\/models\/#\/schema\/person\/image\/\",\"url\":\"https:\/\/secure.gravatar.com\/avatar\/9448f3599ce269febf169e183039b4a6?s=96&d=mm&r=g\",\"contentUrl\":\"https:\/\/secure.gravatar.com\/avatar\/9448f3599ce269febf169e183039b4a6?s=96&d=mm&r=g\",\"caption\":\"Reda\u00e7\u00e3o Reda\u00e7\u00e3o\"},\"sameAs\":[\"https:\/\/markd.com.br\/\"],\"url\":\"https:\/\/markd.com.br\/models\/author\/redacao\/\"}]}<\/script>\n<!-- \/ Yoast SEO plugin. -->","yoast_head_json":{"title":"Rede estadual de ensino inicia temporada 2022 do projeto \u201cConquistar\u201d, com aulas de refor\u00e7o em multiplataformas - Not\u00edcias de Todos - Models01","robots":{"index":"index","follow":"follow","max-snippet":"max-snippet:-1","max-image-preview":"max-image-preview:large","max-video-preview":"max-video-preview:-1"},"canonical":"https:\/\/markd.com.br\/models\/rede-estadual-de-ensino-inicia-temporada-2022-do-projeto-conquistar-com-aulas-de-reforco-em-multiplataformas\/","og_locale":"pt_BR","og_type":"article","og_title":"Rede estadual de ensino inicia temporada 2022 do projeto \u201cConquistar\u201d, com aulas de refor\u00e7o em multiplataformas - Not\u00edcias de Todos - Models01","og_description":"O programa \u00e9 voltado para alunos da 1\u00aa, 2\u00aa e 3\u00aa s\u00e9rie do Ensino M\u00e9dio...","og_url":"https:\/\/markd.com.br\/models\/rede-estadual-de-ensino-inicia-temporada-2022-do-projeto-conquistar-com-aulas-de-reforco-em-multiplataformas\/","og_site_name":"Not\u00edcias de Todos - Models01","article_published_time":"2022-03-29T19:07:12+00:00","article_modified_time":"2022-03-29T19:07:17+00:00","og_image":[{"width":650,"height":391,"url":"https:\/\/markd.com.br\/models\/wp-content\/uploads\/2022\/03\/0497dbe9-e440-4276-b078-6ce1b637d875.jpg","type":"image\/jpeg"}],"author":"Reda\u00e7\u00e3o Reda\u00e7\u00e3o","twitter_card":"summary_large_image","twitter_misc":{"Escrito por":"Reda\u00e7\u00e3o Reda\u00e7\u00e3o","Est. tempo de leitura":"4 minutos"},"schema":{"@context":"https:\/\/schema.org","@graph":[{"@type":"WebPage","@id":"https:\/\/markd.com.br\/models\/rede-estadual-de-ensino-inicia-temporada-2022-do-projeto-conquistar-com-aulas-de-reforco-em-multiplataformas\/","url":"https:\/\/markd.com.br\/models\/rede-estadual-de-ensino-inicia-temporada-2022-do-projeto-conquistar-com-aulas-de-reforco-em-multiplataformas\/","name":"Rede estadual de ensino inicia temporada 2022 do projeto \u201cConquistar\u201d, com aulas de refor\u00e7o em multiplataformas - Not\u00edcias de Todos - Models01","isPartOf":{"@id":"https:\/\/markd.com.br\/models\/#website"},"primaryImageOfPage":{"@id":"https:\/\/markd.com.br\/models\/rede-estadual-de-ensino-inicia-temporada-2022-do-projeto-conquistar-com-aulas-de-reforco-em-multiplataformas\/#primaryimage"},"image":{"@id":"https:\/\/markd.com.br\/models\/rede-estadual-de-ensino-inicia-temporada-2022-do-projeto-conquistar-com-aulas-de-reforco-em-multiplataformas\/#primaryimage"},"thumbnailUrl":"https:\/\/markd.com.br\/models\/wp-content\/uploads\/2022\/03\/0497dbe9-e440-4276-b078-6ce1b637d875.jpg","datePublished":"2022-03-29T19:07:12+00:00","dateModified":"2022-03-29T19:07:17+00:00","author":{"@id":"https:\/\/markd.com.br\/models\/#\/schema\/person\/c12a77ab487a7262d8bec3c47301ad37"},"breadcrumb":{"@id":"https:\/\/markd.com.br\/models\/rede-estadual-de-ensino-inicia-temporada-2022-do-projeto-conquistar-com-aulas-de-reforco-em-multiplataformas\/#breadcrumb"},"inLanguage":"pt-BR","potentialAction":[{"@type":"ReadAction","target":["https:\/\/markd.com.br\/models\/rede-estadual-de-ensino-inicia-temporada-2022-do-projeto-conquistar-com-aulas-de-reforco-em-multiplataformas\/"]}]},{"@type":"ImageObject","inLanguage":"pt-BR","@id":"https:\/\/markd.com.br\/models\/rede-estadual-de-ensino-inicia-temporada-2022-do-projeto-conquistar-com-aulas-de-reforco-em-multiplataformas\/#primaryimage","url":"https:\/\/markd.com.br\/models\/wp-content\/uploads\/2022\/03\/0497dbe9-e440-4276-b078-6ce1b637d875.jpg","contentUrl":"https:\/\/markd.com.br\/models\/wp-content\/uploads\/2022\/03\/0497dbe9-e440-4276-b078-6ce1b637d875.jpg","width":650,"height":391},{"@type":"BreadcrumbList","@id":"https:\/\/markd.com.br\/models\/rede-estadual-de-ensino-inicia-temporada-2022-do-projeto-conquistar-com-aulas-de-reforco-em-multiplataformas\/#breadcrumb","itemListElement":[{"@type":"ListItem","position":1,"name":"In\u00edcio","item":"https:\/\/markd.com.br\/models\/"},{"@type":"ListItem","position":2,"name":"Rede estadual de ensino inicia temporada 2022 do projeto \u201cConquistar\u201d, com aulas de refor\u00e7o em multiplataformas"}]},{"@type":"WebSite","@id":"https:\/\/markd.com.br\/models\/#website","url":"https:\/\/markd.com.br\/models\/","name":"Not\u00edcias de Todos - Models01","description":"Tenha um Portal de Not\u00edcias Moderno, Din\u00e2mico, R\u00e1pido e Profissional. Entregamos seu Site de  Not\u00edcias Pronto, Instalado, Hospedado, com Manual Passo a Passo e Suporte 24 horas.","potentialAction":[{"@type":"SearchAction","target":{"@type":"EntryPoint","urlTemplate":"https:\/\/markd.com.br\/models\/?s={search_term_string}"},"query-input":{"@type":"PropertyValueSpecification","valueRequired":true,"valueName":"search_term_string"}}],"inLanguage":"pt-BR"},{"@type":"Person","@id":"https:\/\/markd.com.br\/models\/#\/schema\/person\/c12a77ab487a7262d8bec3c47301ad37","name":"Reda\u00e7\u00e3o Reda\u00e7\u00e3o","image":{"@type":"ImageObject","inLanguage":"pt-BR","@id":"https:\/\/markd.com.br\/models\/#\/schema\/person\/image\/","url":"https:\/\/secure.gravatar.com\/avatar\/9448f3599ce269febf169e183039b4a6?s=96&d=mm&r=g","contentUrl":"https:\/\/secure.gravatar.com\/avatar\/9448f3599ce269febf169e183039b4a6?s=96&d=mm&r=g","caption":"Reda\u00e7\u00e3o Reda\u00e7\u00e3o"},"sameAs":["https:\/\/markd.com.br\/"],"url":"https:\/\/markd.com.br\/models\/author\/redacao\/"}]}},"featured_image_urls":{"full":["https:\/\/markd.com.br\/models\/wp-content\/uploads\/2022\/03\/0497dbe9-e440-4276-b078-6ce1b637d875.jpg",650,391,false],"thumbnail":["https:\/\/markd.com.br\/models\/wp-content\/uploads\/2022\/03\/0497dbe9-e440-4276-b078-6ce1b637d875-150x150.jpg",150,150,true],"medium":["https:\/\/markd.com.br\/models\/wp-content\/uploads\/2022\/03\/0497dbe9-e440-4276-b078-6ce1b637d875-300x180.jpg",300,180,true],"medium_large":["https:\/\/markd.com.br\/models\/wp-content\/uploads\/2022\/03\/0497dbe9-e440-4276-b078-6ce1b637d875.jpg",640,385,false],"large":["https:\/\/markd.com.br\/models\/wp-content\/uploads\/2022\/03\/0497dbe9-e440-4276-b078-6ce1b637d875.jpg",640,385,false],"1536x1536":["https:\/\/markd.com.br\/models\/wp-content\/uploads\/2022\/03\/0497dbe9-e440-4276-b078-6ce1b637d875.jpg",650,391,false],"2048x2048":["https:\/\/markd.com.br\/models\/wp-content\/uploads\/2022\/03\/0497dbe9-e440-4276-b078-6ce1b637d875.jpg",650,391,false],"newsphere-slider-full":["https:\/\/markd.com.br\/models\/wp-content\/uploads\/2022\/03\/0497dbe9-e440-4276-b078-6ce1b637d875.jpg",650,391,false],"newsphere-featured":["https:\/\/markd.com.br\/models\/wp-content\/uploads\/2022\/03\/0497dbe9-e440-4276-b078-6ce1b637d875.jpg",650,391,false],"newsphere-medium":["https:\/\/markd.com.br\/models\/wp-content\/uploads\/2022\/03\/0497dbe9-e440-4276-b078-6ce1b637d875-650x380.jpg",650,380,true]},"author_info":{"display_name":"Reda\u00e7\u00e3o Reda\u00e7\u00e3o","author_link":"https:\/\/markd.com.br\/models\/author\/redacao\/"},"category_info":"<a href=\"https:\/\/markd.com.br\/models\/category\/destaques\/\" rel=\"category tag\">destaques<\/a>","tag_info":"destaques","comment_count":"0","jetpack_featured_media_url":"https:\/\/markd.com.br\/models\/wp-content\/uploads\/2022\/03\/0497dbe9-e440-4276-b078-6ce1b637d875.jpg","_links":{"self":[{"href":"https:\/\/markd.com.br\/models\/wp-json\/wp\/v2\/posts\/1033","targetHints":{"allow":["GET"]}}],"collection":[{"href":"https:\/\/markd.com.br\/models\/wp-json\/wp\/v2\/posts"}],"about":[{"href":"https:\/\/markd.com.br\/models\/wp-json\/wp\/v2\/types\/post"}],"author":[{"embeddable":true,"href":"https:\/\/markd.com.br\/models\/wp-json\/wp\/v2\/users\/5"}],"replies":[{"embeddable":true,"href":"https:\/\/markd.com.br\/models\/wp-json\/wp\/v2\/comments?post=1033"}],"version-history":[{"count":1,"href":"https:\/\/markd.com.br\/models\/wp-json\/wp\/v2\/posts\/1033\/revisions"}],"predecessor-version":[{"id":1035,"href":"https:\/\/markd.com.br\/models\/wp-json\/wp\/v2\/posts\/1033\/revisions\/1035"}],"wp:featuredmedia":[{"embeddable":true,"href":"https:\/\/markd.com.br\/models\/wp-json\/wp\/v2\/media\/1034"}],"wp:attachment":[{"href":"https:\/\/markd.com.br\/models\/wp-json\/wp\/v2\/media?parent=1033"}],"wp:term":[{"taxonomy":"category","embeddable":true,"href":"https:\/\/markd.com.br\/models\/wp-json\/wp\/v2\/categories?post=1033"},{"taxonomy":"post_tag","embeddable":true,"href":"https:\/\/markd.com.br\/models\/wp-json\/wp\/v2\/tags?post=1033"}],"curies":[{"name":"wp","href":"https:\/\/api.w.org\/{rel}","templated":true}]}}