{"id":1039,"date":"2022-03-29T16:13:46","date_gmt":"2022-03-29T19:13:46","guid":{"rendered":"https:\/\/portaldestaquenoticias.com.br\/?p=1039"},"modified":"2022-03-29T16:19:25","modified_gmt":"2022-03-29T19:19:25","slug":"covid-19-governo-do-estado-alerta-sobre-importancia-da-dose-de-reforco-e-de-completar-esquema-vacinal","status":"publish","type":"post","link":"https:\/\/markd.com.br\/models\/covid-19-governo-do-estado-alerta-sobre-importancia-da-dose-de-reforco-e-de-completar-esquema-vacinal\/","title":{"rendered":"Covid-19: Governo do Estado alerta sobre import\u00e2ncia da dose de refor\u00e7o e de completar esquema vacinal"},"content":{"rendered":"\n<p><\/p>\n\n\n\n<p>Atualizar cart\u00e3o de vacina, com todas as doses dispon\u00edveis, \u00e9 principal arma contra complica\u00e7\u00f5es causadas pela doen\u00e7a<\/p>\n\n\n\n<p>O Governo do Amazonas, por meio da Secretaria de Estado de Sa\u00fade (SES-AM) e da Funda\u00e7\u00e3o de Vigil\u00e2ncia em Sa\u00fade do Amazonas Dr\u00aa Rosemary Costa Pinto (FVS-RCP), alerta a popula\u00e7\u00e3o sobre a import\u00e2ncia de manter o esquema vacinal contra a Covid-19 em dia e garantir a imuniza\u00e7\u00e3o contra a doen\u00e7a.<\/p>\n\n\n\n<p>A vacina \u00e9 ofertada em duas doses para crian\u00e7as (5 a 11 anos) e adolescentes (12 a 17 anos). A terceira dose est\u00e1 dispon\u00edvel para pessoas da faixa et\u00e1ria de 18 a 59 anos que tomaram a 2\u00aa dose h\u00e1 quatro meses ou mais; para pessoas acima de 60 anos que tomaram a 2\u00aa dose h\u00e1 pelo menos tr\u00eas meses; e para a popula\u00e7\u00e3o com alto grau de imunossupress\u00e3o, 28 dias ap\u00f3s a \u00faltima dose do esquema vacinal.<\/p>\n\n\n\n<p>J\u00e1 a quarta dose est\u00e1 dispon\u00edvel para pessoas com alto grau de imunossupress\u00e3o e idosos a partir de 70 anos que receberam a dose de refor\u00e7o (terceira dose) h\u00e1, pelo menos, quatro meses.<\/p>\n\n\n\n<p>\u201cO cen\u00e1rio epidemiol\u00f3gico favor\u00e1vel, com baixos \u00edndices de hospitaliza\u00e7\u00f5es, casos e \u00f3bitos, depende da prote\u00e7\u00e3o da popula\u00e7\u00e3o por meio da vacina\u00e7\u00e3o. \u00c9 importante procurar um posto de imuniza\u00e7\u00e3o para manter o esquema vacinal em dia, caso j\u00e1 esteja no per\u00edodo de tomar a dose de refor\u00e7o\u201d, ressaltou Anoar Samad, secret\u00e1rio de Estado de Sa\u00fade.<\/p>\n\n\n\n<p>De acordo com o levantamento da FVS-RCP, em todo o estado, mais de 950 mil pessoas est\u00e3o com a dose de refor\u00e7o atrasada. Na popula\u00e7\u00e3o contemplada na vacina\u00e7\u00e3o contra Covid-19 no Amazonas (5 anos ou mais), 725.040 pessoas ainda n\u00e3o tomaram a 1\u00aa dose; 432.951 est\u00e3o aptas a receber a 2\u00aa dose; 939.882 pessoas est\u00e3o com a aplica\u00e7\u00e3o da 3\u00aa dose atrasada (popula\u00e7\u00e3o de 18 anos ou mais); e 13.930 pessoas ainda n\u00e3o buscaram os postos para tomarem a 4\u00aa dose.<\/p>\n\n\n\n<p>A diretora-presidente da FVS-RCP, Tatyana Amorim, aproveita para refor\u00e7ar que a vacina contra a Covid-19 evita formas graves da doen\u00e7a. \u201cNo boletim di\u00e1rio de segunda, dos 25 pacientes internados em leitos cl\u00ednicos ou de UTI, 15 n\u00e3o foram vacinados. S\u00e3o pessoas aptas a se vacinarem, mas n\u00e3o aderiram a campanha de imuniza\u00e7\u00e3o\u201d, constatou Tatyana.<\/p>\n\n\n\n<p>Confira quem pode se vacinar e as doses dispon\u00edveis:<\/p>\n\n\n\n<p>Primeira dose:<br>Pessoas a partir de 5 anos e que ainda n\u00e3o iniciaram o esquema vacinal.<\/p>\n\n\n\n<p>Segunda dose:<br>Quem tomou a 1\u00aa dose e est\u00e1 no prazo para 2\u00aa dose.<\/p>\n\n\n\n<p>Seguem os prazos da 2\u00aa dose por tipo de imunizante:<br>\u2022 AstraZeneca \u2013 28 dias<br>\u2022 CoronaVac \u2013 28 dias<br>\u2022 Pfizer \u2013 21 dias<br>\u2022 Pfizer pedi\u00e1trica \u2013 8 semanas<br>\u2022 Janssen \u2013 8 semanas<\/p>\n\n\n\n<p>1\u00aa dose de refor\u00e7o (Terceira dose)<br>\u2022 Pessoas entre 18 e 59 anos que tomaram a 2\u00aa dose h\u00e1 4 meses ou mais;<br>\u2022 pessoas acima de 60 anos que tomaram a 2\u00aa dose h\u00e1 3 meses ou mais;<br>\u2022 popula\u00e7\u00e3o com alto grau de imunossupress\u00e3o: 28 dias ap\u00f3s a \u00faltima dose do esquema vacinal b\u00e1sico.<\/p>\n\n\n\n<p>2\u00aa Dose de refor\u00e7o (Quarta dose)<br>\u2022 Pessoas com alto grau de imunossupress\u00e3o que receberam a dose de refor\u00e7o h\u00e1, pelo menos, quatro meses;<br>\u2022 pessoas com 70 anos ou mais que tomaram a primeira dose de refor\u00e7o (3\u00aa dose) h\u00e1 quatro meses ou mais.<\/p>\n\n\n\n<p>FOTOS: Rodrigo Santos\/SES-AM<\/p>\n\n\n\n<figure class=\"wp-block-image\"><img decoding=\"async\" src=\"https:\/\/sp-ao.shortpixel.ai\/client\/to_auto,q_glossy,ret_img,w_1024,h_682\/https:\/\/portalmancheteam.com.br\/wp-content\/uploads\/2022\/03\/32707daf-3174-41a0-a3b6-a37367099fd5-1024x682.jpg\" alt=\"\" class=\"wp-image-80372\"\/><\/figure>\n\n\n\n<figure class=\"wp-block-image\"><img decoding=\"async\" src=\"https:\/\/sp-ao.shortpixel.ai\/client\/to_auto,q_glossy,ret_img,w_1024,h_682\/https:\/\/portalmancheteam.com.br\/wp-content\/uploads\/2022\/03\/662a8928-327e-4d6d-9647-92c18e08b446-1024x682.jpg\" alt=\"\" class=\"wp-image-80371\"\/><\/figure>\n\n\n\n<p>Informa\u00e7\u00f5es para a imprensa: Assessoria de Comunica\u00e7\u00e3o da Secretaria de Estado de Sa\u00fade (SES-AM): comunicacao@saude.am.gov.br e (92) 98407-1699.<\/p>\n","protected":false},"excerpt":{"rendered":"<p>Atualizar cart\u00e3o de vacina, com todas as doses dispon\u00edveis, \u00e9 principal arma contra complica\u00e7\u00f5es causadas&#8230;<\/p>\n","protected":false},"author":5,"featured_media":1043,"comment_status":"open","ping_status":"open","sticky":false,"template":"","format":"standard","meta":{"footnotes":""},"categories":[51],"tags":[48,168,125],"class_list":["post-1039","post","type-post","status-publish","format-standard","has-post-thumbnail","hentry","category-governo-do-amazonas","tag-covid19","tag-ses-am","tag-vacinacao"],"yoast_head":"<!-- This site is optimized with the Yoast SEO plugin v24.4 - https:\/\/yoast.com\/wordpress\/plugins\/seo\/ -->\n<title>Covid-19: Governo do Estado alerta sobre import\u00e2ncia da dose de refor\u00e7o e de completar esquema vacinal - Not\u00edcias de Todos - Models01<\/title>\n<meta name=\"robots\" content=\"index, follow, max-snippet:-1, max-image-preview:large, max-video-preview:-1\" \/>\n<link rel=\"canonical\" href=\"https:\/\/markd.com.br\/models\/covid-19-governo-do-estado-alerta-sobre-importancia-da-dose-de-reforco-e-de-completar-esquema-vacinal\/\" \/>\n<meta property=\"og:locale\" content=\"pt_BR\" \/>\n<meta property=\"og:type\" content=\"article\" \/>\n<meta property=\"og:title\" content=\"Covid-19: Governo do Estado alerta sobre import\u00e2ncia da dose de refor\u00e7o e de completar esquema vacinal - Not\u00edcias de Todos - Models01\" \/>\n<meta property=\"og:description\" content=\"Atualizar cart\u00e3o de vacina, com todas as doses dispon\u00edveis, \u00e9 principal arma contra complica\u00e7\u00f5es causadas...\" \/>\n<meta property=\"og:url\" content=\"https:\/\/markd.com.br\/models\/covid-19-governo-do-estado-alerta-sobre-importancia-da-dose-de-reforco-e-de-completar-esquema-vacinal\/\" \/>\n<meta property=\"og:site_name\" content=\"Not\u00edcias de Todos - Models01\" \/>\n<meta property=\"article:published_time\" content=\"2022-03-29T19:13:46+00:00\" \/>\n<meta property=\"article:modified_time\" content=\"2022-03-29T19:19:25+00:00\" \/>\n<meta property=\"og:image\" content=\"https:\/\/markd.com.br\/models\/wp-content\/uploads\/2022\/03\/3f9b1f24-ded4-4127-9b3e-cd07ec47c2fa.jpg\" \/>\n\t<meta property=\"og:image:width\" content=\"650\" \/>\n\t<meta property=\"og:image:height\" content=\"433\" \/>\n\t<meta property=\"og:image:type\" content=\"image\/jpeg\" \/>\n<meta name=\"author\" content=\"Reda\u00e7\u00e3o Reda\u00e7\u00e3o\" \/>\n<meta name=\"twitter:card\" content=\"summary_large_image\" \/>\n<meta name=\"twitter:label1\" content=\"Escrito por\" \/>\n\t<meta name=\"twitter:data1\" content=\"Reda\u00e7\u00e3o Reda\u00e7\u00e3o\" \/>\n\t<meta name=\"twitter:label2\" content=\"Est. tempo de leitura\" \/>\n\t<meta name=\"twitter:data2\" content=\"4 minutos\" \/>\n<script type=\"application\/ld+json\" class=\"yoast-schema-graph\">{\"@context\":\"https:\/\/schema.org\",\"@graph\":[{\"@type\":\"WebPage\",\"@id\":\"https:\/\/markd.com.br\/models\/covid-19-governo-do-estado-alerta-sobre-importancia-da-dose-de-reforco-e-de-completar-esquema-vacinal\/\",\"url\":\"https:\/\/markd.com.br\/models\/covid-19-governo-do-estado-alerta-sobre-importancia-da-dose-de-reforco-e-de-completar-esquema-vacinal\/\",\"name\":\"Covid-19: Governo do Estado alerta sobre import\u00e2ncia da dose de refor\u00e7o e de completar esquema vacinal - Not\u00edcias de Todos - Models01\",\"isPartOf\":{\"@id\":\"https:\/\/markd.com.br\/models\/#website\"},\"primaryImageOfPage\":{\"@id\":\"https:\/\/markd.com.br\/models\/covid-19-governo-do-estado-alerta-sobre-importancia-da-dose-de-reforco-e-de-completar-esquema-vacinal\/#primaryimage\"},\"image\":{\"@id\":\"https:\/\/markd.com.br\/models\/covid-19-governo-do-estado-alerta-sobre-importancia-da-dose-de-reforco-e-de-completar-esquema-vacinal\/#primaryimage\"},\"thumbnailUrl\":\"https:\/\/markd.com.br\/models\/wp-content\/uploads\/2022\/03\/3f9b1f24-ded4-4127-9b3e-cd07ec47c2fa.jpg\",\"datePublished\":\"2022-03-29T19:13:46+00:00\",\"dateModified\":\"2022-03-29T19:19:25+00:00\",\"author\":{\"@id\":\"https:\/\/markd.com.br\/models\/#\/schema\/person\/c12a77ab487a7262d8bec3c47301ad37\"},\"breadcrumb\":{\"@id\":\"https:\/\/markd.com.br\/models\/covid-19-governo-do-estado-alerta-sobre-importancia-da-dose-de-reforco-e-de-completar-esquema-vacinal\/#breadcrumb\"},\"inLanguage\":\"pt-BR\",\"potentialAction\":[{\"@type\":\"ReadAction\",\"target\":[\"https:\/\/markd.com.br\/models\/covid-19-governo-do-estado-alerta-sobre-importancia-da-dose-de-reforco-e-de-completar-esquema-vacinal\/\"]}]},{\"@type\":\"ImageObject\",\"inLanguage\":\"pt-BR\",\"@id\":\"https:\/\/markd.com.br\/models\/covid-19-governo-do-estado-alerta-sobre-importancia-da-dose-de-reforco-e-de-completar-esquema-vacinal\/#primaryimage\",\"url\":\"https:\/\/markd.com.br\/models\/wp-content\/uploads\/2022\/03\/3f9b1f24-ded4-4127-9b3e-cd07ec47c2fa.jpg\",\"contentUrl\":\"https:\/\/markd.com.br\/models\/wp-content\/uploads\/2022\/03\/3f9b1f24-ded4-4127-9b3e-cd07ec47c2fa.jpg\",\"width\":650,\"height\":433},{\"@type\":\"BreadcrumbList\",\"@id\":\"https:\/\/markd.com.br\/models\/covid-19-governo-do-estado-alerta-sobre-importancia-da-dose-de-reforco-e-de-completar-esquema-vacinal\/#breadcrumb\",\"itemListElement\":[{\"@type\":\"ListItem\",\"position\":1,\"name\":\"In\u00edcio\",\"item\":\"https:\/\/markd.com.br\/models\/\"},{\"@type\":\"ListItem\",\"position\":2,\"name\":\"Covid-19: Governo do Estado alerta sobre import\u00e2ncia da dose de refor\u00e7o e de completar esquema vacinal\"}]},{\"@type\":\"WebSite\",\"@id\":\"https:\/\/markd.com.br\/models\/#website\",\"url\":\"https:\/\/markd.com.br\/models\/\",\"name\":\"Not\u00edcias de Todos - Models01\",\"description\":\"Tenha um Portal de Not\u00edcias Moderno, Din\u00e2mico, R\u00e1pido e Profissional. Entregamos seu Site de  Not\u00edcias Pronto, Instalado, Hospedado, com Manual Passo a Passo e Suporte 24 horas.\",\"potentialAction\":[{\"@type\":\"SearchAction\",\"target\":{\"@type\":\"EntryPoint\",\"urlTemplate\":\"https:\/\/markd.com.br\/models\/?s={search_term_string}\"},\"query-input\":{\"@type\":\"PropertyValueSpecification\",\"valueRequired\":true,\"valueName\":\"search_term_string\"}}],\"inLanguage\":\"pt-BR\"},{\"@type\":\"Person\",\"@id\":\"https:\/\/markd.com.br\/models\/#\/schema\/person\/c12a77ab487a7262d8bec3c47301ad37\",\"name\":\"Reda\u00e7\u00e3o Reda\u00e7\u00e3o\",\"image\":{\"@type\":\"ImageObject\",\"inLanguage\":\"pt-BR\",\"@id\":\"https:\/\/markd.com.br\/models\/#\/schema\/person\/image\/\",\"url\":\"https:\/\/secure.gravatar.com\/avatar\/9448f3599ce269febf169e183039b4a6?s=96&d=mm&r=g\",\"contentUrl\":\"https:\/\/secure.gravatar.com\/avatar\/9448f3599ce269febf169e183039b4a6?s=96&d=mm&r=g\",\"caption\":\"Reda\u00e7\u00e3o Reda\u00e7\u00e3o\"},\"sameAs\":[\"https:\/\/markd.com.br\/\"],\"url\":\"https:\/\/markd.com.br\/models\/author\/redacao\/\"}]}<\/script>\n<!-- \/ Yoast SEO plugin. -->","yoast_head_json":{"title":"Covid-19: Governo do Estado alerta sobre import\u00e2ncia da dose de refor\u00e7o e de completar esquema vacinal - Not\u00edcias de Todos - Models01","robots":{"index":"index","follow":"follow","max-snippet":"max-snippet:-1","max-image-preview":"max-image-preview:large","max-video-preview":"max-video-preview:-1"},"canonical":"https:\/\/markd.com.br\/models\/covid-19-governo-do-estado-alerta-sobre-importancia-da-dose-de-reforco-e-de-completar-esquema-vacinal\/","og_locale":"pt_BR","og_type":"article","og_title":"Covid-19: Governo do Estado alerta sobre import\u00e2ncia da dose de refor\u00e7o e de completar esquema vacinal - Not\u00edcias de Todos - Models01","og_description":"Atualizar cart\u00e3o de vacina, com todas as doses dispon\u00edveis, \u00e9 principal arma contra complica\u00e7\u00f5es causadas...","og_url":"https:\/\/markd.com.br\/models\/covid-19-governo-do-estado-alerta-sobre-importancia-da-dose-de-reforco-e-de-completar-esquema-vacinal\/","og_site_name":"Not\u00edcias de Todos - Models01","article_published_time":"2022-03-29T19:13:46+00:00","article_modified_time":"2022-03-29T19:19:25+00:00","og_image":[{"width":650,"height":433,"url":"https:\/\/markd.com.br\/models\/wp-content\/uploads\/2022\/03\/3f9b1f24-ded4-4127-9b3e-cd07ec47c2fa.jpg","type":"image\/jpeg"}],"author":"Reda\u00e7\u00e3o Reda\u00e7\u00e3o","twitter_card":"summary_large_image","twitter_misc":{"Escrito por":"Reda\u00e7\u00e3o Reda\u00e7\u00e3o","Est. tempo de leitura":"4 minutos"},"schema":{"@context":"https:\/\/schema.org","@graph":[{"@type":"WebPage","@id":"https:\/\/markd.com.br\/models\/covid-19-governo-do-estado-alerta-sobre-importancia-da-dose-de-reforco-e-de-completar-esquema-vacinal\/","url":"https:\/\/markd.com.br\/models\/covid-19-governo-do-estado-alerta-sobre-importancia-da-dose-de-reforco-e-de-completar-esquema-vacinal\/","name":"Covid-19: Governo do Estado alerta sobre import\u00e2ncia da dose de refor\u00e7o e de completar esquema vacinal - Not\u00edcias de Todos - Models01","isPartOf":{"@id":"https:\/\/markd.com.br\/models\/#website"},"primaryImageOfPage":{"@id":"https:\/\/markd.com.br\/models\/covid-19-governo-do-estado-alerta-sobre-importancia-da-dose-de-reforco-e-de-completar-esquema-vacinal\/#primaryimage"},"image":{"@id":"https:\/\/markd.com.br\/models\/covid-19-governo-do-estado-alerta-sobre-importancia-da-dose-de-reforco-e-de-completar-esquema-vacinal\/#primaryimage"},"thumbnailUrl":"https:\/\/markd.com.br\/models\/wp-content\/uploads\/2022\/03\/3f9b1f24-ded4-4127-9b3e-cd07ec47c2fa.jpg","datePublished":"2022-03-29T19:13:46+00:00","dateModified":"2022-03-29T19:19:25+00:00","author":{"@id":"https:\/\/markd.com.br\/models\/#\/schema\/person\/c12a77ab487a7262d8bec3c47301ad37"},"breadcrumb":{"@id":"https:\/\/markd.com.br\/models\/covid-19-governo-do-estado-alerta-sobre-importancia-da-dose-de-reforco-e-de-completar-esquema-vacinal\/#breadcrumb"},"inLanguage":"pt-BR","potentialAction":[{"@type":"ReadAction","target":["https:\/\/markd.com.br\/models\/covid-19-governo-do-estado-alerta-sobre-importancia-da-dose-de-reforco-e-de-completar-esquema-vacinal\/"]}]},{"@type":"ImageObject","inLanguage":"pt-BR","@id":"https:\/\/markd.com.br\/models\/covid-19-governo-do-estado-alerta-sobre-importancia-da-dose-de-reforco-e-de-completar-esquema-vacinal\/#primaryimage","url":"https:\/\/markd.com.br\/models\/wp-content\/uploads\/2022\/03\/3f9b1f24-ded4-4127-9b3e-cd07ec47c2fa.jpg","contentUrl":"https:\/\/markd.com.br\/models\/wp-content\/uploads\/2022\/03\/3f9b1f24-ded4-4127-9b3e-cd07ec47c2fa.jpg","width":650,"height":433},{"@type":"BreadcrumbList","@id":"https:\/\/markd.com.br\/models\/covid-19-governo-do-estado-alerta-sobre-importancia-da-dose-de-reforco-e-de-completar-esquema-vacinal\/#breadcrumb","itemListElement":[{"@type":"ListItem","position":1,"name":"In\u00edcio","item":"https:\/\/markd.com.br\/models\/"},{"@type":"ListItem","position":2,"name":"Covid-19: Governo do Estado alerta sobre import\u00e2ncia da dose de refor\u00e7o e de completar esquema vacinal"}]},{"@type":"WebSite","@id":"https:\/\/markd.com.br\/models\/#website","url":"https:\/\/markd.com.br\/models\/","name":"Not\u00edcias de Todos - Models01","description":"Tenha um Portal de Not\u00edcias Moderno, Din\u00e2mico, R\u00e1pido e Profissional. Entregamos seu Site de  Not\u00edcias Pronto, Instalado, Hospedado, com Manual Passo a Passo e Suporte 24 horas.","potentialAction":[{"@type":"SearchAction","target":{"@type":"EntryPoint","urlTemplate":"https:\/\/markd.com.br\/models\/?s={search_term_string}"},"query-input":{"@type":"PropertyValueSpecification","valueRequired":true,"valueName":"search_term_string"}}],"inLanguage":"pt-BR"},{"@type":"Person","@id":"https:\/\/markd.com.br\/models\/#\/schema\/person\/c12a77ab487a7262d8bec3c47301ad37","name":"Reda\u00e7\u00e3o Reda\u00e7\u00e3o","image":{"@type":"ImageObject","inLanguage":"pt-BR","@id":"https:\/\/markd.com.br\/models\/#\/schema\/person\/image\/","url":"https:\/\/secure.gravatar.com\/avatar\/9448f3599ce269febf169e183039b4a6?s=96&d=mm&r=g","contentUrl":"https:\/\/secure.gravatar.com\/avatar\/9448f3599ce269febf169e183039b4a6?s=96&d=mm&r=g","caption":"Reda\u00e7\u00e3o Reda\u00e7\u00e3o"},"sameAs":["https:\/\/markd.com.br\/"],"url":"https:\/\/markd.com.br\/models\/author\/redacao\/"}]}},"featured_image_urls":{"full":["https:\/\/markd.com.br\/models\/wp-content\/uploads\/2022\/03\/3f9b1f24-ded4-4127-9b3e-cd07ec47c2fa.jpg",650,433,false],"thumbnail":["https:\/\/markd.com.br\/models\/wp-content\/uploads\/2022\/03\/3f9b1f24-ded4-4127-9b3e-cd07ec47c2fa-150x150.jpg",150,150,true],"medium":["https:\/\/markd.com.br\/models\/wp-content\/uploads\/2022\/03\/3f9b1f24-ded4-4127-9b3e-cd07ec47c2fa-300x200.jpg",300,200,true],"medium_large":["https:\/\/markd.com.br\/models\/wp-content\/uploads\/2022\/03\/3f9b1f24-ded4-4127-9b3e-cd07ec47c2fa.jpg",640,426,false],"large":["https:\/\/markd.com.br\/models\/wp-content\/uploads\/2022\/03\/3f9b1f24-ded4-4127-9b3e-cd07ec47c2fa.jpg",640,426,false],"1536x1536":["https:\/\/markd.com.br\/models\/wp-content\/uploads\/2022\/03\/3f9b1f24-ded4-4127-9b3e-cd07ec47c2fa.jpg",650,433,false],"2048x2048":["https:\/\/markd.com.br\/models\/wp-content\/uploads\/2022\/03\/3f9b1f24-ded4-4127-9b3e-cd07ec47c2fa.jpg",650,433,false],"newsphere-slider-full":["https:\/\/markd.com.br\/models\/wp-content\/uploads\/2022\/03\/3f9b1f24-ded4-4127-9b3e-cd07ec47c2fa.jpg",650,433,false],"newsphere-featured":["https:\/\/markd.com.br\/models\/wp-content\/uploads\/2022\/03\/3f9b1f24-ded4-4127-9b3e-cd07ec47c2fa.jpg",650,433,false],"newsphere-medium":["https:\/\/markd.com.br\/models\/wp-content\/uploads\/2022\/03\/3f9b1f24-ded4-4127-9b3e-cd07ec47c2fa-650x380.jpg",650,380,true]},"author_info":{"display_name":"Reda\u00e7\u00e3o Reda\u00e7\u00e3o","author_link":"https:\/\/markd.com.br\/models\/author\/redacao\/"},"category_info":"<a href=\"https:\/\/markd.com.br\/models\/category\/governo-do-amazonas\/\" rel=\"category tag\">Governo do amazonas<\/a>","tag_info":"Governo do amazonas","comment_count":"0","jetpack_featured_media_url":"https:\/\/markd.com.br\/models\/wp-content\/uploads\/2022\/03\/3f9b1f24-ded4-4127-9b3e-cd07ec47c2fa.jpg","_links":{"self":[{"href":"https:\/\/markd.com.br\/models\/wp-json\/wp\/v2\/posts\/1039","targetHints":{"allow":["GET"]}}],"collection":[{"href":"https:\/\/markd.com.br\/models\/wp-json\/wp\/v2\/posts"}],"about":[{"href":"https:\/\/markd.com.br\/models\/wp-json\/wp\/v2\/types\/post"}],"author":[{"embeddable":true,"href":"https:\/\/markd.com.br\/models\/wp-json\/wp\/v2\/users\/5"}],"replies":[{"embeddable":true,"href":"https:\/\/markd.com.br\/models\/wp-json\/wp\/v2\/comments?post=1039"}],"version-history":[{"count":1,"href":"https:\/\/markd.com.br\/models\/wp-json\/wp\/v2\/posts\/1039\/revisions"}],"predecessor-version":[{"id":1041,"href":"https:\/\/markd.com.br\/models\/wp-json\/wp\/v2\/posts\/1039\/revisions\/1041"}],"wp:featuredmedia":[{"embeddable":true,"href":"https:\/\/markd.com.br\/models\/wp-json\/wp\/v2\/media\/1043"}],"wp:attachment":[{"href":"https:\/\/markd.com.br\/models\/wp-json\/wp\/v2\/media?parent=1039"}],"wp:term":[{"taxonomy":"category","embeddable":true,"href":"https:\/\/markd.com.br\/models\/wp-json\/wp\/v2\/categories?post=1039"},{"taxonomy":"post_tag","embeddable":true,"href":"https:\/\/markd.com.br\/models\/wp-json\/wp\/v2\/tags?post=1039"}],"curies":[{"name":"wp","href":"https:\/\/api.w.org\/{rel}","templated":true}]}}