{"id":1050,"date":"2022-03-30T16:24:07","date_gmt":"2022-03-30T19:24:07","guid":{"rendered":"https:\/\/portaldestaquenoticias.com.br\/?p=1050"},"modified":"2022-03-30T16:24:13","modified_gmt":"2022-03-30T19:24:13","slug":"luisa-mell-diz-que-nao-tem-como-lutar-pelo-ambiente-e-defender-bolsonaro","status":"publish","type":"post","link":"https:\/\/markd.com.br\/models\/luisa-mell-diz-que-nao-tem-como-lutar-pelo-ambiente-e-defender-bolsonaro\/","title":{"rendered":"Luisa Mell diz que n\u00e3o tem como lutar pelo ambiente e defender Bolsonaro"},"content":{"rendered":"\n<p>\u201cSempre estive envolvida com pol\u00edtica, \u00e9 que agora as pessoas prestam mais aten\u00e7\u00e3o, porque tudo est\u00e1 muito polarizado\u201d. A afirma\u00e7\u00e3o \u00e9 da apresentadora e ativista pelo direito dos animais Luisa Mell, 43, que recentemente se reuniu com o presidente Jair Bolsonaro (PL) e tamb\u00e9m com o ex-presidente Luiz In\u00e1cio Lula da Silva (PT).<\/p>\n\n\n\n<p>Se os encontros deixaram seus f\u00e3s confusos sobre seu posicionamento pol\u00edtico, Lu\u00edsa esclarece que sempre se encontrou com diversos l\u00edderes para debater as causas que defende e buscar melhorias nas esferas ambientais, e completa: \u201cN\u00e3o tem como algu\u00e9m que defende o ambiente n\u00e3o ser contra o governo Bolsonaro\u201d.<\/p>\n\n\n\n<p>Para a ativista, a elei\u00e7\u00e3o presidencial deste ano \u00e9 fundamental para determinar o rumo do Planeta e focar sustentabilidade. Segundo ela, o encontro com Bolsonaro, na chegada de brasileiros que fugiam da guerra na Ucr\u00e2nia, n\u00e3o foi planejado e o presidente \u201cn\u00e3o trocou duas palavras\u201d com ela, apesar de ela ter sido uma das pessoas a pedir a inclus\u00e3o de animais de estima\u00e7\u00e3o no resgate.<\/p>\n\n\n\n<p>Fundadora do Instituto Luisa Mell, criado em 2015, que atua no resgate e recupera\u00e7\u00e3o de animais, e idealizadora do projeto Planeta A -que visa barrar o desastre ambiental, a ativista pontua que nas elei\u00e7\u00f5es de 2022 \u00e9 importante \u201cvotar em l\u00edderes que entendam a import\u00e2ncia do meio ambiente\u201d e que estejam dispostos a aprender sobre o assunto.<\/p>\n\n\n\n<p>Apesar de ter sido cr\u00edtica dos governos de Lula, entre 2003 e 2011, e de Dilma Rousseff, de 2011 a 2016, agora Luisa afirma ver que o petista \u201cest\u00e1, nos \u00faltimos anos, entendendo a import\u00e2ncia da causa ambiental e a urg\u00eancia disso\u201d, e o enxerga como um candidato que pode ser capaz de desacelerar o desastre ecol\u00f3gico.<\/p>\n\n\n\n<p>\u201cEu reafirmo que [no encontro] vi uma pessoa interessada em aprender, anotando e perguntando. Isso, para mim, \u00e9 muito importante em um l\u00edder do novo mundo\u201d, afirmou a apresentadora, que apresentou programas como Late Show e TV Fama, nos anos 2000, sobre o encontro com Lula, ocorrido no \u00faltimo dia 14, com cerca de outros 20 representantes do movimento da prote\u00e7\u00e3o animal.<\/p>\n\n\n\n<p>Para Luisa, \u201ca pol\u00edtica \u00e9 fundamental para as transforma\u00e7\u00f5es acontecerem\u201d, por isso \u00e9 importante que as pessoas se posicionem e entendam a gravidade do problema ambiental. Ela ressalta ainda que continuar\u00e1 tendo encontros e debates com os mais diversos l\u00edderes \u201cque queiram nosso apoio e estejam dispostos a ouvir\u201d.<\/p>\n\n\n\n<p>Quanto ao atual governo, Luisa aponta como responsabilidade de Bolsonaro o que chama de \u201ccen\u00e1rio desolador da quest\u00e3o ambiental\u201d e cita o desmatamento na Amaz\u00f4nia que bateu recorde da s\u00e9rie hist\u00f3rica recente do Deter, programa do Inpe (Instituto Nacional de Pesquisas Espaciais), com in\u00edcio em 2015\/2016.<\/p>\n\n\n\n<p>\u201cTemos ainda desafios gigantes, al\u00e9m do Brasil. Com todos os problemas econ\u00f4micos, sociais, p\u00f3s-pandemia. N\u00e3o d\u00e1 para ignorarmos isso nessas elei\u00e7\u00f5es, s\u00e3o os \u00faltimos anos que algu\u00e9m vai ter para fazer alguma coisa\u201d, completa a ativista, que v\u00ea as redes sociais como aliadas a sua luta a favor dos animais.<\/p>\n\n\n\n<p>Segundo ela, seu projeto Planeta A vem para \u201cretomar o debate e a troca de ideias, ainda mais com essa onda de cancelamento\u201d causado pelas redes sociais, como uma maneira de \u201cevitar o colapso total\u201d. Como parte da iniciativa, ela deu um jantar com personalidades, no \u00faltimo dia 16, para debater o que fazer diante de problemas ambientais. Bela Gil, Chico C\u00e9sar e Klebber Toledo foram alguns dos convidados.<\/p>\n\n\n\n<p>\u201cO que os governos e os bilion\u00e1rios n\u00e3o est\u00e3o fazendo, a sociedade civil vai ter que se organizar [para fazer]\u201d, afirma.<\/p>\n\n\n\n<p>Fonte: Noticias ao minuto<\/p>\n\n\n\n<p><\/p>\n\n\n\n<p><\/p>\n\n\n\n<p><\/p>\n\n\n\n<p><\/p>\n\n\n\n<p><\/p>\n\n\n\n<p><\/p>\n\n\n\n<p><video controls=\"\" src=\"https:\/\/portalmancheteam.com.br\/wp-content\/uploads\/2022\/03\/WhatsApp-Video-2022-03-30-at-074822.mp4\"><\/p>\n\n\n\n<p><video controls=\"\" src=\"https:\/\/portalmancheteam.com.br\/wp-content\/uploads\/2022\/03\/WhatsApp-Video-2022-03-30-at-074822.mp4\"><\/p>\n\n\n\n<p><a href=\"https:\/\/portalmancheteam.com.br\/morador-de-rua-sai-distribuindo-dinheiro-apos-sucesso-na-internet-veja-video\/\">&nbsp;<time datetime=\"2022-03-30T10:22:57-04:00\">30 de mar\u00e7o de 2022<\/time>&nbsp;&nbsp;<\/a><a href=\"https:\/\/portalmancheteam.com.br\/author\/rayanneraposo\/\">Reda\u00e7\u00e3o &#8211; Portal Manch<\/a><\/p>\n","protected":false},"excerpt":{"rendered":"<p>\u201cSempre estive envolvida com pol\u00edtica, \u00e9 que agora as pessoas prestam mais aten\u00e7\u00e3o, porque tudo&#8230;<\/p>\n","protected":false},"author":5,"featured_media":1051,"comment_status":"open","ping_status":"open","sticky":false,"template":"","format":"standard","meta":{"footnotes":""},"categories":[49],"tags":[208,83,207],"class_list":["post-1050","post","type-post","status-publish","format-standard","has-post-thumbnail","hentry","category-destaques","tag-animais","tag-bolsonaro","tag-luisa-mell"],"yoast_head":"<!-- This site is optimized with the Yoast SEO plugin v24.4 - https:\/\/yoast.com\/wordpress\/plugins\/seo\/ -->\n<title>Luisa Mell diz que n\u00e3o tem como lutar pelo ambiente e defender Bolsonaro - Not\u00edcias de Todos - Models01<\/title>\n<meta name=\"robots\" content=\"index, follow, max-snippet:-1, max-image-preview:large, max-video-preview:-1\" \/>\n<link rel=\"canonical\" href=\"https:\/\/markd.com.br\/models\/luisa-mell-diz-que-nao-tem-como-lutar-pelo-ambiente-e-defender-bolsonaro\/\" \/>\n<meta property=\"og:locale\" content=\"pt_BR\" \/>\n<meta property=\"og:type\" content=\"article\" \/>\n<meta property=\"og:title\" content=\"Luisa Mell diz que n\u00e3o tem como lutar pelo ambiente e defender Bolsonaro - Not\u00edcias de Todos - Models01\" \/>\n<meta property=\"og:description\" content=\"\u201cSempre estive envolvida com pol\u00edtica, \u00e9 que agora as pessoas prestam mais aten\u00e7\u00e3o, porque tudo...\" \/>\n<meta property=\"og:url\" content=\"https:\/\/markd.com.br\/models\/luisa-mell-diz-que-nao-tem-como-lutar-pelo-ambiente-e-defender-bolsonaro\/\" \/>\n<meta property=\"og:site_name\" content=\"Not\u00edcias de Todos - Models01\" \/>\n<meta property=\"article:published_time\" content=\"2022-03-30T19:24:07+00:00\" \/>\n<meta property=\"article:modified_time\" content=\"2022-03-30T19:24:13+00:00\" \/>\n<meta property=\"og:image\" content=\"https:\/\/markd.com.br\/models\/wp-content\/uploads\/2022\/03\/5A877B4A-8BF9-4621-9C86-4FA6A47E1B76.jpeg\" \/>\n\t<meta property=\"og:image:width\" content=\"640\" \/>\n\t<meta property=\"og:image:height\" content=\"360\" \/>\n\t<meta property=\"og:image:type\" content=\"image\/jpeg\" \/>\n<meta name=\"author\" content=\"Reda\u00e7\u00e3o Reda\u00e7\u00e3o\" \/>\n<meta name=\"twitter:card\" content=\"summary_large_image\" \/>\n<meta name=\"twitter:label1\" content=\"Escrito por\" \/>\n\t<meta name=\"twitter:data1\" content=\"Reda\u00e7\u00e3o Reda\u00e7\u00e3o\" \/>\n\t<meta name=\"twitter:label2\" content=\"Est. tempo de leitura\" \/>\n\t<meta name=\"twitter:data2\" content=\"4 minutos\" \/>\n<script type=\"application\/ld+json\" class=\"yoast-schema-graph\">{\"@context\":\"https:\/\/schema.org\",\"@graph\":[{\"@type\":\"WebPage\",\"@id\":\"https:\/\/markd.com.br\/models\/luisa-mell-diz-que-nao-tem-como-lutar-pelo-ambiente-e-defender-bolsonaro\/\",\"url\":\"https:\/\/markd.com.br\/models\/luisa-mell-diz-que-nao-tem-como-lutar-pelo-ambiente-e-defender-bolsonaro\/\",\"name\":\"Luisa Mell diz que n\u00e3o tem como lutar pelo ambiente e defender Bolsonaro - Not\u00edcias de Todos - Models01\",\"isPartOf\":{\"@id\":\"https:\/\/markd.com.br\/models\/#website\"},\"primaryImageOfPage\":{\"@id\":\"https:\/\/markd.com.br\/models\/luisa-mell-diz-que-nao-tem-como-lutar-pelo-ambiente-e-defender-bolsonaro\/#primaryimage\"},\"image\":{\"@id\":\"https:\/\/markd.com.br\/models\/luisa-mell-diz-que-nao-tem-como-lutar-pelo-ambiente-e-defender-bolsonaro\/#primaryimage\"},\"thumbnailUrl\":\"https:\/\/markd.com.br\/models\/wp-content\/uploads\/2022\/03\/5A877B4A-8BF9-4621-9C86-4FA6A47E1B76.jpeg\",\"datePublished\":\"2022-03-30T19:24:07+00:00\",\"dateModified\":\"2022-03-30T19:24:13+00:00\",\"author\":{\"@id\":\"https:\/\/markd.com.br\/models\/#\/schema\/person\/c12a77ab487a7262d8bec3c47301ad37\"},\"breadcrumb\":{\"@id\":\"https:\/\/markd.com.br\/models\/luisa-mell-diz-que-nao-tem-como-lutar-pelo-ambiente-e-defender-bolsonaro\/#breadcrumb\"},\"inLanguage\":\"pt-BR\",\"potentialAction\":[{\"@type\":\"ReadAction\",\"target\":[\"https:\/\/markd.com.br\/models\/luisa-mell-diz-que-nao-tem-como-lutar-pelo-ambiente-e-defender-bolsonaro\/\"]}]},{\"@type\":\"ImageObject\",\"inLanguage\":\"pt-BR\",\"@id\":\"https:\/\/markd.com.br\/models\/luisa-mell-diz-que-nao-tem-como-lutar-pelo-ambiente-e-defender-bolsonaro\/#primaryimage\",\"url\":\"https:\/\/markd.com.br\/models\/wp-content\/uploads\/2022\/03\/5A877B4A-8BF9-4621-9C86-4FA6A47E1B76.jpeg\",\"contentUrl\":\"https:\/\/markd.com.br\/models\/wp-content\/uploads\/2022\/03\/5A877B4A-8BF9-4621-9C86-4FA6A47E1B76.jpeg\",\"width\":640,\"height\":360},{\"@type\":\"BreadcrumbList\",\"@id\":\"https:\/\/markd.com.br\/models\/luisa-mell-diz-que-nao-tem-como-lutar-pelo-ambiente-e-defender-bolsonaro\/#breadcrumb\",\"itemListElement\":[{\"@type\":\"ListItem\",\"position\":1,\"name\":\"In\u00edcio\",\"item\":\"https:\/\/markd.com.br\/models\/\"},{\"@type\":\"ListItem\",\"position\":2,\"name\":\"Luisa Mell diz que n\u00e3o tem como lutar pelo ambiente e defender Bolsonaro\"}]},{\"@type\":\"WebSite\",\"@id\":\"https:\/\/markd.com.br\/models\/#website\",\"url\":\"https:\/\/markd.com.br\/models\/\",\"name\":\"Not\u00edcias de Todos - Models01\",\"description\":\"Tenha um Portal de Not\u00edcias Moderno, Din\u00e2mico, R\u00e1pido e Profissional. Entregamos seu Site de  Not\u00edcias Pronto, Instalado, Hospedado, com Manual Passo a Passo e Suporte 24 horas.\",\"potentialAction\":[{\"@type\":\"SearchAction\",\"target\":{\"@type\":\"EntryPoint\",\"urlTemplate\":\"https:\/\/markd.com.br\/models\/?s={search_term_string}\"},\"query-input\":{\"@type\":\"PropertyValueSpecification\",\"valueRequired\":true,\"valueName\":\"search_term_string\"}}],\"inLanguage\":\"pt-BR\"},{\"@type\":\"Person\",\"@id\":\"https:\/\/markd.com.br\/models\/#\/schema\/person\/c12a77ab487a7262d8bec3c47301ad37\",\"name\":\"Reda\u00e7\u00e3o Reda\u00e7\u00e3o\",\"image\":{\"@type\":\"ImageObject\",\"inLanguage\":\"pt-BR\",\"@id\":\"https:\/\/markd.com.br\/models\/#\/schema\/person\/image\/\",\"url\":\"https:\/\/secure.gravatar.com\/avatar\/9448f3599ce269febf169e183039b4a6?s=96&d=mm&r=g\",\"contentUrl\":\"https:\/\/secure.gravatar.com\/avatar\/9448f3599ce269febf169e183039b4a6?s=96&d=mm&r=g\",\"caption\":\"Reda\u00e7\u00e3o Reda\u00e7\u00e3o\"},\"sameAs\":[\"https:\/\/markd.com.br\/\"],\"url\":\"https:\/\/markd.com.br\/models\/author\/redacao\/\"}]}<\/script>\n<!-- \/ Yoast SEO plugin. -->","yoast_head_json":{"title":"Luisa Mell diz que n\u00e3o tem como lutar pelo ambiente e defender Bolsonaro - Not\u00edcias de Todos - Models01","robots":{"index":"index","follow":"follow","max-snippet":"max-snippet:-1","max-image-preview":"max-image-preview:large","max-video-preview":"max-video-preview:-1"},"canonical":"https:\/\/markd.com.br\/models\/luisa-mell-diz-que-nao-tem-como-lutar-pelo-ambiente-e-defender-bolsonaro\/","og_locale":"pt_BR","og_type":"article","og_title":"Luisa Mell diz que n\u00e3o tem como lutar pelo ambiente e defender Bolsonaro - Not\u00edcias de Todos - Models01","og_description":"\u201cSempre estive envolvida com pol\u00edtica, \u00e9 que agora as pessoas prestam mais aten\u00e7\u00e3o, porque tudo...","og_url":"https:\/\/markd.com.br\/models\/luisa-mell-diz-que-nao-tem-como-lutar-pelo-ambiente-e-defender-bolsonaro\/","og_site_name":"Not\u00edcias de Todos - Models01","article_published_time":"2022-03-30T19:24:07+00:00","article_modified_time":"2022-03-30T19:24:13+00:00","og_image":[{"width":640,"height":360,"url":"https:\/\/markd.com.br\/models\/wp-content\/uploads\/2022\/03\/5A877B4A-8BF9-4621-9C86-4FA6A47E1B76.jpeg","type":"image\/jpeg"}],"author":"Reda\u00e7\u00e3o Reda\u00e7\u00e3o","twitter_card":"summary_large_image","twitter_misc":{"Escrito por":"Reda\u00e7\u00e3o Reda\u00e7\u00e3o","Est. tempo de leitura":"4 minutos"},"schema":{"@context":"https:\/\/schema.org","@graph":[{"@type":"WebPage","@id":"https:\/\/markd.com.br\/models\/luisa-mell-diz-que-nao-tem-como-lutar-pelo-ambiente-e-defender-bolsonaro\/","url":"https:\/\/markd.com.br\/models\/luisa-mell-diz-que-nao-tem-como-lutar-pelo-ambiente-e-defender-bolsonaro\/","name":"Luisa Mell diz que n\u00e3o tem como lutar pelo ambiente e defender Bolsonaro - Not\u00edcias de Todos - Models01","isPartOf":{"@id":"https:\/\/markd.com.br\/models\/#website"},"primaryImageOfPage":{"@id":"https:\/\/markd.com.br\/models\/luisa-mell-diz-que-nao-tem-como-lutar-pelo-ambiente-e-defender-bolsonaro\/#primaryimage"},"image":{"@id":"https:\/\/markd.com.br\/models\/luisa-mell-diz-que-nao-tem-como-lutar-pelo-ambiente-e-defender-bolsonaro\/#primaryimage"},"thumbnailUrl":"https:\/\/markd.com.br\/models\/wp-content\/uploads\/2022\/03\/5A877B4A-8BF9-4621-9C86-4FA6A47E1B76.jpeg","datePublished":"2022-03-30T19:24:07+00:00","dateModified":"2022-03-30T19:24:13+00:00","author":{"@id":"https:\/\/markd.com.br\/models\/#\/schema\/person\/c12a77ab487a7262d8bec3c47301ad37"},"breadcrumb":{"@id":"https:\/\/markd.com.br\/models\/luisa-mell-diz-que-nao-tem-como-lutar-pelo-ambiente-e-defender-bolsonaro\/#breadcrumb"},"inLanguage":"pt-BR","potentialAction":[{"@type":"ReadAction","target":["https:\/\/markd.com.br\/models\/luisa-mell-diz-que-nao-tem-como-lutar-pelo-ambiente-e-defender-bolsonaro\/"]}]},{"@type":"ImageObject","inLanguage":"pt-BR","@id":"https:\/\/markd.com.br\/models\/luisa-mell-diz-que-nao-tem-como-lutar-pelo-ambiente-e-defender-bolsonaro\/#primaryimage","url":"https:\/\/markd.com.br\/models\/wp-content\/uploads\/2022\/03\/5A877B4A-8BF9-4621-9C86-4FA6A47E1B76.jpeg","contentUrl":"https:\/\/markd.com.br\/models\/wp-content\/uploads\/2022\/03\/5A877B4A-8BF9-4621-9C86-4FA6A47E1B76.jpeg","width":640,"height":360},{"@type":"BreadcrumbList","@id":"https:\/\/markd.com.br\/models\/luisa-mell-diz-que-nao-tem-como-lutar-pelo-ambiente-e-defender-bolsonaro\/#breadcrumb","itemListElement":[{"@type":"ListItem","position":1,"name":"In\u00edcio","item":"https:\/\/markd.com.br\/models\/"},{"@type":"ListItem","position":2,"name":"Luisa Mell diz que n\u00e3o tem como lutar pelo ambiente e defender Bolsonaro"}]},{"@type":"WebSite","@id":"https:\/\/markd.com.br\/models\/#website","url":"https:\/\/markd.com.br\/models\/","name":"Not\u00edcias de Todos - Models01","description":"Tenha um Portal de Not\u00edcias Moderno, Din\u00e2mico, R\u00e1pido e Profissional. Entregamos seu Site de  Not\u00edcias Pronto, Instalado, Hospedado, com Manual Passo a Passo e Suporte 24 horas.","potentialAction":[{"@type":"SearchAction","target":{"@type":"EntryPoint","urlTemplate":"https:\/\/markd.com.br\/models\/?s={search_term_string}"},"query-input":{"@type":"PropertyValueSpecification","valueRequired":true,"valueName":"search_term_string"}}],"inLanguage":"pt-BR"},{"@type":"Person","@id":"https:\/\/markd.com.br\/models\/#\/schema\/person\/c12a77ab487a7262d8bec3c47301ad37","name":"Reda\u00e7\u00e3o Reda\u00e7\u00e3o","image":{"@type":"ImageObject","inLanguage":"pt-BR","@id":"https:\/\/markd.com.br\/models\/#\/schema\/person\/image\/","url":"https:\/\/secure.gravatar.com\/avatar\/9448f3599ce269febf169e183039b4a6?s=96&d=mm&r=g","contentUrl":"https:\/\/secure.gravatar.com\/avatar\/9448f3599ce269febf169e183039b4a6?s=96&d=mm&r=g","caption":"Reda\u00e7\u00e3o Reda\u00e7\u00e3o"},"sameAs":["https:\/\/markd.com.br\/"],"url":"https:\/\/markd.com.br\/models\/author\/redacao\/"}]}},"featured_image_urls":{"full":["https:\/\/markd.com.br\/models\/wp-content\/uploads\/2022\/03\/5A877B4A-8BF9-4621-9C86-4FA6A47E1B76.jpeg",640,360,false],"thumbnail":["https:\/\/markd.com.br\/models\/wp-content\/uploads\/2022\/03\/5A877B4A-8BF9-4621-9C86-4FA6A47E1B76-150x150.jpeg",150,150,true],"medium":["https:\/\/markd.com.br\/models\/wp-content\/uploads\/2022\/03\/5A877B4A-8BF9-4621-9C86-4FA6A47E1B76-300x169.jpeg",300,169,true],"medium_large":["https:\/\/markd.com.br\/models\/wp-content\/uploads\/2022\/03\/5A877B4A-8BF9-4621-9C86-4FA6A47E1B76.jpeg",640,360,false],"large":["https:\/\/markd.com.br\/models\/wp-content\/uploads\/2022\/03\/5A877B4A-8BF9-4621-9C86-4FA6A47E1B76.jpeg",640,360,false],"1536x1536":["https:\/\/markd.com.br\/models\/wp-content\/uploads\/2022\/03\/5A877B4A-8BF9-4621-9C86-4FA6A47E1B76.jpeg",640,360,false],"2048x2048":["https:\/\/markd.com.br\/models\/wp-content\/uploads\/2022\/03\/5A877B4A-8BF9-4621-9C86-4FA6A47E1B76.jpeg",640,360,false],"newsphere-slider-full":["https:\/\/markd.com.br\/models\/wp-content\/uploads\/2022\/03\/5A877B4A-8BF9-4621-9C86-4FA6A47E1B76.jpeg",640,360,false],"newsphere-featured":["https:\/\/markd.com.br\/models\/wp-content\/uploads\/2022\/03\/5A877B4A-8BF9-4621-9C86-4FA6A47E1B76.jpeg",640,360,false],"newsphere-medium":["https:\/\/markd.com.br\/models\/wp-content\/uploads\/2022\/03\/5A877B4A-8BF9-4621-9C86-4FA6A47E1B76.jpeg",640,360,false]},"author_info":{"display_name":"Reda\u00e7\u00e3o Reda\u00e7\u00e3o","author_link":"https:\/\/markd.com.br\/models\/author\/redacao\/"},"category_info":"<a href=\"https:\/\/markd.com.br\/models\/category\/destaques\/\" rel=\"category tag\">destaques<\/a>","tag_info":"destaques","comment_count":"0","jetpack_featured_media_url":"https:\/\/markd.com.br\/models\/wp-content\/uploads\/2022\/03\/5A877B4A-8BF9-4621-9C86-4FA6A47E1B76.jpeg","_links":{"self":[{"href":"https:\/\/markd.com.br\/models\/wp-json\/wp\/v2\/posts\/1050","targetHints":{"allow":["GET"]}}],"collection":[{"href":"https:\/\/markd.com.br\/models\/wp-json\/wp\/v2\/posts"}],"about":[{"href":"https:\/\/markd.com.br\/models\/wp-json\/wp\/v2\/types\/post"}],"author":[{"embeddable":true,"href":"https:\/\/markd.com.br\/models\/wp-json\/wp\/v2\/users\/5"}],"replies":[{"embeddable":true,"href":"https:\/\/markd.com.br\/models\/wp-json\/wp\/v2\/comments?post=1050"}],"version-history":[{"count":1,"href":"https:\/\/markd.com.br\/models\/wp-json\/wp\/v2\/posts\/1050\/revisions"}],"predecessor-version":[{"id":1052,"href":"https:\/\/markd.com.br\/models\/wp-json\/wp\/v2\/posts\/1050\/revisions\/1052"}],"wp:featuredmedia":[{"embeddable":true,"href":"https:\/\/markd.com.br\/models\/wp-json\/wp\/v2\/media\/1051"}],"wp:attachment":[{"href":"https:\/\/markd.com.br\/models\/wp-json\/wp\/v2\/media?parent=1050"}],"wp:term":[{"taxonomy":"category","embeddable":true,"href":"https:\/\/markd.com.br\/models\/wp-json\/wp\/v2\/categories?post=1050"},{"taxonomy":"post_tag","embeddable":true,"href":"https:\/\/markd.com.br\/models\/wp-json\/wp\/v2\/tags?post=1050"}],"curies":[{"name":"wp","href":"https:\/\/api.w.org\/{rel}","templated":true}]}}