{"id":1062,"date":"2022-03-30T16:51:02","date_gmt":"2022-03-30T19:51:02","guid":{"rendered":"https:\/\/portaldestaquenoticias.com.br\/?p=1062"},"modified":"2022-03-30T16:51:07","modified_gmt":"2022-03-30T19:51:07","slug":"governo-do-amazonas-publica-decreto-que-define-solucoes-de-moradia-do-novo-prosamin","status":"publish","type":"post","link":"https:\/\/markd.com.br\/models\/governo-do-amazonas-publica-decreto-que-define-solucoes-de-moradia-do-novo-prosamin\/","title":{"rendered":"Governo do Amazonas publica decreto que define solu\u00e7\u00f5es de moradia do novo Prosamin+"},"content":{"rendered":"\n<p><\/p>\n\n\n\n<p>As 2.580 fam\u00edlias cadastradas poder\u00e3o optar entre unidade habitacional a ser constru\u00edda pelo programa, b\u00f4nus-moradia, aux\u00edlio-moradia ou indeniza\u00e7\u00e3o<\/p>\n\n\n\n<p>O Governo do Amazonas publicou o Decreto n\u00ba 45.363, de 25 de mar\u00e7o de 2022, estabelecendo as alternativas e solu\u00e7\u00f5es para o reassentamento de cerca de 2.580 fam\u00edlias que ser\u00e3o remanejadas das \u00e1reas de interven\u00e7\u00e3o do novo Programa Social e Ambiental de Manaus e Interior (Prosamin+), saindo de locais com risco de alaga\u00e7\u00e3o para moradias seguras.<\/p>\n\n\n\n<p>O novo Posamin+ vai urbanizar uma \u00e1rea de 340 mil m\u00b2, seguindo o curso do Igarap\u00e9 do 40, do trecho que vai da ocupa\u00e7\u00e3o conhecida como Manaus 2000, no Japiim, \u00e0 comunidade da Sharp, no bairro Armando Mendes, zona leste.<\/p>\n\n\n\n<p>As obras ser\u00e3o executadas pela Unidade Gestora de Projetos Especiais (UGPE). O processo de reassentamento ser\u00e1 coordenado pela Superintend\u00eancia Estadual de Habita\u00e7\u00e3o (Suhab). O Decreto n\u00ba 45.363\/2022 regulamenta as alternativas de reposi\u00e7\u00e3o de moradia ou compensa\u00e7\u00e3o econ\u00f4mica, conforme as diretrizes preconizadas pelo Banco Interamericano de Desenvolvimento (BID), \u00f3rg\u00e3o financiador, e definidas no Plano Diretor de Reassentamento do programa.<\/p>\n\n\n\n<p>Conforme disposto no artigo 1\u00ba, a libera\u00e7\u00e3o das \u00e1reas de execu\u00e7\u00e3o do Prosamin+ se dar\u00e1 ap\u00f3s desapropria\u00e7\u00e3o, mediante uma das alternativas oferecidas pelo programa: unidade habitacional constru\u00edda pelo Prosamin+; b\u00f4nus-moradia; aux\u00edlio-moradia; ou indeniza\u00e7\u00e3o pecuni\u00e1ria na forma de lei.<\/p>\n\n\n\n<p>Solu\u00e7\u00f5es e valores \u2013 O coordenador executivo da UGPE, engenheiro civil Marcellus Camp\u00ealo, explica que o decreto define n\u00e3o apenas as solu\u00e7\u00f5es de moradia, como tamb\u00e9m os valores do b\u00f4nus e do aux\u00edlio-moradia, dando for\u00e7a de lei ao que est\u00e1 definido no Plano Diretor de Reassentamento e direcionando os atendimentos segundo o perfil da fam\u00edlia \u2013 se propriet\u00e1rio morador, propriet\u00e1rio n\u00e3o morador, inquilino ou cedido \u2013 e a avalia\u00e7\u00e3o do im\u00f3vel.<\/p>\n\n\n\n<p>O coordenador executivo ressalta, por\u00e9m, que os benefici\u00e1rios ser\u00e3o as 2.580 fam\u00edlias cadastrados no in\u00edcio da atua\u00e7\u00e3o do programa na \u00e1rea, entre maio e outubro de 2020.<\/p>\n\n\n\n<p>\u201cA UGPE tem o controle, atrav\u00e9s do cadastro f\u00edsico territorial pr\u00e9vio feito na \u00e1rea nesse per\u00edodo, quando foi realizado o mapeamento e o registro das imagens dos im\u00f3veis. Foi feito tamb\u00e9m cadastramento socioecon\u00f4mico e, depois, as equipes sociais retornaram para a realiza\u00e7\u00e3o do processo de certifica\u00e7\u00e3o, garantindo assim o controle da \u00e1rea de interve\u00e7\u00e3o\u201d, explicou, destacando que as medidas visam impedir novas ocupa\u00e7\u00f5es que atrasem a execu\u00e7\u00e3o do programa.<\/p>\n\n\n\n<p>Marcellus Camp\u00ealo observa que o pr\u00f3ximo passo no processo de reassentamento \u00e9 a publica\u00e7\u00e3o do decreto que d\u00e1 compet\u00eancia para a Suhab operacionalizar o reassentamento, seguido da assinatura do conv\u00eanio que permitir\u00e1 \u00e0 UGPE repassar os recursos para o Fundo Estadual de Habita\u00e7\u00e3o.<\/p>\n\n\n\n<p>\u201cConcomitantemente, o processo de empr\u00e9stimo est\u00e1 tramitando em Bras\u00edlia, para autoriza\u00e7\u00e3o do Senado Federal \u00e0 Uni\u00e3o de proceder com a autoriza\u00e7\u00e3o do empr\u00e9stimo e posterior assinatura do contrato com o BID\u201d, disse.<\/p>\n\n\n\n<p>A UGPE realiza Plant\u00e3o Social semanal nas \u00e1reas de interven\u00e7\u00e3o do programa para atendimento \u00e0 popula\u00e7\u00e3o com informa\u00e7\u00f5es e esclarecimento de d\u00favidas, al\u00e9m de reunir com as lideran\u00e7as do Grupo de Apoio Local (GAL), respons\u00e1veis pela interlocu\u00e7\u00e3o com a comunidade, onde s\u00e3o prestados todos os esclarecimentos.<\/p>\n\n\n\n<p>FOTOS: Tiago Corr\u00eaa\/UGPE<\/p>\n\n\n\n<p>Informa\u00e7\u00f5es para a imprensa: Assessoria de Comunica\u00e7\u00e3o da Unidade Gestora de Projetos Especiais\/Programa Social e Ambiental de Manaus e Interior (UGPE\/Prosamin+): Roseane Mota (<a href=\"tel:99126-7364\">99126-7364<\/a>) e Tiago Pires Corr\u00eaa (<a href=\"tel:98249-0635\">98249-0635<\/a>).<\/p>\n","protected":false},"excerpt":{"rendered":"<p>As 2.580 fam\u00edlias cadastradas poder\u00e3o optar entre unidade habitacional a ser constru\u00edda pelo programa, b\u00f4nus-moradia,&#8230;<\/p>\n","protected":false},"author":5,"featured_media":1063,"comment_status":"open","ping_status":"open","sticky":false,"template":"","format":"standard","meta":{"footnotes":""},"categories":[51],"tags":[216,52,215],"class_list":["post-1062","post","type-post","status-publish","format-standard","has-post-thumbnail","hentry","category-governo-do-amazonas","tag-decreto","tag-governo-do-amazonas","tag-prosamin"],"yoast_head":"<!-- This site is optimized with the Yoast SEO plugin v24.4 - https:\/\/yoast.com\/wordpress\/plugins\/seo\/ -->\n<title>Governo do Amazonas publica decreto que define solu\u00e7\u00f5es de moradia do novo Prosamin+ - Not\u00edcias de Todos - Models01<\/title>\n<meta name=\"robots\" content=\"index, follow, max-snippet:-1, max-image-preview:large, max-video-preview:-1\" \/>\n<link rel=\"canonical\" href=\"https:\/\/markd.com.br\/models\/governo-do-amazonas-publica-decreto-que-define-solucoes-de-moradia-do-novo-prosamin\/\" \/>\n<meta property=\"og:locale\" content=\"pt_BR\" \/>\n<meta property=\"og:type\" content=\"article\" \/>\n<meta property=\"og:title\" content=\"Governo do Amazonas publica decreto que define solu\u00e7\u00f5es de moradia do novo Prosamin+ - Not\u00edcias de Todos - Models01\" \/>\n<meta property=\"og:description\" content=\"As 2.580 fam\u00edlias cadastradas poder\u00e3o optar entre unidade habitacional a ser constru\u00edda pelo programa, b\u00f4nus-moradia,...\" \/>\n<meta property=\"og:url\" content=\"https:\/\/markd.com.br\/models\/governo-do-amazonas-publica-decreto-que-define-solucoes-de-moradia-do-novo-prosamin\/\" \/>\n<meta property=\"og:site_name\" content=\"Not\u00edcias de Todos - Models01\" \/>\n<meta property=\"article:published_time\" content=\"2022-03-30T19:51:02+00:00\" \/>\n<meta property=\"article:modified_time\" content=\"2022-03-30T19:51:07+00:00\" \/>\n<meta property=\"og:image\" content=\"https:\/\/markd.com.br\/models\/wp-content\/uploads\/2022\/03\/FA3CC8BF-9D88-4DC5-9ED2-38A7719C2FED.jpeg\" \/>\n\t<meta property=\"og:image:width\" content=\"650\" \/>\n\t<meta property=\"og:image:height\" content=\"433\" \/>\n\t<meta property=\"og:image:type\" content=\"image\/jpeg\" \/>\n<meta name=\"author\" content=\"Reda\u00e7\u00e3o Reda\u00e7\u00e3o\" \/>\n<meta name=\"twitter:card\" content=\"summary_large_image\" \/>\n<meta name=\"twitter:label1\" content=\"Escrito por\" \/>\n\t<meta name=\"twitter:data1\" content=\"Reda\u00e7\u00e3o Reda\u00e7\u00e3o\" \/>\n\t<meta name=\"twitter:label2\" content=\"Est. tempo de leitura\" \/>\n\t<meta name=\"twitter:data2\" content=\"3 minutos\" \/>\n<script type=\"application\/ld+json\" class=\"yoast-schema-graph\">{\"@context\":\"https:\/\/schema.org\",\"@graph\":[{\"@type\":\"WebPage\",\"@id\":\"https:\/\/markd.com.br\/models\/governo-do-amazonas-publica-decreto-que-define-solucoes-de-moradia-do-novo-prosamin\/\",\"url\":\"https:\/\/markd.com.br\/models\/governo-do-amazonas-publica-decreto-que-define-solucoes-de-moradia-do-novo-prosamin\/\",\"name\":\"Governo do Amazonas publica decreto que define solu\u00e7\u00f5es de moradia do novo Prosamin+ - Not\u00edcias de Todos - Models01\",\"isPartOf\":{\"@id\":\"https:\/\/markd.com.br\/models\/#website\"},\"primaryImageOfPage\":{\"@id\":\"https:\/\/markd.com.br\/models\/governo-do-amazonas-publica-decreto-que-define-solucoes-de-moradia-do-novo-prosamin\/#primaryimage\"},\"image\":{\"@id\":\"https:\/\/markd.com.br\/models\/governo-do-amazonas-publica-decreto-que-define-solucoes-de-moradia-do-novo-prosamin\/#primaryimage\"},\"thumbnailUrl\":\"https:\/\/markd.com.br\/models\/wp-content\/uploads\/2022\/03\/FA3CC8BF-9D88-4DC5-9ED2-38A7719C2FED.jpeg\",\"datePublished\":\"2022-03-30T19:51:02+00:00\",\"dateModified\":\"2022-03-30T19:51:07+00:00\",\"author\":{\"@id\":\"https:\/\/markd.com.br\/models\/#\/schema\/person\/c12a77ab487a7262d8bec3c47301ad37\"},\"breadcrumb\":{\"@id\":\"https:\/\/markd.com.br\/models\/governo-do-amazonas-publica-decreto-que-define-solucoes-de-moradia-do-novo-prosamin\/#breadcrumb\"},\"inLanguage\":\"pt-BR\",\"potentialAction\":[{\"@type\":\"ReadAction\",\"target\":[\"https:\/\/markd.com.br\/models\/governo-do-amazonas-publica-decreto-que-define-solucoes-de-moradia-do-novo-prosamin\/\"]}]},{\"@type\":\"ImageObject\",\"inLanguage\":\"pt-BR\",\"@id\":\"https:\/\/markd.com.br\/models\/governo-do-amazonas-publica-decreto-que-define-solucoes-de-moradia-do-novo-prosamin\/#primaryimage\",\"url\":\"https:\/\/markd.com.br\/models\/wp-content\/uploads\/2022\/03\/FA3CC8BF-9D88-4DC5-9ED2-38A7719C2FED.jpeg\",\"contentUrl\":\"https:\/\/markd.com.br\/models\/wp-content\/uploads\/2022\/03\/FA3CC8BF-9D88-4DC5-9ED2-38A7719C2FED.jpeg\",\"width\":650,\"height\":433},{\"@type\":\"BreadcrumbList\",\"@id\":\"https:\/\/markd.com.br\/models\/governo-do-amazonas-publica-decreto-que-define-solucoes-de-moradia-do-novo-prosamin\/#breadcrumb\",\"itemListElement\":[{\"@type\":\"ListItem\",\"position\":1,\"name\":\"In\u00edcio\",\"item\":\"https:\/\/markd.com.br\/models\/\"},{\"@type\":\"ListItem\",\"position\":2,\"name\":\"Governo do Amazonas publica decreto que define solu\u00e7\u00f5es de moradia do novo Prosamin+\"}]},{\"@type\":\"WebSite\",\"@id\":\"https:\/\/markd.com.br\/models\/#website\",\"url\":\"https:\/\/markd.com.br\/models\/\",\"name\":\"Not\u00edcias de Todos - Models01\",\"description\":\"Tenha um Portal de Not\u00edcias Moderno, Din\u00e2mico, R\u00e1pido e Profissional. Entregamos seu Site de  Not\u00edcias Pronto, Instalado, Hospedado, com Manual Passo a Passo e Suporte 24 horas.\",\"potentialAction\":[{\"@type\":\"SearchAction\",\"target\":{\"@type\":\"EntryPoint\",\"urlTemplate\":\"https:\/\/markd.com.br\/models\/?s={search_term_string}\"},\"query-input\":{\"@type\":\"PropertyValueSpecification\",\"valueRequired\":true,\"valueName\":\"search_term_string\"}}],\"inLanguage\":\"pt-BR\"},{\"@type\":\"Person\",\"@id\":\"https:\/\/markd.com.br\/models\/#\/schema\/person\/c12a77ab487a7262d8bec3c47301ad37\",\"name\":\"Reda\u00e7\u00e3o Reda\u00e7\u00e3o\",\"image\":{\"@type\":\"ImageObject\",\"inLanguage\":\"pt-BR\",\"@id\":\"https:\/\/markd.com.br\/models\/#\/schema\/person\/image\/\",\"url\":\"https:\/\/secure.gravatar.com\/avatar\/9448f3599ce269febf169e183039b4a6?s=96&d=mm&r=g\",\"contentUrl\":\"https:\/\/secure.gravatar.com\/avatar\/9448f3599ce269febf169e183039b4a6?s=96&d=mm&r=g\",\"caption\":\"Reda\u00e7\u00e3o Reda\u00e7\u00e3o\"},\"sameAs\":[\"https:\/\/markd.com.br\/\"],\"url\":\"https:\/\/markd.com.br\/models\/author\/redacao\/\"}]}<\/script>\n<!-- \/ Yoast SEO plugin. -->","yoast_head_json":{"title":"Governo do Amazonas publica decreto que define solu\u00e7\u00f5es de moradia do novo Prosamin+ - Not\u00edcias de Todos - Models01","robots":{"index":"index","follow":"follow","max-snippet":"max-snippet:-1","max-image-preview":"max-image-preview:large","max-video-preview":"max-video-preview:-1"},"canonical":"https:\/\/markd.com.br\/models\/governo-do-amazonas-publica-decreto-que-define-solucoes-de-moradia-do-novo-prosamin\/","og_locale":"pt_BR","og_type":"article","og_title":"Governo do Amazonas publica decreto que define solu\u00e7\u00f5es de moradia do novo Prosamin+ - Not\u00edcias de Todos - Models01","og_description":"As 2.580 fam\u00edlias cadastradas poder\u00e3o optar entre unidade habitacional a ser constru\u00edda pelo programa, b\u00f4nus-moradia,...","og_url":"https:\/\/markd.com.br\/models\/governo-do-amazonas-publica-decreto-que-define-solucoes-de-moradia-do-novo-prosamin\/","og_site_name":"Not\u00edcias de Todos - Models01","article_published_time":"2022-03-30T19:51:02+00:00","article_modified_time":"2022-03-30T19:51:07+00:00","og_image":[{"width":650,"height":433,"url":"https:\/\/markd.com.br\/models\/wp-content\/uploads\/2022\/03\/FA3CC8BF-9D88-4DC5-9ED2-38A7719C2FED.jpeg","type":"image\/jpeg"}],"author":"Reda\u00e7\u00e3o Reda\u00e7\u00e3o","twitter_card":"summary_large_image","twitter_misc":{"Escrito por":"Reda\u00e7\u00e3o Reda\u00e7\u00e3o","Est. tempo de leitura":"3 minutos"},"schema":{"@context":"https:\/\/schema.org","@graph":[{"@type":"WebPage","@id":"https:\/\/markd.com.br\/models\/governo-do-amazonas-publica-decreto-que-define-solucoes-de-moradia-do-novo-prosamin\/","url":"https:\/\/markd.com.br\/models\/governo-do-amazonas-publica-decreto-que-define-solucoes-de-moradia-do-novo-prosamin\/","name":"Governo do Amazonas publica decreto que define solu\u00e7\u00f5es de moradia do novo Prosamin+ - Not\u00edcias de Todos - Models01","isPartOf":{"@id":"https:\/\/markd.com.br\/models\/#website"},"primaryImageOfPage":{"@id":"https:\/\/markd.com.br\/models\/governo-do-amazonas-publica-decreto-que-define-solucoes-de-moradia-do-novo-prosamin\/#primaryimage"},"image":{"@id":"https:\/\/markd.com.br\/models\/governo-do-amazonas-publica-decreto-que-define-solucoes-de-moradia-do-novo-prosamin\/#primaryimage"},"thumbnailUrl":"https:\/\/markd.com.br\/models\/wp-content\/uploads\/2022\/03\/FA3CC8BF-9D88-4DC5-9ED2-38A7719C2FED.jpeg","datePublished":"2022-03-30T19:51:02+00:00","dateModified":"2022-03-30T19:51:07+00:00","author":{"@id":"https:\/\/markd.com.br\/models\/#\/schema\/person\/c12a77ab487a7262d8bec3c47301ad37"},"breadcrumb":{"@id":"https:\/\/markd.com.br\/models\/governo-do-amazonas-publica-decreto-que-define-solucoes-de-moradia-do-novo-prosamin\/#breadcrumb"},"inLanguage":"pt-BR","potentialAction":[{"@type":"ReadAction","target":["https:\/\/markd.com.br\/models\/governo-do-amazonas-publica-decreto-que-define-solucoes-de-moradia-do-novo-prosamin\/"]}]},{"@type":"ImageObject","inLanguage":"pt-BR","@id":"https:\/\/markd.com.br\/models\/governo-do-amazonas-publica-decreto-que-define-solucoes-de-moradia-do-novo-prosamin\/#primaryimage","url":"https:\/\/markd.com.br\/models\/wp-content\/uploads\/2022\/03\/FA3CC8BF-9D88-4DC5-9ED2-38A7719C2FED.jpeg","contentUrl":"https:\/\/markd.com.br\/models\/wp-content\/uploads\/2022\/03\/FA3CC8BF-9D88-4DC5-9ED2-38A7719C2FED.jpeg","width":650,"height":433},{"@type":"BreadcrumbList","@id":"https:\/\/markd.com.br\/models\/governo-do-amazonas-publica-decreto-que-define-solucoes-de-moradia-do-novo-prosamin\/#breadcrumb","itemListElement":[{"@type":"ListItem","position":1,"name":"In\u00edcio","item":"https:\/\/markd.com.br\/models\/"},{"@type":"ListItem","position":2,"name":"Governo do Amazonas publica decreto que define solu\u00e7\u00f5es de moradia do novo Prosamin+"}]},{"@type":"WebSite","@id":"https:\/\/markd.com.br\/models\/#website","url":"https:\/\/markd.com.br\/models\/","name":"Not\u00edcias de Todos - Models01","description":"Tenha um Portal de Not\u00edcias Moderno, Din\u00e2mico, R\u00e1pido e Profissional. Entregamos seu Site de  Not\u00edcias Pronto, Instalado, Hospedado, com Manual Passo a Passo e Suporte 24 horas.","potentialAction":[{"@type":"SearchAction","target":{"@type":"EntryPoint","urlTemplate":"https:\/\/markd.com.br\/models\/?s={search_term_string}"},"query-input":{"@type":"PropertyValueSpecification","valueRequired":true,"valueName":"search_term_string"}}],"inLanguage":"pt-BR"},{"@type":"Person","@id":"https:\/\/markd.com.br\/models\/#\/schema\/person\/c12a77ab487a7262d8bec3c47301ad37","name":"Reda\u00e7\u00e3o Reda\u00e7\u00e3o","image":{"@type":"ImageObject","inLanguage":"pt-BR","@id":"https:\/\/markd.com.br\/models\/#\/schema\/person\/image\/","url":"https:\/\/secure.gravatar.com\/avatar\/9448f3599ce269febf169e183039b4a6?s=96&d=mm&r=g","contentUrl":"https:\/\/secure.gravatar.com\/avatar\/9448f3599ce269febf169e183039b4a6?s=96&d=mm&r=g","caption":"Reda\u00e7\u00e3o Reda\u00e7\u00e3o"},"sameAs":["https:\/\/markd.com.br\/"],"url":"https:\/\/markd.com.br\/models\/author\/redacao\/"}]}},"featured_image_urls":{"full":["https:\/\/markd.com.br\/models\/wp-content\/uploads\/2022\/03\/FA3CC8BF-9D88-4DC5-9ED2-38A7719C2FED.jpeg",650,433,false],"thumbnail":["https:\/\/markd.com.br\/models\/wp-content\/uploads\/2022\/03\/FA3CC8BF-9D88-4DC5-9ED2-38A7719C2FED-150x150.jpeg",150,150,true],"medium":["https:\/\/markd.com.br\/models\/wp-content\/uploads\/2022\/03\/FA3CC8BF-9D88-4DC5-9ED2-38A7719C2FED-300x200.jpeg",300,200,true],"medium_large":["https:\/\/markd.com.br\/models\/wp-content\/uploads\/2022\/03\/FA3CC8BF-9D88-4DC5-9ED2-38A7719C2FED.jpeg",640,426,false],"large":["https:\/\/markd.com.br\/models\/wp-content\/uploads\/2022\/03\/FA3CC8BF-9D88-4DC5-9ED2-38A7719C2FED.jpeg",640,426,false],"1536x1536":["https:\/\/markd.com.br\/models\/wp-content\/uploads\/2022\/03\/FA3CC8BF-9D88-4DC5-9ED2-38A7719C2FED.jpeg",650,433,false],"2048x2048":["https:\/\/markd.com.br\/models\/wp-content\/uploads\/2022\/03\/FA3CC8BF-9D88-4DC5-9ED2-38A7719C2FED.jpeg",650,433,false],"newsphere-slider-full":["https:\/\/markd.com.br\/models\/wp-content\/uploads\/2022\/03\/FA3CC8BF-9D88-4DC5-9ED2-38A7719C2FED.jpeg",650,433,false],"newsphere-featured":["https:\/\/markd.com.br\/models\/wp-content\/uploads\/2022\/03\/FA3CC8BF-9D88-4DC5-9ED2-38A7719C2FED.jpeg",650,433,false],"newsphere-medium":["https:\/\/markd.com.br\/models\/wp-content\/uploads\/2022\/03\/FA3CC8BF-9D88-4DC5-9ED2-38A7719C2FED-650x380.jpeg",650,380,true]},"author_info":{"display_name":"Reda\u00e7\u00e3o Reda\u00e7\u00e3o","author_link":"https:\/\/markd.com.br\/models\/author\/redacao\/"},"category_info":"<a href=\"https:\/\/markd.com.br\/models\/category\/governo-do-amazonas\/\" rel=\"category tag\">Governo do amazonas<\/a>","tag_info":"Governo do amazonas","comment_count":"0","jetpack_featured_media_url":"https:\/\/markd.com.br\/models\/wp-content\/uploads\/2022\/03\/FA3CC8BF-9D88-4DC5-9ED2-38A7719C2FED.jpeg","_links":{"self":[{"href":"https:\/\/markd.com.br\/models\/wp-json\/wp\/v2\/posts\/1062","targetHints":{"allow":["GET"]}}],"collection":[{"href":"https:\/\/markd.com.br\/models\/wp-json\/wp\/v2\/posts"}],"about":[{"href":"https:\/\/markd.com.br\/models\/wp-json\/wp\/v2\/types\/post"}],"author":[{"embeddable":true,"href":"https:\/\/markd.com.br\/models\/wp-json\/wp\/v2\/users\/5"}],"replies":[{"embeddable":true,"href":"https:\/\/markd.com.br\/models\/wp-json\/wp\/v2\/comments?post=1062"}],"version-history":[{"count":1,"href":"https:\/\/markd.com.br\/models\/wp-json\/wp\/v2\/posts\/1062\/revisions"}],"predecessor-version":[{"id":1064,"href":"https:\/\/markd.com.br\/models\/wp-json\/wp\/v2\/posts\/1062\/revisions\/1064"}],"wp:featuredmedia":[{"embeddable":true,"href":"https:\/\/markd.com.br\/models\/wp-json\/wp\/v2\/media\/1063"}],"wp:attachment":[{"href":"https:\/\/markd.com.br\/models\/wp-json\/wp\/v2\/media?parent=1062"}],"wp:term":[{"taxonomy":"category","embeddable":true,"href":"https:\/\/markd.com.br\/models\/wp-json\/wp\/v2\/categories?post=1062"},{"taxonomy":"post_tag","embeddable":true,"href":"https:\/\/markd.com.br\/models\/wp-json\/wp\/v2\/tags?post=1062"}],"curies":[{"name":"wp","href":"https:\/\/api.w.org\/{rel}","templated":true}]}}