{"id":1071,"date":"2022-03-30T17:38:05","date_gmt":"2022-03-30T20:38:05","guid":{"rendered":"https:\/\/portaldestaquenoticias.com.br\/?p=1071"},"modified":"2022-03-30T17:38:10","modified_gmt":"2022-03-30T20:38:10","slug":"governo-do-amazonas-lanca-edital-com-750-vagas-para-cursos-de-qualificacao-em-parceria-com-sest-senat","status":"publish","type":"post","link":"https:\/\/markd.com.br\/models\/governo-do-amazonas-lanca-edital-com-750-vagas-para-cursos-de-qualificacao-em-parceria-com-sest-senat\/","title":{"rendered":"Governo do Amazonas lan\u00e7a edital com 750 vagas para cursos de qualifica\u00e7\u00e3o em parceria com Sest Senat"},"content":{"rendered":"\n<p><\/p>\n\n\n\n<p>Iniciativa visa qualificar e promover cidad\u00e3os para o mercado de trabalho<\/p>\n\n\n\n<p>O Governo do Estado do Amazonas, lan\u00e7ou nesta ter\u00e7a-feira (29\/03), edital com 750 vagas para cursos de qualifica\u00e7\u00e3o na modalidade on-line. Os cursos s\u00e3o oferecidos por meio da Secretaria Executiva do Trabalho e Empreendedorismo (Setemp), \u00f3rg\u00e3o da Secretaria de Estado de Desenvolvimento Econ\u00f4mico, Ci\u00eancia, Tecnologia e Inova\u00e7\u00e3o (Sedecti), que gerencia o Sistema Nacional de Empregos no Amazonas (Sine\/AM), em parceria com o Sest SENAT.<\/p>\n\n\n\n<p>As inscri\u00e7\u00f5es come\u00e7am nesta ter\u00e7a-feira (29\/03) e terminam na sexta-feira (1\u00ba\/04). Os cursos s\u00e3o direcionados \u00e0s pessoas que buscam por qualifica\u00e7\u00e3o profissional para concorrer a uma vaga no mercado de trabalho.<\/p>\n\n\n\n<p>Os interessados devem acessar o Portal do Trabalhador (www.portaldotrabalhador.am.gov.br), para fazer a inscri\u00e7\u00e3o no processo seletivo, sendo importante que os candidatos leiam o edital com aten\u00e7\u00e3o, para que n\u00e3o haja qualquer d\u00favida sobre os cursos, podendo se inscrever em uma das modalidades ofertadas.<\/p>\n\n\n\n<p>\u00c9 necess\u00e1rio preencher todos os pr\u00e9-requisitos, al\u00e9m de informar e-mail pessoal, pois a efetiva\u00e7\u00e3o da inscri\u00e7\u00e3o ser\u00e1 vinculada a conta cadastrada. O in\u00edcio das aulas est\u00e1 previsto para o dia 4 de abril de 2022.<\/p>\n\n\n\n<p>De acordo com a Titular da Setemp, Neila Azrak, essas parcerias v\u00eam ao encontro das necessidades da popula\u00e7\u00e3o:<br>\u201cO Governo do Amazonas busca capacitar as pessoas, com intuito de inseri-las no mercado de trabalho, para assim, aumentar a gera\u00e7\u00e3o de emprego e renda no estado\u201d, disse.<\/p>\n\n\n\n<p>Cursos oferecidos \u2013 Os cursos de qualifica\u00e7\u00e3o dispon\u00edveis s\u00e3o:<\/p>\n\n\n\n<p>\u2022 Compras, Processamentos de Pedidos e Controles de Estoques (150 vagas);<br>\u2022 Comunica\u00e7\u00e3o Interpessoal e Atendimento ao Cliente (150 vagas);<br>\u2022 Reda\u00e7\u00e3o T\u00e9cnica (150 vagas);<br>\u2022 Introdu\u00e7\u00e3o \u00e0 Inform\u00e1tica (150 vagas);<br>\u2022 Desenvolvimento de Lideran\u00e7as (150 vagas).<\/p>\n\n\n\n<p>Qualifica\u00e7\u00e3o \u2013 A Secretaria Executiva do Trabalho e Empreendedorismo<br>assinala que entre 2021 a fevereiro de 2022 foram ofertadas 8.150 vagas para cursos de qualifica\u00e7\u00e3o \u00e0 popula\u00e7\u00e3o do estado do Amazonas, todos foram oriundos de parcerias com escolas de qualifica\u00e7\u00e3o profissional, que visam \u00e0 educa\u00e7\u00e3o profissional do cidad\u00e3o, para que as pessoas consigam uma vaga de emprego no mercado de trabalho.<\/p>\n\n\n\n<p>FOTO: Divulga\u00e7\u00e3o\/ Setemp.<\/p>\n\n\n\n<p>Informa\u00e7\u00f5es para a imprensa: Assessoria de Comunica\u00e7\u00e3o da Secretaria Executiva do Trabalho e Empreendedorismo (Setemp): Patrick Amorim (<a href=\"tel:98498-6561\">98498-6561<\/a>) e Matheus Cagy (<a href=\"tel:98428-0791\">98428-0791<\/a>).<\/p>\n\n\n\n<ul class=\"wp-block-list\"><li><\/li><\/ul>\n","protected":false},"excerpt":{"rendered":"<p>Iniciativa visa qualificar e promover cidad\u00e3os para o mercado de trabalho O Governo do Estado&#8230;<\/p>\n","protected":false},"author":5,"featured_media":1072,"comment_status":"open","ping_status":"open","sticky":false,"template":"","format":"standard","meta":{"footnotes":""},"categories":[51,1],"tags":[223,52,224],"class_list":["post-1071","post","type-post","status-publish","format-standard","has-post-thumbnail","hentry","category-governo-do-amazonas","category-sem-categoria","tag-edital","tag-governo-do-amazonas","tag-qualificacao"],"yoast_head":"<!-- This site is optimized with the Yoast SEO plugin v24.4 - https:\/\/yoast.com\/wordpress\/plugins\/seo\/ -->\n<title>Governo do Amazonas lan\u00e7a edital com 750 vagas para cursos de qualifica\u00e7\u00e3o em parceria com Sest Senat - Not\u00edcias de Todos - Models01<\/title>\n<meta name=\"robots\" content=\"index, follow, max-snippet:-1, max-image-preview:large, max-video-preview:-1\" \/>\n<link rel=\"canonical\" href=\"https:\/\/markd.com.br\/models\/governo-do-amazonas-lanca-edital-com-750-vagas-para-cursos-de-qualificacao-em-parceria-com-sest-senat\/\" \/>\n<meta property=\"og:locale\" content=\"pt_BR\" \/>\n<meta property=\"og:type\" content=\"article\" \/>\n<meta property=\"og:title\" content=\"Governo do Amazonas lan\u00e7a edital com 750 vagas para cursos de qualifica\u00e7\u00e3o em parceria com Sest Senat - Not\u00edcias de Todos - Models01\" \/>\n<meta property=\"og:description\" content=\"Iniciativa visa qualificar e promover cidad\u00e3os para o mercado de trabalho O Governo do Estado...\" \/>\n<meta property=\"og:url\" content=\"https:\/\/markd.com.br\/models\/governo-do-amazonas-lanca-edital-com-750-vagas-para-cursos-de-qualificacao-em-parceria-com-sest-senat\/\" \/>\n<meta property=\"og:site_name\" content=\"Not\u00edcias de Todos - Models01\" \/>\n<meta property=\"article:published_time\" content=\"2022-03-30T20:38:05+00:00\" \/>\n<meta property=\"article:modified_time\" content=\"2022-03-30T20:38:10+00:00\" \/>\n<meta property=\"og:image\" content=\"https:\/\/markd.com.br\/models\/wp-content\/uploads\/2022\/03\/AF06182A-A614-455C-9D29-8A33ADED7A84.jpeg\" \/>\n\t<meta property=\"og:image:width\" content=\"650\" \/>\n\t<meta property=\"og:image:height\" content=\"433\" \/>\n\t<meta property=\"og:image:type\" content=\"image\/jpeg\" \/>\n<meta name=\"author\" content=\"Reda\u00e7\u00e3o Reda\u00e7\u00e3o\" \/>\n<meta name=\"twitter:card\" content=\"summary_large_image\" \/>\n<meta name=\"twitter:label1\" content=\"Escrito por\" \/>\n\t<meta name=\"twitter:data1\" content=\"Reda\u00e7\u00e3o Reda\u00e7\u00e3o\" \/>\n\t<meta name=\"twitter:label2\" content=\"Est. tempo de leitura\" \/>\n\t<meta name=\"twitter:data2\" content=\"2 minutos\" \/>\n<script type=\"application\/ld+json\" class=\"yoast-schema-graph\">{\"@context\":\"https:\/\/schema.org\",\"@graph\":[{\"@type\":\"WebPage\",\"@id\":\"https:\/\/markd.com.br\/models\/governo-do-amazonas-lanca-edital-com-750-vagas-para-cursos-de-qualificacao-em-parceria-com-sest-senat\/\",\"url\":\"https:\/\/markd.com.br\/models\/governo-do-amazonas-lanca-edital-com-750-vagas-para-cursos-de-qualificacao-em-parceria-com-sest-senat\/\",\"name\":\"Governo do Amazonas lan\u00e7a edital com 750 vagas para cursos de qualifica\u00e7\u00e3o em parceria com Sest Senat - Not\u00edcias de Todos - Models01\",\"isPartOf\":{\"@id\":\"https:\/\/markd.com.br\/models\/#website\"},\"primaryImageOfPage\":{\"@id\":\"https:\/\/markd.com.br\/models\/governo-do-amazonas-lanca-edital-com-750-vagas-para-cursos-de-qualificacao-em-parceria-com-sest-senat\/#primaryimage\"},\"image\":{\"@id\":\"https:\/\/markd.com.br\/models\/governo-do-amazonas-lanca-edital-com-750-vagas-para-cursos-de-qualificacao-em-parceria-com-sest-senat\/#primaryimage\"},\"thumbnailUrl\":\"https:\/\/markd.com.br\/models\/wp-content\/uploads\/2022\/03\/AF06182A-A614-455C-9D29-8A33ADED7A84.jpeg\",\"datePublished\":\"2022-03-30T20:38:05+00:00\",\"dateModified\":\"2022-03-30T20:38:10+00:00\",\"author\":{\"@id\":\"https:\/\/markd.com.br\/models\/#\/schema\/person\/c12a77ab487a7262d8bec3c47301ad37\"},\"breadcrumb\":{\"@id\":\"https:\/\/markd.com.br\/models\/governo-do-amazonas-lanca-edital-com-750-vagas-para-cursos-de-qualificacao-em-parceria-com-sest-senat\/#breadcrumb\"},\"inLanguage\":\"pt-BR\",\"potentialAction\":[{\"@type\":\"ReadAction\",\"target\":[\"https:\/\/markd.com.br\/models\/governo-do-amazonas-lanca-edital-com-750-vagas-para-cursos-de-qualificacao-em-parceria-com-sest-senat\/\"]}]},{\"@type\":\"ImageObject\",\"inLanguage\":\"pt-BR\",\"@id\":\"https:\/\/markd.com.br\/models\/governo-do-amazonas-lanca-edital-com-750-vagas-para-cursos-de-qualificacao-em-parceria-com-sest-senat\/#primaryimage\",\"url\":\"https:\/\/markd.com.br\/models\/wp-content\/uploads\/2022\/03\/AF06182A-A614-455C-9D29-8A33ADED7A84.jpeg\",\"contentUrl\":\"https:\/\/markd.com.br\/models\/wp-content\/uploads\/2022\/03\/AF06182A-A614-455C-9D29-8A33ADED7A84.jpeg\",\"width\":650,\"height\":433},{\"@type\":\"BreadcrumbList\",\"@id\":\"https:\/\/markd.com.br\/models\/governo-do-amazonas-lanca-edital-com-750-vagas-para-cursos-de-qualificacao-em-parceria-com-sest-senat\/#breadcrumb\",\"itemListElement\":[{\"@type\":\"ListItem\",\"position\":1,\"name\":\"In\u00edcio\",\"item\":\"https:\/\/markd.com.br\/models\/\"},{\"@type\":\"ListItem\",\"position\":2,\"name\":\"Governo do Amazonas lan\u00e7a edital com 750 vagas para cursos de qualifica\u00e7\u00e3o em parceria com Sest Senat\"}]},{\"@type\":\"WebSite\",\"@id\":\"https:\/\/markd.com.br\/models\/#website\",\"url\":\"https:\/\/markd.com.br\/models\/\",\"name\":\"Not\u00edcias de Todos - Models01\",\"description\":\"Tenha um Portal de Not\u00edcias Moderno, Din\u00e2mico, R\u00e1pido e Profissional. Entregamos seu Site de  Not\u00edcias Pronto, Instalado, Hospedado, com Manual Passo a Passo e Suporte 24 horas.\",\"potentialAction\":[{\"@type\":\"SearchAction\",\"target\":{\"@type\":\"EntryPoint\",\"urlTemplate\":\"https:\/\/markd.com.br\/models\/?s={search_term_string}\"},\"query-input\":{\"@type\":\"PropertyValueSpecification\",\"valueRequired\":true,\"valueName\":\"search_term_string\"}}],\"inLanguage\":\"pt-BR\"},{\"@type\":\"Person\",\"@id\":\"https:\/\/markd.com.br\/models\/#\/schema\/person\/c12a77ab487a7262d8bec3c47301ad37\",\"name\":\"Reda\u00e7\u00e3o Reda\u00e7\u00e3o\",\"image\":{\"@type\":\"ImageObject\",\"inLanguage\":\"pt-BR\",\"@id\":\"https:\/\/markd.com.br\/models\/#\/schema\/person\/image\/\",\"url\":\"https:\/\/secure.gravatar.com\/avatar\/9448f3599ce269febf169e183039b4a6?s=96&d=mm&r=g\",\"contentUrl\":\"https:\/\/secure.gravatar.com\/avatar\/9448f3599ce269febf169e183039b4a6?s=96&d=mm&r=g\",\"caption\":\"Reda\u00e7\u00e3o Reda\u00e7\u00e3o\"},\"sameAs\":[\"https:\/\/markd.com.br\/\"],\"url\":\"https:\/\/markd.com.br\/models\/author\/redacao\/\"}]}<\/script>\n<!-- \/ Yoast SEO plugin. -->","yoast_head_json":{"title":"Governo do Amazonas lan\u00e7a edital com 750 vagas para cursos de qualifica\u00e7\u00e3o em parceria com Sest Senat - Not\u00edcias de Todos - Models01","robots":{"index":"index","follow":"follow","max-snippet":"max-snippet:-1","max-image-preview":"max-image-preview:large","max-video-preview":"max-video-preview:-1"},"canonical":"https:\/\/markd.com.br\/models\/governo-do-amazonas-lanca-edital-com-750-vagas-para-cursos-de-qualificacao-em-parceria-com-sest-senat\/","og_locale":"pt_BR","og_type":"article","og_title":"Governo do Amazonas lan\u00e7a edital com 750 vagas para cursos de qualifica\u00e7\u00e3o em parceria com Sest Senat - Not\u00edcias de Todos - Models01","og_description":"Iniciativa visa qualificar e promover cidad\u00e3os para o mercado de trabalho O Governo do Estado...","og_url":"https:\/\/markd.com.br\/models\/governo-do-amazonas-lanca-edital-com-750-vagas-para-cursos-de-qualificacao-em-parceria-com-sest-senat\/","og_site_name":"Not\u00edcias de Todos - Models01","article_published_time":"2022-03-30T20:38:05+00:00","article_modified_time":"2022-03-30T20:38:10+00:00","og_image":[{"width":650,"height":433,"url":"https:\/\/markd.com.br\/models\/wp-content\/uploads\/2022\/03\/AF06182A-A614-455C-9D29-8A33ADED7A84.jpeg","type":"image\/jpeg"}],"author":"Reda\u00e7\u00e3o Reda\u00e7\u00e3o","twitter_card":"summary_large_image","twitter_misc":{"Escrito por":"Reda\u00e7\u00e3o Reda\u00e7\u00e3o","Est. tempo de leitura":"2 minutos"},"schema":{"@context":"https:\/\/schema.org","@graph":[{"@type":"WebPage","@id":"https:\/\/markd.com.br\/models\/governo-do-amazonas-lanca-edital-com-750-vagas-para-cursos-de-qualificacao-em-parceria-com-sest-senat\/","url":"https:\/\/markd.com.br\/models\/governo-do-amazonas-lanca-edital-com-750-vagas-para-cursos-de-qualificacao-em-parceria-com-sest-senat\/","name":"Governo do Amazonas lan\u00e7a edital com 750 vagas para cursos de qualifica\u00e7\u00e3o em parceria com Sest Senat - Not\u00edcias de Todos - Models01","isPartOf":{"@id":"https:\/\/markd.com.br\/models\/#website"},"primaryImageOfPage":{"@id":"https:\/\/markd.com.br\/models\/governo-do-amazonas-lanca-edital-com-750-vagas-para-cursos-de-qualificacao-em-parceria-com-sest-senat\/#primaryimage"},"image":{"@id":"https:\/\/markd.com.br\/models\/governo-do-amazonas-lanca-edital-com-750-vagas-para-cursos-de-qualificacao-em-parceria-com-sest-senat\/#primaryimage"},"thumbnailUrl":"https:\/\/markd.com.br\/models\/wp-content\/uploads\/2022\/03\/AF06182A-A614-455C-9D29-8A33ADED7A84.jpeg","datePublished":"2022-03-30T20:38:05+00:00","dateModified":"2022-03-30T20:38:10+00:00","author":{"@id":"https:\/\/markd.com.br\/models\/#\/schema\/person\/c12a77ab487a7262d8bec3c47301ad37"},"breadcrumb":{"@id":"https:\/\/markd.com.br\/models\/governo-do-amazonas-lanca-edital-com-750-vagas-para-cursos-de-qualificacao-em-parceria-com-sest-senat\/#breadcrumb"},"inLanguage":"pt-BR","potentialAction":[{"@type":"ReadAction","target":["https:\/\/markd.com.br\/models\/governo-do-amazonas-lanca-edital-com-750-vagas-para-cursos-de-qualificacao-em-parceria-com-sest-senat\/"]}]},{"@type":"ImageObject","inLanguage":"pt-BR","@id":"https:\/\/markd.com.br\/models\/governo-do-amazonas-lanca-edital-com-750-vagas-para-cursos-de-qualificacao-em-parceria-com-sest-senat\/#primaryimage","url":"https:\/\/markd.com.br\/models\/wp-content\/uploads\/2022\/03\/AF06182A-A614-455C-9D29-8A33ADED7A84.jpeg","contentUrl":"https:\/\/markd.com.br\/models\/wp-content\/uploads\/2022\/03\/AF06182A-A614-455C-9D29-8A33ADED7A84.jpeg","width":650,"height":433},{"@type":"BreadcrumbList","@id":"https:\/\/markd.com.br\/models\/governo-do-amazonas-lanca-edital-com-750-vagas-para-cursos-de-qualificacao-em-parceria-com-sest-senat\/#breadcrumb","itemListElement":[{"@type":"ListItem","position":1,"name":"In\u00edcio","item":"https:\/\/markd.com.br\/models\/"},{"@type":"ListItem","position":2,"name":"Governo do Amazonas lan\u00e7a edital com 750 vagas para cursos de qualifica\u00e7\u00e3o em parceria com Sest Senat"}]},{"@type":"WebSite","@id":"https:\/\/markd.com.br\/models\/#website","url":"https:\/\/markd.com.br\/models\/","name":"Not\u00edcias de Todos - Models01","description":"Tenha um Portal de Not\u00edcias Moderno, Din\u00e2mico, R\u00e1pido e Profissional. Entregamos seu Site de  Not\u00edcias Pronto, Instalado, Hospedado, com Manual Passo a Passo e Suporte 24 horas.","potentialAction":[{"@type":"SearchAction","target":{"@type":"EntryPoint","urlTemplate":"https:\/\/markd.com.br\/models\/?s={search_term_string}"},"query-input":{"@type":"PropertyValueSpecification","valueRequired":true,"valueName":"search_term_string"}}],"inLanguage":"pt-BR"},{"@type":"Person","@id":"https:\/\/markd.com.br\/models\/#\/schema\/person\/c12a77ab487a7262d8bec3c47301ad37","name":"Reda\u00e7\u00e3o Reda\u00e7\u00e3o","image":{"@type":"ImageObject","inLanguage":"pt-BR","@id":"https:\/\/markd.com.br\/models\/#\/schema\/person\/image\/","url":"https:\/\/secure.gravatar.com\/avatar\/9448f3599ce269febf169e183039b4a6?s=96&d=mm&r=g","contentUrl":"https:\/\/secure.gravatar.com\/avatar\/9448f3599ce269febf169e183039b4a6?s=96&d=mm&r=g","caption":"Reda\u00e7\u00e3o Reda\u00e7\u00e3o"},"sameAs":["https:\/\/markd.com.br\/"],"url":"https:\/\/markd.com.br\/models\/author\/redacao\/"}]}},"featured_image_urls":{"full":["https:\/\/markd.com.br\/models\/wp-content\/uploads\/2022\/03\/AF06182A-A614-455C-9D29-8A33ADED7A84.jpeg",650,433,false],"thumbnail":["https:\/\/markd.com.br\/models\/wp-content\/uploads\/2022\/03\/AF06182A-A614-455C-9D29-8A33ADED7A84-150x150.jpeg",150,150,true],"medium":["https:\/\/markd.com.br\/models\/wp-content\/uploads\/2022\/03\/AF06182A-A614-455C-9D29-8A33ADED7A84-300x200.jpeg",300,200,true],"medium_large":["https:\/\/markd.com.br\/models\/wp-content\/uploads\/2022\/03\/AF06182A-A614-455C-9D29-8A33ADED7A84.jpeg",640,426,false],"large":["https:\/\/markd.com.br\/models\/wp-content\/uploads\/2022\/03\/AF06182A-A614-455C-9D29-8A33ADED7A84.jpeg",640,426,false],"1536x1536":["https:\/\/markd.com.br\/models\/wp-content\/uploads\/2022\/03\/AF06182A-A614-455C-9D29-8A33ADED7A84.jpeg",650,433,false],"2048x2048":["https:\/\/markd.com.br\/models\/wp-content\/uploads\/2022\/03\/AF06182A-A614-455C-9D29-8A33ADED7A84.jpeg",650,433,false],"newsphere-slider-full":["https:\/\/markd.com.br\/models\/wp-content\/uploads\/2022\/03\/AF06182A-A614-455C-9D29-8A33ADED7A84.jpeg",650,433,false],"newsphere-featured":["https:\/\/markd.com.br\/models\/wp-content\/uploads\/2022\/03\/AF06182A-A614-455C-9D29-8A33ADED7A84.jpeg",650,433,false],"newsphere-medium":["https:\/\/markd.com.br\/models\/wp-content\/uploads\/2022\/03\/AF06182A-A614-455C-9D29-8A33ADED7A84-650x380.jpeg",650,380,true]},"author_info":{"display_name":"Reda\u00e7\u00e3o Reda\u00e7\u00e3o","author_link":"https:\/\/markd.com.br\/models\/author\/redacao\/"},"category_info":"<a href=\"https:\/\/markd.com.br\/models\/category\/governo-do-amazonas\/\" rel=\"category tag\">Governo do amazonas<\/a> <a href=\"https:\/\/markd.com.br\/models\/category\/sem-categoria\/\" rel=\"category tag\">Sem categoria<\/a>","tag_info":"Sem categoria","comment_count":"0","jetpack_featured_media_url":"https:\/\/markd.com.br\/models\/wp-content\/uploads\/2022\/03\/AF06182A-A614-455C-9D29-8A33ADED7A84.jpeg","_links":{"self":[{"href":"https:\/\/markd.com.br\/models\/wp-json\/wp\/v2\/posts\/1071","targetHints":{"allow":["GET"]}}],"collection":[{"href":"https:\/\/markd.com.br\/models\/wp-json\/wp\/v2\/posts"}],"about":[{"href":"https:\/\/markd.com.br\/models\/wp-json\/wp\/v2\/types\/post"}],"author":[{"embeddable":true,"href":"https:\/\/markd.com.br\/models\/wp-json\/wp\/v2\/users\/5"}],"replies":[{"embeddable":true,"href":"https:\/\/markd.com.br\/models\/wp-json\/wp\/v2\/comments?post=1071"}],"version-history":[{"count":1,"href":"https:\/\/markd.com.br\/models\/wp-json\/wp\/v2\/posts\/1071\/revisions"}],"predecessor-version":[{"id":1073,"href":"https:\/\/markd.com.br\/models\/wp-json\/wp\/v2\/posts\/1071\/revisions\/1073"}],"wp:featuredmedia":[{"embeddable":true,"href":"https:\/\/markd.com.br\/models\/wp-json\/wp\/v2\/media\/1072"}],"wp:attachment":[{"href":"https:\/\/markd.com.br\/models\/wp-json\/wp\/v2\/media?parent=1071"}],"wp:term":[{"taxonomy":"category","embeddable":true,"href":"https:\/\/markd.com.br\/models\/wp-json\/wp\/v2\/categories?post=1071"},{"taxonomy":"post_tag","embeddable":true,"href":"https:\/\/markd.com.br\/models\/wp-json\/wp\/v2\/tags?post=1071"}],"curies":[{"name":"wp","href":"https:\/\/api.w.org\/{rel}","templated":true}]}}