{"id":1074,"date":"2022-03-30T17:44:23","date_gmt":"2022-03-30T20:44:23","guid":{"rendered":"https:\/\/portaldestaquenoticias.com.br\/?p=1074"},"modified":"2022-03-30T17:44:28","modified_gmt":"2022-03-30T20:44:28","slug":"servidores-do-disa-rural-participam-de-evento-que-discute-aprimoramento-da-gestao-de-saude","status":"publish","type":"post","link":"https:\/\/markd.com.br\/models\/servidores-do-disa-rural-participam-de-evento-que-discute-aprimoramento-da-gestao-de-saude\/","title":{"rendered":"Servidores do Disa Rural participam de evento que discute aprimoramento da gest\u00e3o de sa\u00fade"},"content":{"rendered":"\n<p><\/p>\n\n\n\n<p>A import\u00e2ncia da gest\u00e3o participativa foi refor\u00e7ada em mais uma edi\u00e7\u00e3o do evento \u201cCaf\u00e9 com a Secret\u00e1ria\u201d, que contemplou os servidores do Distrito de Sa\u00fade Rural da&nbsp;Prefeitura de Manaus, nesta quarta-feira, 30\/3, pela manh\u00e3, na sede da Secretaria Municipal de Sa\u00fade (Semsa).<\/p>\n\n\n\n<p>Na abertura do evento, que contou com a participa\u00e7\u00e3o de 70 servidores, a titular da Semsa, Sh\u00e1dia Fraxe, agradeceu o empenho de cada um, para levar as a\u00e7\u00f5es e servi\u00e7os de sa\u00fade da rede municipal aos moradores das \u00e1reas rurais de Manaus.<\/p>\n\n\n\n<p>\u201cEsse encontro \u00e9 muito importante para discutirmos a gest\u00e3o ouvindo quem est\u00e1 na ponta do sistema e precisa solucionar os entraves de maneira r\u00e1pida e assertiva. Muitas vezes a gest\u00e3o fica distante desse servidor que trata diretamente com a popula\u00e7\u00e3o e nem sabe o quanto ele se supera para levar sa\u00fade \u00e0 popula\u00e7\u00e3o. O Caf\u00e9 com a Secret\u00e1ria oportuniza essa troca de informa\u00e7\u00f5es, permitindo uma gest\u00e3o mais focada e resolutiva\u201d, assinalou.<\/p>\n\n\n\n<p>O evento tamb\u00e9m contou com a participa\u00e7\u00e3o do subsecret\u00e1rio de Gest\u00e3o da Sa\u00fade, Djalma Coelho, diretores de departamentos e gerentes de Distritos de Sa\u00fade da Semsa, que ouviram sugest\u00f5es para melhorias nos atendimentos aos usu\u00e1rios da Rede de Aten\u00e7\u00e3o Prim\u00e1ria \u00e0 Sa\u00fade.<\/p>\n\n\n\n<p>O diretor da Unidade B\u00e1sica de Sa\u00fade Rural Cuieiras, Roberto Gon\u00e7alves, avaliou que o encontro foi um importante reconhecimento ao trabalho dos servidores que atuam na zona rural da cidade.<\/p>\n\n\n\n<p>\u201cEu me senti acolhido e estimulado para continuar fazendo o meu trabalho. N\u00f3s encaramos muitos desafios na zona rural e valorizamos muito uma palavra de est\u00edmulo\u201d, destacou.<\/p>\n\n\n\n<p>O assistente social&nbsp;Daniel da Silva parabenizou a iniciativa e pontuou que o evento fortaleceu o modelo de gest\u00e3o descentralizada ao mesmo tempo que contribuiu para estreitar a proximidade e a intera\u00e7\u00e3o com os gestores.<\/p>\n\n\n\n<p>\u201cNesse encontro, al\u00e9m da parte t\u00e9cnica, n\u00f3s trabalhamos tamb\u00e9m a parte humana, colaborando para um relacionamento melhor com todos. Foi muito importante porque pudemos constatar que estamos todos juntos no fortalecimento da pol\u00edtica de sa\u00fade. Nos sentimos muito valorizados\u201d, sintetizou.<\/p>\n\n\n\n<p>O Caf\u00e9 com a Secret\u00e1ria \u00e9 um evento coordenado pelo Departamento de Comunica\u00e7\u00e3o da Semsa (Decom), com o objetivo de fortalecer os v\u00ednculos com os servidores em um encontro informal, que permite a discuss\u00e3o de temas relacionados \u00e0 gest\u00e3o, de forma descontra\u00edda, a partir da escuta dos servidores da ponta. Com o evento desta quarta-feira, 30, o Caf\u00e9 com a Secret\u00e1ria, chega a sua nona edi\u00e7\u00e3o.&nbsp;<\/p>\n\n\n\n<p><strong>\u2014 \u2014 \u2014<\/strong><\/p>\n\n\n\n<p><strong>Texto \u2013<\/strong>&nbsp;T\u00e2nia Brand\u00e3o \/ Semsa<\/p>\n\n\n\n<p><strong>Fotos \u2013<\/strong>&nbsp;Camila Batista \/ Semsa&nbsp;<\/p>\n\n\n\n<ul class=\"wp-block-list\"><li><\/li><\/ul>\n","protected":false},"excerpt":{"rendered":"<p>A import\u00e2ncia da gest\u00e3o participativa foi refor\u00e7ada em mais uma edi\u00e7\u00e3o do evento \u201cCaf\u00e9 com&#8230;<\/p>\n","protected":false},"author":5,"featured_media":1075,"comment_status":"open","ping_status":"open","sticky":false,"template":"","format":"standard","meta":{"footnotes":""},"categories":[7],"tags":[226,227,225],"class_list":["post-1074","post","type-post","status-publish","format-standard","has-post-thumbnail","hentry","category-politica","tag-decom","tag-disa","tag-semsa"],"yoast_head":"<!-- This site is optimized with the Yoast SEO plugin v24.4 - https:\/\/yoast.com\/wordpress\/plugins\/seo\/ -->\n<title>Servidores do Disa Rural participam de evento que discute aprimoramento da gest\u00e3o de sa\u00fade - Not\u00edcias de Todos - Models01<\/title>\n<meta name=\"robots\" content=\"index, follow, max-snippet:-1, max-image-preview:large, max-video-preview:-1\" \/>\n<link rel=\"canonical\" href=\"https:\/\/markd.com.br\/models\/servidores-do-disa-rural-participam-de-evento-que-discute-aprimoramento-da-gestao-de-saude\/\" \/>\n<meta property=\"og:locale\" content=\"pt_BR\" \/>\n<meta property=\"og:type\" content=\"article\" \/>\n<meta property=\"og:title\" content=\"Servidores do Disa Rural participam de evento que discute aprimoramento da gest\u00e3o de sa\u00fade - Not\u00edcias de Todos - Models01\" \/>\n<meta property=\"og:description\" content=\"A import\u00e2ncia da gest\u00e3o participativa foi refor\u00e7ada em mais uma edi\u00e7\u00e3o do evento \u201cCaf\u00e9 com...\" \/>\n<meta property=\"og:url\" content=\"https:\/\/markd.com.br\/models\/servidores-do-disa-rural-participam-de-evento-que-discute-aprimoramento-da-gestao-de-saude\/\" \/>\n<meta property=\"og:site_name\" content=\"Not\u00edcias de Todos - Models01\" \/>\n<meta property=\"article:published_time\" content=\"2022-03-30T20:44:23+00:00\" \/>\n<meta property=\"article:modified_time\" content=\"2022-03-30T20:44:28+00:00\" \/>\n<meta property=\"og:image\" content=\"https:\/\/markd.com.br\/models\/wp-content\/uploads\/2022\/03\/8C70E17D-2C50-4E8E-9677-9CB429447FD4.jpeg\" \/>\n\t<meta property=\"og:image:width\" content=\"799\" \/>\n\t<meta property=\"og:image:height\" content=\"445\" \/>\n\t<meta property=\"og:image:type\" content=\"image\/jpeg\" \/>\n<meta name=\"author\" content=\"Reda\u00e7\u00e3o Reda\u00e7\u00e3o\" \/>\n<meta name=\"twitter:card\" content=\"summary_large_image\" \/>\n<meta name=\"twitter:label1\" content=\"Escrito por\" \/>\n\t<meta name=\"twitter:data1\" content=\"Reda\u00e7\u00e3o Reda\u00e7\u00e3o\" \/>\n\t<meta name=\"twitter:label2\" content=\"Est. tempo de leitura\" \/>\n\t<meta name=\"twitter:data2\" content=\"3 minutos\" \/>\n<script type=\"application\/ld+json\" class=\"yoast-schema-graph\">{\"@context\":\"https:\/\/schema.org\",\"@graph\":[{\"@type\":\"WebPage\",\"@id\":\"https:\/\/markd.com.br\/models\/servidores-do-disa-rural-participam-de-evento-que-discute-aprimoramento-da-gestao-de-saude\/\",\"url\":\"https:\/\/markd.com.br\/models\/servidores-do-disa-rural-participam-de-evento-que-discute-aprimoramento-da-gestao-de-saude\/\",\"name\":\"Servidores do Disa Rural participam de evento que discute aprimoramento da gest\u00e3o de sa\u00fade - Not\u00edcias de Todos - Models01\",\"isPartOf\":{\"@id\":\"https:\/\/markd.com.br\/models\/#website\"},\"primaryImageOfPage\":{\"@id\":\"https:\/\/markd.com.br\/models\/servidores-do-disa-rural-participam-de-evento-que-discute-aprimoramento-da-gestao-de-saude\/#primaryimage\"},\"image\":{\"@id\":\"https:\/\/markd.com.br\/models\/servidores-do-disa-rural-participam-de-evento-que-discute-aprimoramento-da-gestao-de-saude\/#primaryimage\"},\"thumbnailUrl\":\"https:\/\/markd.com.br\/models\/wp-content\/uploads\/2022\/03\/8C70E17D-2C50-4E8E-9677-9CB429447FD4.jpeg\",\"datePublished\":\"2022-03-30T20:44:23+00:00\",\"dateModified\":\"2022-03-30T20:44:28+00:00\",\"author\":{\"@id\":\"https:\/\/markd.com.br\/models\/#\/schema\/person\/c12a77ab487a7262d8bec3c47301ad37\"},\"breadcrumb\":{\"@id\":\"https:\/\/markd.com.br\/models\/servidores-do-disa-rural-participam-de-evento-que-discute-aprimoramento-da-gestao-de-saude\/#breadcrumb\"},\"inLanguage\":\"pt-BR\",\"potentialAction\":[{\"@type\":\"ReadAction\",\"target\":[\"https:\/\/markd.com.br\/models\/servidores-do-disa-rural-participam-de-evento-que-discute-aprimoramento-da-gestao-de-saude\/\"]}]},{\"@type\":\"ImageObject\",\"inLanguage\":\"pt-BR\",\"@id\":\"https:\/\/markd.com.br\/models\/servidores-do-disa-rural-participam-de-evento-que-discute-aprimoramento-da-gestao-de-saude\/#primaryimage\",\"url\":\"https:\/\/markd.com.br\/models\/wp-content\/uploads\/2022\/03\/8C70E17D-2C50-4E8E-9677-9CB429447FD4.jpeg\",\"contentUrl\":\"https:\/\/markd.com.br\/models\/wp-content\/uploads\/2022\/03\/8C70E17D-2C50-4E8E-9677-9CB429447FD4.jpeg\",\"width\":799,\"height\":445},{\"@type\":\"BreadcrumbList\",\"@id\":\"https:\/\/markd.com.br\/models\/servidores-do-disa-rural-participam-de-evento-que-discute-aprimoramento-da-gestao-de-saude\/#breadcrumb\",\"itemListElement\":[{\"@type\":\"ListItem\",\"position\":1,\"name\":\"In\u00edcio\",\"item\":\"https:\/\/markd.com.br\/models\/\"},{\"@type\":\"ListItem\",\"position\":2,\"name\":\"Servidores do Disa Rural participam de evento que discute aprimoramento da gest\u00e3o de sa\u00fade\"}]},{\"@type\":\"WebSite\",\"@id\":\"https:\/\/markd.com.br\/models\/#website\",\"url\":\"https:\/\/markd.com.br\/models\/\",\"name\":\"Not\u00edcias de Todos - Models01\",\"description\":\"Tenha um Portal de Not\u00edcias Moderno, Din\u00e2mico, R\u00e1pido e Profissional. Entregamos seu Site de  Not\u00edcias Pronto, Instalado, Hospedado, com Manual Passo a Passo e Suporte 24 horas.\",\"potentialAction\":[{\"@type\":\"SearchAction\",\"target\":{\"@type\":\"EntryPoint\",\"urlTemplate\":\"https:\/\/markd.com.br\/models\/?s={search_term_string}\"},\"query-input\":{\"@type\":\"PropertyValueSpecification\",\"valueRequired\":true,\"valueName\":\"search_term_string\"}}],\"inLanguage\":\"pt-BR\"},{\"@type\":\"Person\",\"@id\":\"https:\/\/markd.com.br\/models\/#\/schema\/person\/c12a77ab487a7262d8bec3c47301ad37\",\"name\":\"Reda\u00e7\u00e3o Reda\u00e7\u00e3o\",\"image\":{\"@type\":\"ImageObject\",\"inLanguage\":\"pt-BR\",\"@id\":\"https:\/\/markd.com.br\/models\/#\/schema\/person\/image\/\",\"url\":\"https:\/\/secure.gravatar.com\/avatar\/9448f3599ce269febf169e183039b4a6?s=96&d=mm&r=g\",\"contentUrl\":\"https:\/\/secure.gravatar.com\/avatar\/9448f3599ce269febf169e183039b4a6?s=96&d=mm&r=g\",\"caption\":\"Reda\u00e7\u00e3o Reda\u00e7\u00e3o\"},\"sameAs\":[\"https:\/\/markd.com.br\/\"],\"url\":\"https:\/\/markd.com.br\/models\/author\/redacao\/\"}]}<\/script>\n<!-- \/ Yoast SEO plugin. -->","yoast_head_json":{"title":"Servidores do Disa Rural participam de evento que discute aprimoramento da gest\u00e3o de sa\u00fade - Not\u00edcias de Todos - Models01","robots":{"index":"index","follow":"follow","max-snippet":"max-snippet:-1","max-image-preview":"max-image-preview:large","max-video-preview":"max-video-preview:-1"},"canonical":"https:\/\/markd.com.br\/models\/servidores-do-disa-rural-participam-de-evento-que-discute-aprimoramento-da-gestao-de-saude\/","og_locale":"pt_BR","og_type":"article","og_title":"Servidores do Disa Rural participam de evento que discute aprimoramento da gest\u00e3o de sa\u00fade - Not\u00edcias de Todos - Models01","og_description":"A import\u00e2ncia da gest\u00e3o participativa foi refor\u00e7ada em mais uma edi\u00e7\u00e3o do evento \u201cCaf\u00e9 com...","og_url":"https:\/\/markd.com.br\/models\/servidores-do-disa-rural-participam-de-evento-que-discute-aprimoramento-da-gestao-de-saude\/","og_site_name":"Not\u00edcias de Todos - Models01","article_published_time":"2022-03-30T20:44:23+00:00","article_modified_time":"2022-03-30T20:44:28+00:00","og_image":[{"width":799,"height":445,"url":"https:\/\/markd.com.br\/models\/wp-content\/uploads\/2022\/03\/8C70E17D-2C50-4E8E-9677-9CB429447FD4.jpeg","type":"image\/jpeg"}],"author":"Reda\u00e7\u00e3o Reda\u00e7\u00e3o","twitter_card":"summary_large_image","twitter_misc":{"Escrito por":"Reda\u00e7\u00e3o Reda\u00e7\u00e3o","Est. tempo de leitura":"3 minutos"},"schema":{"@context":"https:\/\/schema.org","@graph":[{"@type":"WebPage","@id":"https:\/\/markd.com.br\/models\/servidores-do-disa-rural-participam-de-evento-que-discute-aprimoramento-da-gestao-de-saude\/","url":"https:\/\/markd.com.br\/models\/servidores-do-disa-rural-participam-de-evento-que-discute-aprimoramento-da-gestao-de-saude\/","name":"Servidores do Disa Rural participam de evento que discute aprimoramento da gest\u00e3o de sa\u00fade - Not\u00edcias de Todos - Models01","isPartOf":{"@id":"https:\/\/markd.com.br\/models\/#website"},"primaryImageOfPage":{"@id":"https:\/\/markd.com.br\/models\/servidores-do-disa-rural-participam-de-evento-que-discute-aprimoramento-da-gestao-de-saude\/#primaryimage"},"image":{"@id":"https:\/\/markd.com.br\/models\/servidores-do-disa-rural-participam-de-evento-que-discute-aprimoramento-da-gestao-de-saude\/#primaryimage"},"thumbnailUrl":"https:\/\/markd.com.br\/models\/wp-content\/uploads\/2022\/03\/8C70E17D-2C50-4E8E-9677-9CB429447FD4.jpeg","datePublished":"2022-03-30T20:44:23+00:00","dateModified":"2022-03-30T20:44:28+00:00","author":{"@id":"https:\/\/markd.com.br\/models\/#\/schema\/person\/c12a77ab487a7262d8bec3c47301ad37"},"breadcrumb":{"@id":"https:\/\/markd.com.br\/models\/servidores-do-disa-rural-participam-de-evento-que-discute-aprimoramento-da-gestao-de-saude\/#breadcrumb"},"inLanguage":"pt-BR","potentialAction":[{"@type":"ReadAction","target":["https:\/\/markd.com.br\/models\/servidores-do-disa-rural-participam-de-evento-que-discute-aprimoramento-da-gestao-de-saude\/"]}]},{"@type":"ImageObject","inLanguage":"pt-BR","@id":"https:\/\/markd.com.br\/models\/servidores-do-disa-rural-participam-de-evento-que-discute-aprimoramento-da-gestao-de-saude\/#primaryimage","url":"https:\/\/markd.com.br\/models\/wp-content\/uploads\/2022\/03\/8C70E17D-2C50-4E8E-9677-9CB429447FD4.jpeg","contentUrl":"https:\/\/markd.com.br\/models\/wp-content\/uploads\/2022\/03\/8C70E17D-2C50-4E8E-9677-9CB429447FD4.jpeg","width":799,"height":445},{"@type":"BreadcrumbList","@id":"https:\/\/markd.com.br\/models\/servidores-do-disa-rural-participam-de-evento-que-discute-aprimoramento-da-gestao-de-saude\/#breadcrumb","itemListElement":[{"@type":"ListItem","position":1,"name":"In\u00edcio","item":"https:\/\/markd.com.br\/models\/"},{"@type":"ListItem","position":2,"name":"Servidores do Disa Rural participam de evento que discute aprimoramento da gest\u00e3o de sa\u00fade"}]},{"@type":"WebSite","@id":"https:\/\/markd.com.br\/models\/#website","url":"https:\/\/markd.com.br\/models\/","name":"Not\u00edcias de Todos - Models01","description":"Tenha um Portal de Not\u00edcias Moderno, Din\u00e2mico, R\u00e1pido e Profissional. Entregamos seu Site de  Not\u00edcias Pronto, Instalado, Hospedado, com Manual Passo a Passo e Suporte 24 horas.","potentialAction":[{"@type":"SearchAction","target":{"@type":"EntryPoint","urlTemplate":"https:\/\/markd.com.br\/models\/?s={search_term_string}"},"query-input":{"@type":"PropertyValueSpecification","valueRequired":true,"valueName":"search_term_string"}}],"inLanguage":"pt-BR"},{"@type":"Person","@id":"https:\/\/markd.com.br\/models\/#\/schema\/person\/c12a77ab487a7262d8bec3c47301ad37","name":"Reda\u00e7\u00e3o Reda\u00e7\u00e3o","image":{"@type":"ImageObject","inLanguage":"pt-BR","@id":"https:\/\/markd.com.br\/models\/#\/schema\/person\/image\/","url":"https:\/\/secure.gravatar.com\/avatar\/9448f3599ce269febf169e183039b4a6?s=96&d=mm&r=g","contentUrl":"https:\/\/secure.gravatar.com\/avatar\/9448f3599ce269febf169e183039b4a6?s=96&d=mm&r=g","caption":"Reda\u00e7\u00e3o Reda\u00e7\u00e3o"},"sameAs":["https:\/\/markd.com.br\/"],"url":"https:\/\/markd.com.br\/models\/author\/redacao\/"}]}},"featured_image_urls":{"full":["https:\/\/markd.com.br\/models\/wp-content\/uploads\/2022\/03\/8C70E17D-2C50-4E8E-9677-9CB429447FD4.jpeg",799,445,false],"thumbnail":["https:\/\/markd.com.br\/models\/wp-content\/uploads\/2022\/03\/8C70E17D-2C50-4E8E-9677-9CB429447FD4-150x150.jpeg",150,150,true],"medium":["https:\/\/markd.com.br\/models\/wp-content\/uploads\/2022\/03\/8C70E17D-2C50-4E8E-9677-9CB429447FD4-300x167.jpeg",300,167,true],"medium_large":["https:\/\/markd.com.br\/models\/wp-content\/uploads\/2022\/03\/8C70E17D-2C50-4E8E-9677-9CB429447FD4-768x428.jpeg",640,357,true],"large":["https:\/\/markd.com.br\/models\/wp-content\/uploads\/2022\/03\/8C70E17D-2C50-4E8E-9677-9CB429447FD4.jpeg",640,356,false],"1536x1536":["https:\/\/markd.com.br\/models\/wp-content\/uploads\/2022\/03\/8C70E17D-2C50-4E8E-9677-9CB429447FD4.jpeg",799,445,false],"2048x2048":["https:\/\/markd.com.br\/models\/wp-content\/uploads\/2022\/03\/8C70E17D-2C50-4E8E-9677-9CB429447FD4.jpeg",799,445,false],"newsphere-slider-full":["https:\/\/markd.com.br\/models\/wp-content\/uploads\/2022\/03\/8C70E17D-2C50-4E8E-9677-9CB429447FD4.jpeg",799,445,false],"newsphere-featured":["https:\/\/markd.com.br\/models\/wp-content\/uploads\/2022\/03\/8C70E17D-2C50-4E8E-9677-9CB429447FD4.jpeg",799,445,false],"newsphere-medium":["https:\/\/markd.com.br\/models\/wp-content\/uploads\/2022\/03\/8C70E17D-2C50-4E8E-9677-9CB429447FD4-720x380.jpeg",720,380,true]},"author_info":{"display_name":"Reda\u00e7\u00e3o Reda\u00e7\u00e3o","author_link":"https:\/\/markd.com.br\/models\/author\/redacao\/"},"category_info":"<a href=\"https:\/\/markd.com.br\/models\/category\/politica\/\" rel=\"category tag\">Pol\u00edtica<\/a>","tag_info":"Pol\u00edtica","comment_count":"0","jetpack_featured_media_url":"https:\/\/markd.com.br\/models\/wp-content\/uploads\/2022\/03\/8C70E17D-2C50-4E8E-9677-9CB429447FD4.jpeg","_links":{"self":[{"href":"https:\/\/markd.com.br\/models\/wp-json\/wp\/v2\/posts\/1074","targetHints":{"allow":["GET"]}}],"collection":[{"href":"https:\/\/markd.com.br\/models\/wp-json\/wp\/v2\/posts"}],"about":[{"href":"https:\/\/markd.com.br\/models\/wp-json\/wp\/v2\/types\/post"}],"author":[{"embeddable":true,"href":"https:\/\/markd.com.br\/models\/wp-json\/wp\/v2\/users\/5"}],"replies":[{"embeddable":true,"href":"https:\/\/markd.com.br\/models\/wp-json\/wp\/v2\/comments?post=1074"}],"version-history":[{"count":1,"href":"https:\/\/markd.com.br\/models\/wp-json\/wp\/v2\/posts\/1074\/revisions"}],"predecessor-version":[{"id":1076,"href":"https:\/\/markd.com.br\/models\/wp-json\/wp\/v2\/posts\/1074\/revisions\/1076"}],"wp:featuredmedia":[{"embeddable":true,"href":"https:\/\/markd.com.br\/models\/wp-json\/wp\/v2\/media\/1075"}],"wp:attachment":[{"href":"https:\/\/markd.com.br\/models\/wp-json\/wp\/v2\/media?parent=1074"}],"wp:term":[{"taxonomy":"category","embeddable":true,"href":"https:\/\/markd.com.br\/models\/wp-json\/wp\/v2\/categories?post=1074"},{"taxonomy":"post_tag","embeddable":true,"href":"https:\/\/markd.com.br\/models\/wp-json\/wp\/v2\/tags?post=1074"}],"curies":[{"name":"wp","href":"https:\/\/api.w.org\/{rel}","templated":true}]}}