{"id":1077,"date":"2022-03-31T15:27:03","date_gmt":"2022-03-31T18:27:03","guid":{"rendered":"https:\/\/portaldestaquenoticias.com.br\/?p=1077"},"modified":"2022-03-31T15:27:09","modified_gmt":"2022-03-31T18:27:09","slug":"petrobras-alerta-que-politica-de-precos-pode-mudar-em-documento-a-investidores","status":"publish","type":"post","link":"https:\/\/markd.com.br\/models\/petrobras-alerta-que-politica-de-precos-pode-mudar-em-documento-a-investidores\/","title":{"rendered":"Petrobras alerta que pol\u00edtica de pre\u00e7os pode mudar em documento a investidores"},"content":{"rendered":"\n<p><\/p>\n\n\n\n<p>A Petrobras alertou investidores de que sua pol\u00edtica de pre\u00e7os de combust\u00edveis pode mudar no futuro, destacando declara\u00e7\u00f5es do presidente Jair Bolsonaro (PL) nesse sentido. O aviso consta em documento depositado nesta quarta-feira (30) junto \u00e0 SEC (Securities and Exchange Comission), \u00f3rg\u00e3o regulador do mercado de capitais nos Estados Unidos.<\/p>\n\n\n\n<p>\u201cNo futuro, podem ocorrer momentos em que os pre\u00e7os de nossos produtos n\u00e3o estar\u00e3o em paridade com os pre\u00e7os internacionais dos produtos. A\u00e7\u00f5es e legisla\u00e7\u00e3o impostas pelo governo brasileiro, enquanto nosso acionista controlador, podem afetar essas decis\u00f5es de pre\u00e7o\u201d, afirma a estatal no texto que integra a presta\u00e7\u00e3o de contas anual da companhia.<\/p>\n\n\n\n<p>O documento tamb\u00e9m lista outros fatores de risco aos neg\u00f3cios, como adversidades no setor de \u00f3leo e g\u00e1s.<\/p>\n\n\n\n<p>A disputa em torno dos pre\u00e7os dos combust\u00edveis motivou a demiss\u00e3o do presidente da empresa, general Joaquim Silva e Luna, por Bolsonaro nesta segunda. Gasolina, diesel e g\u00e1s est\u00e3o entre os itens com maior peso na infla\u00e7\u00e3o, problema que preocupa o Planalto em ano eleitoral.<\/p>\n\n\n\n<p>Pesquisa Datafolha divulgada nesta semana mostra que, para a maioria dos brasileiros (68%), o governo de Bolsonaro tem responsabilidade pela alta no pre\u00e7o dos combust\u00edveis.<\/p>\n\n\n\n<p>Luna vinha sofrendo press\u00e3o para revisar a alta nos pre\u00e7os ap\u00f3s disparada na cota\u00e7\u00e3o do barril do petr\u00f3leo em decorr\u00eancia da guerra na Ucr\u00e2nia. O general foi pressionado publicamente pelo pr\u00f3prio Bolsonaro e pelo presidente da C\u00e2mara, Arthur Lira (PP-AL).<\/p>\n\n\n\n<p>O militar, por\u00e9m, dizia internamente que as varia\u00e7\u00f5es eram conjunturais e n\u00e3o estruturais e que n\u00e3o havia chegado a hora de rever o mega-aumento promovido pela empresa.<\/p>\n\n\n\n<p>Em quase um ano da gest\u00e3o de Silva e Luna, os pre\u00e7os da gasolina subiram 27% e os do diesel, 47%. O botij\u00e3o de g\u00e1s subiu 27% e o GNV (g\u00e1s veicular), 44%.<\/p>\n\n\n\n<p>No documento enviado \u00e0 SEC, chamado de formul\u00e1rio 20-F, a Petrobras afirma que \u201co presidente brasileiro fez, algumas vezes, declara\u00e7\u00f5es referentes \u00e0 necessidade de modificar e ajustar nossa pol\u00edtica de pre\u00e7os para condi\u00e7\u00f5es dom\u00e9sticas\u201d.<\/p>\n\n\n\n<p>\u201cDiante das manifesta\u00e7\u00f5es feitas pelo presidente, uma nova diretoria ou Conselho de Administra\u00e7\u00e3o pode propor mudan\u00e7as nas nossas pol\u00edticas de pre\u00e7os, incluindo decidir que essas pol\u00edticas n\u00e3o busquem alinhamento com a paridade de pre\u00e7o internacional\u201d, informa a empresa no documento.<\/p>\n\n\n\n<p>A Petrobras destaca ainda que decis\u00f5es tomadas pelo governo podem afetar negativamente seus neg\u00f3cios, resultados e condi\u00e7\u00f5es financeiras.<\/p>\n\n\n\n<p>N\u00e3o \u00e9 a primeira vez que a estatal faz esse tipo de alerta \u00e0 SEC. No formul\u00e1rio 20-F depositado pela companhia no ano passado, a Petrobras j\u00e1 havia destacado que sua pol\u00edtica de pre\u00e7os poderia mudar diante de declara\u00e7\u00f5es feitas pelo presidente brasileiro, um novo CEO -\u00e0 \u00e9poca, a estatal tamb\u00e9m vivia uma troca de comando, com a substitui\u00e7\u00e3o de Roberto Castello Branco por Luna-, uma nova diretoria ou um novo Conselho de Administra\u00e7\u00e3o.<\/p>\n\n\n\n<p>Fonte: Not\u00edcias ao minuto<\/p>\n","protected":false},"excerpt":{"rendered":"<p>A Petrobras alertou investidores de que sua pol\u00edtica de pre\u00e7os de combust\u00edveis pode mudar no&#8230;<\/p>\n","protected":false},"author":5,"featured_media":1078,"comment_status":"open","ping_status":"open","sticky":false,"template":"","format":"standard","meta":{"footnotes":""},"categories":[38,49],"tags":[229,228,230],"class_list":["post-1077","post","type-post","status-publish","format-standard","has-post-thumbnail","hentry","category-brasil","category-destaques","tag-jair-bolsonaro","tag-petrobras","tag-pl"],"yoast_head":"<!-- This site is optimized with the Yoast SEO plugin v24.4 - https:\/\/yoast.com\/wordpress\/plugins\/seo\/ -->\n<title>Petrobras alerta que pol\u00edtica de pre\u00e7os pode mudar em documento a investidores - Not\u00edcias de Todos - Models01<\/title>\n<meta name=\"robots\" content=\"index, follow, max-snippet:-1, max-image-preview:large, max-video-preview:-1\" \/>\n<link rel=\"canonical\" href=\"https:\/\/markd.com.br\/models\/petrobras-alerta-que-politica-de-precos-pode-mudar-em-documento-a-investidores\/\" \/>\n<meta property=\"og:locale\" content=\"pt_BR\" \/>\n<meta property=\"og:type\" content=\"article\" \/>\n<meta property=\"og:title\" content=\"Petrobras alerta que pol\u00edtica de pre\u00e7os pode mudar em documento a investidores - Not\u00edcias de Todos - Models01\" \/>\n<meta property=\"og:description\" content=\"A Petrobras alertou investidores de que sua pol\u00edtica de pre\u00e7os de combust\u00edveis pode mudar no...\" \/>\n<meta property=\"og:url\" content=\"https:\/\/markd.com.br\/models\/petrobras-alerta-que-politica-de-precos-pode-mudar-em-documento-a-investidores\/\" \/>\n<meta property=\"og:site_name\" content=\"Not\u00edcias de Todos - Models01\" \/>\n<meta property=\"article:published_time\" content=\"2022-03-31T18:27:03+00:00\" \/>\n<meta property=\"article:modified_time\" content=\"2022-03-31T18:27:09+00:00\" \/>\n<meta property=\"og:image\" content=\"https:\/\/markd.com.br\/models\/wp-content\/uploads\/2022\/03\/naom_6245644808d3d.jpg\" \/>\n\t<meta property=\"og:image:width\" content=\"640\" \/>\n\t<meta property=\"og:image:height\" content=\"360\" \/>\n\t<meta property=\"og:image:type\" content=\"image\/jpeg\" \/>\n<meta name=\"author\" content=\"Reda\u00e7\u00e3o Reda\u00e7\u00e3o\" \/>\n<meta name=\"twitter:card\" content=\"summary_large_image\" \/>\n<meta name=\"twitter:label1\" content=\"Escrito por\" \/>\n\t<meta name=\"twitter:data1\" content=\"Reda\u00e7\u00e3o Reda\u00e7\u00e3o\" \/>\n\t<meta name=\"twitter:label2\" content=\"Est. tempo de leitura\" \/>\n\t<meta name=\"twitter:data2\" content=\"3 minutos\" \/>\n<script type=\"application\/ld+json\" class=\"yoast-schema-graph\">{\"@context\":\"https:\/\/schema.org\",\"@graph\":[{\"@type\":\"WebPage\",\"@id\":\"https:\/\/markd.com.br\/models\/petrobras-alerta-que-politica-de-precos-pode-mudar-em-documento-a-investidores\/\",\"url\":\"https:\/\/markd.com.br\/models\/petrobras-alerta-que-politica-de-precos-pode-mudar-em-documento-a-investidores\/\",\"name\":\"Petrobras alerta que pol\u00edtica de pre\u00e7os pode mudar em documento a investidores - Not\u00edcias de Todos - Models01\",\"isPartOf\":{\"@id\":\"https:\/\/markd.com.br\/models\/#website\"},\"primaryImageOfPage\":{\"@id\":\"https:\/\/markd.com.br\/models\/petrobras-alerta-que-politica-de-precos-pode-mudar-em-documento-a-investidores\/#primaryimage\"},\"image\":{\"@id\":\"https:\/\/markd.com.br\/models\/petrobras-alerta-que-politica-de-precos-pode-mudar-em-documento-a-investidores\/#primaryimage\"},\"thumbnailUrl\":\"https:\/\/markd.com.br\/models\/wp-content\/uploads\/2022\/03\/naom_6245644808d3d.jpg\",\"datePublished\":\"2022-03-31T18:27:03+00:00\",\"dateModified\":\"2022-03-31T18:27:09+00:00\",\"author\":{\"@id\":\"https:\/\/markd.com.br\/models\/#\/schema\/person\/c12a77ab487a7262d8bec3c47301ad37\"},\"breadcrumb\":{\"@id\":\"https:\/\/markd.com.br\/models\/petrobras-alerta-que-politica-de-precos-pode-mudar-em-documento-a-investidores\/#breadcrumb\"},\"inLanguage\":\"pt-BR\",\"potentialAction\":[{\"@type\":\"ReadAction\",\"target\":[\"https:\/\/markd.com.br\/models\/petrobras-alerta-que-politica-de-precos-pode-mudar-em-documento-a-investidores\/\"]}]},{\"@type\":\"ImageObject\",\"inLanguage\":\"pt-BR\",\"@id\":\"https:\/\/markd.com.br\/models\/petrobras-alerta-que-politica-de-precos-pode-mudar-em-documento-a-investidores\/#primaryimage\",\"url\":\"https:\/\/markd.com.br\/models\/wp-content\/uploads\/2022\/03\/naom_6245644808d3d.jpg\",\"contentUrl\":\"https:\/\/markd.com.br\/models\/wp-content\/uploads\/2022\/03\/naom_6245644808d3d.jpg\",\"width\":640,\"height\":360},{\"@type\":\"BreadcrumbList\",\"@id\":\"https:\/\/markd.com.br\/models\/petrobras-alerta-que-politica-de-precos-pode-mudar-em-documento-a-investidores\/#breadcrumb\",\"itemListElement\":[{\"@type\":\"ListItem\",\"position\":1,\"name\":\"In\u00edcio\",\"item\":\"https:\/\/markd.com.br\/models\/\"},{\"@type\":\"ListItem\",\"position\":2,\"name\":\"Petrobras alerta que pol\u00edtica de pre\u00e7os pode mudar em documento a investidores\"}]},{\"@type\":\"WebSite\",\"@id\":\"https:\/\/markd.com.br\/models\/#website\",\"url\":\"https:\/\/markd.com.br\/models\/\",\"name\":\"Not\u00edcias de Todos - Models01\",\"description\":\"Tenha um Portal de Not\u00edcias Moderno, Din\u00e2mico, R\u00e1pido e Profissional. Entregamos seu Site de  Not\u00edcias Pronto, Instalado, Hospedado, com Manual Passo a Passo e Suporte 24 horas.\",\"potentialAction\":[{\"@type\":\"SearchAction\",\"target\":{\"@type\":\"EntryPoint\",\"urlTemplate\":\"https:\/\/markd.com.br\/models\/?s={search_term_string}\"},\"query-input\":{\"@type\":\"PropertyValueSpecification\",\"valueRequired\":true,\"valueName\":\"search_term_string\"}}],\"inLanguage\":\"pt-BR\"},{\"@type\":\"Person\",\"@id\":\"https:\/\/markd.com.br\/models\/#\/schema\/person\/c12a77ab487a7262d8bec3c47301ad37\",\"name\":\"Reda\u00e7\u00e3o Reda\u00e7\u00e3o\",\"image\":{\"@type\":\"ImageObject\",\"inLanguage\":\"pt-BR\",\"@id\":\"https:\/\/markd.com.br\/models\/#\/schema\/person\/image\/\",\"url\":\"https:\/\/secure.gravatar.com\/avatar\/9448f3599ce269febf169e183039b4a6?s=96&d=mm&r=g\",\"contentUrl\":\"https:\/\/secure.gravatar.com\/avatar\/9448f3599ce269febf169e183039b4a6?s=96&d=mm&r=g\",\"caption\":\"Reda\u00e7\u00e3o Reda\u00e7\u00e3o\"},\"sameAs\":[\"https:\/\/markd.com.br\/\"],\"url\":\"https:\/\/markd.com.br\/models\/author\/redacao\/\"}]}<\/script>\n<!-- \/ Yoast SEO plugin. -->","yoast_head_json":{"title":"Petrobras alerta que pol\u00edtica de pre\u00e7os pode mudar em documento a investidores - Not\u00edcias de Todos - Models01","robots":{"index":"index","follow":"follow","max-snippet":"max-snippet:-1","max-image-preview":"max-image-preview:large","max-video-preview":"max-video-preview:-1"},"canonical":"https:\/\/markd.com.br\/models\/petrobras-alerta-que-politica-de-precos-pode-mudar-em-documento-a-investidores\/","og_locale":"pt_BR","og_type":"article","og_title":"Petrobras alerta que pol\u00edtica de pre\u00e7os pode mudar em documento a investidores - Not\u00edcias de Todos - Models01","og_description":"A Petrobras alertou investidores de que sua pol\u00edtica de pre\u00e7os de combust\u00edveis pode mudar no...","og_url":"https:\/\/markd.com.br\/models\/petrobras-alerta-que-politica-de-precos-pode-mudar-em-documento-a-investidores\/","og_site_name":"Not\u00edcias de Todos - Models01","article_published_time":"2022-03-31T18:27:03+00:00","article_modified_time":"2022-03-31T18:27:09+00:00","og_image":[{"width":640,"height":360,"url":"https:\/\/markd.com.br\/models\/wp-content\/uploads\/2022\/03\/naom_6245644808d3d.jpg","type":"image\/jpeg"}],"author":"Reda\u00e7\u00e3o Reda\u00e7\u00e3o","twitter_card":"summary_large_image","twitter_misc":{"Escrito por":"Reda\u00e7\u00e3o Reda\u00e7\u00e3o","Est. tempo de leitura":"3 minutos"},"schema":{"@context":"https:\/\/schema.org","@graph":[{"@type":"WebPage","@id":"https:\/\/markd.com.br\/models\/petrobras-alerta-que-politica-de-precos-pode-mudar-em-documento-a-investidores\/","url":"https:\/\/markd.com.br\/models\/petrobras-alerta-que-politica-de-precos-pode-mudar-em-documento-a-investidores\/","name":"Petrobras alerta que pol\u00edtica de pre\u00e7os pode mudar em documento a investidores - Not\u00edcias de Todos - Models01","isPartOf":{"@id":"https:\/\/markd.com.br\/models\/#website"},"primaryImageOfPage":{"@id":"https:\/\/markd.com.br\/models\/petrobras-alerta-que-politica-de-precos-pode-mudar-em-documento-a-investidores\/#primaryimage"},"image":{"@id":"https:\/\/markd.com.br\/models\/petrobras-alerta-que-politica-de-precos-pode-mudar-em-documento-a-investidores\/#primaryimage"},"thumbnailUrl":"https:\/\/markd.com.br\/models\/wp-content\/uploads\/2022\/03\/naom_6245644808d3d.jpg","datePublished":"2022-03-31T18:27:03+00:00","dateModified":"2022-03-31T18:27:09+00:00","author":{"@id":"https:\/\/markd.com.br\/models\/#\/schema\/person\/c12a77ab487a7262d8bec3c47301ad37"},"breadcrumb":{"@id":"https:\/\/markd.com.br\/models\/petrobras-alerta-que-politica-de-precos-pode-mudar-em-documento-a-investidores\/#breadcrumb"},"inLanguage":"pt-BR","potentialAction":[{"@type":"ReadAction","target":["https:\/\/markd.com.br\/models\/petrobras-alerta-que-politica-de-precos-pode-mudar-em-documento-a-investidores\/"]}]},{"@type":"ImageObject","inLanguage":"pt-BR","@id":"https:\/\/markd.com.br\/models\/petrobras-alerta-que-politica-de-precos-pode-mudar-em-documento-a-investidores\/#primaryimage","url":"https:\/\/markd.com.br\/models\/wp-content\/uploads\/2022\/03\/naom_6245644808d3d.jpg","contentUrl":"https:\/\/markd.com.br\/models\/wp-content\/uploads\/2022\/03\/naom_6245644808d3d.jpg","width":640,"height":360},{"@type":"BreadcrumbList","@id":"https:\/\/markd.com.br\/models\/petrobras-alerta-que-politica-de-precos-pode-mudar-em-documento-a-investidores\/#breadcrumb","itemListElement":[{"@type":"ListItem","position":1,"name":"In\u00edcio","item":"https:\/\/markd.com.br\/models\/"},{"@type":"ListItem","position":2,"name":"Petrobras alerta que pol\u00edtica de pre\u00e7os pode mudar em documento a investidores"}]},{"@type":"WebSite","@id":"https:\/\/markd.com.br\/models\/#website","url":"https:\/\/markd.com.br\/models\/","name":"Not\u00edcias de Todos - Models01","description":"Tenha um Portal de Not\u00edcias Moderno, Din\u00e2mico, R\u00e1pido e Profissional. Entregamos seu Site de  Not\u00edcias Pronto, Instalado, Hospedado, com Manual Passo a Passo e Suporte 24 horas.","potentialAction":[{"@type":"SearchAction","target":{"@type":"EntryPoint","urlTemplate":"https:\/\/markd.com.br\/models\/?s={search_term_string}"},"query-input":{"@type":"PropertyValueSpecification","valueRequired":true,"valueName":"search_term_string"}}],"inLanguage":"pt-BR"},{"@type":"Person","@id":"https:\/\/markd.com.br\/models\/#\/schema\/person\/c12a77ab487a7262d8bec3c47301ad37","name":"Reda\u00e7\u00e3o Reda\u00e7\u00e3o","image":{"@type":"ImageObject","inLanguage":"pt-BR","@id":"https:\/\/markd.com.br\/models\/#\/schema\/person\/image\/","url":"https:\/\/secure.gravatar.com\/avatar\/9448f3599ce269febf169e183039b4a6?s=96&d=mm&r=g","contentUrl":"https:\/\/secure.gravatar.com\/avatar\/9448f3599ce269febf169e183039b4a6?s=96&d=mm&r=g","caption":"Reda\u00e7\u00e3o Reda\u00e7\u00e3o"},"sameAs":["https:\/\/markd.com.br\/"],"url":"https:\/\/markd.com.br\/models\/author\/redacao\/"}]}},"featured_image_urls":{"full":["https:\/\/markd.com.br\/models\/wp-content\/uploads\/2022\/03\/naom_6245644808d3d.jpg",640,360,false],"thumbnail":["https:\/\/markd.com.br\/models\/wp-content\/uploads\/2022\/03\/naom_6245644808d3d-150x150.jpg",150,150,true],"medium":["https:\/\/markd.com.br\/models\/wp-content\/uploads\/2022\/03\/naom_6245644808d3d-300x169.jpg",300,169,true],"medium_large":["https:\/\/markd.com.br\/models\/wp-content\/uploads\/2022\/03\/naom_6245644808d3d.jpg",640,360,false],"large":["https:\/\/markd.com.br\/models\/wp-content\/uploads\/2022\/03\/naom_6245644808d3d.jpg",640,360,false],"1536x1536":["https:\/\/markd.com.br\/models\/wp-content\/uploads\/2022\/03\/naom_6245644808d3d.jpg",640,360,false],"2048x2048":["https:\/\/markd.com.br\/models\/wp-content\/uploads\/2022\/03\/naom_6245644808d3d.jpg",640,360,false],"newsphere-slider-full":["https:\/\/markd.com.br\/models\/wp-content\/uploads\/2022\/03\/naom_6245644808d3d.jpg",640,360,false],"newsphere-featured":["https:\/\/markd.com.br\/models\/wp-content\/uploads\/2022\/03\/naom_6245644808d3d.jpg",640,360,false],"newsphere-medium":["https:\/\/markd.com.br\/models\/wp-content\/uploads\/2022\/03\/naom_6245644808d3d.jpg",640,360,false]},"author_info":{"display_name":"Reda\u00e7\u00e3o Reda\u00e7\u00e3o","author_link":"https:\/\/markd.com.br\/models\/author\/redacao\/"},"category_info":"<a href=\"https:\/\/markd.com.br\/models\/category\/brasil\/\" rel=\"category tag\">Brasil<\/a> <a href=\"https:\/\/markd.com.br\/models\/category\/destaques\/\" rel=\"category tag\">destaques<\/a>","tag_info":"destaques","comment_count":"0","jetpack_featured_media_url":"https:\/\/markd.com.br\/models\/wp-content\/uploads\/2022\/03\/naom_6245644808d3d.jpg","_links":{"self":[{"href":"https:\/\/markd.com.br\/models\/wp-json\/wp\/v2\/posts\/1077","targetHints":{"allow":["GET"]}}],"collection":[{"href":"https:\/\/markd.com.br\/models\/wp-json\/wp\/v2\/posts"}],"about":[{"href":"https:\/\/markd.com.br\/models\/wp-json\/wp\/v2\/types\/post"}],"author":[{"embeddable":true,"href":"https:\/\/markd.com.br\/models\/wp-json\/wp\/v2\/users\/5"}],"replies":[{"embeddable":true,"href":"https:\/\/markd.com.br\/models\/wp-json\/wp\/v2\/comments?post=1077"}],"version-history":[{"count":1,"href":"https:\/\/markd.com.br\/models\/wp-json\/wp\/v2\/posts\/1077\/revisions"}],"predecessor-version":[{"id":1079,"href":"https:\/\/markd.com.br\/models\/wp-json\/wp\/v2\/posts\/1077\/revisions\/1079"}],"wp:featuredmedia":[{"embeddable":true,"href":"https:\/\/markd.com.br\/models\/wp-json\/wp\/v2\/media\/1078"}],"wp:attachment":[{"href":"https:\/\/markd.com.br\/models\/wp-json\/wp\/v2\/media?parent=1077"}],"wp:term":[{"taxonomy":"category","embeddable":true,"href":"https:\/\/markd.com.br\/models\/wp-json\/wp\/v2\/categories?post=1077"},{"taxonomy":"post_tag","embeddable":true,"href":"https:\/\/markd.com.br\/models\/wp-json\/wp\/v2\/tags?post=1077"}],"curies":[{"name":"wp","href":"https:\/\/api.w.org\/{rel}","templated":true}]}}