{"id":1148,"date":"2022-04-04T20:01:54","date_gmt":"2022-04-04T23:01:54","guid":{"rendered":"https:\/\/portaldestaquenoticias.com.br\/?p=1148"},"modified":"2022-04-04T20:01:59","modified_gmt":"2022-04-04T23:01:59","slug":"deslizamento-de-terra-faz-praia-sumir-no-rio-de-janeiro","status":"publish","type":"post","link":"https:\/\/markd.com.br\/models\/deslizamento-de-terra-faz-praia-sumir-no-rio-de-janeiro\/","title":{"rendered":"Deslizamento de terra faz praia sumir no Rio de Janeiro"},"content":{"rendered":"\n<p><\/p>\n\n\n\n<p>Ap\u00f3s Angra dos Reis (RJ) enfrentar a maior chuva de sua hist\u00f3ria, os moradores de Ilha Grande encontraram a Praia de Itagua\u00e7u completamente coberta pela terra e vegeta\u00e7\u00e3o que desceram do morro, ap\u00f3s um deslizamento durante a madrugada de s\u00e1bado (2).<\/p>\n\n\n\n<p>O munic\u00edpio enfrentou a queda de 655 mm de chuva no continente e 592 mm na Ilha Grande. Al\u00e9m dos estragos, houve mortes no bairro Monsuaba. Na cidade vizinha de Paraty (RJ), um deslizamento de terra atingiu sete casas na Praia de Ponta Negra, deixando seis pessoas da mesma fam\u00edlia mortas.<\/p>\n\n\n\n<p>O prefeito de Angra dos Reis, Fernando Jord\u00e3o, afirmou que o deslizamento de terra abrangeu desde a vertente do morro, no alto da Ilha Grande, at\u00e9 a Praia de Itagua\u00e7u. Todas as casas da \u00e1rea ficaram soterradas. Segundo moradores da Praia Vermelha, ao lado, quatro moradores tamb\u00e9m est\u00e3o debaixo da terra.<\/p>\n\n\n\n<p>Tamb\u00e9m foram afetadas outras partes da ilha, como a Vila do Abra\u00e3o, Praia Vermelha, Ara\u00e7atiba, Provet\u00e1 e Aventureiro.<\/p>\n\n\n\n<p>A previs\u00e3o \u00e9 que siga chovendo na regi\u00e3o e o risco de deslizamento ainda \u00e9 alto. A Defesa Civil orienta que a popula\u00e7\u00e3o fique atenta \u00e0s sirenes do sistema de alerta.<\/p>\n\n\n\n<p>Fonte Yahoo Noticias<\/p>\n","protected":false},"excerpt":{"rendered":"<p>Ap\u00f3s Angra dos Reis (RJ) enfrentar a maior chuva de sua hist\u00f3ria, os moradores de&#8230;<\/p>\n","protected":false},"author":5,"featured_media":1149,"comment_status":"open","ping_status":"open","sticky":false,"template":"","format":"standard","meta":{"footnotes":""},"categories":[1],"tags":[258,257,259],"class_list":["post-1148","post","type-post","status-publish","format-standard","has-post-thumbnail","hentry","category-sem-categoria","tag-defesa-civil","tag-deslizamento","tag-rio-de-janeiro"],"yoast_head":"<!-- This site is optimized with the Yoast SEO plugin v24.4 - https:\/\/yoast.com\/wordpress\/plugins\/seo\/ -->\n<title>Deslizamento de terra faz praia sumir no Rio de Janeiro - Not\u00edcias de Todos - Models01<\/title>\n<meta name=\"robots\" content=\"index, follow, max-snippet:-1, max-image-preview:large, max-video-preview:-1\" \/>\n<link rel=\"canonical\" href=\"https:\/\/markd.com.br\/models\/deslizamento-de-terra-faz-praia-sumir-no-rio-de-janeiro\/\" \/>\n<meta property=\"og:locale\" content=\"pt_BR\" \/>\n<meta property=\"og:type\" content=\"article\" \/>\n<meta property=\"og:title\" content=\"Deslizamento de terra faz praia sumir no Rio de Janeiro - Not\u00edcias de Todos - Models01\" \/>\n<meta property=\"og:description\" content=\"Ap\u00f3s Angra dos Reis (RJ) enfrentar a maior chuva de sua hist\u00f3ria, os moradores de...\" \/>\n<meta property=\"og:url\" content=\"https:\/\/markd.com.br\/models\/deslizamento-de-terra-faz-praia-sumir-no-rio-de-janeiro\/\" \/>\n<meta property=\"og:site_name\" content=\"Not\u00edcias de Todos - Models01\" \/>\n<meta property=\"article:published_time\" content=\"2022-04-04T23:01:54+00:00\" \/>\n<meta property=\"article:modified_time\" content=\"2022-04-04T23:01:59+00:00\" \/>\n<meta property=\"og:image\" content=\"https:\/\/markd.com.br\/models\/wp-content\/uploads\/2022\/04\/9501d7e0-b41d-11ec-8dfa-240add831d65-800x445-1.webp\" \/>\n\t<meta property=\"og:image:width\" content=\"800\" \/>\n\t<meta property=\"og:image:height\" content=\"445\" \/>\n\t<meta property=\"og:image:type\" content=\"image\/webp\" \/>\n<meta name=\"author\" content=\"Reda\u00e7\u00e3o Reda\u00e7\u00e3o\" \/>\n<meta name=\"twitter:card\" content=\"summary_large_image\" \/>\n<meta name=\"twitter:label1\" content=\"Escrito por\" \/>\n\t<meta name=\"twitter:data1\" content=\"Reda\u00e7\u00e3o Reda\u00e7\u00e3o\" \/>\n\t<meta name=\"twitter:label2\" content=\"Est. tempo de leitura\" \/>\n\t<meta name=\"twitter:data2\" content=\"2 minutos\" \/>\n<script type=\"application\/ld+json\" class=\"yoast-schema-graph\">{\"@context\":\"https:\/\/schema.org\",\"@graph\":[{\"@type\":\"WebPage\",\"@id\":\"https:\/\/markd.com.br\/models\/deslizamento-de-terra-faz-praia-sumir-no-rio-de-janeiro\/\",\"url\":\"https:\/\/markd.com.br\/models\/deslizamento-de-terra-faz-praia-sumir-no-rio-de-janeiro\/\",\"name\":\"Deslizamento de terra faz praia sumir no Rio de Janeiro - Not\u00edcias de Todos - Models01\",\"isPartOf\":{\"@id\":\"https:\/\/markd.com.br\/models\/#website\"},\"primaryImageOfPage\":{\"@id\":\"https:\/\/markd.com.br\/models\/deslizamento-de-terra-faz-praia-sumir-no-rio-de-janeiro\/#primaryimage\"},\"image\":{\"@id\":\"https:\/\/markd.com.br\/models\/deslizamento-de-terra-faz-praia-sumir-no-rio-de-janeiro\/#primaryimage\"},\"thumbnailUrl\":\"https:\/\/markd.com.br\/models\/wp-content\/uploads\/2022\/04\/9501d7e0-b41d-11ec-8dfa-240add831d65-800x445-1.webp\",\"datePublished\":\"2022-04-04T23:01:54+00:00\",\"dateModified\":\"2022-04-04T23:01:59+00:00\",\"author\":{\"@id\":\"https:\/\/markd.com.br\/models\/#\/schema\/person\/c12a77ab487a7262d8bec3c47301ad37\"},\"breadcrumb\":{\"@id\":\"https:\/\/markd.com.br\/models\/deslizamento-de-terra-faz-praia-sumir-no-rio-de-janeiro\/#breadcrumb\"},\"inLanguage\":\"pt-BR\",\"potentialAction\":[{\"@type\":\"ReadAction\",\"target\":[\"https:\/\/markd.com.br\/models\/deslizamento-de-terra-faz-praia-sumir-no-rio-de-janeiro\/\"]}]},{\"@type\":\"ImageObject\",\"inLanguage\":\"pt-BR\",\"@id\":\"https:\/\/markd.com.br\/models\/deslizamento-de-terra-faz-praia-sumir-no-rio-de-janeiro\/#primaryimage\",\"url\":\"https:\/\/markd.com.br\/models\/wp-content\/uploads\/2022\/04\/9501d7e0-b41d-11ec-8dfa-240add831d65-800x445-1.webp\",\"contentUrl\":\"https:\/\/markd.com.br\/models\/wp-content\/uploads\/2022\/04\/9501d7e0-b41d-11ec-8dfa-240add831d65-800x445-1.webp\",\"width\":800,\"height\":445},{\"@type\":\"BreadcrumbList\",\"@id\":\"https:\/\/markd.com.br\/models\/deslizamento-de-terra-faz-praia-sumir-no-rio-de-janeiro\/#breadcrumb\",\"itemListElement\":[{\"@type\":\"ListItem\",\"position\":1,\"name\":\"In\u00edcio\",\"item\":\"https:\/\/markd.com.br\/models\/\"},{\"@type\":\"ListItem\",\"position\":2,\"name\":\"Deslizamento de terra faz praia sumir no Rio de Janeiro\"}]},{\"@type\":\"WebSite\",\"@id\":\"https:\/\/markd.com.br\/models\/#website\",\"url\":\"https:\/\/markd.com.br\/models\/\",\"name\":\"Not\u00edcias de Todos - Models01\",\"description\":\"Tenha um Portal de Not\u00edcias Moderno, Din\u00e2mico, R\u00e1pido e Profissional. Entregamos seu Site de  Not\u00edcias Pronto, Instalado, Hospedado, com Manual Passo a Passo e Suporte 24 horas.\",\"potentialAction\":[{\"@type\":\"SearchAction\",\"target\":{\"@type\":\"EntryPoint\",\"urlTemplate\":\"https:\/\/markd.com.br\/models\/?s={search_term_string}\"},\"query-input\":{\"@type\":\"PropertyValueSpecification\",\"valueRequired\":true,\"valueName\":\"search_term_string\"}}],\"inLanguage\":\"pt-BR\"},{\"@type\":\"Person\",\"@id\":\"https:\/\/markd.com.br\/models\/#\/schema\/person\/c12a77ab487a7262d8bec3c47301ad37\",\"name\":\"Reda\u00e7\u00e3o Reda\u00e7\u00e3o\",\"image\":{\"@type\":\"ImageObject\",\"inLanguage\":\"pt-BR\",\"@id\":\"https:\/\/markd.com.br\/models\/#\/schema\/person\/image\/\",\"url\":\"https:\/\/secure.gravatar.com\/avatar\/9448f3599ce269febf169e183039b4a6?s=96&d=mm&r=g\",\"contentUrl\":\"https:\/\/secure.gravatar.com\/avatar\/9448f3599ce269febf169e183039b4a6?s=96&d=mm&r=g\",\"caption\":\"Reda\u00e7\u00e3o Reda\u00e7\u00e3o\"},\"sameAs\":[\"https:\/\/markd.com.br\/\"],\"url\":\"https:\/\/markd.com.br\/models\/author\/redacao\/\"}]}<\/script>\n<!-- \/ Yoast SEO plugin. -->","yoast_head_json":{"title":"Deslizamento de terra faz praia sumir no Rio de Janeiro - Not\u00edcias de Todos - Models01","robots":{"index":"index","follow":"follow","max-snippet":"max-snippet:-1","max-image-preview":"max-image-preview:large","max-video-preview":"max-video-preview:-1"},"canonical":"https:\/\/markd.com.br\/models\/deslizamento-de-terra-faz-praia-sumir-no-rio-de-janeiro\/","og_locale":"pt_BR","og_type":"article","og_title":"Deslizamento de terra faz praia sumir no Rio de Janeiro - Not\u00edcias de Todos - Models01","og_description":"Ap\u00f3s Angra dos Reis (RJ) enfrentar a maior chuva de sua hist\u00f3ria, os moradores de...","og_url":"https:\/\/markd.com.br\/models\/deslizamento-de-terra-faz-praia-sumir-no-rio-de-janeiro\/","og_site_name":"Not\u00edcias de Todos - Models01","article_published_time":"2022-04-04T23:01:54+00:00","article_modified_time":"2022-04-04T23:01:59+00:00","og_image":[{"width":800,"height":445,"url":"https:\/\/markd.com.br\/models\/wp-content\/uploads\/2022\/04\/9501d7e0-b41d-11ec-8dfa-240add831d65-800x445-1.webp","type":"image\/webp"}],"author":"Reda\u00e7\u00e3o Reda\u00e7\u00e3o","twitter_card":"summary_large_image","twitter_misc":{"Escrito por":"Reda\u00e7\u00e3o Reda\u00e7\u00e3o","Est. tempo de leitura":"2 minutos"},"schema":{"@context":"https:\/\/schema.org","@graph":[{"@type":"WebPage","@id":"https:\/\/markd.com.br\/models\/deslizamento-de-terra-faz-praia-sumir-no-rio-de-janeiro\/","url":"https:\/\/markd.com.br\/models\/deslizamento-de-terra-faz-praia-sumir-no-rio-de-janeiro\/","name":"Deslizamento de terra faz praia sumir no Rio de Janeiro - Not\u00edcias de Todos - Models01","isPartOf":{"@id":"https:\/\/markd.com.br\/models\/#website"},"primaryImageOfPage":{"@id":"https:\/\/markd.com.br\/models\/deslizamento-de-terra-faz-praia-sumir-no-rio-de-janeiro\/#primaryimage"},"image":{"@id":"https:\/\/markd.com.br\/models\/deslizamento-de-terra-faz-praia-sumir-no-rio-de-janeiro\/#primaryimage"},"thumbnailUrl":"https:\/\/markd.com.br\/models\/wp-content\/uploads\/2022\/04\/9501d7e0-b41d-11ec-8dfa-240add831d65-800x445-1.webp","datePublished":"2022-04-04T23:01:54+00:00","dateModified":"2022-04-04T23:01:59+00:00","author":{"@id":"https:\/\/markd.com.br\/models\/#\/schema\/person\/c12a77ab487a7262d8bec3c47301ad37"},"breadcrumb":{"@id":"https:\/\/markd.com.br\/models\/deslizamento-de-terra-faz-praia-sumir-no-rio-de-janeiro\/#breadcrumb"},"inLanguage":"pt-BR","potentialAction":[{"@type":"ReadAction","target":["https:\/\/markd.com.br\/models\/deslizamento-de-terra-faz-praia-sumir-no-rio-de-janeiro\/"]}]},{"@type":"ImageObject","inLanguage":"pt-BR","@id":"https:\/\/markd.com.br\/models\/deslizamento-de-terra-faz-praia-sumir-no-rio-de-janeiro\/#primaryimage","url":"https:\/\/markd.com.br\/models\/wp-content\/uploads\/2022\/04\/9501d7e0-b41d-11ec-8dfa-240add831d65-800x445-1.webp","contentUrl":"https:\/\/markd.com.br\/models\/wp-content\/uploads\/2022\/04\/9501d7e0-b41d-11ec-8dfa-240add831d65-800x445-1.webp","width":800,"height":445},{"@type":"BreadcrumbList","@id":"https:\/\/markd.com.br\/models\/deslizamento-de-terra-faz-praia-sumir-no-rio-de-janeiro\/#breadcrumb","itemListElement":[{"@type":"ListItem","position":1,"name":"In\u00edcio","item":"https:\/\/markd.com.br\/models\/"},{"@type":"ListItem","position":2,"name":"Deslizamento de terra faz praia sumir no Rio de Janeiro"}]},{"@type":"WebSite","@id":"https:\/\/markd.com.br\/models\/#website","url":"https:\/\/markd.com.br\/models\/","name":"Not\u00edcias de Todos - Models01","description":"Tenha um Portal de Not\u00edcias Moderno, Din\u00e2mico, R\u00e1pido e Profissional. Entregamos seu Site de  Not\u00edcias Pronto, Instalado, Hospedado, com Manual Passo a Passo e Suporte 24 horas.","potentialAction":[{"@type":"SearchAction","target":{"@type":"EntryPoint","urlTemplate":"https:\/\/markd.com.br\/models\/?s={search_term_string}"},"query-input":{"@type":"PropertyValueSpecification","valueRequired":true,"valueName":"search_term_string"}}],"inLanguage":"pt-BR"},{"@type":"Person","@id":"https:\/\/markd.com.br\/models\/#\/schema\/person\/c12a77ab487a7262d8bec3c47301ad37","name":"Reda\u00e7\u00e3o Reda\u00e7\u00e3o","image":{"@type":"ImageObject","inLanguage":"pt-BR","@id":"https:\/\/markd.com.br\/models\/#\/schema\/person\/image\/","url":"https:\/\/secure.gravatar.com\/avatar\/9448f3599ce269febf169e183039b4a6?s=96&d=mm&r=g","contentUrl":"https:\/\/secure.gravatar.com\/avatar\/9448f3599ce269febf169e183039b4a6?s=96&d=mm&r=g","caption":"Reda\u00e7\u00e3o Reda\u00e7\u00e3o"},"sameAs":["https:\/\/markd.com.br\/"],"url":"https:\/\/markd.com.br\/models\/author\/redacao\/"}]}},"featured_image_urls":{"full":["https:\/\/markd.com.br\/models\/wp-content\/uploads\/2022\/04\/9501d7e0-b41d-11ec-8dfa-240add831d65-800x445-1.webp",800,445,false],"thumbnail":["https:\/\/markd.com.br\/models\/wp-content\/uploads\/2022\/04\/9501d7e0-b41d-11ec-8dfa-240add831d65-800x445-1-150x150.webp",150,150,true],"medium":["https:\/\/markd.com.br\/models\/wp-content\/uploads\/2022\/04\/9501d7e0-b41d-11ec-8dfa-240add831d65-800x445-1-300x167.webp",300,167,true],"medium_large":["https:\/\/markd.com.br\/models\/wp-content\/uploads\/2022\/04\/9501d7e0-b41d-11ec-8dfa-240add831d65-800x445-1-768x427.webp",640,356,true],"large":["https:\/\/markd.com.br\/models\/wp-content\/uploads\/2022\/04\/9501d7e0-b41d-11ec-8dfa-240add831d65-800x445-1.webp",640,356,false],"1536x1536":["https:\/\/markd.com.br\/models\/wp-content\/uploads\/2022\/04\/9501d7e0-b41d-11ec-8dfa-240add831d65-800x445-1.webp",800,445,false],"2048x2048":["https:\/\/markd.com.br\/models\/wp-content\/uploads\/2022\/04\/9501d7e0-b41d-11ec-8dfa-240add831d65-800x445-1.webp",800,445,false],"newsphere-slider-full":["https:\/\/markd.com.br\/models\/wp-content\/uploads\/2022\/04\/9501d7e0-b41d-11ec-8dfa-240add831d65-800x445-1.webp",800,445,false],"newsphere-featured":["https:\/\/markd.com.br\/models\/wp-content\/uploads\/2022\/04\/9501d7e0-b41d-11ec-8dfa-240add831d65-800x445-1.webp",800,445,false],"newsphere-medium":["https:\/\/markd.com.br\/models\/wp-content\/uploads\/2022\/04\/9501d7e0-b41d-11ec-8dfa-240add831d65-800x445-1-720x380.webp",720,380,true]},"author_info":{"display_name":"Reda\u00e7\u00e3o Reda\u00e7\u00e3o","author_link":"https:\/\/markd.com.br\/models\/author\/redacao\/"},"category_info":"<a href=\"https:\/\/markd.com.br\/models\/category\/sem-categoria\/\" rel=\"category tag\">Sem categoria<\/a>","tag_info":"Sem categoria","comment_count":"0","jetpack_featured_media_url":"https:\/\/markd.com.br\/models\/wp-content\/uploads\/2022\/04\/9501d7e0-b41d-11ec-8dfa-240add831d65-800x445-1.webp","_links":{"self":[{"href":"https:\/\/markd.com.br\/models\/wp-json\/wp\/v2\/posts\/1148","targetHints":{"allow":["GET"]}}],"collection":[{"href":"https:\/\/markd.com.br\/models\/wp-json\/wp\/v2\/posts"}],"about":[{"href":"https:\/\/markd.com.br\/models\/wp-json\/wp\/v2\/types\/post"}],"author":[{"embeddable":true,"href":"https:\/\/markd.com.br\/models\/wp-json\/wp\/v2\/users\/5"}],"replies":[{"embeddable":true,"href":"https:\/\/markd.com.br\/models\/wp-json\/wp\/v2\/comments?post=1148"}],"version-history":[{"count":1,"href":"https:\/\/markd.com.br\/models\/wp-json\/wp\/v2\/posts\/1148\/revisions"}],"predecessor-version":[{"id":1150,"href":"https:\/\/markd.com.br\/models\/wp-json\/wp\/v2\/posts\/1148\/revisions\/1150"}],"wp:featuredmedia":[{"embeddable":true,"href":"https:\/\/markd.com.br\/models\/wp-json\/wp\/v2\/media\/1149"}],"wp:attachment":[{"href":"https:\/\/markd.com.br\/models\/wp-json\/wp\/v2\/media?parent=1148"}],"wp:term":[{"taxonomy":"category","embeddable":true,"href":"https:\/\/markd.com.br\/models\/wp-json\/wp\/v2\/categories?post=1148"},{"taxonomy":"post_tag","embeddable":true,"href":"https:\/\/markd.com.br\/models\/wp-json\/wp\/v2\/tags?post=1148"}],"curies":[{"name":"wp","href":"https:\/\/api.w.org\/{rel}","templated":true}]}}