{"id":1152,"date":"2022-04-04T20:08:23","date_gmt":"2022-04-04T23:08:23","guid":{"rendered":"https:\/\/portaldestaquenoticias.com.br\/?p=1152"},"modified":"2022-04-04T20:08:28","modified_gmt":"2022-04-04T23:08:28","slug":"crianca-de-1-ano-morre-ao-cair-do-10o-andar-de-predio-na-regiao-de-natal","status":"publish","type":"post","link":"https:\/\/markd.com.br\/models\/crianca-de-1-ano-morre-ao-cair-do-10o-andar-de-predio-na-regiao-de-natal\/","title":{"rendered":"Crian\u00e7a de 1 ano morre ao cair do 10\u00ba andar de pr\u00e9dio na regi\u00e3o de Natal"},"content":{"rendered":"\n<p>Um menino de um ano e meio de idade morreu no final da manh\u00e3 de hoje (3), em Parnamirim (RN), na regi\u00e3o metropolitana de Natal, ap\u00f3s cair do 10\u00ba andar de um pr\u00e9dio. Segundo a pol\u00edcia, os pais moram no im\u00f3vel h\u00e1 uma semana e ainda n\u00e3o haviam instalado tela de prote\u00e7\u00e3o na janela do quarto da crian\u00e7a.<\/p>\n\n\n\n<p>\u201cA informa\u00e7\u00e3o \u00e9 que houve alguma distra\u00e7\u00e3o dos pais, e n\u00e3o tinha tela na janela. Inclusive a gente percebeu que a \u00e1rea comum do condom\u00ednio, o hall, tem tela. Mas o apartamento em que eles estavam n\u00e3o tinha tela\u201d, disse \u00e0 imprensa no local o delegado Fernando Alves, respons\u00e1vel pelo caso.<\/p>\n\n\n\n<p>O pr\u00e9dio onde ocorreu a trag\u00e9dia fica em um condom\u00ednio fechado. Segundo o delegado, o caso ser\u00e1 investigado, mas a impress\u00e3o inicial da pol\u00edcia \u00e9 que se trata de um acidente. \u201cInfelizmente, foi um tremendo de um infort\u00fanio, uma trag\u00e9dia terr\u00edvel\u201d, afirmou.<\/p>\n\n\n\n<p>Equipes do Corpo de Bombeiros e do Samu (Servi\u00e7o de Atendimento M\u00f3vel de Urg\u00eancia) foram acionadas, mas a crian\u00e7a j\u00e1 estava morta quando o socorro chegou ao local.<\/p>\n\n\n\n<p>\u201cO Itep [\u00f3rg\u00e3o que conduz as per\u00edcias] j\u00e1 fez toda a parte t\u00e9cnica, de verifica\u00e7\u00e3o do local, e vai tra\u00e7ar a cronologia de como \u00e9 que se deu essa trag\u00e9dia\u201d, afirmou o delegado.<\/p>\n\n\n\n<p>Fonte Uol Noticias<\/p>\n","protected":false},"excerpt":{"rendered":"<p>Um menino de um ano e meio de idade morreu no final da manh\u00e3 de&#8230;<\/p>\n","protected":false},"author":5,"featured_media":1153,"comment_status":"open","ping_status":"open","sticky":false,"template":"","format":"standard","meta":{"footnotes":""},"categories":[61,34],"tags":[62,72,44],"class_list":["post-1152","post","type-post","status-publish","format-standard","has-post-thumbnail","hentry","category-acidente","category-musica","tag-acidente","tag-morte","tag-policia-2"],"yoast_head":"<!-- This site is optimized with the Yoast SEO plugin v24.4 - https:\/\/yoast.com\/wordpress\/plugins\/seo\/ -->\n<title>Crian\u00e7a de 1 ano morre ao cair do 10\u00ba andar de pr\u00e9dio na regi\u00e3o de Natal - Not\u00edcias de Todos - Models01<\/title>\n<meta name=\"robots\" content=\"index, follow, max-snippet:-1, max-image-preview:large, max-video-preview:-1\" \/>\n<link rel=\"canonical\" href=\"https:\/\/markd.com.br\/models\/crianca-de-1-ano-morre-ao-cair-do-10o-andar-de-predio-na-regiao-de-natal\/\" \/>\n<meta property=\"og:locale\" content=\"pt_BR\" \/>\n<meta property=\"og:type\" content=\"article\" \/>\n<meta property=\"og:title\" content=\"Crian\u00e7a de 1 ano morre ao cair do 10\u00ba andar de pr\u00e9dio na regi\u00e3o de Natal - Not\u00edcias de Todos - Models01\" \/>\n<meta property=\"og:description\" content=\"Um menino de um ano e meio de idade morreu no final da manh\u00e3 de...\" \/>\n<meta property=\"og:url\" content=\"https:\/\/markd.com.br\/models\/crianca-de-1-ano-morre-ao-cair-do-10o-andar-de-predio-na-regiao-de-natal\/\" \/>\n<meta property=\"og:site_name\" content=\"Not\u00edcias de Todos - Models01\" \/>\n<meta property=\"article:published_time\" content=\"2022-04-04T23:08:23+00:00\" \/>\n<meta property=\"article:modified_time\" content=\"2022-04-04T23:08:28+00:00\" \/>\n<meta property=\"og:image\" content=\"https:\/\/markd.com.br\/models\/wp-content\/uploads\/2022\/04\/condominio-em-parnamirim-rn-onde-uma-crianca-morreu-ao-cair-do-10-andar-de-um-predio-1649012892888_v2_900x506.png-640x445-1.jpg\" \/>\n\t<meta property=\"og:image:width\" content=\"640\" \/>\n\t<meta property=\"og:image:height\" content=\"445\" \/>\n\t<meta property=\"og:image:type\" content=\"image\/jpeg\" \/>\n<meta name=\"author\" content=\"Reda\u00e7\u00e3o Reda\u00e7\u00e3o\" \/>\n<meta name=\"twitter:card\" content=\"summary_large_image\" \/>\n<meta name=\"twitter:label1\" content=\"Escrito por\" \/>\n\t<meta name=\"twitter:data1\" content=\"Reda\u00e7\u00e3o Reda\u00e7\u00e3o\" \/>\n\t<meta name=\"twitter:label2\" content=\"Est. tempo de leitura\" \/>\n\t<meta name=\"twitter:data2\" content=\"2 minutos\" \/>\n<script type=\"application\/ld+json\" class=\"yoast-schema-graph\">{\"@context\":\"https:\/\/schema.org\",\"@graph\":[{\"@type\":\"WebPage\",\"@id\":\"https:\/\/markd.com.br\/models\/crianca-de-1-ano-morre-ao-cair-do-10o-andar-de-predio-na-regiao-de-natal\/\",\"url\":\"https:\/\/markd.com.br\/models\/crianca-de-1-ano-morre-ao-cair-do-10o-andar-de-predio-na-regiao-de-natal\/\",\"name\":\"Crian\u00e7a de 1 ano morre ao cair do 10\u00ba andar de pr\u00e9dio na regi\u00e3o de Natal - Not\u00edcias de Todos - Models01\",\"isPartOf\":{\"@id\":\"https:\/\/markd.com.br\/models\/#website\"},\"primaryImageOfPage\":{\"@id\":\"https:\/\/markd.com.br\/models\/crianca-de-1-ano-morre-ao-cair-do-10o-andar-de-predio-na-regiao-de-natal\/#primaryimage\"},\"image\":{\"@id\":\"https:\/\/markd.com.br\/models\/crianca-de-1-ano-morre-ao-cair-do-10o-andar-de-predio-na-regiao-de-natal\/#primaryimage\"},\"thumbnailUrl\":\"https:\/\/markd.com.br\/models\/wp-content\/uploads\/2022\/04\/condominio-em-parnamirim-rn-onde-uma-crianca-morreu-ao-cair-do-10-andar-de-um-predio-1649012892888_v2_900x506.png-640x445-1.jpg\",\"datePublished\":\"2022-04-04T23:08:23+00:00\",\"dateModified\":\"2022-04-04T23:08:28+00:00\",\"author\":{\"@id\":\"https:\/\/markd.com.br\/models\/#\/schema\/person\/c12a77ab487a7262d8bec3c47301ad37\"},\"breadcrumb\":{\"@id\":\"https:\/\/markd.com.br\/models\/crianca-de-1-ano-morre-ao-cair-do-10o-andar-de-predio-na-regiao-de-natal\/#breadcrumb\"},\"inLanguage\":\"pt-BR\",\"potentialAction\":[{\"@type\":\"ReadAction\",\"target\":[\"https:\/\/markd.com.br\/models\/crianca-de-1-ano-morre-ao-cair-do-10o-andar-de-predio-na-regiao-de-natal\/\"]}]},{\"@type\":\"ImageObject\",\"inLanguage\":\"pt-BR\",\"@id\":\"https:\/\/markd.com.br\/models\/crianca-de-1-ano-morre-ao-cair-do-10o-andar-de-predio-na-regiao-de-natal\/#primaryimage\",\"url\":\"https:\/\/markd.com.br\/models\/wp-content\/uploads\/2022\/04\/condominio-em-parnamirim-rn-onde-uma-crianca-morreu-ao-cair-do-10-andar-de-um-predio-1649012892888_v2_900x506.png-640x445-1.jpg\",\"contentUrl\":\"https:\/\/markd.com.br\/models\/wp-content\/uploads\/2022\/04\/condominio-em-parnamirim-rn-onde-uma-crianca-morreu-ao-cair-do-10-andar-de-um-predio-1649012892888_v2_900x506.png-640x445-1.jpg\",\"width\":640,\"height\":445},{\"@type\":\"BreadcrumbList\",\"@id\":\"https:\/\/markd.com.br\/models\/crianca-de-1-ano-morre-ao-cair-do-10o-andar-de-predio-na-regiao-de-natal\/#breadcrumb\",\"itemListElement\":[{\"@type\":\"ListItem\",\"position\":1,\"name\":\"In\u00edcio\",\"item\":\"https:\/\/markd.com.br\/models\/\"},{\"@type\":\"ListItem\",\"position\":2,\"name\":\"Crian\u00e7a de 1 ano morre ao cair do 10\u00ba andar de pr\u00e9dio na regi\u00e3o de Natal\"}]},{\"@type\":\"WebSite\",\"@id\":\"https:\/\/markd.com.br\/models\/#website\",\"url\":\"https:\/\/markd.com.br\/models\/\",\"name\":\"Not\u00edcias de Todos - Models01\",\"description\":\"Tenha um Portal de Not\u00edcias Moderno, Din\u00e2mico, R\u00e1pido e Profissional. Entregamos seu Site de  Not\u00edcias Pronto, Instalado, Hospedado, com Manual Passo a Passo e Suporte 24 horas.\",\"potentialAction\":[{\"@type\":\"SearchAction\",\"target\":{\"@type\":\"EntryPoint\",\"urlTemplate\":\"https:\/\/markd.com.br\/models\/?s={search_term_string}\"},\"query-input\":{\"@type\":\"PropertyValueSpecification\",\"valueRequired\":true,\"valueName\":\"search_term_string\"}}],\"inLanguage\":\"pt-BR\"},{\"@type\":\"Person\",\"@id\":\"https:\/\/markd.com.br\/models\/#\/schema\/person\/c12a77ab487a7262d8bec3c47301ad37\",\"name\":\"Reda\u00e7\u00e3o Reda\u00e7\u00e3o\",\"image\":{\"@type\":\"ImageObject\",\"inLanguage\":\"pt-BR\",\"@id\":\"https:\/\/markd.com.br\/models\/#\/schema\/person\/image\/\",\"url\":\"https:\/\/secure.gravatar.com\/avatar\/9448f3599ce269febf169e183039b4a6?s=96&d=mm&r=g\",\"contentUrl\":\"https:\/\/secure.gravatar.com\/avatar\/9448f3599ce269febf169e183039b4a6?s=96&d=mm&r=g\",\"caption\":\"Reda\u00e7\u00e3o Reda\u00e7\u00e3o\"},\"sameAs\":[\"https:\/\/markd.com.br\/\"],\"url\":\"https:\/\/markd.com.br\/models\/author\/redacao\/\"}]}<\/script>\n<!-- \/ Yoast SEO plugin. -->","yoast_head_json":{"title":"Crian\u00e7a de 1 ano morre ao cair do 10\u00ba andar de pr\u00e9dio na regi\u00e3o de Natal - Not\u00edcias de Todos - Models01","robots":{"index":"index","follow":"follow","max-snippet":"max-snippet:-1","max-image-preview":"max-image-preview:large","max-video-preview":"max-video-preview:-1"},"canonical":"https:\/\/markd.com.br\/models\/crianca-de-1-ano-morre-ao-cair-do-10o-andar-de-predio-na-regiao-de-natal\/","og_locale":"pt_BR","og_type":"article","og_title":"Crian\u00e7a de 1 ano morre ao cair do 10\u00ba andar de pr\u00e9dio na regi\u00e3o de Natal - Not\u00edcias de Todos - Models01","og_description":"Um menino de um ano e meio de idade morreu no final da manh\u00e3 de...","og_url":"https:\/\/markd.com.br\/models\/crianca-de-1-ano-morre-ao-cair-do-10o-andar-de-predio-na-regiao-de-natal\/","og_site_name":"Not\u00edcias de Todos - Models01","article_published_time":"2022-04-04T23:08:23+00:00","article_modified_time":"2022-04-04T23:08:28+00:00","og_image":[{"width":640,"height":445,"url":"https:\/\/markd.com.br\/models\/wp-content\/uploads\/2022\/04\/condominio-em-parnamirim-rn-onde-uma-crianca-morreu-ao-cair-do-10-andar-de-um-predio-1649012892888_v2_900x506.png-640x445-1.jpg","type":"image\/jpeg"}],"author":"Reda\u00e7\u00e3o Reda\u00e7\u00e3o","twitter_card":"summary_large_image","twitter_misc":{"Escrito por":"Reda\u00e7\u00e3o Reda\u00e7\u00e3o","Est. tempo de leitura":"2 minutos"},"schema":{"@context":"https:\/\/schema.org","@graph":[{"@type":"WebPage","@id":"https:\/\/markd.com.br\/models\/crianca-de-1-ano-morre-ao-cair-do-10o-andar-de-predio-na-regiao-de-natal\/","url":"https:\/\/markd.com.br\/models\/crianca-de-1-ano-morre-ao-cair-do-10o-andar-de-predio-na-regiao-de-natal\/","name":"Crian\u00e7a de 1 ano morre ao cair do 10\u00ba andar de pr\u00e9dio na regi\u00e3o de Natal - Not\u00edcias de Todos - Models01","isPartOf":{"@id":"https:\/\/markd.com.br\/models\/#website"},"primaryImageOfPage":{"@id":"https:\/\/markd.com.br\/models\/crianca-de-1-ano-morre-ao-cair-do-10o-andar-de-predio-na-regiao-de-natal\/#primaryimage"},"image":{"@id":"https:\/\/markd.com.br\/models\/crianca-de-1-ano-morre-ao-cair-do-10o-andar-de-predio-na-regiao-de-natal\/#primaryimage"},"thumbnailUrl":"https:\/\/markd.com.br\/models\/wp-content\/uploads\/2022\/04\/condominio-em-parnamirim-rn-onde-uma-crianca-morreu-ao-cair-do-10-andar-de-um-predio-1649012892888_v2_900x506.png-640x445-1.jpg","datePublished":"2022-04-04T23:08:23+00:00","dateModified":"2022-04-04T23:08:28+00:00","author":{"@id":"https:\/\/markd.com.br\/models\/#\/schema\/person\/c12a77ab487a7262d8bec3c47301ad37"},"breadcrumb":{"@id":"https:\/\/markd.com.br\/models\/crianca-de-1-ano-morre-ao-cair-do-10o-andar-de-predio-na-regiao-de-natal\/#breadcrumb"},"inLanguage":"pt-BR","potentialAction":[{"@type":"ReadAction","target":["https:\/\/markd.com.br\/models\/crianca-de-1-ano-morre-ao-cair-do-10o-andar-de-predio-na-regiao-de-natal\/"]}]},{"@type":"ImageObject","inLanguage":"pt-BR","@id":"https:\/\/markd.com.br\/models\/crianca-de-1-ano-morre-ao-cair-do-10o-andar-de-predio-na-regiao-de-natal\/#primaryimage","url":"https:\/\/markd.com.br\/models\/wp-content\/uploads\/2022\/04\/condominio-em-parnamirim-rn-onde-uma-crianca-morreu-ao-cair-do-10-andar-de-um-predio-1649012892888_v2_900x506.png-640x445-1.jpg","contentUrl":"https:\/\/markd.com.br\/models\/wp-content\/uploads\/2022\/04\/condominio-em-parnamirim-rn-onde-uma-crianca-morreu-ao-cair-do-10-andar-de-um-predio-1649012892888_v2_900x506.png-640x445-1.jpg","width":640,"height":445},{"@type":"BreadcrumbList","@id":"https:\/\/markd.com.br\/models\/crianca-de-1-ano-morre-ao-cair-do-10o-andar-de-predio-na-regiao-de-natal\/#breadcrumb","itemListElement":[{"@type":"ListItem","position":1,"name":"In\u00edcio","item":"https:\/\/markd.com.br\/models\/"},{"@type":"ListItem","position":2,"name":"Crian\u00e7a de 1 ano morre ao cair do 10\u00ba andar de pr\u00e9dio na regi\u00e3o de Natal"}]},{"@type":"WebSite","@id":"https:\/\/markd.com.br\/models\/#website","url":"https:\/\/markd.com.br\/models\/","name":"Not\u00edcias de Todos - Models01","description":"Tenha um Portal de Not\u00edcias Moderno, Din\u00e2mico, R\u00e1pido e Profissional. Entregamos seu Site de  Not\u00edcias Pronto, Instalado, Hospedado, com Manual Passo a Passo e Suporte 24 horas.","potentialAction":[{"@type":"SearchAction","target":{"@type":"EntryPoint","urlTemplate":"https:\/\/markd.com.br\/models\/?s={search_term_string}"},"query-input":{"@type":"PropertyValueSpecification","valueRequired":true,"valueName":"search_term_string"}}],"inLanguage":"pt-BR"},{"@type":"Person","@id":"https:\/\/markd.com.br\/models\/#\/schema\/person\/c12a77ab487a7262d8bec3c47301ad37","name":"Reda\u00e7\u00e3o Reda\u00e7\u00e3o","image":{"@type":"ImageObject","inLanguage":"pt-BR","@id":"https:\/\/markd.com.br\/models\/#\/schema\/person\/image\/","url":"https:\/\/secure.gravatar.com\/avatar\/9448f3599ce269febf169e183039b4a6?s=96&d=mm&r=g","contentUrl":"https:\/\/secure.gravatar.com\/avatar\/9448f3599ce269febf169e183039b4a6?s=96&d=mm&r=g","caption":"Reda\u00e7\u00e3o Reda\u00e7\u00e3o"},"sameAs":["https:\/\/markd.com.br\/"],"url":"https:\/\/markd.com.br\/models\/author\/redacao\/"}]}},"featured_image_urls":{"full":["https:\/\/markd.com.br\/models\/wp-content\/uploads\/2022\/04\/condominio-em-parnamirim-rn-onde-uma-crianca-morreu-ao-cair-do-10-andar-de-um-predio-1649012892888_v2_900x506.png-640x445-1.jpg",640,445,false],"thumbnail":["https:\/\/markd.com.br\/models\/wp-content\/uploads\/2022\/04\/condominio-em-parnamirim-rn-onde-uma-crianca-morreu-ao-cair-do-10-andar-de-um-predio-1649012892888_v2_900x506.png-640x445-1-150x150.jpg",150,150,true],"medium":["https:\/\/markd.com.br\/models\/wp-content\/uploads\/2022\/04\/condominio-em-parnamirim-rn-onde-uma-crianca-morreu-ao-cair-do-10-andar-de-um-predio-1649012892888_v2_900x506.png-640x445-1-300x209.jpg",300,209,true],"medium_large":["https:\/\/markd.com.br\/models\/wp-content\/uploads\/2022\/04\/condominio-em-parnamirim-rn-onde-uma-crianca-morreu-ao-cair-do-10-andar-de-um-predio-1649012892888_v2_900x506.png-640x445-1.jpg",640,445,false],"large":["https:\/\/markd.com.br\/models\/wp-content\/uploads\/2022\/04\/condominio-em-parnamirim-rn-onde-uma-crianca-morreu-ao-cair-do-10-andar-de-um-predio-1649012892888_v2_900x506.png-640x445-1.jpg",640,445,false],"1536x1536":["https:\/\/markd.com.br\/models\/wp-content\/uploads\/2022\/04\/condominio-em-parnamirim-rn-onde-uma-crianca-morreu-ao-cair-do-10-andar-de-um-predio-1649012892888_v2_900x506.png-640x445-1.jpg",640,445,false],"2048x2048":["https:\/\/markd.com.br\/models\/wp-content\/uploads\/2022\/04\/condominio-em-parnamirim-rn-onde-uma-crianca-morreu-ao-cair-do-10-andar-de-um-predio-1649012892888_v2_900x506.png-640x445-1.jpg",640,445,false],"newsphere-slider-full":["https:\/\/markd.com.br\/models\/wp-content\/uploads\/2022\/04\/condominio-em-parnamirim-rn-onde-uma-crianca-morreu-ao-cair-do-10-andar-de-um-predio-1649012892888_v2_900x506.png-640x445-1.jpg",640,445,false],"newsphere-featured":["https:\/\/markd.com.br\/models\/wp-content\/uploads\/2022\/04\/condominio-em-parnamirim-rn-onde-uma-crianca-morreu-ao-cair-do-10-andar-de-um-predio-1649012892888_v2_900x506.png-640x445-1.jpg",640,445,false],"newsphere-medium":["https:\/\/markd.com.br\/models\/wp-content\/uploads\/2022\/04\/condominio-em-parnamirim-rn-onde-uma-crianca-morreu-ao-cair-do-10-andar-de-um-predio-1649012892888_v2_900x506.png-640x445-1-640x380.jpg",640,380,true]},"author_info":{"display_name":"Reda\u00e7\u00e3o Reda\u00e7\u00e3o","author_link":"https:\/\/markd.com.br\/models\/author\/redacao\/"},"category_info":"<a href=\"https:\/\/markd.com.br\/models\/category\/acidente\/\" rel=\"category tag\">Acidente<\/a> <a href=\"https:\/\/markd.com.br\/models\/category\/musica\/\" rel=\"category tag\">Pol\u00edcia<\/a>","tag_info":"Pol\u00edcia","comment_count":"0","jetpack_featured_media_url":"https:\/\/markd.com.br\/models\/wp-content\/uploads\/2022\/04\/condominio-em-parnamirim-rn-onde-uma-crianca-morreu-ao-cair-do-10-andar-de-um-predio-1649012892888_v2_900x506.png-640x445-1.jpg","_links":{"self":[{"href":"https:\/\/markd.com.br\/models\/wp-json\/wp\/v2\/posts\/1152","targetHints":{"allow":["GET"]}}],"collection":[{"href":"https:\/\/markd.com.br\/models\/wp-json\/wp\/v2\/posts"}],"about":[{"href":"https:\/\/markd.com.br\/models\/wp-json\/wp\/v2\/types\/post"}],"author":[{"embeddable":true,"href":"https:\/\/markd.com.br\/models\/wp-json\/wp\/v2\/users\/5"}],"replies":[{"embeddable":true,"href":"https:\/\/markd.com.br\/models\/wp-json\/wp\/v2\/comments?post=1152"}],"version-history":[{"count":1,"href":"https:\/\/markd.com.br\/models\/wp-json\/wp\/v2\/posts\/1152\/revisions"}],"predecessor-version":[{"id":1154,"href":"https:\/\/markd.com.br\/models\/wp-json\/wp\/v2\/posts\/1152\/revisions\/1154"}],"wp:featuredmedia":[{"embeddable":true,"href":"https:\/\/markd.com.br\/models\/wp-json\/wp\/v2\/media\/1153"}],"wp:attachment":[{"href":"https:\/\/markd.com.br\/models\/wp-json\/wp\/v2\/media?parent=1152"}],"wp:term":[{"taxonomy":"category","embeddable":true,"href":"https:\/\/markd.com.br\/models\/wp-json\/wp\/v2\/categories?post=1152"},{"taxonomy":"post_tag","embeddable":true,"href":"https:\/\/markd.com.br\/models\/wp-json\/wp\/v2\/tags?post=1152"}],"curies":[{"name":"wp","href":"https:\/\/api.w.org\/{rel}","templated":true}]}}