{"id":1155,"date":"2022-04-04T20:11:50","date_gmt":"2022-04-04T23:11:50","guid":{"rendered":"https:\/\/portaldestaquenoticias.com.br\/?p=1155"},"modified":"2022-04-04T20:11:55","modified_gmt":"2022-04-04T23:11:55","slug":"viuva-da-mega-sena-e-indigna-de-receber-heranca-alega-justica","status":"publish","type":"post","link":"https:\/\/markd.com.br\/models\/viuva-da-mega-sena-e-indigna-de-receber-heranca-alega-justica\/","title":{"rendered":"\u2018Vi\u00fava da Mega-Sena\u2019 \u00e9 \u2018indigna\u2019 de receber heran\u00e7a, alega Justi\u00e7a"},"content":{"rendered":"\n<p><\/p>\n\n\n\n<p>A 2\u00aa Vara Criminal de Rio Bonito, na Regi\u00e3o Metropolitana do Rio de Janeiro, decidiu, em 23 de mar\u00e7o, que Adriana Ferreira Almeida, conhecida como a \u201cVi\u00fava da Mega-Sena\u201d, \u00e9 \u201cindigna\u201d de receber a heran\u00e7a do ex-marido Ren\u00ea Senna, morto em 2007.<\/p>\n\n\n\n<p>Adriana foi condenada a 20 anos de pris\u00e3o por ser mandante do assassinato do marido, e por isso a Justi\u00e7a entedeu que ela n\u00e3o era digna do dinheiro. A a\u00e7\u00e3o foi movida pela filha de Ren\u00ea, Renata Almeida Sena, pedindo a exclus\u00e3o de Adriana da sucess\u00e3o (recebimento de heran\u00e7a) do pai.<\/p>\n\n\n\n<p>\u201c\u2018S\u00e3o exclu\u00eddos da sucess\u00e3o os herdeiros ou legat\u00e1rios que houverem sido autores, co-autores ou part\u00edcipes de homic\u00eddio doloso, ou tentativa deste, contra a pessoa de cuja sucess\u00e3o se tratar, seu c\u00f4njuge, companheiro, ascendente ou descendente\u2019. A indignidade constitui verdadeira san\u00e7\u00e3o civil aplicada a quem praticou condutas indevidas para com o autor da heran\u00e7a, gerando a perda do direito subjetivo de recebimento da parcela do patrim\u00f4nio a que faria jus\u201d, afirma um trecho da decis\u00e3o do juiz Pedro Amorim Gotlib Pilderwasser.<\/p>\n\n\n\n<p>Em outro parte de sua decis\u00e3o, o juiz destaca que \u201co direito sucess\u00f3rio se fundamenta na rela\u00e7\u00e3o de solidariedade e nos v\u00ednculos de sangue e de afeto existentes entre o autor da heran\u00e7a e seus sucessores, raz\u00e3o pela qual, por absoluta incompatibilidade com o primado da justi\u00e7a e com o princ\u00edpio da solidariedade, paradigmas \u00ednsitos \u00e0 ordem constitucional, a lei impede que aquele que atenta contra a vida do titular da heran\u00e7a venha a beneficiar-se com o recebimento do acervo heredit\u00e1rio\u201d.<\/p>\n\n\n\n<p>O juiz tamb\u00e9m condenou Adriana ao pagamento das custas processuais e honor\u00e1rios de sucumb\u00eancia de 10% sobre o valor atualizado da causa.<\/p>\n\n\n\n<p>Condenada a 20 anos de pris\u00e3o em 2016, Adriana s\u00f3 foi presa em 2018, onze anos ap\u00f3s o crime. A ex-cabeleireira foi acusada de mandar matar o companheiro, o ex-lavrador Renn\u00e9 Senna. O crime ocorreu em 2007, dois anos depois de Ren\u00e9 ter ganhado R$ 52 milh\u00f5es de reais na Mega-Sena.<\/p>\n\n\n\n<p>O homem foi morto com quatro tiros em um bar de&nbsp;<strong>Rio Bonito<\/strong>. Os dois autores do assassinato foram identificados e condenados a dezoito anos de pris\u00e3o.<\/p>\n\n\n\n<p>Fonte Yahoo Noticias<\/p>\n","protected":false},"excerpt":{"rendered":"<p>A 2\u00aa Vara Criminal de Rio Bonito, na Regi\u00e3o Metropolitana do Rio de Janeiro, decidiu,&#8230;<\/p>\n","protected":false},"author":5,"featured_media":1156,"comment_status":"open","ping_status":"open","sticky":false,"template":"","format":"standard","meta":{"footnotes":""},"categories":[34],"tags":[260,44,261],"class_list":["post-1155","post","type-post","status-publish","format-standard","has-post-thumbnail","hentry","category-musica","tag-mega-sena","tag-policia-2","tag-viuva"],"yoast_head":"<!-- This site is optimized with the Yoast SEO plugin v24.4 - https:\/\/yoast.com\/wordpress\/plugins\/seo\/ -->\n<title>\u2018Vi\u00fava da Mega-Sena\u2019 \u00e9 \u2018indigna\u2019 de receber heran\u00e7a, alega Justi\u00e7a - Not\u00edcias de Todos - Models01<\/title>\n<meta name=\"robots\" content=\"index, follow, max-snippet:-1, max-image-preview:large, max-video-preview:-1\" \/>\n<link rel=\"canonical\" href=\"https:\/\/markd.com.br\/models\/viuva-da-mega-sena-e-indigna-de-receber-heranca-alega-justica\/\" \/>\n<meta property=\"og:locale\" content=\"pt_BR\" \/>\n<meta property=\"og:type\" content=\"article\" \/>\n<meta property=\"og:title\" content=\"\u2018Vi\u00fava da Mega-Sena\u2019 \u00e9 \u2018indigna\u2019 de receber heran\u00e7a, alega Justi\u00e7a - Not\u00edcias de Todos - Models01\" \/>\n<meta property=\"og:description\" content=\"A 2\u00aa Vara Criminal de Rio Bonito, na Regi\u00e3o Metropolitana do Rio de Janeiro, decidiu,...\" \/>\n<meta property=\"og:url\" content=\"https:\/\/markd.com.br\/models\/viuva-da-mega-sena-e-indigna-de-receber-heranca-alega-justica\/\" \/>\n<meta property=\"og:site_name\" content=\"Not\u00edcias de Todos - Models01\" \/>\n<meta property=\"article:published_time\" content=\"2022-04-04T23:11:50+00:00\" \/>\n<meta property=\"article:modified_time\" content=\"2022-04-04T23:11:55+00:00\" \/>\n<meta property=\"og:image\" content=\"https:\/\/markd.com.br\/models\/wp-content\/uploads\/2022\/04\/cb4aab90-b429-11ec-9bf3-96acb18d881f-640x445-1.jpg\" \/>\n\t<meta property=\"og:image:width\" content=\"640\" \/>\n\t<meta property=\"og:image:height\" content=\"445\" \/>\n\t<meta property=\"og:image:type\" content=\"image\/jpeg\" \/>\n<meta name=\"author\" content=\"Reda\u00e7\u00e3o Reda\u00e7\u00e3o\" \/>\n<meta name=\"twitter:card\" content=\"summary_large_image\" \/>\n<meta name=\"twitter:label1\" content=\"Escrito por\" \/>\n\t<meta name=\"twitter:data1\" content=\"Reda\u00e7\u00e3o Reda\u00e7\u00e3o\" \/>\n\t<meta name=\"twitter:label2\" content=\"Est. tempo de leitura\" \/>\n\t<meta name=\"twitter:data2\" content=\"2 minutos\" \/>\n<script type=\"application\/ld+json\" class=\"yoast-schema-graph\">{\"@context\":\"https:\/\/schema.org\",\"@graph\":[{\"@type\":\"WebPage\",\"@id\":\"https:\/\/markd.com.br\/models\/viuva-da-mega-sena-e-indigna-de-receber-heranca-alega-justica\/\",\"url\":\"https:\/\/markd.com.br\/models\/viuva-da-mega-sena-e-indigna-de-receber-heranca-alega-justica\/\",\"name\":\"\u2018Vi\u00fava da Mega-Sena\u2019 \u00e9 \u2018indigna\u2019 de receber heran\u00e7a, alega Justi\u00e7a - Not\u00edcias de Todos - Models01\",\"isPartOf\":{\"@id\":\"https:\/\/markd.com.br\/models\/#website\"},\"primaryImageOfPage\":{\"@id\":\"https:\/\/markd.com.br\/models\/viuva-da-mega-sena-e-indigna-de-receber-heranca-alega-justica\/#primaryimage\"},\"image\":{\"@id\":\"https:\/\/markd.com.br\/models\/viuva-da-mega-sena-e-indigna-de-receber-heranca-alega-justica\/#primaryimage\"},\"thumbnailUrl\":\"https:\/\/markd.com.br\/models\/wp-content\/uploads\/2022\/04\/cb4aab90-b429-11ec-9bf3-96acb18d881f-640x445-1.jpg\",\"datePublished\":\"2022-04-04T23:11:50+00:00\",\"dateModified\":\"2022-04-04T23:11:55+00:00\",\"author\":{\"@id\":\"https:\/\/markd.com.br\/models\/#\/schema\/person\/c12a77ab487a7262d8bec3c47301ad37\"},\"breadcrumb\":{\"@id\":\"https:\/\/markd.com.br\/models\/viuva-da-mega-sena-e-indigna-de-receber-heranca-alega-justica\/#breadcrumb\"},\"inLanguage\":\"pt-BR\",\"potentialAction\":[{\"@type\":\"ReadAction\",\"target\":[\"https:\/\/markd.com.br\/models\/viuva-da-mega-sena-e-indigna-de-receber-heranca-alega-justica\/\"]}]},{\"@type\":\"ImageObject\",\"inLanguage\":\"pt-BR\",\"@id\":\"https:\/\/markd.com.br\/models\/viuva-da-mega-sena-e-indigna-de-receber-heranca-alega-justica\/#primaryimage\",\"url\":\"https:\/\/markd.com.br\/models\/wp-content\/uploads\/2022\/04\/cb4aab90-b429-11ec-9bf3-96acb18d881f-640x445-1.jpg\",\"contentUrl\":\"https:\/\/markd.com.br\/models\/wp-content\/uploads\/2022\/04\/cb4aab90-b429-11ec-9bf3-96acb18d881f-640x445-1.jpg\",\"width\":640,\"height\":445},{\"@type\":\"BreadcrumbList\",\"@id\":\"https:\/\/markd.com.br\/models\/viuva-da-mega-sena-e-indigna-de-receber-heranca-alega-justica\/#breadcrumb\",\"itemListElement\":[{\"@type\":\"ListItem\",\"position\":1,\"name\":\"In\u00edcio\",\"item\":\"https:\/\/markd.com.br\/models\/\"},{\"@type\":\"ListItem\",\"position\":2,\"name\":\"\u2018Vi\u00fava da Mega-Sena\u2019 \u00e9 \u2018indigna\u2019 de receber heran\u00e7a, alega Justi\u00e7a\"}]},{\"@type\":\"WebSite\",\"@id\":\"https:\/\/markd.com.br\/models\/#website\",\"url\":\"https:\/\/markd.com.br\/models\/\",\"name\":\"Not\u00edcias de Todos - Models01\",\"description\":\"Tenha um Portal de Not\u00edcias Moderno, Din\u00e2mico, R\u00e1pido e Profissional. Entregamos seu Site de  Not\u00edcias Pronto, Instalado, Hospedado, com Manual Passo a Passo e Suporte 24 horas.\",\"potentialAction\":[{\"@type\":\"SearchAction\",\"target\":{\"@type\":\"EntryPoint\",\"urlTemplate\":\"https:\/\/markd.com.br\/models\/?s={search_term_string}\"},\"query-input\":{\"@type\":\"PropertyValueSpecification\",\"valueRequired\":true,\"valueName\":\"search_term_string\"}}],\"inLanguage\":\"pt-BR\"},{\"@type\":\"Person\",\"@id\":\"https:\/\/markd.com.br\/models\/#\/schema\/person\/c12a77ab487a7262d8bec3c47301ad37\",\"name\":\"Reda\u00e7\u00e3o Reda\u00e7\u00e3o\",\"image\":{\"@type\":\"ImageObject\",\"inLanguage\":\"pt-BR\",\"@id\":\"https:\/\/markd.com.br\/models\/#\/schema\/person\/image\/\",\"url\":\"https:\/\/secure.gravatar.com\/avatar\/9448f3599ce269febf169e183039b4a6?s=96&d=mm&r=g\",\"contentUrl\":\"https:\/\/secure.gravatar.com\/avatar\/9448f3599ce269febf169e183039b4a6?s=96&d=mm&r=g\",\"caption\":\"Reda\u00e7\u00e3o Reda\u00e7\u00e3o\"},\"sameAs\":[\"https:\/\/markd.com.br\/\"],\"url\":\"https:\/\/markd.com.br\/models\/author\/redacao\/\"}]}<\/script>\n<!-- \/ Yoast SEO plugin. -->","yoast_head_json":{"title":"\u2018Vi\u00fava da Mega-Sena\u2019 \u00e9 \u2018indigna\u2019 de receber heran\u00e7a, alega Justi\u00e7a - Not\u00edcias de Todos - Models01","robots":{"index":"index","follow":"follow","max-snippet":"max-snippet:-1","max-image-preview":"max-image-preview:large","max-video-preview":"max-video-preview:-1"},"canonical":"https:\/\/markd.com.br\/models\/viuva-da-mega-sena-e-indigna-de-receber-heranca-alega-justica\/","og_locale":"pt_BR","og_type":"article","og_title":"\u2018Vi\u00fava da Mega-Sena\u2019 \u00e9 \u2018indigna\u2019 de receber heran\u00e7a, alega Justi\u00e7a - Not\u00edcias de Todos - Models01","og_description":"A 2\u00aa Vara Criminal de Rio Bonito, na Regi\u00e3o Metropolitana do Rio de Janeiro, decidiu,...","og_url":"https:\/\/markd.com.br\/models\/viuva-da-mega-sena-e-indigna-de-receber-heranca-alega-justica\/","og_site_name":"Not\u00edcias de Todos - Models01","article_published_time":"2022-04-04T23:11:50+00:00","article_modified_time":"2022-04-04T23:11:55+00:00","og_image":[{"width":640,"height":445,"url":"https:\/\/markd.com.br\/models\/wp-content\/uploads\/2022\/04\/cb4aab90-b429-11ec-9bf3-96acb18d881f-640x445-1.jpg","type":"image\/jpeg"}],"author":"Reda\u00e7\u00e3o Reda\u00e7\u00e3o","twitter_card":"summary_large_image","twitter_misc":{"Escrito por":"Reda\u00e7\u00e3o Reda\u00e7\u00e3o","Est. tempo de leitura":"2 minutos"},"schema":{"@context":"https:\/\/schema.org","@graph":[{"@type":"WebPage","@id":"https:\/\/markd.com.br\/models\/viuva-da-mega-sena-e-indigna-de-receber-heranca-alega-justica\/","url":"https:\/\/markd.com.br\/models\/viuva-da-mega-sena-e-indigna-de-receber-heranca-alega-justica\/","name":"\u2018Vi\u00fava da Mega-Sena\u2019 \u00e9 \u2018indigna\u2019 de receber heran\u00e7a, alega Justi\u00e7a - Not\u00edcias de Todos - Models01","isPartOf":{"@id":"https:\/\/markd.com.br\/models\/#website"},"primaryImageOfPage":{"@id":"https:\/\/markd.com.br\/models\/viuva-da-mega-sena-e-indigna-de-receber-heranca-alega-justica\/#primaryimage"},"image":{"@id":"https:\/\/markd.com.br\/models\/viuva-da-mega-sena-e-indigna-de-receber-heranca-alega-justica\/#primaryimage"},"thumbnailUrl":"https:\/\/markd.com.br\/models\/wp-content\/uploads\/2022\/04\/cb4aab90-b429-11ec-9bf3-96acb18d881f-640x445-1.jpg","datePublished":"2022-04-04T23:11:50+00:00","dateModified":"2022-04-04T23:11:55+00:00","author":{"@id":"https:\/\/markd.com.br\/models\/#\/schema\/person\/c12a77ab487a7262d8bec3c47301ad37"},"breadcrumb":{"@id":"https:\/\/markd.com.br\/models\/viuva-da-mega-sena-e-indigna-de-receber-heranca-alega-justica\/#breadcrumb"},"inLanguage":"pt-BR","potentialAction":[{"@type":"ReadAction","target":["https:\/\/markd.com.br\/models\/viuva-da-mega-sena-e-indigna-de-receber-heranca-alega-justica\/"]}]},{"@type":"ImageObject","inLanguage":"pt-BR","@id":"https:\/\/markd.com.br\/models\/viuva-da-mega-sena-e-indigna-de-receber-heranca-alega-justica\/#primaryimage","url":"https:\/\/markd.com.br\/models\/wp-content\/uploads\/2022\/04\/cb4aab90-b429-11ec-9bf3-96acb18d881f-640x445-1.jpg","contentUrl":"https:\/\/markd.com.br\/models\/wp-content\/uploads\/2022\/04\/cb4aab90-b429-11ec-9bf3-96acb18d881f-640x445-1.jpg","width":640,"height":445},{"@type":"BreadcrumbList","@id":"https:\/\/markd.com.br\/models\/viuva-da-mega-sena-e-indigna-de-receber-heranca-alega-justica\/#breadcrumb","itemListElement":[{"@type":"ListItem","position":1,"name":"In\u00edcio","item":"https:\/\/markd.com.br\/models\/"},{"@type":"ListItem","position":2,"name":"\u2018Vi\u00fava da Mega-Sena\u2019 \u00e9 \u2018indigna\u2019 de receber heran\u00e7a, alega Justi\u00e7a"}]},{"@type":"WebSite","@id":"https:\/\/markd.com.br\/models\/#website","url":"https:\/\/markd.com.br\/models\/","name":"Not\u00edcias de Todos - Models01","description":"Tenha um Portal de Not\u00edcias Moderno, Din\u00e2mico, R\u00e1pido e Profissional. Entregamos seu Site de  Not\u00edcias Pronto, Instalado, Hospedado, com Manual Passo a Passo e Suporte 24 horas.","potentialAction":[{"@type":"SearchAction","target":{"@type":"EntryPoint","urlTemplate":"https:\/\/markd.com.br\/models\/?s={search_term_string}"},"query-input":{"@type":"PropertyValueSpecification","valueRequired":true,"valueName":"search_term_string"}}],"inLanguage":"pt-BR"},{"@type":"Person","@id":"https:\/\/markd.com.br\/models\/#\/schema\/person\/c12a77ab487a7262d8bec3c47301ad37","name":"Reda\u00e7\u00e3o Reda\u00e7\u00e3o","image":{"@type":"ImageObject","inLanguage":"pt-BR","@id":"https:\/\/markd.com.br\/models\/#\/schema\/person\/image\/","url":"https:\/\/secure.gravatar.com\/avatar\/9448f3599ce269febf169e183039b4a6?s=96&d=mm&r=g","contentUrl":"https:\/\/secure.gravatar.com\/avatar\/9448f3599ce269febf169e183039b4a6?s=96&d=mm&r=g","caption":"Reda\u00e7\u00e3o Reda\u00e7\u00e3o"},"sameAs":["https:\/\/markd.com.br\/"],"url":"https:\/\/markd.com.br\/models\/author\/redacao\/"}]}},"featured_image_urls":{"full":["https:\/\/markd.com.br\/models\/wp-content\/uploads\/2022\/04\/cb4aab90-b429-11ec-9bf3-96acb18d881f-640x445-1.jpg",640,445,false],"thumbnail":["https:\/\/markd.com.br\/models\/wp-content\/uploads\/2022\/04\/cb4aab90-b429-11ec-9bf3-96acb18d881f-640x445-1-150x150.jpg",150,150,true],"medium":["https:\/\/markd.com.br\/models\/wp-content\/uploads\/2022\/04\/cb4aab90-b429-11ec-9bf3-96acb18d881f-640x445-1-300x209.jpg",300,209,true],"medium_large":["https:\/\/markd.com.br\/models\/wp-content\/uploads\/2022\/04\/cb4aab90-b429-11ec-9bf3-96acb18d881f-640x445-1.jpg",640,445,false],"large":["https:\/\/markd.com.br\/models\/wp-content\/uploads\/2022\/04\/cb4aab90-b429-11ec-9bf3-96acb18d881f-640x445-1.jpg",640,445,false],"1536x1536":["https:\/\/markd.com.br\/models\/wp-content\/uploads\/2022\/04\/cb4aab90-b429-11ec-9bf3-96acb18d881f-640x445-1.jpg",640,445,false],"2048x2048":["https:\/\/markd.com.br\/models\/wp-content\/uploads\/2022\/04\/cb4aab90-b429-11ec-9bf3-96acb18d881f-640x445-1.jpg",640,445,false],"newsphere-slider-full":["https:\/\/markd.com.br\/models\/wp-content\/uploads\/2022\/04\/cb4aab90-b429-11ec-9bf3-96acb18d881f-640x445-1.jpg",640,445,false],"newsphere-featured":["https:\/\/markd.com.br\/models\/wp-content\/uploads\/2022\/04\/cb4aab90-b429-11ec-9bf3-96acb18d881f-640x445-1.jpg",640,445,false],"newsphere-medium":["https:\/\/markd.com.br\/models\/wp-content\/uploads\/2022\/04\/cb4aab90-b429-11ec-9bf3-96acb18d881f-640x445-1-640x380.jpg",640,380,true]},"author_info":{"display_name":"Reda\u00e7\u00e3o Reda\u00e7\u00e3o","author_link":"https:\/\/markd.com.br\/models\/author\/redacao\/"},"category_info":"<a href=\"https:\/\/markd.com.br\/models\/category\/musica\/\" rel=\"category tag\">Pol\u00edcia<\/a>","tag_info":"Pol\u00edcia","comment_count":"0","jetpack_featured_media_url":"https:\/\/markd.com.br\/models\/wp-content\/uploads\/2022\/04\/cb4aab90-b429-11ec-9bf3-96acb18d881f-640x445-1.jpg","_links":{"self":[{"href":"https:\/\/markd.com.br\/models\/wp-json\/wp\/v2\/posts\/1155","targetHints":{"allow":["GET"]}}],"collection":[{"href":"https:\/\/markd.com.br\/models\/wp-json\/wp\/v2\/posts"}],"about":[{"href":"https:\/\/markd.com.br\/models\/wp-json\/wp\/v2\/types\/post"}],"author":[{"embeddable":true,"href":"https:\/\/markd.com.br\/models\/wp-json\/wp\/v2\/users\/5"}],"replies":[{"embeddable":true,"href":"https:\/\/markd.com.br\/models\/wp-json\/wp\/v2\/comments?post=1155"}],"version-history":[{"count":1,"href":"https:\/\/markd.com.br\/models\/wp-json\/wp\/v2\/posts\/1155\/revisions"}],"predecessor-version":[{"id":1157,"href":"https:\/\/markd.com.br\/models\/wp-json\/wp\/v2\/posts\/1155\/revisions\/1157"}],"wp:featuredmedia":[{"embeddable":true,"href":"https:\/\/markd.com.br\/models\/wp-json\/wp\/v2\/media\/1156"}],"wp:attachment":[{"href":"https:\/\/markd.com.br\/models\/wp-json\/wp\/v2\/media?parent=1155"}],"wp:term":[{"taxonomy":"category","embeddable":true,"href":"https:\/\/markd.com.br\/models\/wp-json\/wp\/v2\/categories?post=1155"},{"taxonomy":"post_tag","embeddable":true,"href":"https:\/\/markd.com.br\/models\/wp-json\/wp\/v2\/tags?post=1155"}],"curies":[{"name":"wp","href":"https:\/\/api.w.org\/{rel}","templated":true}]}}