{"id":1168,"date":"2022-04-04T21:11:01","date_gmt":"2022-04-05T00:11:01","guid":{"rendered":"https:\/\/portaldestaquenoticias.com.br\/?p=1168"},"modified":"2022-04-04T21:11:06","modified_gmt":"2022-04-05T00:11:06","slug":"governo-do-amazonas-encerra-inscricoes-para-concurso-do-detran-na-quarta-feira-06-04","status":"publish","type":"post","link":"https:\/\/markd.com.br\/models\/governo-do-amazonas-encerra-inscricoes-para-concurso-do-detran-na-quarta-feira-06-04\/","title":{"rendered":"Governo do Amazonas encerra inscri\u00e7\u00f5es para concurso do Detran na quarta-feira (06\/04)"},"content":{"rendered":"\n<p><\/p>\n\n\n\n<p>Pagamento poder\u00e1 ser efetuado at\u00e9 a quinta-feira (07\/04)<\/p>\n\n\n\n<p>Os interessados em participar do concurso do Departamento Estadual de Tr\u00e2nsito do Amazonas (Detran-AM) t\u00eam at\u00e9 a quarta-feira (06\/04) para realizar sua inscri\u00e7\u00e3o no certame do \u00f3rg\u00e3o.<\/p>\n\n\n\n<p>Ser\u00e3o ofertadas 183 vagas, sendo 60 para cargos de n\u00edvel m\u00e9dio e 123 para n\u00edvel superior. O prazo para se candidatar a uma vaga vai at\u00e9 as 22h da quarta-feira.<\/p>\n\n\n\n<p>A taxa de inscri\u00e7\u00e3o \u00e9 de R$ 65, para os cargos de n\u00edvel m\u00e9dio, e de R$ 75, para os de n\u00edvel superior. Os sal\u00e1rios iniciais variam de R$ 2.300 (n\u00edvel m\u00e9dio) a R$ 5.500 (n\u00edvel superior). Os candidatos que ir\u00e3o realizar suas inscri\u00e7\u00f5es no \u00faltimo dia ter\u00e3o at\u00e9 a quinta-feira (07\/04) para efetuar o pagamento do boleto.<\/p>\n\n\n\n<p>O edital e as inscri\u00e7\u00f5es est\u00e3o dispon\u00edveis no site do Instituto Brasileiro de Forma\u00e7\u00e3o e Capacita\u00e7\u00e3o (IBFC), no endere\u00e7o www.ibfc.org.br.<\/p>\n\n\n\n<p>Vagas \u2013 Para o n\u00edvel m\u00e9dio ser\u00e3o disponibilizadas vagas para T\u00e9cnico Administrativo (40), T\u00e9cnico de Inform\u00e1tica (10) e T\u00e9cnico Vistoriador de Ve\u00edculos (10).<\/p>\n\n\n\n<p>No n\u00edvel superior, as vagas dispon\u00edveis s\u00e3o para Administrador (3), Agentes de Tr\u00e2nsito (55), Analista de Sistema de Informa\u00e7\u00e3o (3), Analista Jur\u00eddico (4), Arquiteto (1), Arquivista (1), Assistente Social (1), Comunica\u00e7\u00e3o Social (1), Contador (2), Designer (1), Economista (1), Engenheiro com Especializa\u00e7\u00e3o em Tr\u00e2nsito (1), Estat\u00edstico (1), Examinador de Tr\u00e2nsito \u2013 CNH Categoria AB (7), Examinador de Tr\u00e2nsito \u2013 CNH Categoria AD (23), Examinador de Tr\u00e2nsito \u2013 CNH Categoria AE (10), M\u00e9dico com Especializa\u00e7\u00e3o em Medicina de, Tr\u00e1fego ou Per\u00edcia de Tr\u00e2nsito (2), Pedagogo (1), Perito de Acidente de Tr\u00e2nsito (3) e Psic\u00f3logo com Especializa\u00e7\u00e3o em Tr\u00e2nsito (2).<\/p>\n\n\n\n<p>Procura \u2013 At\u00e9 o momento os cargos mais procurados para realizar as inscri\u00e7\u00f5es s\u00e3o T\u00e9cnico Administrativo, T\u00e9cnico Vistoriador de Ve\u00edculos e Agente de Tr\u00e2nsito. Os que tiveram baixas procuras s\u00e3o para Engenheiro com Especializa\u00e7\u00e3o em Tr\u00e2nsito, Estat\u00edstico e M\u00e9dico com Especializa\u00e7\u00e3o em Medicina de Tr\u00e1fego ou Per\u00edcia de Tr\u00e2nsito.<\/p>\n\n\n\n<p>FOTO: Divulga\u00e7\u00e3o\/Detran<\/p>\n\n\n\n<p>Informa\u00e7\u00f5es para a imprensa: Assessoria de Comunica\u00e7\u00e3o do Departamento Estadual de Tr\u00e2nsito do Amazonas (Detran-AM): M\u00e1rcio Azevedo (98188-1798) e Marinalva Marinho (98112-2245).<\/p>\n","protected":false},"excerpt":{"rendered":"<p>Pagamento poder\u00e1 ser efetuado at\u00e9 a quinta-feira (07\/04) Os interessados em participar do concurso do&#8230;<\/p>\n","protected":false},"author":5,"featured_media":1169,"comment_status":"open","ping_status":"open","sticky":false,"template":"","format":"standard","meta":{"footnotes":""},"categories":[51],"tags":[271,269,270],"class_list":["post-1168","post","type-post","status-publish","format-standard","has-post-thumbnail","hentry","category-governo-do-amazonas","tag-concurso","tag-detran","tag-governo"],"yoast_head":"<!-- This site is optimized with the Yoast SEO plugin v24.4 - https:\/\/yoast.com\/wordpress\/plugins\/seo\/ -->\n<title>Governo do Amazonas encerra inscri\u00e7\u00f5es para concurso do Detran na quarta-feira (06\/04) - Not\u00edcias de Todos - Models01<\/title>\n<meta name=\"robots\" content=\"index, follow, max-snippet:-1, max-image-preview:large, max-video-preview:-1\" \/>\n<link rel=\"canonical\" href=\"https:\/\/markd.com.br\/models\/governo-do-amazonas-encerra-inscricoes-para-concurso-do-detran-na-quarta-feira-06-04\/\" \/>\n<meta property=\"og:locale\" content=\"pt_BR\" \/>\n<meta property=\"og:type\" content=\"article\" \/>\n<meta property=\"og:title\" content=\"Governo do Amazonas encerra inscri\u00e7\u00f5es para concurso do Detran na quarta-feira (06\/04) - Not\u00edcias de Todos - Models01\" \/>\n<meta property=\"og:description\" content=\"Pagamento poder\u00e1 ser efetuado at\u00e9 a quinta-feira (07\/04) Os interessados em participar do concurso do...\" \/>\n<meta property=\"og:url\" content=\"https:\/\/markd.com.br\/models\/governo-do-amazonas-encerra-inscricoes-para-concurso-do-detran-na-quarta-feira-06-04\/\" \/>\n<meta property=\"og:site_name\" content=\"Not\u00edcias de Todos - Models01\" \/>\n<meta property=\"article:published_time\" content=\"2022-04-05T00:11:01+00:00\" \/>\n<meta property=\"article:modified_time\" content=\"2022-04-05T00:11:06+00:00\" \/>\n<meta property=\"og:image\" content=\"https:\/\/markd.com.br\/models\/wp-content\/uploads\/2022\/04\/219919a1-fc56-432c-b650-94abf64448c6-650x445-1.jpg\" \/>\n\t<meta property=\"og:image:width\" content=\"650\" \/>\n\t<meta property=\"og:image:height\" content=\"445\" \/>\n\t<meta property=\"og:image:type\" content=\"image\/jpeg\" \/>\n<meta name=\"author\" content=\"Reda\u00e7\u00e3o Reda\u00e7\u00e3o\" \/>\n<meta name=\"twitter:card\" content=\"summary_large_image\" \/>\n<meta name=\"twitter:label1\" content=\"Escrito por\" \/>\n\t<meta name=\"twitter:data1\" content=\"Reda\u00e7\u00e3o Reda\u00e7\u00e3o\" \/>\n\t<meta name=\"twitter:label2\" content=\"Est. tempo de leitura\" \/>\n\t<meta name=\"twitter:data2\" content=\"2 minutos\" \/>\n<script type=\"application\/ld+json\" class=\"yoast-schema-graph\">{\"@context\":\"https:\/\/schema.org\",\"@graph\":[{\"@type\":\"WebPage\",\"@id\":\"https:\/\/markd.com.br\/models\/governo-do-amazonas-encerra-inscricoes-para-concurso-do-detran-na-quarta-feira-06-04\/\",\"url\":\"https:\/\/markd.com.br\/models\/governo-do-amazonas-encerra-inscricoes-para-concurso-do-detran-na-quarta-feira-06-04\/\",\"name\":\"Governo do Amazonas encerra inscri\u00e7\u00f5es para concurso do Detran na quarta-feira (06\/04) - Not\u00edcias de Todos - Models01\",\"isPartOf\":{\"@id\":\"https:\/\/markd.com.br\/models\/#website\"},\"primaryImageOfPage\":{\"@id\":\"https:\/\/markd.com.br\/models\/governo-do-amazonas-encerra-inscricoes-para-concurso-do-detran-na-quarta-feira-06-04\/#primaryimage\"},\"image\":{\"@id\":\"https:\/\/markd.com.br\/models\/governo-do-amazonas-encerra-inscricoes-para-concurso-do-detran-na-quarta-feira-06-04\/#primaryimage\"},\"thumbnailUrl\":\"https:\/\/markd.com.br\/models\/wp-content\/uploads\/2022\/04\/219919a1-fc56-432c-b650-94abf64448c6-650x445-1.jpg\",\"datePublished\":\"2022-04-05T00:11:01+00:00\",\"dateModified\":\"2022-04-05T00:11:06+00:00\",\"author\":{\"@id\":\"https:\/\/markd.com.br\/models\/#\/schema\/person\/c12a77ab487a7262d8bec3c47301ad37\"},\"breadcrumb\":{\"@id\":\"https:\/\/markd.com.br\/models\/governo-do-amazonas-encerra-inscricoes-para-concurso-do-detran-na-quarta-feira-06-04\/#breadcrumb\"},\"inLanguage\":\"pt-BR\",\"potentialAction\":[{\"@type\":\"ReadAction\",\"target\":[\"https:\/\/markd.com.br\/models\/governo-do-amazonas-encerra-inscricoes-para-concurso-do-detran-na-quarta-feira-06-04\/\"]}]},{\"@type\":\"ImageObject\",\"inLanguage\":\"pt-BR\",\"@id\":\"https:\/\/markd.com.br\/models\/governo-do-amazonas-encerra-inscricoes-para-concurso-do-detran-na-quarta-feira-06-04\/#primaryimage\",\"url\":\"https:\/\/markd.com.br\/models\/wp-content\/uploads\/2022\/04\/219919a1-fc56-432c-b650-94abf64448c6-650x445-1.jpg\",\"contentUrl\":\"https:\/\/markd.com.br\/models\/wp-content\/uploads\/2022\/04\/219919a1-fc56-432c-b650-94abf64448c6-650x445-1.jpg\",\"width\":650,\"height\":445},{\"@type\":\"BreadcrumbList\",\"@id\":\"https:\/\/markd.com.br\/models\/governo-do-amazonas-encerra-inscricoes-para-concurso-do-detran-na-quarta-feira-06-04\/#breadcrumb\",\"itemListElement\":[{\"@type\":\"ListItem\",\"position\":1,\"name\":\"In\u00edcio\",\"item\":\"https:\/\/markd.com.br\/models\/\"},{\"@type\":\"ListItem\",\"position\":2,\"name\":\"Governo do Amazonas encerra inscri\u00e7\u00f5es para concurso do Detran na quarta-feira (06\/04)\"}]},{\"@type\":\"WebSite\",\"@id\":\"https:\/\/markd.com.br\/models\/#website\",\"url\":\"https:\/\/markd.com.br\/models\/\",\"name\":\"Not\u00edcias de Todos - Models01\",\"description\":\"Tenha um Portal de Not\u00edcias Moderno, Din\u00e2mico, R\u00e1pido e Profissional. Entregamos seu Site de  Not\u00edcias Pronto, Instalado, Hospedado, com Manual Passo a Passo e Suporte 24 horas.\",\"potentialAction\":[{\"@type\":\"SearchAction\",\"target\":{\"@type\":\"EntryPoint\",\"urlTemplate\":\"https:\/\/markd.com.br\/models\/?s={search_term_string}\"},\"query-input\":{\"@type\":\"PropertyValueSpecification\",\"valueRequired\":true,\"valueName\":\"search_term_string\"}}],\"inLanguage\":\"pt-BR\"},{\"@type\":\"Person\",\"@id\":\"https:\/\/markd.com.br\/models\/#\/schema\/person\/c12a77ab487a7262d8bec3c47301ad37\",\"name\":\"Reda\u00e7\u00e3o Reda\u00e7\u00e3o\",\"image\":{\"@type\":\"ImageObject\",\"inLanguage\":\"pt-BR\",\"@id\":\"https:\/\/markd.com.br\/models\/#\/schema\/person\/image\/\",\"url\":\"https:\/\/secure.gravatar.com\/avatar\/9448f3599ce269febf169e183039b4a6?s=96&d=mm&r=g\",\"contentUrl\":\"https:\/\/secure.gravatar.com\/avatar\/9448f3599ce269febf169e183039b4a6?s=96&d=mm&r=g\",\"caption\":\"Reda\u00e7\u00e3o Reda\u00e7\u00e3o\"},\"sameAs\":[\"https:\/\/markd.com.br\/\"],\"url\":\"https:\/\/markd.com.br\/models\/author\/redacao\/\"}]}<\/script>\n<!-- \/ Yoast SEO plugin. -->","yoast_head_json":{"title":"Governo do Amazonas encerra inscri\u00e7\u00f5es para concurso do Detran na quarta-feira (06\/04) - Not\u00edcias de Todos - Models01","robots":{"index":"index","follow":"follow","max-snippet":"max-snippet:-1","max-image-preview":"max-image-preview:large","max-video-preview":"max-video-preview:-1"},"canonical":"https:\/\/markd.com.br\/models\/governo-do-amazonas-encerra-inscricoes-para-concurso-do-detran-na-quarta-feira-06-04\/","og_locale":"pt_BR","og_type":"article","og_title":"Governo do Amazonas encerra inscri\u00e7\u00f5es para concurso do Detran na quarta-feira (06\/04) - Not\u00edcias de Todos - Models01","og_description":"Pagamento poder\u00e1 ser efetuado at\u00e9 a quinta-feira (07\/04) Os interessados em participar do concurso do...","og_url":"https:\/\/markd.com.br\/models\/governo-do-amazonas-encerra-inscricoes-para-concurso-do-detran-na-quarta-feira-06-04\/","og_site_name":"Not\u00edcias de Todos - Models01","article_published_time":"2022-04-05T00:11:01+00:00","article_modified_time":"2022-04-05T00:11:06+00:00","og_image":[{"width":650,"height":445,"url":"https:\/\/markd.com.br\/models\/wp-content\/uploads\/2022\/04\/219919a1-fc56-432c-b650-94abf64448c6-650x445-1.jpg","type":"image\/jpeg"}],"author":"Reda\u00e7\u00e3o Reda\u00e7\u00e3o","twitter_card":"summary_large_image","twitter_misc":{"Escrito por":"Reda\u00e7\u00e3o Reda\u00e7\u00e3o","Est. tempo de leitura":"2 minutos"},"schema":{"@context":"https:\/\/schema.org","@graph":[{"@type":"WebPage","@id":"https:\/\/markd.com.br\/models\/governo-do-amazonas-encerra-inscricoes-para-concurso-do-detran-na-quarta-feira-06-04\/","url":"https:\/\/markd.com.br\/models\/governo-do-amazonas-encerra-inscricoes-para-concurso-do-detran-na-quarta-feira-06-04\/","name":"Governo do Amazonas encerra inscri\u00e7\u00f5es para concurso do Detran na quarta-feira (06\/04) - Not\u00edcias de Todos - Models01","isPartOf":{"@id":"https:\/\/markd.com.br\/models\/#website"},"primaryImageOfPage":{"@id":"https:\/\/markd.com.br\/models\/governo-do-amazonas-encerra-inscricoes-para-concurso-do-detran-na-quarta-feira-06-04\/#primaryimage"},"image":{"@id":"https:\/\/markd.com.br\/models\/governo-do-amazonas-encerra-inscricoes-para-concurso-do-detran-na-quarta-feira-06-04\/#primaryimage"},"thumbnailUrl":"https:\/\/markd.com.br\/models\/wp-content\/uploads\/2022\/04\/219919a1-fc56-432c-b650-94abf64448c6-650x445-1.jpg","datePublished":"2022-04-05T00:11:01+00:00","dateModified":"2022-04-05T00:11:06+00:00","author":{"@id":"https:\/\/markd.com.br\/models\/#\/schema\/person\/c12a77ab487a7262d8bec3c47301ad37"},"breadcrumb":{"@id":"https:\/\/markd.com.br\/models\/governo-do-amazonas-encerra-inscricoes-para-concurso-do-detran-na-quarta-feira-06-04\/#breadcrumb"},"inLanguage":"pt-BR","potentialAction":[{"@type":"ReadAction","target":["https:\/\/markd.com.br\/models\/governo-do-amazonas-encerra-inscricoes-para-concurso-do-detran-na-quarta-feira-06-04\/"]}]},{"@type":"ImageObject","inLanguage":"pt-BR","@id":"https:\/\/markd.com.br\/models\/governo-do-amazonas-encerra-inscricoes-para-concurso-do-detran-na-quarta-feira-06-04\/#primaryimage","url":"https:\/\/markd.com.br\/models\/wp-content\/uploads\/2022\/04\/219919a1-fc56-432c-b650-94abf64448c6-650x445-1.jpg","contentUrl":"https:\/\/markd.com.br\/models\/wp-content\/uploads\/2022\/04\/219919a1-fc56-432c-b650-94abf64448c6-650x445-1.jpg","width":650,"height":445},{"@type":"BreadcrumbList","@id":"https:\/\/markd.com.br\/models\/governo-do-amazonas-encerra-inscricoes-para-concurso-do-detran-na-quarta-feira-06-04\/#breadcrumb","itemListElement":[{"@type":"ListItem","position":1,"name":"In\u00edcio","item":"https:\/\/markd.com.br\/models\/"},{"@type":"ListItem","position":2,"name":"Governo do Amazonas encerra inscri\u00e7\u00f5es para concurso do Detran na quarta-feira (06\/04)"}]},{"@type":"WebSite","@id":"https:\/\/markd.com.br\/models\/#website","url":"https:\/\/markd.com.br\/models\/","name":"Not\u00edcias de Todos - Models01","description":"Tenha um Portal de Not\u00edcias Moderno, Din\u00e2mico, R\u00e1pido e Profissional. Entregamos seu Site de  Not\u00edcias Pronto, Instalado, Hospedado, com Manual Passo a Passo e Suporte 24 horas.","potentialAction":[{"@type":"SearchAction","target":{"@type":"EntryPoint","urlTemplate":"https:\/\/markd.com.br\/models\/?s={search_term_string}"},"query-input":{"@type":"PropertyValueSpecification","valueRequired":true,"valueName":"search_term_string"}}],"inLanguage":"pt-BR"},{"@type":"Person","@id":"https:\/\/markd.com.br\/models\/#\/schema\/person\/c12a77ab487a7262d8bec3c47301ad37","name":"Reda\u00e7\u00e3o Reda\u00e7\u00e3o","image":{"@type":"ImageObject","inLanguage":"pt-BR","@id":"https:\/\/markd.com.br\/models\/#\/schema\/person\/image\/","url":"https:\/\/secure.gravatar.com\/avatar\/9448f3599ce269febf169e183039b4a6?s=96&d=mm&r=g","contentUrl":"https:\/\/secure.gravatar.com\/avatar\/9448f3599ce269febf169e183039b4a6?s=96&d=mm&r=g","caption":"Reda\u00e7\u00e3o Reda\u00e7\u00e3o"},"sameAs":["https:\/\/markd.com.br\/"],"url":"https:\/\/markd.com.br\/models\/author\/redacao\/"}]}},"featured_image_urls":{"full":["https:\/\/markd.com.br\/models\/wp-content\/uploads\/2022\/04\/219919a1-fc56-432c-b650-94abf64448c6-650x445-1.jpg",650,445,false],"thumbnail":["https:\/\/markd.com.br\/models\/wp-content\/uploads\/2022\/04\/219919a1-fc56-432c-b650-94abf64448c6-650x445-1-150x150.jpg",150,150,true],"medium":["https:\/\/markd.com.br\/models\/wp-content\/uploads\/2022\/04\/219919a1-fc56-432c-b650-94abf64448c6-650x445-1-300x205.jpg",300,205,true],"medium_large":["https:\/\/markd.com.br\/models\/wp-content\/uploads\/2022\/04\/219919a1-fc56-432c-b650-94abf64448c6-650x445-1.jpg",640,438,false],"large":["https:\/\/markd.com.br\/models\/wp-content\/uploads\/2022\/04\/219919a1-fc56-432c-b650-94abf64448c6-650x445-1.jpg",640,438,false],"1536x1536":["https:\/\/markd.com.br\/models\/wp-content\/uploads\/2022\/04\/219919a1-fc56-432c-b650-94abf64448c6-650x445-1.jpg",650,445,false],"2048x2048":["https:\/\/markd.com.br\/models\/wp-content\/uploads\/2022\/04\/219919a1-fc56-432c-b650-94abf64448c6-650x445-1.jpg",650,445,false],"newsphere-slider-full":["https:\/\/markd.com.br\/models\/wp-content\/uploads\/2022\/04\/219919a1-fc56-432c-b650-94abf64448c6-650x445-1.jpg",650,445,false],"newsphere-featured":["https:\/\/markd.com.br\/models\/wp-content\/uploads\/2022\/04\/219919a1-fc56-432c-b650-94abf64448c6-650x445-1.jpg",650,445,false],"newsphere-medium":["https:\/\/markd.com.br\/models\/wp-content\/uploads\/2022\/04\/219919a1-fc56-432c-b650-94abf64448c6-650x445-1-650x380.jpg",650,380,true]},"author_info":{"display_name":"Reda\u00e7\u00e3o Reda\u00e7\u00e3o","author_link":"https:\/\/markd.com.br\/models\/author\/redacao\/"},"category_info":"<a href=\"https:\/\/markd.com.br\/models\/category\/governo-do-amazonas\/\" rel=\"category tag\">Governo do amazonas<\/a>","tag_info":"Governo do amazonas","comment_count":"0","jetpack_featured_media_url":"https:\/\/markd.com.br\/models\/wp-content\/uploads\/2022\/04\/219919a1-fc56-432c-b650-94abf64448c6-650x445-1.jpg","_links":{"self":[{"href":"https:\/\/markd.com.br\/models\/wp-json\/wp\/v2\/posts\/1168","targetHints":{"allow":["GET"]}}],"collection":[{"href":"https:\/\/markd.com.br\/models\/wp-json\/wp\/v2\/posts"}],"about":[{"href":"https:\/\/markd.com.br\/models\/wp-json\/wp\/v2\/types\/post"}],"author":[{"embeddable":true,"href":"https:\/\/markd.com.br\/models\/wp-json\/wp\/v2\/users\/5"}],"replies":[{"embeddable":true,"href":"https:\/\/markd.com.br\/models\/wp-json\/wp\/v2\/comments?post=1168"}],"version-history":[{"count":1,"href":"https:\/\/markd.com.br\/models\/wp-json\/wp\/v2\/posts\/1168\/revisions"}],"predecessor-version":[{"id":1170,"href":"https:\/\/markd.com.br\/models\/wp-json\/wp\/v2\/posts\/1168\/revisions\/1170"}],"wp:featuredmedia":[{"embeddable":true,"href":"https:\/\/markd.com.br\/models\/wp-json\/wp\/v2\/media\/1169"}],"wp:attachment":[{"href":"https:\/\/markd.com.br\/models\/wp-json\/wp\/v2\/media?parent=1168"}],"wp:term":[{"taxonomy":"category","embeddable":true,"href":"https:\/\/markd.com.br\/models\/wp-json\/wp\/v2\/categories?post=1168"},{"taxonomy":"post_tag","embeddable":true,"href":"https:\/\/markd.com.br\/models\/wp-json\/wp\/v2\/tags?post=1168"}],"curies":[{"name":"wp","href":"https:\/\/api.w.org\/{rel}","templated":true}]}}