{"id":1171,"date":"2022-04-04T21:14:46","date_gmt":"2022-04-05T00:14:46","guid":{"rendered":"https:\/\/portaldestaquenoticias.com.br\/?p=1171"},"modified":"2022-04-04T21:14:51","modified_gmt":"2022-04-05T00:14:51","slug":"veja-video-motoqueiro-e-crianca-sao-arremessados-por-carro-em-alta-velocidade-em-manaus-2","status":"publish","type":"post","link":"https:\/\/markd.com.br\/models\/veja-video-motoqueiro-e-crianca-sao-arremessados-por-carro-em-alta-velocidade-em-manaus-2\/","title":{"rendered":"Veja v\u00eddeo: Motoqueiro e crian\u00e7a s\u00e3o arremessados por carro em alta velocidade em Manaus."},"content":{"rendered":"\n<p><\/p>\n\n\n\n<p>Um homem e um menino de 10 anos que estavam em uma motocicleta, foram atingidos por um carro na rua Alecrim, no bairro Jorge Teixeira, zona leste de Manaus. O acidente aconteceu neste s\u00e1bado (2).<\/p>\n\n\n\n<p>Ambos estavam sem capacetes e ao entrarem na rua foram surpreendidos pelo carro. A colis\u00e3o fez com que o menino girasse no ar antes de cair no ch\u00e3o.<\/p>\n\n\n\n<p>A crian\u00e7a cai desacordada, o homem ainda consegue sentar e checar o menino que possivelmente teria batido a cabe\u00e7a.<\/p>\n\n\n\n<p>Os dois foram socorridos e levados para a unidade de sa\u00fade hospitalar e foram hospitalizados. O estado de sa\u00fade das v\u00edtimas n\u00e3o foi informado.<\/p>\n\n\n\n<p>Moradores do local onde aconteceu o acidente afirmaram que os acidentes na regi\u00e3o s\u00e3o comuns, principalmente pela alta velocidade dos ve\u00edculos na via.<\/p>\n\n\n\n<p>Fonte: Portal do zacarias<video controls=\"\" src=\"https:\/\/portalmancheteam.com.br\/wp-content\/uploads\/2022\/04\/20220404104514whatsapp_video_20220404_at_11.33.43.mp4\"><\/video><video controls=\"\" src=\"https:\/\/portalmancheteam.com.br\/wp-content\/uploads\/2022\/04\/20220404104514whatsapp_video_20220404_at_11.33.43_1.mp4\"><\/video><\/p>\n\n\n\n<ol class=\"wp-block-list\"><li><\/li><\/ol>\n","protected":false},"excerpt":{"rendered":"<p>Um homem e um menino de 10 anos que estavam em uma motocicleta, foram atingidos&#8230;<\/p>\n","protected":false},"author":5,"featured_media":1172,"comment_status":"open","ping_status":"open","sticky":false,"template":"","format":"standard","meta":{"footnotes":""},"categories":[49],"tags":[62,273,272],"class_list":["post-1171","post","type-post","status-publish","format-standard","has-post-thumbnail","hentry","category-destaques","tag-acidente","tag-alta-velocidade","tag-arremessados"],"yoast_head":"<!-- This site is optimized with the Yoast SEO plugin v24.4 - https:\/\/yoast.com\/wordpress\/plugins\/seo\/ -->\n<title>Veja v\u00eddeo: Motoqueiro e crian\u00e7a s\u00e3o arremessados por carro em alta velocidade em Manaus. - Not\u00edcias de Todos - Models01<\/title>\n<meta name=\"robots\" content=\"index, follow, max-snippet:-1, max-image-preview:large, max-video-preview:-1\" \/>\n<link rel=\"canonical\" href=\"https:\/\/markd.com.br\/models\/veja-video-motoqueiro-e-crianca-sao-arremessados-por-carro-em-alta-velocidade-em-manaus-2\/\" \/>\n<meta property=\"og:locale\" content=\"pt_BR\" \/>\n<meta property=\"og:type\" content=\"article\" \/>\n<meta property=\"og:title\" content=\"Veja v\u00eddeo: Motoqueiro e crian\u00e7a s\u00e3o arremessados por carro em alta velocidade em Manaus. - Not\u00edcias de Todos - Models01\" \/>\n<meta property=\"og:description\" content=\"Um homem e um menino de 10 anos que estavam em uma motocicleta, foram atingidos...\" \/>\n<meta property=\"og:url\" content=\"https:\/\/markd.com.br\/models\/veja-video-motoqueiro-e-crianca-sao-arremessados-por-carro-em-alta-velocidade-em-manaus-2\/\" \/>\n<meta property=\"og:site_name\" content=\"Not\u00edcias de Todos - Models01\" \/>\n<meta property=\"article:published_time\" content=\"2022-04-05T00:14:46+00:00\" \/>\n<meta property=\"article:modified_time\" content=\"2022-04-05T00:14:51+00:00\" \/>\n<meta property=\"og:image\" content=\"https:\/\/markd.com.br\/models\/wp-content\/uploads\/2022\/04\/20220404104514zonaleste-644x445-1.jpg\" \/>\n\t<meta property=\"og:image:width\" content=\"644\" \/>\n\t<meta property=\"og:image:height\" content=\"445\" \/>\n\t<meta property=\"og:image:type\" content=\"image\/jpeg\" \/>\n<meta name=\"author\" content=\"Reda\u00e7\u00e3o Reda\u00e7\u00e3o\" \/>\n<meta name=\"twitter:card\" content=\"summary_large_image\" \/>\n<meta name=\"twitter:label1\" content=\"Escrito por\" \/>\n\t<meta name=\"twitter:data1\" content=\"Reda\u00e7\u00e3o Reda\u00e7\u00e3o\" \/>\n\t<meta name=\"twitter:label2\" content=\"Est. tempo de leitura\" \/>\n\t<meta name=\"twitter:data2\" content=\"1 minuto\" \/>\n<script type=\"application\/ld+json\" class=\"yoast-schema-graph\">{\"@context\":\"https:\/\/schema.org\",\"@graph\":[{\"@type\":\"WebPage\",\"@id\":\"https:\/\/markd.com.br\/models\/veja-video-motoqueiro-e-crianca-sao-arremessados-por-carro-em-alta-velocidade-em-manaus-2\/\",\"url\":\"https:\/\/markd.com.br\/models\/veja-video-motoqueiro-e-crianca-sao-arremessados-por-carro-em-alta-velocidade-em-manaus-2\/\",\"name\":\"Veja v\u00eddeo: Motoqueiro e crian\u00e7a s\u00e3o arremessados por carro em alta velocidade em Manaus. - Not\u00edcias de Todos - Models01\",\"isPartOf\":{\"@id\":\"https:\/\/markd.com.br\/models\/#website\"},\"primaryImageOfPage\":{\"@id\":\"https:\/\/markd.com.br\/models\/veja-video-motoqueiro-e-crianca-sao-arremessados-por-carro-em-alta-velocidade-em-manaus-2\/#primaryimage\"},\"image\":{\"@id\":\"https:\/\/markd.com.br\/models\/veja-video-motoqueiro-e-crianca-sao-arremessados-por-carro-em-alta-velocidade-em-manaus-2\/#primaryimage\"},\"thumbnailUrl\":\"https:\/\/markd.com.br\/models\/wp-content\/uploads\/2022\/04\/20220404104514zonaleste-644x445-1.jpg\",\"datePublished\":\"2022-04-05T00:14:46+00:00\",\"dateModified\":\"2022-04-05T00:14:51+00:00\",\"author\":{\"@id\":\"https:\/\/markd.com.br\/models\/#\/schema\/person\/c12a77ab487a7262d8bec3c47301ad37\"},\"breadcrumb\":{\"@id\":\"https:\/\/markd.com.br\/models\/veja-video-motoqueiro-e-crianca-sao-arremessados-por-carro-em-alta-velocidade-em-manaus-2\/#breadcrumb\"},\"inLanguage\":\"pt-BR\",\"potentialAction\":[{\"@type\":\"ReadAction\",\"target\":[\"https:\/\/markd.com.br\/models\/veja-video-motoqueiro-e-crianca-sao-arremessados-por-carro-em-alta-velocidade-em-manaus-2\/\"]}]},{\"@type\":\"ImageObject\",\"inLanguage\":\"pt-BR\",\"@id\":\"https:\/\/markd.com.br\/models\/veja-video-motoqueiro-e-crianca-sao-arremessados-por-carro-em-alta-velocidade-em-manaus-2\/#primaryimage\",\"url\":\"https:\/\/markd.com.br\/models\/wp-content\/uploads\/2022\/04\/20220404104514zonaleste-644x445-1.jpg\",\"contentUrl\":\"https:\/\/markd.com.br\/models\/wp-content\/uploads\/2022\/04\/20220404104514zonaleste-644x445-1.jpg\",\"width\":644,\"height\":445},{\"@type\":\"BreadcrumbList\",\"@id\":\"https:\/\/markd.com.br\/models\/veja-video-motoqueiro-e-crianca-sao-arremessados-por-carro-em-alta-velocidade-em-manaus-2\/#breadcrumb\",\"itemListElement\":[{\"@type\":\"ListItem\",\"position\":1,\"name\":\"In\u00edcio\",\"item\":\"https:\/\/markd.com.br\/models\/\"},{\"@type\":\"ListItem\",\"position\":2,\"name\":\"Veja v\u00eddeo: Motoqueiro e crian\u00e7a s\u00e3o arremessados por carro em alta velocidade em Manaus.\"}]},{\"@type\":\"WebSite\",\"@id\":\"https:\/\/markd.com.br\/models\/#website\",\"url\":\"https:\/\/markd.com.br\/models\/\",\"name\":\"Not\u00edcias de Todos - Models01\",\"description\":\"Tenha um Portal de Not\u00edcias Moderno, Din\u00e2mico, R\u00e1pido e Profissional. Entregamos seu Site de  Not\u00edcias Pronto, Instalado, Hospedado, com Manual Passo a Passo e Suporte 24 horas.\",\"potentialAction\":[{\"@type\":\"SearchAction\",\"target\":{\"@type\":\"EntryPoint\",\"urlTemplate\":\"https:\/\/markd.com.br\/models\/?s={search_term_string}\"},\"query-input\":{\"@type\":\"PropertyValueSpecification\",\"valueRequired\":true,\"valueName\":\"search_term_string\"}}],\"inLanguage\":\"pt-BR\"},{\"@type\":\"Person\",\"@id\":\"https:\/\/markd.com.br\/models\/#\/schema\/person\/c12a77ab487a7262d8bec3c47301ad37\",\"name\":\"Reda\u00e7\u00e3o Reda\u00e7\u00e3o\",\"image\":{\"@type\":\"ImageObject\",\"inLanguage\":\"pt-BR\",\"@id\":\"https:\/\/markd.com.br\/models\/#\/schema\/person\/image\/\",\"url\":\"https:\/\/secure.gravatar.com\/avatar\/9448f3599ce269febf169e183039b4a6?s=96&d=mm&r=g\",\"contentUrl\":\"https:\/\/secure.gravatar.com\/avatar\/9448f3599ce269febf169e183039b4a6?s=96&d=mm&r=g\",\"caption\":\"Reda\u00e7\u00e3o Reda\u00e7\u00e3o\"},\"sameAs\":[\"https:\/\/markd.com.br\/\"],\"url\":\"https:\/\/markd.com.br\/models\/author\/redacao\/\"}]}<\/script>\n<!-- \/ Yoast SEO plugin. -->","yoast_head_json":{"title":"Veja v\u00eddeo: Motoqueiro e crian\u00e7a s\u00e3o arremessados por carro em alta velocidade em Manaus. - Not\u00edcias de Todos - Models01","robots":{"index":"index","follow":"follow","max-snippet":"max-snippet:-1","max-image-preview":"max-image-preview:large","max-video-preview":"max-video-preview:-1"},"canonical":"https:\/\/markd.com.br\/models\/veja-video-motoqueiro-e-crianca-sao-arremessados-por-carro-em-alta-velocidade-em-manaus-2\/","og_locale":"pt_BR","og_type":"article","og_title":"Veja v\u00eddeo: Motoqueiro e crian\u00e7a s\u00e3o arremessados por carro em alta velocidade em Manaus. - Not\u00edcias de Todos - Models01","og_description":"Um homem e um menino de 10 anos que estavam em uma motocicleta, foram atingidos...","og_url":"https:\/\/markd.com.br\/models\/veja-video-motoqueiro-e-crianca-sao-arremessados-por-carro-em-alta-velocidade-em-manaus-2\/","og_site_name":"Not\u00edcias de Todos - Models01","article_published_time":"2022-04-05T00:14:46+00:00","article_modified_time":"2022-04-05T00:14:51+00:00","og_image":[{"width":644,"height":445,"url":"https:\/\/markd.com.br\/models\/wp-content\/uploads\/2022\/04\/20220404104514zonaleste-644x445-1.jpg","type":"image\/jpeg"}],"author":"Reda\u00e7\u00e3o Reda\u00e7\u00e3o","twitter_card":"summary_large_image","twitter_misc":{"Escrito por":"Reda\u00e7\u00e3o Reda\u00e7\u00e3o","Est. tempo de leitura":"1 minuto"},"schema":{"@context":"https:\/\/schema.org","@graph":[{"@type":"WebPage","@id":"https:\/\/markd.com.br\/models\/veja-video-motoqueiro-e-crianca-sao-arremessados-por-carro-em-alta-velocidade-em-manaus-2\/","url":"https:\/\/markd.com.br\/models\/veja-video-motoqueiro-e-crianca-sao-arremessados-por-carro-em-alta-velocidade-em-manaus-2\/","name":"Veja v\u00eddeo: Motoqueiro e crian\u00e7a s\u00e3o arremessados por carro em alta velocidade em Manaus. - Not\u00edcias de Todos - Models01","isPartOf":{"@id":"https:\/\/markd.com.br\/models\/#website"},"primaryImageOfPage":{"@id":"https:\/\/markd.com.br\/models\/veja-video-motoqueiro-e-crianca-sao-arremessados-por-carro-em-alta-velocidade-em-manaus-2\/#primaryimage"},"image":{"@id":"https:\/\/markd.com.br\/models\/veja-video-motoqueiro-e-crianca-sao-arremessados-por-carro-em-alta-velocidade-em-manaus-2\/#primaryimage"},"thumbnailUrl":"https:\/\/markd.com.br\/models\/wp-content\/uploads\/2022\/04\/20220404104514zonaleste-644x445-1.jpg","datePublished":"2022-04-05T00:14:46+00:00","dateModified":"2022-04-05T00:14:51+00:00","author":{"@id":"https:\/\/markd.com.br\/models\/#\/schema\/person\/c12a77ab487a7262d8bec3c47301ad37"},"breadcrumb":{"@id":"https:\/\/markd.com.br\/models\/veja-video-motoqueiro-e-crianca-sao-arremessados-por-carro-em-alta-velocidade-em-manaus-2\/#breadcrumb"},"inLanguage":"pt-BR","potentialAction":[{"@type":"ReadAction","target":["https:\/\/markd.com.br\/models\/veja-video-motoqueiro-e-crianca-sao-arremessados-por-carro-em-alta-velocidade-em-manaus-2\/"]}]},{"@type":"ImageObject","inLanguage":"pt-BR","@id":"https:\/\/markd.com.br\/models\/veja-video-motoqueiro-e-crianca-sao-arremessados-por-carro-em-alta-velocidade-em-manaus-2\/#primaryimage","url":"https:\/\/markd.com.br\/models\/wp-content\/uploads\/2022\/04\/20220404104514zonaleste-644x445-1.jpg","contentUrl":"https:\/\/markd.com.br\/models\/wp-content\/uploads\/2022\/04\/20220404104514zonaleste-644x445-1.jpg","width":644,"height":445},{"@type":"BreadcrumbList","@id":"https:\/\/markd.com.br\/models\/veja-video-motoqueiro-e-crianca-sao-arremessados-por-carro-em-alta-velocidade-em-manaus-2\/#breadcrumb","itemListElement":[{"@type":"ListItem","position":1,"name":"In\u00edcio","item":"https:\/\/markd.com.br\/models\/"},{"@type":"ListItem","position":2,"name":"Veja v\u00eddeo: Motoqueiro e crian\u00e7a s\u00e3o arremessados por carro em alta velocidade em Manaus."}]},{"@type":"WebSite","@id":"https:\/\/markd.com.br\/models\/#website","url":"https:\/\/markd.com.br\/models\/","name":"Not\u00edcias de Todos - Models01","description":"Tenha um Portal de Not\u00edcias Moderno, Din\u00e2mico, R\u00e1pido e Profissional. Entregamos seu Site de  Not\u00edcias Pronto, Instalado, Hospedado, com Manual Passo a Passo e Suporte 24 horas.","potentialAction":[{"@type":"SearchAction","target":{"@type":"EntryPoint","urlTemplate":"https:\/\/markd.com.br\/models\/?s={search_term_string}"},"query-input":{"@type":"PropertyValueSpecification","valueRequired":true,"valueName":"search_term_string"}}],"inLanguage":"pt-BR"},{"@type":"Person","@id":"https:\/\/markd.com.br\/models\/#\/schema\/person\/c12a77ab487a7262d8bec3c47301ad37","name":"Reda\u00e7\u00e3o Reda\u00e7\u00e3o","image":{"@type":"ImageObject","inLanguage":"pt-BR","@id":"https:\/\/markd.com.br\/models\/#\/schema\/person\/image\/","url":"https:\/\/secure.gravatar.com\/avatar\/9448f3599ce269febf169e183039b4a6?s=96&d=mm&r=g","contentUrl":"https:\/\/secure.gravatar.com\/avatar\/9448f3599ce269febf169e183039b4a6?s=96&d=mm&r=g","caption":"Reda\u00e7\u00e3o Reda\u00e7\u00e3o"},"sameAs":["https:\/\/markd.com.br\/"],"url":"https:\/\/markd.com.br\/models\/author\/redacao\/"}]}},"featured_image_urls":{"full":["https:\/\/markd.com.br\/models\/wp-content\/uploads\/2022\/04\/20220404104514zonaleste-644x445-1.jpg",644,445,false],"thumbnail":["https:\/\/markd.com.br\/models\/wp-content\/uploads\/2022\/04\/20220404104514zonaleste-644x445-1-150x150.jpg",150,150,true],"medium":["https:\/\/markd.com.br\/models\/wp-content\/uploads\/2022\/04\/20220404104514zonaleste-644x445-1-300x207.jpg",300,207,true],"medium_large":["https:\/\/markd.com.br\/models\/wp-content\/uploads\/2022\/04\/20220404104514zonaleste-644x445-1.jpg",640,442,false],"large":["https:\/\/markd.com.br\/models\/wp-content\/uploads\/2022\/04\/20220404104514zonaleste-644x445-1.jpg",640,442,false],"1536x1536":["https:\/\/markd.com.br\/models\/wp-content\/uploads\/2022\/04\/20220404104514zonaleste-644x445-1.jpg",644,445,false],"2048x2048":["https:\/\/markd.com.br\/models\/wp-content\/uploads\/2022\/04\/20220404104514zonaleste-644x445-1.jpg",644,445,false],"newsphere-slider-full":["https:\/\/markd.com.br\/models\/wp-content\/uploads\/2022\/04\/20220404104514zonaleste-644x445-1.jpg",644,445,false],"newsphere-featured":["https:\/\/markd.com.br\/models\/wp-content\/uploads\/2022\/04\/20220404104514zonaleste-644x445-1.jpg",644,445,false],"newsphere-medium":["https:\/\/markd.com.br\/models\/wp-content\/uploads\/2022\/04\/20220404104514zonaleste-644x445-1-644x380.jpg",644,380,true]},"author_info":{"display_name":"Reda\u00e7\u00e3o Reda\u00e7\u00e3o","author_link":"https:\/\/markd.com.br\/models\/author\/redacao\/"},"category_info":"<a href=\"https:\/\/markd.com.br\/models\/category\/destaques\/\" rel=\"category tag\">destaques<\/a>","tag_info":"destaques","comment_count":"0","jetpack_featured_media_url":"https:\/\/markd.com.br\/models\/wp-content\/uploads\/2022\/04\/20220404104514zonaleste-644x445-1.jpg","_links":{"self":[{"href":"https:\/\/markd.com.br\/models\/wp-json\/wp\/v2\/posts\/1171","targetHints":{"allow":["GET"]}}],"collection":[{"href":"https:\/\/markd.com.br\/models\/wp-json\/wp\/v2\/posts"}],"about":[{"href":"https:\/\/markd.com.br\/models\/wp-json\/wp\/v2\/types\/post"}],"author":[{"embeddable":true,"href":"https:\/\/markd.com.br\/models\/wp-json\/wp\/v2\/users\/5"}],"replies":[{"embeddable":true,"href":"https:\/\/markd.com.br\/models\/wp-json\/wp\/v2\/comments?post=1171"}],"version-history":[{"count":1,"href":"https:\/\/markd.com.br\/models\/wp-json\/wp\/v2\/posts\/1171\/revisions"}],"predecessor-version":[{"id":1173,"href":"https:\/\/markd.com.br\/models\/wp-json\/wp\/v2\/posts\/1171\/revisions\/1173"}],"wp:featuredmedia":[{"embeddable":true,"href":"https:\/\/markd.com.br\/models\/wp-json\/wp\/v2\/media\/1172"}],"wp:attachment":[{"href":"https:\/\/markd.com.br\/models\/wp-json\/wp\/v2\/media?parent=1171"}],"wp:term":[{"taxonomy":"category","embeddable":true,"href":"https:\/\/markd.com.br\/models\/wp-json\/wp\/v2\/categories?post=1171"},{"taxonomy":"post_tag","embeddable":true,"href":"https:\/\/markd.com.br\/models\/wp-json\/wp\/v2\/tags?post=1171"}],"curies":[{"name":"wp","href":"https:\/\/api.w.org\/{rel}","templated":true}]}}