{"id":1174,"date":"2022-04-04T21:19:47","date_gmt":"2022-04-05T00:19:47","guid":{"rendered":"https:\/\/portaldestaquenoticias.com.br\/?p=1174"},"modified":"2022-04-04T21:19:53","modified_gmt":"2022-04-05T00:19:53","slug":"veja-video-ajudante-de-pedreiro-e-morto-durante-abordagem-da-policia","status":"publish","type":"post","link":"https:\/\/markd.com.br\/models\/veja-video-ajudante-de-pedreiro-e-morto-durante-abordagem-da-policia\/","title":{"rendered":"Veja v\u00eddeo: Ajudante de pedreiro \u00e9 morto durante abordagem da pol\u00edcia."},"content":{"rendered":"\n<p><\/p>\n\n\n\n<p>Um ajudante de pedreiro, de 24 anos, foi morto com dois tiros no peito durante uma abordagem da Pol\u00edcia Militar, no bairro S\u00e3o Jos\u00e9, em Vit\u00f3ria, na noite de s\u00e1bado (02). Um cabeleireiro, de 23 anos, foi tentar ajudar a socorrer e acabou levando um tiro na perna, tamb\u00e9m disparado pela pol\u00edcia.<\/p>\n\n\n\n<p>C\u00e2meras de videomonitoramento mostram que os policiais entraram no Beco da Sorte \u00e0s 19h13. O ajudante Wellington da Silva Dias estava no local, depois de ter tomado cerveja com amigos.<\/p>\n\n\n\n<p>\u201cA pol\u00edcia estava vindo, n\u00e3o sei se ele n\u00e3o viu, e a pol\u00edcia o perseguiu. Ele levantou as m\u00e3os e a camisa, para mostrar que n\u00e3o estava com nada, e a pol\u00edcia deu dois tiros no peito dele. As pessoas foram tentar socorrer e a pol\u00edcia efetuou mais disparos porque n\u00e3o queria deixar ningu\u00e9m ajudar\u201d, disse um auxiliar de produ\u00e7\u00e3o, de 38 anos, parente de Wellington. Ele n\u00e3o quis se identificar.<\/p>\n\n\n\n<p>As imagens da c\u00e2mera mostram o jovem mexendo na camisa, e em seguida colocando as m\u00e3os na cabe\u00e7a para se render. Um policial chega perto e atira duas vezes contra o peito de Wellington, que cai no ch\u00e3o. Moradores disseram que o rapaz estaria com uma arma embaixo da blusa, que foi retirada logo depois.<\/p>\n\n\n\n<p>Familiares alegaram que ele n\u00e3o tinha envolvimento com o tr\u00e1fico. \u201cNada justifica um policial dar dois tiros no peito de um menino porque ele estava na rua tomando cerveja. Ele j\u00e1 teve envolvimento, mas j\u00e1 est\u00e1 h\u00e1 mais de 4 anos trabalhando sem envolvimento com nada\u201d.<\/p>\n\n\n\n<p>Outro v\u00eddeo mostra mais um disparo sendo feito no local, depois que Wellington j\u00e1 estava ca\u00eddo. A v\u00edtima da vez foi um cabeleireiro, de 23<br>anos. \u201cEu estava chegando do servi\u00e7o, de bicicleta, e vi uma multid\u00e3o na esquina da rua. Parei para olhar, vi que tinham acertado algu\u00e9m e uma mulher me pediu ajuda\u201d, contou o jovem, que preferiu n\u00e3o se identificar.<\/p>\n\n\n\n<p>\u201cFui em dire\u00e7\u00e3o ao local e um policial colocou a m\u00e3o no meu peito e foi tentar me dar uma coronhada. Tirei a m\u00e3o dele e perguntei se ele estava doido para fazer isso, foi quando ele mirou na minha perna e deu um tiro\u201d, completou o jovem, que foi sozinho pedalando at\u00e9 o<br>pronto socorro.<\/p>\n\n\n\n<p>Revoltados com a morte do Wellington, moradores chegaram a atear fogo em um \u00f4nibus. \u201cEspero que esse policial que atirou pague pelo que fez. Quantas outras v\u00edtimas ele n\u00e3o pode fazer?\u201d, indagou o parente.<\/p>\n\n\n\n<p>A Pol\u00edcia Civil informou, por nota, que o caso seguir\u00e1 sob investiga\u00e7\u00e3o do Servi\u00e7o de Investiga\u00e7\u00f5es Especiais (SIE) do Departamento de Homic\u00eddios e Prote\u00e7\u00e3o \u00e0 Pessoa (DHPP) e detalhes da investiga\u00e7\u00e3o n\u00e3o ser\u00e3o divulgados, por enquanto.<\/p>\n\n\n\n<p>O corpo da v\u00edtima j\u00e1 foi encaminhado para o Departamento M\u00e9dico Legal (DML) de Vit\u00f3ria, para ser necropsiado e, posteriormente, liberado para os familiares.&nbsp;<\/p>\n\n\n\n<p>Fonte: Portal do Zacarias<video controls=\"\" src=\"https:\/\/portalmancheteam.com.br\/wp-content\/uploads\/2022\/04\/20220404103315whatsapp_video_20220404_at_09.03.36.mp4\"><\/video><\/p>\n","protected":false},"excerpt":{"rendered":"<p>Um ajudante de pedreiro, de 24 anos, foi morto com dois tiros no peito durante&#8230;<\/p>\n","protected":false},"author":5,"featured_media":1175,"comment_status":"open","ping_status":"open","sticky":false,"template":"","format":"standard","meta":{"footnotes":""},"categories":[34],"tags":[274,91,141],"class_list":["post-1174","post","type-post","status-publish","format-standard","has-post-thumbnail","hentry","category-musica","tag-abordagem","tag-assassinato","tag-policia-militar"],"yoast_head":"<!-- This site is optimized with the Yoast SEO plugin v24.4 - https:\/\/yoast.com\/wordpress\/plugins\/seo\/ -->\n<title>Veja v\u00eddeo: Ajudante de pedreiro \u00e9 morto durante abordagem da pol\u00edcia. - Not\u00edcias de Todos - Models01<\/title>\n<meta name=\"robots\" content=\"index, follow, max-snippet:-1, max-image-preview:large, max-video-preview:-1\" \/>\n<link rel=\"canonical\" href=\"https:\/\/markd.com.br\/models\/veja-video-ajudante-de-pedreiro-e-morto-durante-abordagem-da-policia\/\" \/>\n<meta property=\"og:locale\" content=\"pt_BR\" \/>\n<meta property=\"og:type\" content=\"article\" \/>\n<meta property=\"og:title\" content=\"Veja v\u00eddeo: Ajudante de pedreiro \u00e9 morto durante abordagem da pol\u00edcia. - Not\u00edcias de Todos - Models01\" \/>\n<meta property=\"og:description\" content=\"Um ajudante de pedreiro, de 24 anos, foi morto com dois tiros no peito durante...\" \/>\n<meta property=\"og:url\" content=\"https:\/\/markd.com.br\/models\/veja-video-ajudante-de-pedreiro-e-morto-durante-abordagem-da-policia\/\" \/>\n<meta property=\"og:site_name\" content=\"Not\u00edcias de Todos - Models01\" \/>\n<meta property=\"article:published_time\" content=\"2022-04-05T00:19:47+00:00\" \/>\n<meta property=\"article:modified_time\" content=\"2022-04-05T00:19:53+00:00\" \/>\n<meta property=\"og:image\" content=\"https:\/\/markd.com.br\/models\/wp-content\/uploads\/2022\/04\/20220404090345normal_00114183_00-644x445-1.jpg\" \/>\n\t<meta property=\"og:image:width\" content=\"644\" \/>\n\t<meta property=\"og:image:height\" content=\"445\" \/>\n\t<meta property=\"og:image:type\" content=\"image\/jpeg\" \/>\n<meta name=\"author\" content=\"Reda\u00e7\u00e3o Reda\u00e7\u00e3o\" \/>\n<meta name=\"twitter:card\" content=\"summary_large_image\" \/>\n<meta name=\"twitter:label1\" content=\"Escrito por\" \/>\n\t<meta name=\"twitter:data1\" content=\"Reda\u00e7\u00e3o Reda\u00e7\u00e3o\" \/>\n\t<meta name=\"twitter:label2\" content=\"Est. tempo de leitura\" \/>\n\t<meta name=\"twitter:data2\" content=\"3 minutos\" \/>\n<script type=\"application\/ld+json\" class=\"yoast-schema-graph\">{\"@context\":\"https:\/\/schema.org\",\"@graph\":[{\"@type\":\"WebPage\",\"@id\":\"https:\/\/markd.com.br\/models\/veja-video-ajudante-de-pedreiro-e-morto-durante-abordagem-da-policia\/\",\"url\":\"https:\/\/markd.com.br\/models\/veja-video-ajudante-de-pedreiro-e-morto-durante-abordagem-da-policia\/\",\"name\":\"Veja v\u00eddeo: Ajudante de pedreiro \u00e9 morto durante abordagem da pol\u00edcia. - Not\u00edcias de Todos - Models01\",\"isPartOf\":{\"@id\":\"https:\/\/markd.com.br\/models\/#website\"},\"primaryImageOfPage\":{\"@id\":\"https:\/\/markd.com.br\/models\/veja-video-ajudante-de-pedreiro-e-morto-durante-abordagem-da-policia\/#primaryimage\"},\"image\":{\"@id\":\"https:\/\/markd.com.br\/models\/veja-video-ajudante-de-pedreiro-e-morto-durante-abordagem-da-policia\/#primaryimage\"},\"thumbnailUrl\":\"https:\/\/markd.com.br\/models\/wp-content\/uploads\/2022\/04\/20220404090345normal_00114183_00-644x445-1.jpg\",\"datePublished\":\"2022-04-05T00:19:47+00:00\",\"dateModified\":\"2022-04-05T00:19:53+00:00\",\"author\":{\"@id\":\"https:\/\/markd.com.br\/models\/#\/schema\/person\/c12a77ab487a7262d8bec3c47301ad37\"},\"breadcrumb\":{\"@id\":\"https:\/\/markd.com.br\/models\/veja-video-ajudante-de-pedreiro-e-morto-durante-abordagem-da-policia\/#breadcrumb\"},\"inLanguage\":\"pt-BR\",\"potentialAction\":[{\"@type\":\"ReadAction\",\"target\":[\"https:\/\/markd.com.br\/models\/veja-video-ajudante-de-pedreiro-e-morto-durante-abordagem-da-policia\/\"]}]},{\"@type\":\"ImageObject\",\"inLanguage\":\"pt-BR\",\"@id\":\"https:\/\/markd.com.br\/models\/veja-video-ajudante-de-pedreiro-e-morto-durante-abordagem-da-policia\/#primaryimage\",\"url\":\"https:\/\/markd.com.br\/models\/wp-content\/uploads\/2022\/04\/20220404090345normal_00114183_00-644x445-1.jpg\",\"contentUrl\":\"https:\/\/markd.com.br\/models\/wp-content\/uploads\/2022\/04\/20220404090345normal_00114183_00-644x445-1.jpg\",\"width\":644,\"height\":445},{\"@type\":\"BreadcrumbList\",\"@id\":\"https:\/\/markd.com.br\/models\/veja-video-ajudante-de-pedreiro-e-morto-durante-abordagem-da-policia\/#breadcrumb\",\"itemListElement\":[{\"@type\":\"ListItem\",\"position\":1,\"name\":\"In\u00edcio\",\"item\":\"https:\/\/markd.com.br\/models\/\"},{\"@type\":\"ListItem\",\"position\":2,\"name\":\"Veja v\u00eddeo: Ajudante de pedreiro \u00e9 morto durante abordagem da pol\u00edcia.\"}]},{\"@type\":\"WebSite\",\"@id\":\"https:\/\/markd.com.br\/models\/#website\",\"url\":\"https:\/\/markd.com.br\/models\/\",\"name\":\"Not\u00edcias de Todos - Models01\",\"description\":\"Tenha um Portal de Not\u00edcias Moderno, Din\u00e2mico, R\u00e1pido e Profissional. Entregamos seu Site de  Not\u00edcias Pronto, Instalado, Hospedado, com Manual Passo a Passo e Suporte 24 horas.\",\"potentialAction\":[{\"@type\":\"SearchAction\",\"target\":{\"@type\":\"EntryPoint\",\"urlTemplate\":\"https:\/\/markd.com.br\/models\/?s={search_term_string}\"},\"query-input\":{\"@type\":\"PropertyValueSpecification\",\"valueRequired\":true,\"valueName\":\"search_term_string\"}}],\"inLanguage\":\"pt-BR\"},{\"@type\":\"Person\",\"@id\":\"https:\/\/markd.com.br\/models\/#\/schema\/person\/c12a77ab487a7262d8bec3c47301ad37\",\"name\":\"Reda\u00e7\u00e3o Reda\u00e7\u00e3o\",\"image\":{\"@type\":\"ImageObject\",\"inLanguage\":\"pt-BR\",\"@id\":\"https:\/\/markd.com.br\/models\/#\/schema\/person\/image\/\",\"url\":\"https:\/\/secure.gravatar.com\/avatar\/9448f3599ce269febf169e183039b4a6?s=96&d=mm&r=g\",\"contentUrl\":\"https:\/\/secure.gravatar.com\/avatar\/9448f3599ce269febf169e183039b4a6?s=96&d=mm&r=g\",\"caption\":\"Reda\u00e7\u00e3o Reda\u00e7\u00e3o\"},\"sameAs\":[\"https:\/\/markd.com.br\/\"],\"url\":\"https:\/\/markd.com.br\/models\/author\/redacao\/\"}]}<\/script>\n<!-- \/ Yoast SEO plugin. -->","yoast_head_json":{"title":"Veja v\u00eddeo: Ajudante de pedreiro \u00e9 morto durante abordagem da pol\u00edcia. - Not\u00edcias de Todos - Models01","robots":{"index":"index","follow":"follow","max-snippet":"max-snippet:-1","max-image-preview":"max-image-preview:large","max-video-preview":"max-video-preview:-1"},"canonical":"https:\/\/markd.com.br\/models\/veja-video-ajudante-de-pedreiro-e-morto-durante-abordagem-da-policia\/","og_locale":"pt_BR","og_type":"article","og_title":"Veja v\u00eddeo: Ajudante de pedreiro \u00e9 morto durante abordagem da pol\u00edcia. - Not\u00edcias de Todos - Models01","og_description":"Um ajudante de pedreiro, de 24 anos, foi morto com dois tiros no peito durante...","og_url":"https:\/\/markd.com.br\/models\/veja-video-ajudante-de-pedreiro-e-morto-durante-abordagem-da-policia\/","og_site_name":"Not\u00edcias de Todos - Models01","article_published_time":"2022-04-05T00:19:47+00:00","article_modified_time":"2022-04-05T00:19:53+00:00","og_image":[{"width":644,"height":445,"url":"https:\/\/markd.com.br\/models\/wp-content\/uploads\/2022\/04\/20220404090345normal_00114183_00-644x445-1.jpg","type":"image\/jpeg"}],"author":"Reda\u00e7\u00e3o Reda\u00e7\u00e3o","twitter_card":"summary_large_image","twitter_misc":{"Escrito por":"Reda\u00e7\u00e3o Reda\u00e7\u00e3o","Est. tempo de leitura":"3 minutos"},"schema":{"@context":"https:\/\/schema.org","@graph":[{"@type":"WebPage","@id":"https:\/\/markd.com.br\/models\/veja-video-ajudante-de-pedreiro-e-morto-durante-abordagem-da-policia\/","url":"https:\/\/markd.com.br\/models\/veja-video-ajudante-de-pedreiro-e-morto-durante-abordagem-da-policia\/","name":"Veja v\u00eddeo: Ajudante de pedreiro \u00e9 morto durante abordagem da pol\u00edcia. - Not\u00edcias de Todos - Models01","isPartOf":{"@id":"https:\/\/markd.com.br\/models\/#website"},"primaryImageOfPage":{"@id":"https:\/\/markd.com.br\/models\/veja-video-ajudante-de-pedreiro-e-morto-durante-abordagem-da-policia\/#primaryimage"},"image":{"@id":"https:\/\/markd.com.br\/models\/veja-video-ajudante-de-pedreiro-e-morto-durante-abordagem-da-policia\/#primaryimage"},"thumbnailUrl":"https:\/\/markd.com.br\/models\/wp-content\/uploads\/2022\/04\/20220404090345normal_00114183_00-644x445-1.jpg","datePublished":"2022-04-05T00:19:47+00:00","dateModified":"2022-04-05T00:19:53+00:00","author":{"@id":"https:\/\/markd.com.br\/models\/#\/schema\/person\/c12a77ab487a7262d8bec3c47301ad37"},"breadcrumb":{"@id":"https:\/\/markd.com.br\/models\/veja-video-ajudante-de-pedreiro-e-morto-durante-abordagem-da-policia\/#breadcrumb"},"inLanguage":"pt-BR","potentialAction":[{"@type":"ReadAction","target":["https:\/\/markd.com.br\/models\/veja-video-ajudante-de-pedreiro-e-morto-durante-abordagem-da-policia\/"]}]},{"@type":"ImageObject","inLanguage":"pt-BR","@id":"https:\/\/markd.com.br\/models\/veja-video-ajudante-de-pedreiro-e-morto-durante-abordagem-da-policia\/#primaryimage","url":"https:\/\/markd.com.br\/models\/wp-content\/uploads\/2022\/04\/20220404090345normal_00114183_00-644x445-1.jpg","contentUrl":"https:\/\/markd.com.br\/models\/wp-content\/uploads\/2022\/04\/20220404090345normal_00114183_00-644x445-1.jpg","width":644,"height":445},{"@type":"BreadcrumbList","@id":"https:\/\/markd.com.br\/models\/veja-video-ajudante-de-pedreiro-e-morto-durante-abordagem-da-policia\/#breadcrumb","itemListElement":[{"@type":"ListItem","position":1,"name":"In\u00edcio","item":"https:\/\/markd.com.br\/models\/"},{"@type":"ListItem","position":2,"name":"Veja v\u00eddeo: Ajudante de pedreiro \u00e9 morto durante abordagem da pol\u00edcia."}]},{"@type":"WebSite","@id":"https:\/\/markd.com.br\/models\/#website","url":"https:\/\/markd.com.br\/models\/","name":"Not\u00edcias de Todos - Models01","description":"Tenha um Portal de Not\u00edcias Moderno, Din\u00e2mico, R\u00e1pido e Profissional. Entregamos seu Site de  Not\u00edcias Pronto, Instalado, Hospedado, com Manual Passo a Passo e Suporte 24 horas.","potentialAction":[{"@type":"SearchAction","target":{"@type":"EntryPoint","urlTemplate":"https:\/\/markd.com.br\/models\/?s={search_term_string}"},"query-input":{"@type":"PropertyValueSpecification","valueRequired":true,"valueName":"search_term_string"}}],"inLanguage":"pt-BR"},{"@type":"Person","@id":"https:\/\/markd.com.br\/models\/#\/schema\/person\/c12a77ab487a7262d8bec3c47301ad37","name":"Reda\u00e7\u00e3o Reda\u00e7\u00e3o","image":{"@type":"ImageObject","inLanguage":"pt-BR","@id":"https:\/\/markd.com.br\/models\/#\/schema\/person\/image\/","url":"https:\/\/secure.gravatar.com\/avatar\/9448f3599ce269febf169e183039b4a6?s=96&d=mm&r=g","contentUrl":"https:\/\/secure.gravatar.com\/avatar\/9448f3599ce269febf169e183039b4a6?s=96&d=mm&r=g","caption":"Reda\u00e7\u00e3o Reda\u00e7\u00e3o"},"sameAs":["https:\/\/markd.com.br\/"],"url":"https:\/\/markd.com.br\/models\/author\/redacao\/"}]}},"featured_image_urls":{"full":["https:\/\/markd.com.br\/models\/wp-content\/uploads\/2022\/04\/20220404090345normal_00114183_00-644x445-1.jpg",644,445,false],"thumbnail":["https:\/\/markd.com.br\/models\/wp-content\/uploads\/2022\/04\/20220404090345normal_00114183_00-644x445-1-150x150.jpg",150,150,true],"medium":["https:\/\/markd.com.br\/models\/wp-content\/uploads\/2022\/04\/20220404090345normal_00114183_00-644x445-1-300x207.jpg",300,207,true],"medium_large":["https:\/\/markd.com.br\/models\/wp-content\/uploads\/2022\/04\/20220404090345normal_00114183_00-644x445-1.jpg",640,442,false],"large":["https:\/\/markd.com.br\/models\/wp-content\/uploads\/2022\/04\/20220404090345normal_00114183_00-644x445-1.jpg",640,442,false],"1536x1536":["https:\/\/markd.com.br\/models\/wp-content\/uploads\/2022\/04\/20220404090345normal_00114183_00-644x445-1.jpg",644,445,false],"2048x2048":["https:\/\/markd.com.br\/models\/wp-content\/uploads\/2022\/04\/20220404090345normal_00114183_00-644x445-1.jpg",644,445,false],"newsphere-slider-full":["https:\/\/markd.com.br\/models\/wp-content\/uploads\/2022\/04\/20220404090345normal_00114183_00-644x445-1.jpg",644,445,false],"newsphere-featured":["https:\/\/markd.com.br\/models\/wp-content\/uploads\/2022\/04\/20220404090345normal_00114183_00-644x445-1.jpg",644,445,false],"newsphere-medium":["https:\/\/markd.com.br\/models\/wp-content\/uploads\/2022\/04\/20220404090345normal_00114183_00-644x445-1-644x380.jpg",644,380,true]},"author_info":{"display_name":"Reda\u00e7\u00e3o Reda\u00e7\u00e3o","author_link":"https:\/\/markd.com.br\/models\/author\/redacao\/"},"category_info":"<a href=\"https:\/\/markd.com.br\/models\/category\/musica\/\" rel=\"category tag\">Pol\u00edcia<\/a>","tag_info":"Pol\u00edcia","comment_count":"0","jetpack_featured_media_url":"https:\/\/markd.com.br\/models\/wp-content\/uploads\/2022\/04\/20220404090345normal_00114183_00-644x445-1.jpg","_links":{"self":[{"href":"https:\/\/markd.com.br\/models\/wp-json\/wp\/v2\/posts\/1174","targetHints":{"allow":["GET"]}}],"collection":[{"href":"https:\/\/markd.com.br\/models\/wp-json\/wp\/v2\/posts"}],"about":[{"href":"https:\/\/markd.com.br\/models\/wp-json\/wp\/v2\/types\/post"}],"author":[{"embeddable":true,"href":"https:\/\/markd.com.br\/models\/wp-json\/wp\/v2\/users\/5"}],"replies":[{"embeddable":true,"href":"https:\/\/markd.com.br\/models\/wp-json\/wp\/v2\/comments?post=1174"}],"version-history":[{"count":1,"href":"https:\/\/markd.com.br\/models\/wp-json\/wp\/v2\/posts\/1174\/revisions"}],"predecessor-version":[{"id":1176,"href":"https:\/\/markd.com.br\/models\/wp-json\/wp\/v2\/posts\/1174\/revisions\/1176"}],"wp:featuredmedia":[{"embeddable":true,"href":"https:\/\/markd.com.br\/models\/wp-json\/wp\/v2\/media\/1175"}],"wp:attachment":[{"href":"https:\/\/markd.com.br\/models\/wp-json\/wp\/v2\/media?parent=1174"}],"wp:term":[{"taxonomy":"category","embeddable":true,"href":"https:\/\/markd.com.br\/models\/wp-json\/wp\/v2\/categories?post=1174"},{"taxonomy":"post_tag","embeddable":true,"href":"https:\/\/markd.com.br\/models\/wp-json\/wp\/v2\/tags?post=1174"}],"curies":[{"name":"wp","href":"https:\/\/api.w.org\/{rel}","templated":true}]}}