{"id":1183,"date":"2022-04-04T21:31:16","date_gmt":"2022-04-05T00:31:16","guid":{"rendered":"https:\/\/portaldestaquenoticias.com.br\/?p=1183"},"modified":"2022-04-04T21:31:22","modified_gmt":"2022-04-05T00:31:22","slug":"veja-video-moradora-de-predio-de-luxo-agride-cozinheira-negra-esquisita","status":"publish","type":"post","link":"https:\/\/markd.com.br\/models\/veja-video-moradora-de-predio-de-luxo-agride-cozinheira-negra-esquisita\/","title":{"rendered":"Veja v\u00eddeo: Moradora de pr\u00e9dio de luxo agride cozinheira: \u2018negra esquisita\u2019."},"content":{"rendered":"\n<p><\/p>\n\n\n\n<p>C\u00e2meras de seguran\u00e7as de um pr\u00e9dio localizado na Rua Oscar Freire, no bairro dos Jardins, \u00e1rea nobre de S\u00e3o Paulo, registraram o momento em que uma moradora agride uma cozinheira negra.<\/p>\n\n\n\n<p>Identificada como Patr\u00edcia Brito Debatin, a mulher \u00e9 acusada de agress\u00e3o e inj\u00faria racial contra a Eliane Aparecida de Paula. A v\u00edtima estava a trabalho no edif\u00edcio. Tudo ocorreu na \u00e1rea de recep\u00e7\u00e3o do pr\u00e9dio.<\/p>\n\n\n\n<p>A situa\u00e7\u00e3o come\u00e7ou ap\u00f3s Patr\u00edcia ofender Eliane, enquanto a cozinheira aguardava sentada em um banco a chegada de um transporte a fim de retornar para casa. Conforme o relato da v\u00edtima, ela foi chamada de \u201cnegra esquisita\u201d.<\/p>\n\n\n\n<p>Eliane relatou que a moradora do pr\u00e9dio passou por ela dizendo: \u201cQue negra esquisita, que mulher esquisita, o que ela est\u00e1 fazendo a\u00ed?\u201d.<\/p>\n\n\n\n<p>A cozinheira retrucou dizendo que Patr\u00edcia estava sendo racista com ela, e acabou empurrada. Na hora, Eliane ligou para a pol\u00edcia e fez a den\u00fancia. O caso vem sendo tratado pela investiga\u00e7\u00e3o como les\u00e3o corporal e inj\u00faria racial.<\/p>\n\n\n\n<p><strong>Pux\u00e3o de cabelo e joelhadas<\/strong><\/p>\n\n\n\n<p>Pelas imagens, \u00e9 poss\u00edvel notar que, ap\u00f3s empurrar Elaine, a moradora se dirige at\u00e9 a porta de vidro da recep\u00e7\u00e3o para entrar no pr\u00e9dio e retornar ao apartamento.<\/p>\n\n\n\n<p>A cozinheira tenta impedir a entrada de Patr\u00edcia para aguardar a chegada dos policiais e \u00e9 agredida novamente, com pux\u00e3o de cabelo, joelhadas, e tem a cabe\u00e7a batida contra a parede. Elas foram separadas por um funcion\u00e1rio do pr\u00e9dio.<\/p>\n\n\n\n<p><strong>Investiga\u00e7\u00e3o<\/strong><\/p>\n\n\n\n<p>O caso ocorreu em 22 de outubro de 2021. A investiga\u00e7\u00e3o, no entanto, s\u00f3 foi iniciada na \u00faltima quinta-feira (31\/3), ap\u00f3s o v\u00eddeo ser fornecido mediante decis\u00e3o judicial.<\/p>\n\n\n\n<p>At\u00e9 ent\u00e3o, a dire\u00e7\u00e3o do pr\u00e9dio havia mantido as imagens sob prote\u00e7\u00e3o, com a justificativa de que n\u00e3o poderia divulg\u00e1-las, pois estaria infringindo a Lei Geral de Prote\u00e7\u00e3o de Dados Pessoais (LGPD).&nbsp;<\/p>\n\n\n\n<p>Fonte: Portal do zacarias<video controls=\"\" src=\"https:\/\/portalmancheteam.com.br\/wp-content\/uploads\/2022\/04\/20220403002802whatsappvideo20220401at22.27.33.mp4\"><\/video><\/p>\n","protected":false},"excerpt":{"rendered":"<p>C\u00e2meras de seguran\u00e7as de um pr\u00e9dio localizado na Rua Oscar Freire, no bairro dos Jardins,&#8230;<\/p>\n","protected":false},"author":5,"featured_media":1184,"comment_status":"open","ping_status":"open","sticky":false,"template":"","format":"standard","meta":{"footnotes":""},"categories":[49],"tags":[243,278],"class_list":["post-1183","post","type-post","status-publish","format-standard","has-post-thumbnail","hentry","category-destaques","tag-agressao-2","tag-racismo"],"yoast_head":"<!-- This site is optimized with the Yoast SEO plugin v24.4 - https:\/\/yoast.com\/wordpress\/plugins\/seo\/ -->\n<title>Veja v\u00eddeo: Moradora de pr\u00e9dio de luxo agride cozinheira: \u2018negra esquisita\u2019. - Not\u00edcias de Todos - Models01<\/title>\n<meta name=\"robots\" content=\"index, follow, max-snippet:-1, max-image-preview:large, max-video-preview:-1\" \/>\n<link rel=\"canonical\" href=\"https:\/\/markd.com.br\/models\/veja-video-moradora-de-predio-de-luxo-agride-cozinheira-negra-esquisita\/\" \/>\n<meta property=\"og:locale\" content=\"pt_BR\" \/>\n<meta property=\"og:type\" content=\"article\" \/>\n<meta property=\"og:title\" content=\"Veja v\u00eddeo: Moradora de pr\u00e9dio de luxo agride cozinheira: \u2018negra esquisita\u2019. - Not\u00edcias de Todos - Models01\" \/>\n<meta property=\"og:description\" content=\"C\u00e2meras de seguran\u00e7as de um pr\u00e9dio localizado na Rua Oscar Freire, no bairro dos Jardins,...\" \/>\n<meta property=\"og:url\" content=\"https:\/\/markd.com.br\/models\/veja-video-moradora-de-predio-de-luxo-agride-cozinheira-negra-esquisita\/\" \/>\n<meta property=\"og:site_name\" content=\"Not\u00edcias de Todos - Models01\" \/>\n<meta property=\"article:published_time\" content=\"2022-04-05T00:31:16+00:00\" \/>\n<meta property=\"article:modified_time\" content=\"2022-04-05T00:31:22+00:00\" \/>\n<meta property=\"og:image\" content=\"https:\/\/markd.com.br\/models\/wp-content\/uploads\/2022\/04\/20220402222737moradoradeprediodaoscarfreireemsaopauloagridecozinheiranegra600x400-644x445-1.jpg\" \/>\n\t<meta property=\"og:image:width\" content=\"644\" \/>\n\t<meta property=\"og:image:height\" content=\"445\" \/>\n\t<meta property=\"og:image:type\" content=\"image\/jpeg\" \/>\n<meta name=\"author\" content=\"Reda\u00e7\u00e3o Reda\u00e7\u00e3o\" \/>\n<meta name=\"twitter:card\" content=\"summary_large_image\" \/>\n<meta name=\"twitter:label1\" content=\"Escrito por\" \/>\n\t<meta name=\"twitter:data1\" content=\"Reda\u00e7\u00e3o Reda\u00e7\u00e3o\" \/>\n\t<meta name=\"twitter:label2\" content=\"Est. tempo de leitura\" \/>\n\t<meta name=\"twitter:data2\" content=\"2 minutos\" \/>\n<script type=\"application\/ld+json\" class=\"yoast-schema-graph\">{\"@context\":\"https:\/\/schema.org\",\"@graph\":[{\"@type\":\"WebPage\",\"@id\":\"https:\/\/markd.com.br\/models\/veja-video-moradora-de-predio-de-luxo-agride-cozinheira-negra-esquisita\/\",\"url\":\"https:\/\/markd.com.br\/models\/veja-video-moradora-de-predio-de-luxo-agride-cozinheira-negra-esquisita\/\",\"name\":\"Veja v\u00eddeo: Moradora de pr\u00e9dio de luxo agride cozinheira: \u2018negra esquisita\u2019. - Not\u00edcias de Todos - Models01\",\"isPartOf\":{\"@id\":\"https:\/\/markd.com.br\/models\/#website\"},\"primaryImageOfPage\":{\"@id\":\"https:\/\/markd.com.br\/models\/veja-video-moradora-de-predio-de-luxo-agride-cozinheira-negra-esquisita\/#primaryimage\"},\"image\":{\"@id\":\"https:\/\/markd.com.br\/models\/veja-video-moradora-de-predio-de-luxo-agride-cozinheira-negra-esquisita\/#primaryimage\"},\"thumbnailUrl\":\"https:\/\/markd.com.br\/models\/wp-content\/uploads\/2022\/04\/20220402222737moradoradeprediodaoscarfreireemsaopauloagridecozinheiranegra600x400-644x445-1.jpg\",\"datePublished\":\"2022-04-05T00:31:16+00:00\",\"dateModified\":\"2022-04-05T00:31:22+00:00\",\"author\":{\"@id\":\"https:\/\/markd.com.br\/models\/#\/schema\/person\/c12a77ab487a7262d8bec3c47301ad37\"},\"breadcrumb\":{\"@id\":\"https:\/\/markd.com.br\/models\/veja-video-moradora-de-predio-de-luxo-agride-cozinheira-negra-esquisita\/#breadcrumb\"},\"inLanguage\":\"pt-BR\",\"potentialAction\":[{\"@type\":\"ReadAction\",\"target\":[\"https:\/\/markd.com.br\/models\/veja-video-moradora-de-predio-de-luxo-agride-cozinheira-negra-esquisita\/\"]}]},{\"@type\":\"ImageObject\",\"inLanguage\":\"pt-BR\",\"@id\":\"https:\/\/markd.com.br\/models\/veja-video-moradora-de-predio-de-luxo-agride-cozinheira-negra-esquisita\/#primaryimage\",\"url\":\"https:\/\/markd.com.br\/models\/wp-content\/uploads\/2022\/04\/20220402222737moradoradeprediodaoscarfreireemsaopauloagridecozinheiranegra600x400-644x445-1.jpg\",\"contentUrl\":\"https:\/\/markd.com.br\/models\/wp-content\/uploads\/2022\/04\/20220402222737moradoradeprediodaoscarfreireemsaopauloagridecozinheiranegra600x400-644x445-1.jpg\",\"width\":644,\"height\":445},{\"@type\":\"BreadcrumbList\",\"@id\":\"https:\/\/markd.com.br\/models\/veja-video-moradora-de-predio-de-luxo-agride-cozinheira-negra-esquisita\/#breadcrumb\",\"itemListElement\":[{\"@type\":\"ListItem\",\"position\":1,\"name\":\"In\u00edcio\",\"item\":\"https:\/\/markd.com.br\/models\/\"},{\"@type\":\"ListItem\",\"position\":2,\"name\":\"Veja v\u00eddeo: Moradora de pr\u00e9dio de luxo agride cozinheira: \u2018negra esquisita\u2019.\"}]},{\"@type\":\"WebSite\",\"@id\":\"https:\/\/markd.com.br\/models\/#website\",\"url\":\"https:\/\/markd.com.br\/models\/\",\"name\":\"Not\u00edcias de Todos - Models01\",\"description\":\"Tenha um Portal de Not\u00edcias Moderno, Din\u00e2mico, R\u00e1pido e Profissional. Entregamos seu Site de  Not\u00edcias Pronto, Instalado, Hospedado, com Manual Passo a Passo e Suporte 24 horas.\",\"potentialAction\":[{\"@type\":\"SearchAction\",\"target\":{\"@type\":\"EntryPoint\",\"urlTemplate\":\"https:\/\/markd.com.br\/models\/?s={search_term_string}\"},\"query-input\":{\"@type\":\"PropertyValueSpecification\",\"valueRequired\":true,\"valueName\":\"search_term_string\"}}],\"inLanguage\":\"pt-BR\"},{\"@type\":\"Person\",\"@id\":\"https:\/\/markd.com.br\/models\/#\/schema\/person\/c12a77ab487a7262d8bec3c47301ad37\",\"name\":\"Reda\u00e7\u00e3o Reda\u00e7\u00e3o\",\"image\":{\"@type\":\"ImageObject\",\"inLanguage\":\"pt-BR\",\"@id\":\"https:\/\/markd.com.br\/models\/#\/schema\/person\/image\/\",\"url\":\"https:\/\/secure.gravatar.com\/avatar\/9448f3599ce269febf169e183039b4a6?s=96&d=mm&r=g\",\"contentUrl\":\"https:\/\/secure.gravatar.com\/avatar\/9448f3599ce269febf169e183039b4a6?s=96&d=mm&r=g\",\"caption\":\"Reda\u00e7\u00e3o Reda\u00e7\u00e3o\"},\"sameAs\":[\"https:\/\/markd.com.br\/\"],\"url\":\"https:\/\/markd.com.br\/models\/author\/redacao\/\"}]}<\/script>\n<!-- \/ Yoast SEO plugin. -->","yoast_head_json":{"title":"Veja v\u00eddeo: Moradora de pr\u00e9dio de luxo agride cozinheira: \u2018negra esquisita\u2019. - Not\u00edcias de Todos - Models01","robots":{"index":"index","follow":"follow","max-snippet":"max-snippet:-1","max-image-preview":"max-image-preview:large","max-video-preview":"max-video-preview:-1"},"canonical":"https:\/\/markd.com.br\/models\/veja-video-moradora-de-predio-de-luxo-agride-cozinheira-negra-esquisita\/","og_locale":"pt_BR","og_type":"article","og_title":"Veja v\u00eddeo: Moradora de pr\u00e9dio de luxo agride cozinheira: \u2018negra esquisita\u2019. - Not\u00edcias de Todos - Models01","og_description":"C\u00e2meras de seguran\u00e7as de um pr\u00e9dio localizado na Rua Oscar Freire, no bairro dos Jardins,...","og_url":"https:\/\/markd.com.br\/models\/veja-video-moradora-de-predio-de-luxo-agride-cozinheira-negra-esquisita\/","og_site_name":"Not\u00edcias de Todos - Models01","article_published_time":"2022-04-05T00:31:16+00:00","article_modified_time":"2022-04-05T00:31:22+00:00","og_image":[{"width":644,"height":445,"url":"https:\/\/markd.com.br\/models\/wp-content\/uploads\/2022\/04\/20220402222737moradoradeprediodaoscarfreireemsaopauloagridecozinheiranegra600x400-644x445-1.jpg","type":"image\/jpeg"}],"author":"Reda\u00e7\u00e3o Reda\u00e7\u00e3o","twitter_card":"summary_large_image","twitter_misc":{"Escrito por":"Reda\u00e7\u00e3o Reda\u00e7\u00e3o","Est. tempo de leitura":"2 minutos"},"schema":{"@context":"https:\/\/schema.org","@graph":[{"@type":"WebPage","@id":"https:\/\/markd.com.br\/models\/veja-video-moradora-de-predio-de-luxo-agride-cozinheira-negra-esquisita\/","url":"https:\/\/markd.com.br\/models\/veja-video-moradora-de-predio-de-luxo-agride-cozinheira-negra-esquisita\/","name":"Veja v\u00eddeo: Moradora de pr\u00e9dio de luxo agride cozinheira: \u2018negra esquisita\u2019. - Not\u00edcias de Todos - Models01","isPartOf":{"@id":"https:\/\/markd.com.br\/models\/#website"},"primaryImageOfPage":{"@id":"https:\/\/markd.com.br\/models\/veja-video-moradora-de-predio-de-luxo-agride-cozinheira-negra-esquisita\/#primaryimage"},"image":{"@id":"https:\/\/markd.com.br\/models\/veja-video-moradora-de-predio-de-luxo-agride-cozinheira-negra-esquisita\/#primaryimage"},"thumbnailUrl":"https:\/\/markd.com.br\/models\/wp-content\/uploads\/2022\/04\/20220402222737moradoradeprediodaoscarfreireemsaopauloagridecozinheiranegra600x400-644x445-1.jpg","datePublished":"2022-04-05T00:31:16+00:00","dateModified":"2022-04-05T00:31:22+00:00","author":{"@id":"https:\/\/markd.com.br\/models\/#\/schema\/person\/c12a77ab487a7262d8bec3c47301ad37"},"breadcrumb":{"@id":"https:\/\/markd.com.br\/models\/veja-video-moradora-de-predio-de-luxo-agride-cozinheira-negra-esquisita\/#breadcrumb"},"inLanguage":"pt-BR","potentialAction":[{"@type":"ReadAction","target":["https:\/\/markd.com.br\/models\/veja-video-moradora-de-predio-de-luxo-agride-cozinheira-negra-esquisita\/"]}]},{"@type":"ImageObject","inLanguage":"pt-BR","@id":"https:\/\/markd.com.br\/models\/veja-video-moradora-de-predio-de-luxo-agride-cozinheira-negra-esquisita\/#primaryimage","url":"https:\/\/markd.com.br\/models\/wp-content\/uploads\/2022\/04\/20220402222737moradoradeprediodaoscarfreireemsaopauloagridecozinheiranegra600x400-644x445-1.jpg","contentUrl":"https:\/\/markd.com.br\/models\/wp-content\/uploads\/2022\/04\/20220402222737moradoradeprediodaoscarfreireemsaopauloagridecozinheiranegra600x400-644x445-1.jpg","width":644,"height":445},{"@type":"BreadcrumbList","@id":"https:\/\/markd.com.br\/models\/veja-video-moradora-de-predio-de-luxo-agride-cozinheira-negra-esquisita\/#breadcrumb","itemListElement":[{"@type":"ListItem","position":1,"name":"In\u00edcio","item":"https:\/\/markd.com.br\/models\/"},{"@type":"ListItem","position":2,"name":"Veja v\u00eddeo: Moradora de pr\u00e9dio de luxo agride cozinheira: \u2018negra esquisita\u2019."}]},{"@type":"WebSite","@id":"https:\/\/markd.com.br\/models\/#website","url":"https:\/\/markd.com.br\/models\/","name":"Not\u00edcias de Todos - Models01","description":"Tenha um Portal de Not\u00edcias Moderno, Din\u00e2mico, R\u00e1pido e Profissional. Entregamos seu Site de  Not\u00edcias Pronto, Instalado, Hospedado, com Manual Passo a Passo e Suporte 24 horas.","potentialAction":[{"@type":"SearchAction","target":{"@type":"EntryPoint","urlTemplate":"https:\/\/markd.com.br\/models\/?s={search_term_string}"},"query-input":{"@type":"PropertyValueSpecification","valueRequired":true,"valueName":"search_term_string"}}],"inLanguage":"pt-BR"},{"@type":"Person","@id":"https:\/\/markd.com.br\/models\/#\/schema\/person\/c12a77ab487a7262d8bec3c47301ad37","name":"Reda\u00e7\u00e3o Reda\u00e7\u00e3o","image":{"@type":"ImageObject","inLanguage":"pt-BR","@id":"https:\/\/markd.com.br\/models\/#\/schema\/person\/image\/","url":"https:\/\/secure.gravatar.com\/avatar\/9448f3599ce269febf169e183039b4a6?s=96&d=mm&r=g","contentUrl":"https:\/\/secure.gravatar.com\/avatar\/9448f3599ce269febf169e183039b4a6?s=96&d=mm&r=g","caption":"Reda\u00e7\u00e3o Reda\u00e7\u00e3o"},"sameAs":["https:\/\/markd.com.br\/"],"url":"https:\/\/markd.com.br\/models\/author\/redacao\/"}]}},"featured_image_urls":{"full":["https:\/\/markd.com.br\/models\/wp-content\/uploads\/2022\/04\/20220402222737moradoradeprediodaoscarfreireemsaopauloagridecozinheiranegra600x400-644x445-1.jpg",644,445,false],"thumbnail":["https:\/\/markd.com.br\/models\/wp-content\/uploads\/2022\/04\/20220402222737moradoradeprediodaoscarfreireemsaopauloagridecozinheiranegra600x400-644x445-1-150x150.jpg",150,150,true],"medium":["https:\/\/markd.com.br\/models\/wp-content\/uploads\/2022\/04\/20220402222737moradoradeprediodaoscarfreireemsaopauloagridecozinheiranegra600x400-644x445-1-300x207.jpg",300,207,true],"medium_large":["https:\/\/markd.com.br\/models\/wp-content\/uploads\/2022\/04\/20220402222737moradoradeprediodaoscarfreireemsaopauloagridecozinheiranegra600x400-644x445-1.jpg",640,442,false],"large":["https:\/\/markd.com.br\/models\/wp-content\/uploads\/2022\/04\/20220402222737moradoradeprediodaoscarfreireemsaopauloagridecozinheiranegra600x400-644x445-1.jpg",640,442,false],"1536x1536":["https:\/\/markd.com.br\/models\/wp-content\/uploads\/2022\/04\/20220402222737moradoradeprediodaoscarfreireemsaopauloagridecozinheiranegra600x400-644x445-1.jpg",644,445,false],"2048x2048":["https:\/\/markd.com.br\/models\/wp-content\/uploads\/2022\/04\/20220402222737moradoradeprediodaoscarfreireemsaopauloagridecozinheiranegra600x400-644x445-1.jpg",644,445,false],"newsphere-slider-full":["https:\/\/markd.com.br\/models\/wp-content\/uploads\/2022\/04\/20220402222737moradoradeprediodaoscarfreireemsaopauloagridecozinheiranegra600x400-644x445-1.jpg",644,445,false],"newsphere-featured":["https:\/\/markd.com.br\/models\/wp-content\/uploads\/2022\/04\/20220402222737moradoradeprediodaoscarfreireemsaopauloagridecozinheiranegra600x400-644x445-1.jpg",644,445,false],"newsphere-medium":["https:\/\/markd.com.br\/models\/wp-content\/uploads\/2022\/04\/20220402222737moradoradeprediodaoscarfreireemsaopauloagridecozinheiranegra600x400-644x445-1-644x380.jpg",644,380,true]},"author_info":{"display_name":"Reda\u00e7\u00e3o Reda\u00e7\u00e3o","author_link":"https:\/\/markd.com.br\/models\/author\/redacao\/"},"category_info":"<a href=\"https:\/\/markd.com.br\/models\/category\/destaques\/\" rel=\"category tag\">destaques<\/a>","tag_info":"destaques","comment_count":"0","jetpack_featured_media_url":"https:\/\/markd.com.br\/models\/wp-content\/uploads\/2022\/04\/20220402222737moradoradeprediodaoscarfreireemsaopauloagridecozinheiranegra600x400-644x445-1.jpg","_links":{"self":[{"href":"https:\/\/markd.com.br\/models\/wp-json\/wp\/v2\/posts\/1183","targetHints":{"allow":["GET"]}}],"collection":[{"href":"https:\/\/markd.com.br\/models\/wp-json\/wp\/v2\/posts"}],"about":[{"href":"https:\/\/markd.com.br\/models\/wp-json\/wp\/v2\/types\/post"}],"author":[{"embeddable":true,"href":"https:\/\/markd.com.br\/models\/wp-json\/wp\/v2\/users\/5"}],"replies":[{"embeddable":true,"href":"https:\/\/markd.com.br\/models\/wp-json\/wp\/v2\/comments?post=1183"}],"version-history":[{"count":1,"href":"https:\/\/markd.com.br\/models\/wp-json\/wp\/v2\/posts\/1183\/revisions"}],"predecessor-version":[{"id":1185,"href":"https:\/\/markd.com.br\/models\/wp-json\/wp\/v2\/posts\/1183\/revisions\/1185"}],"wp:featuredmedia":[{"embeddable":true,"href":"https:\/\/markd.com.br\/models\/wp-json\/wp\/v2\/media\/1184"}],"wp:attachment":[{"href":"https:\/\/markd.com.br\/models\/wp-json\/wp\/v2\/media?parent=1183"}],"wp:term":[{"taxonomy":"category","embeddable":true,"href":"https:\/\/markd.com.br\/models\/wp-json\/wp\/v2\/categories?post=1183"},{"taxonomy":"post_tag","embeddable":true,"href":"https:\/\/markd.com.br\/models\/wp-json\/wp\/v2\/tags?post=1183"}],"curies":[{"name":"wp","href":"https:\/\/api.w.org\/{rel}","templated":true}]}}