{"id":1195,"date":"2022-04-05T14:24:09","date_gmt":"2022-04-05T17:24:09","guid":{"rendered":"https:\/\/portaldestaquenoticias.com.br\/?p=1195"},"modified":"2022-04-05T14:24:29","modified_gmt":"2022-04-05T17:24:29","slug":"video-funeral-de-rapper-assusta-internautas-por-presenca-especial-do-artista-pendurado-no-palco","status":"publish","type":"post","link":"https:\/\/markd.com.br\/models\/video-funeral-de-rapper-assusta-internautas-por-presenca-especial-do-artista-pendurado-no-palco\/","title":{"rendered":"V\u00eddeo: funeral de rapper assusta internautas por \u2018presen\u00e7a especial\u2019 do artista pendurado no palco"},"content":{"rendered":"\n<p><\/p>\n\n\n\n<p>A morte do rapper norte-americano Goonew em Washington, nos EUA, deixou muitas pessoas chocadas, j\u00e1 que o jovem de apenas 24 anos foi assassinado a tiros. No entanto, as despedidas e homenagens para\u00a0Markelle Morrow, nome de Goonew, gerou ainda mais sentimentos. Al\u00e9m de choque e tristeza, imagens de parte do funeral do jovem causou revolta e confus\u00e3o nas redes sociais. Tudo come\u00e7ou porque imagens gravadas no final do \u00faltimo m\u00eas mostram o que seria o cad\u00e1ver do rapper pendurado no palco de uma boate.<\/p>\n\n\n\n<p>Inicialmente, os f\u00e3s questionaram nas redes sociais a\u00a0possibilidade de ser um manequim que parecia com Goonew: \u201cColocaram mesmo o corpo do cara embalsamado pendurado ali? N\u00e3o \u00e9 poss\u00edvel\u201d, escreveu um internauta incr\u00e9dulo. \u201cQue desrespeitoso! Sendo boneco ou n\u00e3o, achei de p\u00e9ssimo gosto\u201d, opinou outra seguidora. \u201cNossa! Que coisa pesada, um show de horrores\u201d, publicou mais um perfil.\u00a0<\/p>\n\n\n\n<figure class=\"wp-block-embed is-type-rich is-provider-twitter wp-block-embed-twitter\"><div class=\"wp-block-embed__wrapper\">\nhttps:\/\/twitter.com\/ddukelantern\/status\/1510978556297371650?s=20&#038;t=f7j6XL0bfjiN8T1hlC0YEA\n<\/div><\/figure>\n\n\n\n<p>Na \u00faltima segunda-feira, 4, ap\u00f3s a repercuss\u00e3o intensa das imagens, a\u00a0equipe da boate se manifestou declarando\u00a0que n\u00e3o sabia da presen\u00e7a do corpo antes da pol\u00eamica, e por s\u00f3 saber da hist\u00f3ria ap\u00f3s as imagens das redes sociais n\u00e3o foi poss\u00edvel\u00a0confirmar se era real ou n\u00e3o. Por\u00e9m, o\u00a0estabelecimento pediu desculpa pelo ocorrido. Em nota, a\u00a0pol\u00edcia de Washington est\u00e1 investigando o caso.\u00a0<\/p>\n\n\n\n<figure class=\"wp-block-embed is-type-rich is-provider-twitter wp-block-embed-twitter\"><div class=\"wp-block-embed__wrapper\">\nhttps:\/\/twitter.com\/3babyrackz\/status\/1510756716509601792?s=20&#038;t=La265mQgKfsPrBDxj03xyQ\n<\/div><\/figure>\n\n\n\n<p>No Instagram, a boate disse: \u201cNossas mais profundas condol\u00eancias \u00e0 fam\u00edlia de Goonew, seus amigos e f\u00e3s. A Bliss foi contratada por uma funer\u00e1ria local para alugar o estabelecimento para a despedida de Goonew. A Bliss n\u00e3o estava ciente do que ocorreria. Pedimos desculpas sinceras a todos os que se sentiram incomodados ou ofendidos. Por favor, mantenham a fam\u00edlia e os amigos de Goonew em suas preces neste momento dif\u00edcil\u201d, publicou a p\u00e1gina da boate no Instagram.&nbsp;<\/p>\n\n\n\n<p><strong>Entenda<\/strong><\/p>\n\n\n\n<p>No dia 18 de mar\u00e7o, Goonew foi encontrado baleado em um estacionamento. Sua&nbsp;fam\u00edlia acredita que ele tenha sido v\u00edtima de latroc\u00ednio, que \u00e9 roubo seguido de morte. Desde ent\u00e3o, a&nbsp;pol\u00edcia do Condado de Prince George oferece uma recompensa de US$ 25 mil, cerca de R$ 115 mil, por informa\u00e7\u00f5es que ajudem a encontrar o autor, ou autores, do crime.<\/p>\n\n\n\n<p><em><strong>Com informa\u00e7\u00f5es do UOL<\/strong><\/em><\/p>\n","protected":false},"excerpt":{"rendered":"<p>A morte do rapper norte-americano Goonew em Washington, nos EUA, deixou muitas pessoas chocadas, j\u00e1&#8230;<\/p>\n","protected":false},"author":5,"featured_media":1196,"comment_status":"open","ping_status":"open","sticky":false,"template":"","format":"standard","meta":{"footnotes":""},"categories":[49],"tags":[281,282,280],"class_list":["post-1195","post","type-post","status-publish","format-standard","has-post-thumbnail","hentry","category-destaques","tag-funeral","tag-goonew","tag-rapper"],"yoast_head":"<!-- This site is optimized with the Yoast SEO plugin v24.4 - https:\/\/yoast.com\/wordpress\/plugins\/seo\/ -->\n<title>V\u00eddeo: funeral de rapper assusta internautas por \u2018presen\u00e7a especial\u2019 do artista pendurado no palco - Not\u00edcias de Todos - Models01<\/title>\n<meta name=\"robots\" content=\"index, follow, max-snippet:-1, max-image-preview:large, max-video-preview:-1\" \/>\n<link rel=\"canonical\" href=\"https:\/\/markd.com.br\/models\/video-funeral-de-rapper-assusta-internautas-por-presenca-especial-do-artista-pendurado-no-palco\/\" \/>\n<meta property=\"og:locale\" content=\"pt_BR\" \/>\n<meta property=\"og:type\" content=\"article\" \/>\n<meta property=\"og:title\" content=\"V\u00eddeo: funeral de rapper assusta internautas por \u2018presen\u00e7a especial\u2019 do artista pendurado no palco - Not\u00edcias de Todos - Models01\" \/>\n<meta property=\"og:description\" content=\"A morte do rapper norte-americano Goonew em Washington, nos EUA, deixou muitas pessoas chocadas, j\u00e1...\" \/>\n<meta property=\"og:url\" content=\"https:\/\/markd.com.br\/models\/video-funeral-de-rapper-assusta-internautas-por-presenca-especial-do-artista-pendurado-no-palco\/\" \/>\n<meta property=\"og:site_name\" content=\"Not\u00edcias de Todos - Models01\" \/>\n<meta property=\"article:published_time\" content=\"2022-04-05T17:24:09+00:00\" \/>\n<meta property=\"article:modified_time\" content=\"2022-04-05T17:24:29+00:00\" \/>\n<meta property=\"og:image\" content=\"https:\/\/markd.com.br\/models\/wp-content\/uploads\/2022\/04\/goonew-05042022090910061.jpeg\" \/>\n\t<meta property=\"og:image:width\" content=\"650\" \/>\n\t<meta property=\"og:image:height\" content=\"354\" \/>\n\t<meta property=\"og:image:type\" content=\"image\/jpeg\" \/>\n<meta name=\"author\" content=\"Reda\u00e7\u00e3o Reda\u00e7\u00e3o\" \/>\n<meta name=\"twitter:card\" content=\"summary_large_image\" \/>\n<meta name=\"twitter:label1\" content=\"Escrito por\" \/>\n\t<meta name=\"twitter:data1\" content=\"Reda\u00e7\u00e3o Reda\u00e7\u00e3o\" \/>\n\t<meta name=\"twitter:label2\" content=\"Est. tempo de leitura\" \/>\n\t<meta name=\"twitter:data2\" content=\"2 minutos\" \/>\n<script type=\"application\/ld+json\" class=\"yoast-schema-graph\">{\"@context\":\"https:\/\/schema.org\",\"@graph\":[{\"@type\":\"WebPage\",\"@id\":\"https:\/\/markd.com.br\/models\/video-funeral-de-rapper-assusta-internautas-por-presenca-especial-do-artista-pendurado-no-palco\/\",\"url\":\"https:\/\/markd.com.br\/models\/video-funeral-de-rapper-assusta-internautas-por-presenca-especial-do-artista-pendurado-no-palco\/\",\"name\":\"V\u00eddeo: funeral de rapper assusta internautas por \u2018presen\u00e7a especial\u2019 do artista pendurado no palco - Not\u00edcias de Todos - Models01\",\"isPartOf\":{\"@id\":\"https:\/\/markd.com.br\/models\/#website\"},\"primaryImageOfPage\":{\"@id\":\"https:\/\/markd.com.br\/models\/video-funeral-de-rapper-assusta-internautas-por-presenca-especial-do-artista-pendurado-no-palco\/#primaryimage\"},\"image\":{\"@id\":\"https:\/\/markd.com.br\/models\/video-funeral-de-rapper-assusta-internautas-por-presenca-especial-do-artista-pendurado-no-palco\/#primaryimage\"},\"thumbnailUrl\":\"https:\/\/markd.com.br\/models\/wp-content\/uploads\/2022\/04\/goonew-05042022090910061.jpeg\",\"datePublished\":\"2022-04-05T17:24:09+00:00\",\"dateModified\":\"2022-04-05T17:24:29+00:00\",\"author\":{\"@id\":\"https:\/\/markd.com.br\/models\/#\/schema\/person\/c12a77ab487a7262d8bec3c47301ad37\"},\"breadcrumb\":{\"@id\":\"https:\/\/markd.com.br\/models\/video-funeral-de-rapper-assusta-internautas-por-presenca-especial-do-artista-pendurado-no-palco\/#breadcrumb\"},\"inLanguage\":\"pt-BR\",\"potentialAction\":[{\"@type\":\"ReadAction\",\"target\":[\"https:\/\/markd.com.br\/models\/video-funeral-de-rapper-assusta-internautas-por-presenca-especial-do-artista-pendurado-no-palco\/\"]}]},{\"@type\":\"ImageObject\",\"inLanguage\":\"pt-BR\",\"@id\":\"https:\/\/markd.com.br\/models\/video-funeral-de-rapper-assusta-internautas-por-presenca-especial-do-artista-pendurado-no-palco\/#primaryimage\",\"url\":\"https:\/\/markd.com.br\/models\/wp-content\/uploads\/2022\/04\/goonew-05042022090910061.jpeg\",\"contentUrl\":\"https:\/\/markd.com.br\/models\/wp-content\/uploads\/2022\/04\/goonew-05042022090910061.jpeg\",\"width\":650,\"height\":354},{\"@type\":\"BreadcrumbList\",\"@id\":\"https:\/\/markd.com.br\/models\/video-funeral-de-rapper-assusta-internautas-por-presenca-especial-do-artista-pendurado-no-palco\/#breadcrumb\",\"itemListElement\":[{\"@type\":\"ListItem\",\"position\":1,\"name\":\"In\u00edcio\",\"item\":\"https:\/\/markd.com.br\/models\/\"},{\"@type\":\"ListItem\",\"position\":2,\"name\":\"V\u00eddeo: funeral de rapper assusta internautas por \u2018presen\u00e7a especial\u2019 do artista pendurado no palco\"}]},{\"@type\":\"WebSite\",\"@id\":\"https:\/\/markd.com.br\/models\/#website\",\"url\":\"https:\/\/markd.com.br\/models\/\",\"name\":\"Not\u00edcias de Todos - Models01\",\"description\":\"Tenha um Portal de Not\u00edcias Moderno, Din\u00e2mico, R\u00e1pido e Profissional. Entregamos seu Site de  Not\u00edcias Pronto, Instalado, Hospedado, com Manual Passo a Passo e Suporte 24 horas.\",\"potentialAction\":[{\"@type\":\"SearchAction\",\"target\":{\"@type\":\"EntryPoint\",\"urlTemplate\":\"https:\/\/markd.com.br\/models\/?s={search_term_string}\"},\"query-input\":{\"@type\":\"PropertyValueSpecification\",\"valueRequired\":true,\"valueName\":\"search_term_string\"}}],\"inLanguage\":\"pt-BR\"},{\"@type\":\"Person\",\"@id\":\"https:\/\/markd.com.br\/models\/#\/schema\/person\/c12a77ab487a7262d8bec3c47301ad37\",\"name\":\"Reda\u00e7\u00e3o Reda\u00e7\u00e3o\",\"image\":{\"@type\":\"ImageObject\",\"inLanguage\":\"pt-BR\",\"@id\":\"https:\/\/markd.com.br\/models\/#\/schema\/person\/image\/\",\"url\":\"https:\/\/secure.gravatar.com\/avatar\/9448f3599ce269febf169e183039b4a6?s=96&d=mm&r=g\",\"contentUrl\":\"https:\/\/secure.gravatar.com\/avatar\/9448f3599ce269febf169e183039b4a6?s=96&d=mm&r=g\",\"caption\":\"Reda\u00e7\u00e3o Reda\u00e7\u00e3o\"},\"sameAs\":[\"https:\/\/markd.com.br\/\"],\"url\":\"https:\/\/markd.com.br\/models\/author\/redacao\/\"}]}<\/script>\n<!-- \/ Yoast SEO plugin. -->","yoast_head_json":{"title":"V\u00eddeo: funeral de rapper assusta internautas por \u2018presen\u00e7a especial\u2019 do artista pendurado no palco - Not\u00edcias de Todos - Models01","robots":{"index":"index","follow":"follow","max-snippet":"max-snippet:-1","max-image-preview":"max-image-preview:large","max-video-preview":"max-video-preview:-1"},"canonical":"https:\/\/markd.com.br\/models\/video-funeral-de-rapper-assusta-internautas-por-presenca-especial-do-artista-pendurado-no-palco\/","og_locale":"pt_BR","og_type":"article","og_title":"V\u00eddeo: funeral de rapper assusta internautas por \u2018presen\u00e7a especial\u2019 do artista pendurado no palco - Not\u00edcias de Todos - Models01","og_description":"A morte do rapper norte-americano Goonew em Washington, nos EUA, deixou muitas pessoas chocadas, j\u00e1...","og_url":"https:\/\/markd.com.br\/models\/video-funeral-de-rapper-assusta-internautas-por-presenca-especial-do-artista-pendurado-no-palco\/","og_site_name":"Not\u00edcias de Todos - Models01","article_published_time":"2022-04-05T17:24:09+00:00","article_modified_time":"2022-04-05T17:24:29+00:00","og_image":[{"width":650,"height":354,"url":"https:\/\/markd.com.br\/models\/wp-content\/uploads\/2022\/04\/goonew-05042022090910061.jpeg","type":"image\/jpeg"}],"author":"Reda\u00e7\u00e3o Reda\u00e7\u00e3o","twitter_card":"summary_large_image","twitter_misc":{"Escrito por":"Reda\u00e7\u00e3o Reda\u00e7\u00e3o","Est. tempo de leitura":"2 minutos"},"schema":{"@context":"https:\/\/schema.org","@graph":[{"@type":"WebPage","@id":"https:\/\/markd.com.br\/models\/video-funeral-de-rapper-assusta-internautas-por-presenca-especial-do-artista-pendurado-no-palco\/","url":"https:\/\/markd.com.br\/models\/video-funeral-de-rapper-assusta-internautas-por-presenca-especial-do-artista-pendurado-no-palco\/","name":"V\u00eddeo: funeral de rapper assusta internautas por \u2018presen\u00e7a especial\u2019 do artista pendurado no palco - Not\u00edcias de Todos - Models01","isPartOf":{"@id":"https:\/\/markd.com.br\/models\/#website"},"primaryImageOfPage":{"@id":"https:\/\/markd.com.br\/models\/video-funeral-de-rapper-assusta-internautas-por-presenca-especial-do-artista-pendurado-no-palco\/#primaryimage"},"image":{"@id":"https:\/\/markd.com.br\/models\/video-funeral-de-rapper-assusta-internautas-por-presenca-especial-do-artista-pendurado-no-palco\/#primaryimage"},"thumbnailUrl":"https:\/\/markd.com.br\/models\/wp-content\/uploads\/2022\/04\/goonew-05042022090910061.jpeg","datePublished":"2022-04-05T17:24:09+00:00","dateModified":"2022-04-05T17:24:29+00:00","author":{"@id":"https:\/\/markd.com.br\/models\/#\/schema\/person\/c12a77ab487a7262d8bec3c47301ad37"},"breadcrumb":{"@id":"https:\/\/markd.com.br\/models\/video-funeral-de-rapper-assusta-internautas-por-presenca-especial-do-artista-pendurado-no-palco\/#breadcrumb"},"inLanguage":"pt-BR","potentialAction":[{"@type":"ReadAction","target":["https:\/\/markd.com.br\/models\/video-funeral-de-rapper-assusta-internautas-por-presenca-especial-do-artista-pendurado-no-palco\/"]}]},{"@type":"ImageObject","inLanguage":"pt-BR","@id":"https:\/\/markd.com.br\/models\/video-funeral-de-rapper-assusta-internautas-por-presenca-especial-do-artista-pendurado-no-palco\/#primaryimage","url":"https:\/\/markd.com.br\/models\/wp-content\/uploads\/2022\/04\/goonew-05042022090910061.jpeg","contentUrl":"https:\/\/markd.com.br\/models\/wp-content\/uploads\/2022\/04\/goonew-05042022090910061.jpeg","width":650,"height":354},{"@type":"BreadcrumbList","@id":"https:\/\/markd.com.br\/models\/video-funeral-de-rapper-assusta-internautas-por-presenca-especial-do-artista-pendurado-no-palco\/#breadcrumb","itemListElement":[{"@type":"ListItem","position":1,"name":"In\u00edcio","item":"https:\/\/markd.com.br\/models\/"},{"@type":"ListItem","position":2,"name":"V\u00eddeo: funeral de rapper assusta internautas por \u2018presen\u00e7a especial\u2019 do artista pendurado no palco"}]},{"@type":"WebSite","@id":"https:\/\/markd.com.br\/models\/#website","url":"https:\/\/markd.com.br\/models\/","name":"Not\u00edcias de Todos - Models01","description":"Tenha um Portal de Not\u00edcias Moderno, Din\u00e2mico, R\u00e1pido e Profissional. Entregamos seu Site de  Not\u00edcias Pronto, Instalado, Hospedado, com Manual Passo a Passo e Suporte 24 horas.","potentialAction":[{"@type":"SearchAction","target":{"@type":"EntryPoint","urlTemplate":"https:\/\/markd.com.br\/models\/?s={search_term_string}"},"query-input":{"@type":"PropertyValueSpecification","valueRequired":true,"valueName":"search_term_string"}}],"inLanguage":"pt-BR"},{"@type":"Person","@id":"https:\/\/markd.com.br\/models\/#\/schema\/person\/c12a77ab487a7262d8bec3c47301ad37","name":"Reda\u00e7\u00e3o Reda\u00e7\u00e3o","image":{"@type":"ImageObject","inLanguage":"pt-BR","@id":"https:\/\/markd.com.br\/models\/#\/schema\/person\/image\/","url":"https:\/\/secure.gravatar.com\/avatar\/9448f3599ce269febf169e183039b4a6?s=96&d=mm&r=g","contentUrl":"https:\/\/secure.gravatar.com\/avatar\/9448f3599ce269febf169e183039b4a6?s=96&d=mm&r=g","caption":"Reda\u00e7\u00e3o Reda\u00e7\u00e3o"},"sameAs":["https:\/\/markd.com.br\/"],"url":"https:\/\/markd.com.br\/models\/author\/redacao\/"}]}},"featured_image_urls":{"full":["https:\/\/markd.com.br\/models\/wp-content\/uploads\/2022\/04\/goonew-05042022090910061.jpeg",650,354,false],"thumbnail":["https:\/\/markd.com.br\/models\/wp-content\/uploads\/2022\/04\/goonew-05042022090910061-150x150.jpeg",150,150,true],"medium":["https:\/\/markd.com.br\/models\/wp-content\/uploads\/2022\/04\/goonew-05042022090910061-300x163.jpeg",300,163,true],"medium_large":["https:\/\/markd.com.br\/models\/wp-content\/uploads\/2022\/04\/goonew-05042022090910061.jpeg",640,349,false],"large":["https:\/\/markd.com.br\/models\/wp-content\/uploads\/2022\/04\/goonew-05042022090910061.jpeg",640,349,false],"1536x1536":["https:\/\/markd.com.br\/models\/wp-content\/uploads\/2022\/04\/goonew-05042022090910061.jpeg",650,354,false],"2048x2048":["https:\/\/markd.com.br\/models\/wp-content\/uploads\/2022\/04\/goonew-05042022090910061.jpeg",650,354,false],"newsphere-slider-full":["https:\/\/markd.com.br\/models\/wp-content\/uploads\/2022\/04\/goonew-05042022090910061.jpeg",650,354,false],"newsphere-featured":["https:\/\/markd.com.br\/models\/wp-content\/uploads\/2022\/04\/goonew-05042022090910061.jpeg",650,354,false],"newsphere-medium":["https:\/\/markd.com.br\/models\/wp-content\/uploads\/2022\/04\/goonew-05042022090910061.jpeg",650,354,false]},"author_info":{"display_name":"Reda\u00e7\u00e3o Reda\u00e7\u00e3o","author_link":"https:\/\/markd.com.br\/models\/author\/redacao\/"},"category_info":"<a href=\"https:\/\/markd.com.br\/models\/category\/destaques\/\" rel=\"category tag\">destaques<\/a>","tag_info":"destaques","comment_count":"0","jetpack_featured_media_url":"https:\/\/markd.com.br\/models\/wp-content\/uploads\/2022\/04\/goonew-05042022090910061.jpeg","_links":{"self":[{"href":"https:\/\/markd.com.br\/models\/wp-json\/wp\/v2\/posts\/1195","targetHints":{"allow":["GET"]}}],"collection":[{"href":"https:\/\/markd.com.br\/models\/wp-json\/wp\/v2\/posts"}],"about":[{"href":"https:\/\/markd.com.br\/models\/wp-json\/wp\/v2\/types\/post"}],"author":[{"embeddable":true,"href":"https:\/\/markd.com.br\/models\/wp-json\/wp\/v2\/users\/5"}],"replies":[{"embeddable":true,"href":"https:\/\/markd.com.br\/models\/wp-json\/wp\/v2\/comments?post=1195"}],"version-history":[{"count":1,"href":"https:\/\/markd.com.br\/models\/wp-json\/wp\/v2\/posts\/1195\/revisions"}],"predecessor-version":[{"id":1197,"href":"https:\/\/markd.com.br\/models\/wp-json\/wp\/v2\/posts\/1195\/revisions\/1197"}],"wp:featuredmedia":[{"embeddable":true,"href":"https:\/\/markd.com.br\/models\/wp-json\/wp\/v2\/media\/1196"}],"wp:attachment":[{"href":"https:\/\/markd.com.br\/models\/wp-json\/wp\/v2\/media?parent=1195"}],"wp:term":[{"taxonomy":"category","embeddable":true,"href":"https:\/\/markd.com.br\/models\/wp-json\/wp\/v2\/categories?post=1195"},{"taxonomy":"post_tag","embeddable":true,"href":"https:\/\/markd.com.br\/models\/wp-json\/wp\/v2\/tags?post=1195"}],"curies":[{"name":"wp","href":"https:\/\/api.w.org\/{rel}","templated":true}]}}