{"id":1217,"date":"2022-04-05T15:29:03","date_gmt":"2022-04-05T18:29:03","guid":{"rendered":"https:\/\/portaldestaquenoticias.com.br\/?p=1217"},"modified":"2022-04-05T15:29:05","modified_gmt":"2022-04-05T18:29:05","slug":"trabalhador-tem-pernas-dilaceradas-ao-cair-em-maquina-de-triturar-no-amazonas","status":"publish","type":"post","link":"https:\/\/markd.com.br\/models\/trabalhador-tem-pernas-dilaceradas-ao-cair-em-maquina-de-triturar-no-amazonas\/","title":{"rendered":"Trabalhador tem pernas dilaceradas ao cair em m\u00e1quina de triturar no Amazonas"},"content":{"rendered":"\n<p><\/p>\n\n\n\n<p>Amazonas \u2013 Na noite desta segunda-feira (04), um trabalhador identificado como Eligelson Bentes, de 48 anos, teve suas duas pernas dilaceradas ao cair em uma m\u00e1quina trituradora. O caso aconteceu em uma f\u00e1brica de tijolos, localizada no KM19 da rodovia AM-010, no entorno do munic\u00edpio de Itacoatiara.<\/p>\n\n\n\n<figure class=\"wp-block-image\"><img decoding=\"async\" src=\"https:\/\/portalcm7.com\/wp-content\/uploads\/2022\/04\/WhatsApp-Image-2022-04-05-at-093228.jpeg\" alt=\"\" class=\"wp-image-257608\"\/><\/figure>\n\n\n\n<p>De acordo com informa\u00e7\u00f5es, Eligelson estava tirando uma sacola pl\u00e1stica que havia ca\u00eddo dentro da m\u00e1quina, quando acabou se desequilibrando e caindo no interior da mesma.<\/p>\n\n\n\n<p>Imagens, registradas por testemunhas, mostram os profissionais do Corpo de Bombeiros Militar do Amazonas (CBM-AM) serrando parte da m\u00e1quina para conseguir retirar Eligelson das ferragens. O trabalho de resgate durou cerca de 3 horas.<\/p>\n\n\n\n<p>O homem foi socorrido por uma ambul\u00e2ncia do Servi\u00e7o de Atendimento M\u00f3vel de Urg\u00eancia (SAMU) e encaminhado ao Hospital Jos\u00e9 Mendes. Familiares se desesperaram no hospital ao ficarem sabendo do acidente. At\u00e9 o momento, n\u00e3o h\u00e1 informa\u00e7\u00f5es sobre o estado de sa\u00fade de Eligelson.&nbsp;&nbsp;<\/p>\n\n\n\n<p><br>FONTE: CM7<\/p>\n","protected":false},"excerpt":{"rendered":"<p>Amazonas \u2013 Na noite desta segunda-feira (04), um trabalhador identificado como Eligelson Bentes, de 48&#8230;<\/p>\n","protected":false},"author":5,"featured_media":1220,"comment_status":"open","ping_status":"open","sticky":false,"template":"","format":"standard","meta":{"footnotes":""},"categories":[61],"tags":[62,290,194],"class_list":["post-1217","post","type-post","status-publish","format-standard","has-post-thumbnail","hentry","category-acidente","tag-acidente","tag-cbm-am","tag-samu"],"yoast_head":"<!-- This site is optimized with the Yoast SEO plugin v24.4 - https:\/\/yoast.com\/wordpress\/plugins\/seo\/ -->\n<title>Trabalhador tem pernas dilaceradas ao cair em m\u00e1quina de triturar no Amazonas - Not\u00edcias de Todos - Models01<\/title>\n<meta name=\"robots\" content=\"index, follow, max-snippet:-1, max-image-preview:large, max-video-preview:-1\" \/>\n<link rel=\"canonical\" href=\"https:\/\/markd.com.br\/models\/trabalhador-tem-pernas-dilaceradas-ao-cair-em-maquina-de-triturar-no-amazonas\/\" \/>\n<meta property=\"og:locale\" content=\"pt_BR\" \/>\n<meta property=\"og:type\" content=\"article\" \/>\n<meta property=\"og:title\" content=\"Trabalhador tem pernas dilaceradas ao cair em m\u00e1quina de triturar no Amazonas - Not\u00edcias de Todos - Models01\" \/>\n<meta property=\"og:description\" content=\"Amazonas \u2013 Na noite desta segunda-feira (04), um trabalhador identificado como Eligelson Bentes, de 48...\" \/>\n<meta property=\"og:url\" content=\"https:\/\/markd.com.br\/models\/trabalhador-tem-pernas-dilaceradas-ao-cair-em-maquina-de-triturar-no-amazonas\/\" \/>\n<meta property=\"og:site_name\" content=\"Not\u00edcias de Todos - Models01\" \/>\n<meta property=\"article:published_time\" content=\"2022-04-05T18:29:03+00:00\" \/>\n<meta property=\"article:modified_time\" content=\"2022-04-05T18:29:05+00:00\" \/>\n<meta property=\"og:image\" content=\"https:\/\/markd.com.br\/models\/wp-content\/uploads\/2022\/04\/3AF75DE4-ED74-4CA0-9473-3A15D9C05C05.jpeg\" \/>\n\t<meta property=\"og:image:width\" content=\"481\" \/>\n\t<meta property=\"og:image:height\" content=\"300\" \/>\n\t<meta property=\"og:image:type\" content=\"image\/jpeg\" \/>\n<meta name=\"author\" content=\"Reda\u00e7\u00e3o Reda\u00e7\u00e3o\" \/>\n<meta name=\"twitter:card\" content=\"summary_large_image\" \/>\n<meta name=\"twitter:label1\" content=\"Escrito por\" \/>\n\t<meta name=\"twitter:data1\" content=\"Reda\u00e7\u00e3o Reda\u00e7\u00e3o\" \/>\n\t<meta name=\"twitter:label2\" content=\"Est. tempo de leitura\" \/>\n\t<meta name=\"twitter:data2\" content=\"2 minutos\" \/>\n<script type=\"application\/ld+json\" class=\"yoast-schema-graph\">{\"@context\":\"https:\/\/schema.org\",\"@graph\":[{\"@type\":\"WebPage\",\"@id\":\"https:\/\/markd.com.br\/models\/trabalhador-tem-pernas-dilaceradas-ao-cair-em-maquina-de-triturar-no-amazonas\/\",\"url\":\"https:\/\/markd.com.br\/models\/trabalhador-tem-pernas-dilaceradas-ao-cair-em-maquina-de-triturar-no-amazonas\/\",\"name\":\"Trabalhador tem pernas dilaceradas ao cair em m\u00e1quina de triturar no Amazonas - Not\u00edcias de Todos - Models01\",\"isPartOf\":{\"@id\":\"https:\/\/markd.com.br\/models\/#website\"},\"primaryImageOfPage\":{\"@id\":\"https:\/\/markd.com.br\/models\/trabalhador-tem-pernas-dilaceradas-ao-cair-em-maquina-de-triturar-no-amazonas\/#primaryimage\"},\"image\":{\"@id\":\"https:\/\/markd.com.br\/models\/trabalhador-tem-pernas-dilaceradas-ao-cair-em-maquina-de-triturar-no-amazonas\/#primaryimage\"},\"thumbnailUrl\":\"https:\/\/markd.com.br\/models\/wp-content\/uploads\/2022\/04\/3AF75DE4-ED74-4CA0-9473-3A15D9C05C05.jpeg\",\"datePublished\":\"2022-04-05T18:29:03+00:00\",\"dateModified\":\"2022-04-05T18:29:05+00:00\",\"author\":{\"@id\":\"https:\/\/markd.com.br\/models\/#\/schema\/person\/c12a77ab487a7262d8bec3c47301ad37\"},\"breadcrumb\":{\"@id\":\"https:\/\/markd.com.br\/models\/trabalhador-tem-pernas-dilaceradas-ao-cair-em-maquina-de-triturar-no-amazonas\/#breadcrumb\"},\"inLanguage\":\"pt-BR\",\"potentialAction\":[{\"@type\":\"ReadAction\",\"target\":[\"https:\/\/markd.com.br\/models\/trabalhador-tem-pernas-dilaceradas-ao-cair-em-maquina-de-triturar-no-amazonas\/\"]}]},{\"@type\":\"ImageObject\",\"inLanguage\":\"pt-BR\",\"@id\":\"https:\/\/markd.com.br\/models\/trabalhador-tem-pernas-dilaceradas-ao-cair-em-maquina-de-triturar-no-amazonas\/#primaryimage\",\"url\":\"https:\/\/markd.com.br\/models\/wp-content\/uploads\/2022\/04\/3AF75DE4-ED74-4CA0-9473-3A15D9C05C05.jpeg\",\"contentUrl\":\"https:\/\/markd.com.br\/models\/wp-content\/uploads\/2022\/04\/3AF75DE4-ED74-4CA0-9473-3A15D9C05C05.jpeg\",\"width\":481,\"height\":300},{\"@type\":\"BreadcrumbList\",\"@id\":\"https:\/\/markd.com.br\/models\/trabalhador-tem-pernas-dilaceradas-ao-cair-em-maquina-de-triturar-no-amazonas\/#breadcrumb\",\"itemListElement\":[{\"@type\":\"ListItem\",\"position\":1,\"name\":\"In\u00edcio\",\"item\":\"https:\/\/markd.com.br\/models\/\"},{\"@type\":\"ListItem\",\"position\":2,\"name\":\"Trabalhador tem pernas dilaceradas ao cair em m\u00e1quina de triturar no Amazonas\"}]},{\"@type\":\"WebSite\",\"@id\":\"https:\/\/markd.com.br\/models\/#website\",\"url\":\"https:\/\/markd.com.br\/models\/\",\"name\":\"Not\u00edcias de Todos - Models01\",\"description\":\"Tenha um Portal de Not\u00edcias Moderno, Din\u00e2mico, R\u00e1pido e Profissional. Entregamos seu Site de  Not\u00edcias Pronto, Instalado, Hospedado, com Manual Passo a Passo e Suporte 24 horas.\",\"potentialAction\":[{\"@type\":\"SearchAction\",\"target\":{\"@type\":\"EntryPoint\",\"urlTemplate\":\"https:\/\/markd.com.br\/models\/?s={search_term_string}\"},\"query-input\":{\"@type\":\"PropertyValueSpecification\",\"valueRequired\":true,\"valueName\":\"search_term_string\"}}],\"inLanguage\":\"pt-BR\"},{\"@type\":\"Person\",\"@id\":\"https:\/\/markd.com.br\/models\/#\/schema\/person\/c12a77ab487a7262d8bec3c47301ad37\",\"name\":\"Reda\u00e7\u00e3o Reda\u00e7\u00e3o\",\"image\":{\"@type\":\"ImageObject\",\"inLanguage\":\"pt-BR\",\"@id\":\"https:\/\/markd.com.br\/models\/#\/schema\/person\/image\/\",\"url\":\"https:\/\/secure.gravatar.com\/avatar\/9448f3599ce269febf169e183039b4a6?s=96&d=mm&r=g\",\"contentUrl\":\"https:\/\/secure.gravatar.com\/avatar\/9448f3599ce269febf169e183039b4a6?s=96&d=mm&r=g\",\"caption\":\"Reda\u00e7\u00e3o Reda\u00e7\u00e3o\"},\"sameAs\":[\"https:\/\/markd.com.br\/\"],\"url\":\"https:\/\/markd.com.br\/models\/author\/redacao\/\"}]}<\/script>\n<!-- \/ Yoast SEO plugin. -->","yoast_head_json":{"title":"Trabalhador tem pernas dilaceradas ao cair em m\u00e1quina de triturar no Amazonas - Not\u00edcias de Todos - Models01","robots":{"index":"index","follow":"follow","max-snippet":"max-snippet:-1","max-image-preview":"max-image-preview:large","max-video-preview":"max-video-preview:-1"},"canonical":"https:\/\/markd.com.br\/models\/trabalhador-tem-pernas-dilaceradas-ao-cair-em-maquina-de-triturar-no-amazonas\/","og_locale":"pt_BR","og_type":"article","og_title":"Trabalhador tem pernas dilaceradas ao cair em m\u00e1quina de triturar no Amazonas - Not\u00edcias de Todos - Models01","og_description":"Amazonas \u2013 Na noite desta segunda-feira (04), um trabalhador identificado como Eligelson Bentes, de 48...","og_url":"https:\/\/markd.com.br\/models\/trabalhador-tem-pernas-dilaceradas-ao-cair-em-maquina-de-triturar-no-amazonas\/","og_site_name":"Not\u00edcias de Todos - Models01","article_published_time":"2022-04-05T18:29:03+00:00","article_modified_time":"2022-04-05T18:29:05+00:00","og_image":[{"width":481,"height":300,"url":"https:\/\/markd.com.br\/models\/wp-content\/uploads\/2022\/04\/3AF75DE4-ED74-4CA0-9473-3A15D9C05C05.jpeg","type":"image\/jpeg"}],"author":"Reda\u00e7\u00e3o Reda\u00e7\u00e3o","twitter_card":"summary_large_image","twitter_misc":{"Escrito por":"Reda\u00e7\u00e3o Reda\u00e7\u00e3o","Est. tempo de leitura":"2 minutos"},"schema":{"@context":"https:\/\/schema.org","@graph":[{"@type":"WebPage","@id":"https:\/\/markd.com.br\/models\/trabalhador-tem-pernas-dilaceradas-ao-cair-em-maquina-de-triturar-no-amazonas\/","url":"https:\/\/markd.com.br\/models\/trabalhador-tem-pernas-dilaceradas-ao-cair-em-maquina-de-triturar-no-amazonas\/","name":"Trabalhador tem pernas dilaceradas ao cair em m\u00e1quina de triturar no Amazonas - Not\u00edcias de Todos - Models01","isPartOf":{"@id":"https:\/\/markd.com.br\/models\/#website"},"primaryImageOfPage":{"@id":"https:\/\/markd.com.br\/models\/trabalhador-tem-pernas-dilaceradas-ao-cair-em-maquina-de-triturar-no-amazonas\/#primaryimage"},"image":{"@id":"https:\/\/markd.com.br\/models\/trabalhador-tem-pernas-dilaceradas-ao-cair-em-maquina-de-triturar-no-amazonas\/#primaryimage"},"thumbnailUrl":"https:\/\/markd.com.br\/models\/wp-content\/uploads\/2022\/04\/3AF75DE4-ED74-4CA0-9473-3A15D9C05C05.jpeg","datePublished":"2022-04-05T18:29:03+00:00","dateModified":"2022-04-05T18:29:05+00:00","author":{"@id":"https:\/\/markd.com.br\/models\/#\/schema\/person\/c12a77ab487a7262d8bec3c47301ad37"},"breadcrumb":{"@id":"https:\/\/markd.com.br\/models\/trabalhador-tem-pernas-dilaceradas-ao-cair-em-maquina-de-triturar-no-amazonas\/#breadcrumb"},"inLanguage":"pt-BR","potentialAction":[{"@type":"ReadAction","target":["https:\/\/markd.com.br\/models\/trabalhador-tem-pernas-dilaceradas-ao-cair-em-maquina-de-triturar-no-amazonas\/"]}]},{"@type":"ImageObject","inLanguage":"pt-BR","@id":"https:\/\/markd.com.br\/models\/trabalhador-tem-pernas-dilaceradas-ao-cair-em-maquina-de-triturar-no-amazonas\/#primaryimage","url":"https:\/\/markd.com.br\/models\/wp-content\/uploads\/2022\/04\/3AF75DE4-ED74-4CA0-9473-3A15D9C05C05.jpeg","contentUrl":"https:\/\/markd.com.br\/models\/wp-content\/uploads\/2022\/04\/3AF75DE4-ED74-4CA0-9473-3A15D9C05C05.jpeg","width":481,"height":300},{"@type":"BreadcrumbList","@id":"https:\/\/markd.com.br\/models\/trabalhador-tem-pernas-dilaceradas-ao-cair-em-maquina-de-triturar-no-amazonas\/#breadcrumb","itemListElement":[{"@type":"ListItem","position":1,"name":"In\u00edcio","item":"https:\/\/markd.com.br\/models\/"},{"@type":"ListItem","position":2,"name":"Trabalhador tem pernas dilaceradas ao cair em m\u00e1quina de triturar no Amazonas"}]},{"@type":"WebSite","@id":"https:\/\/markd.com.br\/models\/#website","url":"https:\/\/markd.com.br\/models\/","name":"Not\u00edcias de Todos - Models01","description":"Tenha um Portal de Not\u00edcias Moderno, Din\u00e2mico, R\u00e1pido e Profissional. Entregamos seu Site de  Not\u00edcias Pronto, Instalado, Hospedado, com Manual Passo a Passo e Suporte 24 horas.","potentialAction":[{"@type":"SearchAction","target":{"@type":"EntryPoint","urlTemplate":"https:\/\/markd.com.br\/models\/?s={search_term_string}"},"query-input":{"@type":"PropertyValueSpecification","valueRequired":true,"valueName":"search_term_string"}}],"inLanguage":"pt-BR"},{"@type":"Person","@id":"https:\/\/markd.com.br\/models\/#\/schema\/person\/c12a77ab487a7262d8bec3c47301ad37","name":"Reda\u00e7\u00e3o Reda\u00e7\u00e3o","image":{"@type":"ImageObject","inLanguage":"pt-BR","@id":"https:\/\/markd.com.br\/models\/#\/schema\/person\/image\/","url":"https:\/\/secure.gravatar.com\/avatar\/9448f3599ce269febf169e183039b4a6?s=96&d=mm&r=g","contentUrl":"https:\/\/secure.gravatar.com\/avatar\/9448f3599ce269febf169e183039b4a6?s=96&d=mm&r=g","caption":"Reda\u00e7\u00e3o Reda\u00e7\u00e3o"},"sameAs":["https:\/\/markd.com.br\/"],"url":"https:\/\/markd.com.br\/models\/author\/redacao\/"}]}},"featured_image_urls":{"full":["https:\/\/markd.com.br\/models\/wp-content\/uploads\/2022\/04\/3AF75DE4-ED74-4CA0-9473-3A15D9C05C05.jpeg",481,300,false],"thumbnail":["https:\/\/markd.com.br\/models\/wp-content\/uploads\/2022\/04\/3AF75DE4-ED74-4CA0-9473-3A15D9C05C05-150x150.jpeg",150,150,true],"medium":["https:\/\/markd.com.br\/models\/wp-content\/uploads\/2022\/04\/3AF75DE4-ED74-4CA0-9473-3A15D9C05C05-300x187.jpeg",300,187,true],"medium_large":["https:\/\/markd.com.br\/models\/wp-content\/uploads\/2022\/04\/3AF75DE4-ED74-4CA0-9473-3A15D9C05C05.jpeg",481,300,false],"large":["https:\/\/markd.com.br\/models\/wp-content\/uploads\/2022\/04\/3AF75DE4-ED74-4CA0-9473-3A15D9C05C05.jpeg",481,300,false],"1536x1536":["https:\/\/markd.com.br\/models\/wp-content\/uploads\/2022\/04\/3AF75DE4-ED74-4CA0-9473-3A15D9C05C05.jpeg",481,300,false],"2048x2048":["https:\/\/markd.com.br\/models\/wp-content\/uploads\/2022\/04\/3AF75DE4-ED74-4CA0-9473-3A15D9C05C05.jpeg",481,300,false],"newsphere-slider-full":["https:\/\/markd.com.br\/models\/wp-content\/uploads\/2022\/04\/3AF75DE4-ED74-4CA0-9473-3A15D9C05C05.jpeg",481,300,false],"newsphere-featured":["https:\/\/markd.com.br\/models\/wp-content\/uploads\/2022\/04\/3AF75DE4-ED74-4CA0-9473-3A15D9C05C05.jpeg",481,300,false],"newsphere-medium":["https:\/\/markd.com.br\/models\/wp-content\/uploads\/2022\/04\/3AF75DE4-ED74-4CA0-9473-3A15D9C05C05.jpeg",481,300,false]},"author_info":{"display_name":"Reda\u00e7\u00e3o Reda\u00e7\u00e3o","author_link":"https:\/\/markd.com.br\/models\/author\/redacao\/"},"category_info":"<a href=\"https:\/\/markd.com.br\/models\/category\/acidente\/\" rel=\"category tag\">Acidente<\/a>","tag_info":"Acidente","comment_count":"0","jetpack_featured_media_url":"https:\/\/markd.com.br\/models\/wp-content\/uploads\/2022\/04\/3AF75DE4-ED74-4CA0-9473-3A15D9C05C05.jpeg","_links":{"self":[{"href":"https:\/\/markd.com.br\/models\/wp-json\/wp\/v2\/posts\/1217","targetHints":{"allow":["GET"]}}],"collection":[{"href":"https:\/\/markd.com.br\/models\/wp-json\/wp\/v2\/posts"}],"about":[{"href":"https:\/\/markd.com.br\/models\/wp-json\/wp\/v2\/types\/post"}],"author":[{"embeddable":true,"href":"https:\/\/markd.com.br\/models\/wp-json\/wp\/v2\/users\/5"}],"replies":[{"embeddable":true,"href":"https:\/\/markd.com.br\/models\/wp-json\/wp\/v2\/comments?post=1217"}],"version-history":[{"count":1,"href":"https:\/\/markd.com.br\/models\/wp-json\/wp\/v2\/posts\/1217\/revisions"}],"predecessor-version":[{"id":1221,"href":"https:\/\/markd.com.br\/models\/wp-json\/wp\/v2\/posts\/1217\/revisions\/1221"}],"wp:featuredmedia":[{"embeddable":true,"href":"https:\/\/markd.com.br\/models\/wp-json\/wp\/v2\/media\/1220"}],"wp:attachment":[{"href":"https:\/\/markd.com.br\/models\/wp-json\/wp\/v2\/media?parent=1217"}],"wp:term":[{"taxonomy":"category","embeddable":true,"href":"https:\/\/markd.com.br\/models\/wp-json\/wp\/v2\/categories?post=1217"},{"taxonomy":"post_tag","embeddable":true,"href":"https:\/\/markd.com.br\/models\/wp-json\/wp\/v2\/tags?post=1217"}],"curies":[{"name":"wp","href":"https:\/\/api.w.org\/{rel}","templated":true}]}}