{"id":1244,"date":"2022-04-05T16:17:19","date_gmt":"2022-04-05T19:17:19","guid":{"rendered":"https:\/\/portaldestaquenoticias.com.br\/?p=1244"},"modified":"2022-04-05T16:17:23","modified_gmt":"2022-04-05T19:17:23","slug":"imagens-fortes-duas-mulheres-sao-mortas-e-dois-homens-ficam-feridos-a-tiros-dentro-de-bar","status":"publish","type":"post","link":"https:\/\/markd.com.br\/models\/imagens-fortes-duas-mulheres-sao-mortas-e-dois-homens-ficam-feridos-a-tiros-dentro-de-bar\/","title":{"rendered":"Imagens fortes! Duas mulheres s\u00e3o mortas e dois homens ficam feridos a tiros dentro de bar"},"content":{"rendered":"\n<figure class=\"wp-block-image size-full\"><img loading=\"lazy\" decoding=\"async\" width=\"644\" height=\"445\" src=\"https:\/\/portaldestaquenoticias.com.br\/wp-content\/uploads\/2022\/04\/2022040423292600000-644x445-2.jpeg\" alt=\"\" class=\"wp-image-1246\" srcset=\"https:\/\/markd.com.br\/models\/wp-content\/uploads\/2022\/04\/2022040423292600000-644x445-2.jpeg 644w, https:\/\/markd.com.br\/models\/wp-content\/uploads\/2022\/04\/2022040423292600000-644x445-2-300x207.jpeg 300w\" sizes=\"auto, (max-width: 644px) 100vw, 644px\" \/><\/figure>\n\n\n\n<p>Gleide Saudane Aguiar e Leane Alves da Silva foram mortas a tiros, na noite de domingo (3), no Bar Bail\u00e3o da Saudade, localizado na avenida Araguaia, bairro Araguaia, popularmente conhecido como \u201cFanta\u201d, no N\u00facleo Nova Marab\u00e1, regi\u00e3o sudeste do Par\u00e1. Al\u00e9m das mulheres, dois homens ficaram feridos, durante o epis\u00f3dio de viol\u00eancia. As informa\u00e7\u00f5es s\u00e3o do site Debate Caraj\u00e1s.&nbsp;<\/p>\n\n\n\n<p>As primeiras informa\u00e7\u00f5es colhidas no local pela Pol\u00edcia Militar indicam que um desconhecido chegou ao \u201cBar Bail\u00e3o da Saudade\u201d, por volta de 23h20, e iniciou uma conversa com as duas mulheres. Em seguida, o indiv\u00edduo sacou uma arma e executou Gleide e Leane com diversos disparos. As v\u00edtimas morreram na hora. Uma delas teria sido morta por uma bala perdida, mas essa informa\u00e7\u00e3o n\u00e3o foi confirmada pela Pol\u00edcia Civil.<\/p>\n\n\n\n<p>No mesmo local, dois homens, identificados Francisco Ferreira de Sousa e Lourival Jos\u00e9 da Costa, tamb\u00e9m foram alvejados pelo atirador. O motivo desse segundo ataque ainda \u00e9 desconhecido. Os dois feridos foram socorridos pelo Servi\u00e7o de Atendimento M\u00f3vel de Urg\u00eancia (Samu) e levados para o Hospital Municipal de Marab\u00e1 (HMM), com vida.? O estado de sa\u00fade deles n\u00e3o foi informado.<\/p>\n\n\n\n<p>Segundo testemunhas, o suspeito \u00e9 o ex-marido de uma das v\u00edtimas. O nome dele n\u00e3o foi divulgado. A Pol\u00edcia Militar foi acionada, mas o assassino fugiu do local do duplo homic\u00eddio. A Delegacia de Homic\u00eddios da Pol\u00edcia Civil e uma equipe do Instituto M\u00e9dico Legal (IML) estiveram no bar para realizar o levantamento das primeiras informa\u00e7\u00f5es e remo\u00e7\u00e3o dos corpos? das duas mulheres.<\/p>\n\n\n\n<figure class=\"wp-block-image\"><img decoding=\"async\" src=\"https:\/\/portaldozacarias.com.br\/site\/\/arquivos\/imagens\/imgeditor\/WhatsApp%20Image%202022-04-04%20at%2020_25_03.jpeg\" alt=\"\"\/><\/figure>\n\n\n\n<figure class=\"wp-block-image\"><img decoding=\"async\" src=\"https:\/\/portaldozacarias.com.br\/site\/\/arquivos\/imagens\/imgeditor\/WhatsApp%20Image%202022-04-04%20at%2020_25_04.jpeg\" alt=\"\"\/><\/figure>\n\n\n\n<p>Fonte: Portal do zacarias<\/p>\n","protected":false},"excerpt":{"rendered":"<p>Gleide Saudane Aguiar e Leane Alves da Silva foram mortas a tiros, na noite de&#8230;<\/p>\n","protected":false},"author":5,"featured_media":0,"comment_status":"open","ping_status":"open","sticky":false,"template":"","format":"standard","meta":{"footnotes":""},"categories":[1],"tags":[91,126,194],"class_list":["post-1244","post","type-post","status-publish","format-standard","hentry","category-sem-categoria","tag-assassinato","tag-iml","tag-samu"],"yoast_head":"<!-- This site is optimized with the Yoast SEO plugin v24.4 - https:\/\/yoast.com\/wordpress\/plugins\/seo\/ -->\n<title>Imagens fortes! Duas mulheres s\u00e3o mortas e dois homens ficam feridos a tiros dentro de bar - Not\u00edcias de Todos - Models01<\/title>\n<meta name=\"robots\" content=\"index, follow, max-snippet:-1, max-image-preview:large, max-video-preview:-1\" \/>\n<link rel=\"canonical\" href=\"https:\/\/markd.com.br\/models\/imagens-fortes-duas-mulheres-sao-mortas-e-dois-homens-ficam-feridos-a-tiros-dentro-de-bar\/\" \/>\n<meta property=\"og:locale\" content=\"pt_BR\" \/>\n<meta property=\"og:type\" content=\"article\" \/>\n<meta property=\"og:title\" content=\"Imagens fortes! Duas mulheres s\u00e3o mortas e dois homens ficam feridos a tiros dentro de bar - Not\u00edcias de Todos - Models01\" \/>\n<meta property=\"og:description\" content=\"Gleide Saudane Aguiar e Leane Alves da Silva foram mortas a tiros, na noite de...\" \/>\n<meta property=\"og:url\" content=\"https:\/\/markd.com.br\/models\/imagens-fortes-duas-mulheres-sao-mortas-e-dois-homens-ficam-feridos-a-tiros-dentro-de-bar\/\" \/>\n<meta property=\"og:site_name\" content=\"Not\u00edcias de Todos - Models01\" \/>\n<meta property=\"article:published_time\" content=\"2022-04-05T19:17:19+00:00\" \/>\n<meta property=\"article:modified_time\" content=\"2022-04-05T19:17:23+00:00\" \/>\n<meta property=\"og:image\" content=\"https:\/\/portaldestaquenoticias.com.br\/wp-content\/uploads\/2022\/04\/2022040423292600000-644x445-2.jpeg\" \/>\n<meta name=\"author\" content=\"Reda\u00e7\u00e3o Reda\u00e7\u00e3o\" \/>\n<meta name=\"twitter:card\" content=\"summary_large_image\" \/>\n<meta name=\"twitter:label1\" content=\"Escrito por\" \/>\n\t<meta name=\"twitter:data1\" content=\"Reda\u00e7\u00e3o Reda\u00e7\u00e3o\" \/>\n\t<meta name=\"twitter:label2\" content=\"Est. tempo de leitura\" \/>\n\t<meta name=\"twitter:data2\" content=\"3 minutos\" \/>\n<script type=\"application\/ld+json\" class=\"yoast-schema-graph\">{\"@context\":\"https:\/\/schema.org\",\"@graph\":[{\"@type\":\"WebPage\",\"@id\":\"https:\/\/markd.com.br\/models\/imagens-fortes-duas-mulheres-sao-mortas-e-dois-homens-ficam-feridos-a-tiros-dentro-de-bar\/\",\"url\":\"https:\/\/markd.com.br\/models\/imagens-fortes-duas-mulheres-sao-mortas-e-dois-homens-ficam-feridos-a-tiros-dentro-de-bar\/\",\"name\":\"Imagens fortes! Duas mulheres s\u00e3o mortas e dois homens ficam feridos a tiros dentro de bar - Not\u00edcias de Todos - Models01\",\"isPartOf\":{\"@id\":\"https:\/\/markd.com.br\/models\/#website\"},\"primaryImageOfPage\":{\"@id\":\"https:\/\/markd.com.br\/models\/imagens-fortes-duas-mulheres-sao-mortas-e-dois-homens-ficam-feridos-a-tiros-dentro-de-bar\/#primaryimage\"},\"image\":{\"@id\":\"https:\/\/markd.com.br\/models\/imagens-fortes-duas-mulheres-sao-mortas-e-dois-homens-ficam-feridos-a-tiros-dentro-de-bar\/#primaryimage\"},\"thumbnailUrl\":\"https:\/\/portaldestaquenoticias.com.br\/wp-content\/uploads\/2022\/04\/2022040423292600000-644x445-2.jpeg\",\"datePublished\":\"2022-04-05T19:17:19+00:00\",\"dateModified\":\"2022-04-05T19:17:23+00:00\",\"author\":{\"@id\":\"https:\/\/markd.com.br\/models\/#\/schema\/person\/c12a77ab487a7262d8bec3c47301ad37\"},\"breadcrumb\":{\"@id\":\"https:\/\/markd.com.br\/models\/imagens-fortes-duas-mulheres-sao-mortas-e-dois-homens-ficam-feridos-a-tiros-dentro-de-bar\/#breadcrumb\"},\"inLanguage\":\"pt-BR\",\"potentialAction\":[{\"@type\":\"ReadAction\",\"target\":[\"https:\/\/markd.com.br\/models\/imagens-fortes-duas-mulheres-sao-mortas-e-dois-homens-ficam-feridos-a-tiros-dentro-de-bar\/\"]}]},{\"@type\":\"ImageObject\",\"inLanguage\":\"pt-BR\",\"@id\":\"https:\/\/markd.com.br\/models\/imagens-fortes-duas-mulheres-sao-mortas-e-dois-homens-ficam-feridos-a-tiros-dentro-de-bar\/#primaryimage\",\"url\":\"https:\/\/portaldestaquenoticias.com.br\/wp-content\/uploads\/2022\/04\/2022040423292600000-644x445-2.jpeg\",\"contentUrl\":\"https:\/\/portaldestaquenoticias.com.br\/wp-content\/uploads\/2022\/04\/2022040423292600000-644x445-2.jpeg\"},{\"@type\":\"BreadcrumbList\",\"@id\":\"https:\/\/markd.com.br\/models\/imagens-fortes-duas-mulheres-sao-mortas-e-dois-homens-ficam-feridos-a-tiros-dentro-de-bar\/#breadcrumb\",\"itemListElement\":[{\"@type\":\"ListItem\",\"position\":1,\"name\":\"In\u00edcio\",\"item\":\"https:\/\/markd.com.br\/models\/\"},{\"@type\":\"ListItem\",\"position\":2,\"name\":\"Imagens fortes! Duas mulheres s\u00e3o mortas e dois homens ficam feridos a tiros dentro de bar\"}]},{\"@type\":\"WebSite\",\"@id\":\"https:\/\/markd.com.br\/models\/#website\",\"url\":\"https:\/\/markd.com.br\/models\/\",\"name\":\"Not\u00edcias de Todos - Models01\",\"description\":\"Tenha um Portal de Not\u00edcias Moderno, Din\u00e2mico, R\u00e1pido e Profissional. Entregamos seu Site de  Not\u00edcias Pronto, Instalado, Hospedado, com Manual Passo a Passo e Suporte 24 horas.\",\"potentialAction\":[{\"@type\":\"SearchAction\",\"target\":{\"@type\":\"EntryPoint\",\"urlTemplate\":\"https:\/\/markd.com.br\/models\/?s={search_term_string}\"},\"query-input\":{\"@type\":\"PropertyValueSpecification\",\"valueRequired\":true,\"valueName\":\"search_term_string\"}}],\"inLanguage\":\"pt-BR\"},{\"@type\":\"Person\",\"@id\":\"https:\/\/markd.com.br\/models\/#\/schema\/person\/c12a77ab487a7262d8bec3c47301ad37\",\"name\":\"Reda\u00e7\u00e3o Reda\u00e7\u00e3o\",\"image\":{\"@type\":\"ImageObject\",\"inLanguage\":\"pt-BR\",\"@id\":\"https:\/\/markd.com.br\/models\/#\/schema\/person\/image\/\",\"url\":\"https:\/\/secure.gravatar.com\/avatar\/9448f3599ce269febf169e183039b4a6?s=96&d=mm&r=g\",\"contentUrl\":\"https:\/\/secure.gravatar.com\/avatar\/9448f3599ce269febf169e183039b4a6?s=96&d=mm&r=g\",\"caption\":\"Reda\u00e7\u00e3o Reda\u00e7\u00e3o\"},\"sameAs\":[\"https:\/\/markd.com.br\/\"],\"url\":\"https:\/\/markd.com.br\/models\/author\/redacao\/\"}]}<\/script>\n<!-- \/ Yoast SEO plugin. -->","yoast_head_json":{"title":"Imagens fortes! Duas mulheres s\u00e3o mortas e dois homens ficam feridos a tiros dentro de bar - Not\u00edcias de Todos - Models01","robots":{"index":"index","follow":"follow","max-snippet":"max-snippet:-1","max-image-preview":"max-image-preview:large","max-video-preview":"max-video-preview:-1"},"canonical":"https:\/\/markd.com.br\/models\/imagens-fortes-duas-mulheres-sao-mortas-e-dois-homens-ficam-feridos-a-tiros-dentro-de-bar\/","og_locale":"pt_BR","og_type":"article","og_title":"Imagens fortes! Duas mulheres s\u00e3o mortas e dois homens ficam feridos a tiros dentro de bar - Not\u00edcias de Todos - Models01","og_description":"Gleide Saudane Aguiar e Leane Alves da Silva foram mortas a tiros, na noite de...","og_url":"https:\/\/markd.com.br\/models\/imagens-fortes-duas-mulheres-sao-mortas-e-dois-homens-ficam-feridos-a-tiros-dentro-de-bar\/","og_site_name":"Not\u00edcias de Todos - Models01","article_published_time":"2022-04-05T19:17:19+00:00","article_modified_time":"2022-04-05T19:17:23+00:00","og_image":[{"url":"https:\/\/portaldestaquenoticias.com.br\/wp-content\/uploads\/2022\/04\/2022040423292600000-644x445-2.jpeg","type":"","width":"","height":""}],"author":"Reda\u00e7\u00e3o Reda\u00e7\u00e3o","twitter_card":"summary_large_image","twitter_misc":{"Escrito por":"Reda\u00e7\u00e3o Reda\u00e7\u00e3o","Est. tempo de leitura":"3 minutos"},"schema":{"@context":"https:\/\/schema.org","@graph":[{"@type":"WebPage","@id":"https:\/\/markd.com.br\/models\/imagens-fortes-duas-mulheres-sao-mortas-e-dois-homens-ficam-feridos-a-tiros-dentro-de-bar\/","url":"https:\/\/markd.com.br\/models\/imagens-fortes-duas-mulheres-sao-mortas-e-dois-homens-ficam-feridos-a-tiros-dentro-de-bar\/","name":"Imagens fortes! Duas mulheres s\u00e3o mortas e dois homens ficam feridos a tiros dentro de bar - Not\u00edcias de Todos - Models01","isPartOf":{"@id":"https:\/\/markd.com.br\/models\/#website"},"primaryImageOfPage":{"@id":"https:\/\/markd.com.br\/models\/imagens-fortes-duas-mulheres-sao-mortas-e-dois-homens-ficam-feridos-a-tiros-dentro-de-bar\/#primaryimage"},"image":{"@id":"https:\/\/markd.com.br\/models\/imagens-fortes-duas-mulheres-sao-mortas-e-dois-homens-ficam-feridos-a-tiros-dentro-de-bar\/#primaryimage"},"thumbnailUrl":"https:\/\/portaldestaquenoticias.com.br\/wp-content\/uploads\/2022\/04\/2022040423292600000-644x445-2.jpeg","datePublished":"2022-04-05T19:17:19+00:00","dateModified":"2022-04-05T19:17:23+00:00","author":{"@id":"https:\/\/markd.com.br\/models\/#\/schema\/person\/c12a77ab487a7262d8bec3c47301ad37"},"breadcrumb":{"@id":"https:\/\/markd.com.br\/models\/imagens-fortes-duas-mulheres-sao-mortas-e-dois-homens-ficam-feridos-a-tiros-dentro-de-bar\/#breadcrumb"},"inLanguage":"pt-BR","potentialAction":[{"@type":"ReadAction","target":["https:\/\/markd.com.br\/models\/imagens-fortes-duas-mulheres-sao-mortas-e-dois-homens-ficam-feridos-a-tiros-dentro-de-bar\/"]}]},{"@type":"ImageObject","inLanguage":"pt-BR","@id":"https:\/\/markd.com.br\/models\/imagens-fortes-duas-mulheres-sao-mortas-e-dois-homens-ficam-feridos-a-tiros-dentro-de-bar\/#primaryimage","url":"https:\/\/portaldestaquenoticias.com.br\/wp-content\/uploads\/2022\/04\/2022040423292600000-644x445-2.jpeg","contentUrl":"https:\/\/portaldestaquenoticias.com.br\/wp-content\/uploads\/2022\/04\/2022040423292600000-644x445-2.jpeg"},{"@type":"BreadcrumbList","@id":"https:\/\/markd.com.br\/models\/imagens-fortes-duas-mulheres-sao-mortas-e-dois-homens-ficam-feridos-a-tiros-dentro-de-bar\/#breadcrumb","itemListElement":[{"@type":"ListItem","position":1,"name":"In\u00edcio","item":"https:\/\/markd.com.br\/models\/"},{"@type":"ListItem","position":2,"name":"Imagens fortes! Duas mulheres s\u00e3o mortas e dois homens ficam feridos a tiros dentro de bar"}]},{"@type":"WebSite","@id":"https:\/\/markd.com.br\/models\/#website","url":"https:\/\/markd.com.br\/models\/","name":"Not\u00edcias de Todos - Models01","description":"Tenha um Portal de Not\u00edcias Moderno, Din\u00e2mico, R\u00e1pido e Profissional. Entregamos seu Site de  Not\u00edcias Pronto, Instalado, Hospedado, com Manual Passo a Passo e Suporte 24 horas.","potentialAction":[{"@type":"SearchAction","target":{"@type":"EntryPoint","urlTemplate":"https:\/\/markd.com.br\/models\/?s={search_term_string}"},"query-input":{"@type":"PropertyValueSpecification","valueRequired":true,"valueName":"search_term_string"}}],"inLanguage":"pt-BR"},{"@type":"Person","@id":"https:\/\/markd.com.br\/models\/#\/schema\/person\/c12a77ab487a7262d8bec3c47301ad37","name":"Reda\u00e7\u00e3o Reda\u00e7\u00e3o","image":{"@type":"ImageObject","inLanguage":"pt-BR","@id":"https:\/\/markd.com.br\/models\/#\/schema\/person\/image\/","url":"https:\/\/secure.gravatar.com\/avatar\/9448f3599ce269febf169e183039b4a6?s=96&d=mm&r=g","contentUrl":"https:\/\/secure.gravatar.com\/avatar\/9448f3599ce269febf169e183039b4a6?s=96&d=mm&r=g","caption":"Reda\u00e7\u00e3o Reda\u00e7\u00e3o"},"sameAs":["https:\/\/markd.com.br\/"],"url":"https:\/\/markd.com.br\/models\/author\/redacao\/"}]}},"featured_image_urls":{"full":"","thumbnail":"","medium":"","medium_large":"","large":"","1536x1536":"","2048x2048":"","newsphere-slider-full":"","newsphere-featured":"","newsphere-medium":""},"author_info":{"display_name":"Reda\u00e7\u00e3o Reda\u00e7\u00e3o","author_link":"https:\/\/markd.com.br\/models\/author\/redacao\/"},"category_info":"<a href=\"https:\/\/markd.com.br\/models\/category\/sem-categoria\/\" rel=\"category tag\">Sem categoria<\/a>","tag_info":"Sem categoria","comment_count":"0","jetpack_featured_media_url":"","_links":{"self":[{"href":"https:\/\/markd.com.br\/models\/wp-json\/wp\/v2\/posts\/1244","targetHints":{"allow":["GET"]}}],"collection":[{"href":"https:\/\/markd.com.br\/models\/wp-json\/wp\/v2\/posts"}],"about":[{"href":"https:\/\/markd.com.br\/models\/wp-json\/wp\/v2\/types\/post"}],"author":[{"embeddable":true,"href":"https:\/\/markd.com.br\/models\/wp-json\/wp\/v2\/users\/5"}],"replies":[{"embeddable":true,"href":"https:\/\/markd.com.br\/models\/wp-json\/wp\/v2\/comments?post=1244"}],"version-history":[{"count":1,"href":"https:\/\/markd.com.br\/models\/wp-json\/wp\/v2\/posts\/1244\/revisions"}],"predecessor-version":[{"id":1247,"href":"https:\/\/markd.com.br\/models\/wp-json\/wp\/v2\/posts\/1244\/revisions\/1247"}],"wp:attachment":[{"href":"https:\/\/markd.com.br\/models\/wp-json\/wp\/v2\/media?parent=1244"}],"wp:term":[{"taxonomy":"category","embeddable":true,"href":"https:\/\/markd.com.br\/models\/wp-json\/wp\/v2\/categories?post=1244"},{"taxonomy":"post_tag","embeddable":true,"href":"https:\/\/markd.com.br\/models\/wp-json\/wp\/v2\/tags?post=1244"}],"curies":[{"name":"wp","href":"https:\/\/api.w.org\/{rel}","templated":true}]}}