{"id":1263,"date":"2022-04-06T16:06:11","date_gmt":"2022-04-06T19:06:11","guid":{"rendered":"https:\/\/portaldestaquenoticias.com.br\/?p=1263"},"modified":"2022-04-06T16:06:16","modified_gmt":"2022-04-06T19:06:16","slug":"mulher-e-morta-a-tiros-por-ex-marido-dentro-de-igreja","status":"publish","type":"post","link":"https:\/\/markd.com.br\/models\/mulher-e-morta-a-tiros-por-ex-marido-dentro-de-igreja\/","title":{"rendered":"Mulher \u00e9 morta a tiros por ex-marido dentro de igreja\u00a0"},"content":{"rendered":"\n<p>Lo<strong>ndrina (PR)&nbsp;<\/strong>\u2013 Ligia Fernanda Silva, de 38 anos, foi morta a tiros na Par\u00f3quia S\u00e3o Luiz Gonzaga, na avenida S\u00e3o Jo\u00e3o, na zona leste de Londrina, no in\u00edcio da tarde desta ter\u00e7a-feira (5). O principal suspeito do assassinato \u00e9 o ex-marido, que teria pulado o muro para ter acesso ao terreno. Ele foi at\u00e9 o local onde a mulher estava e disparou cinco vezes contra ela. Ligia foi atingida principalmente na regi\u00e3o da cabe\u00e7a.<\/p>\n\n\n\n<p>De acordo com informa\u00e7\u00f5es da pr\u00f3pria igreja, a v\u00edtima cobria f\u00e9rias como zeladora do espa\u00e7o e, no momento do crime, almo\u00e7ava com uma colega em um sal\u00e3o dos fundos.<\/p>\n\n\n\n<p>A colega que teria presenciado o homic\u00eddio avisou o p\u00e1roco da igreja que, por sua vez, entrou em contato com a pol\u00edcia. O socorro m\u00e9dico tamb\u00e9m foi acionado. Ambul\u00e2ncias do Siate e do Samu foram encaminhadas at\u00e9 a igreja, mas quando os socorristas chegaram no local, a mulher j\u00e1 estava morta.<\/p>\n\n\n\n<p>Depois de cometer o crime, o suspeito fugiu da igreja em uma picape de cor branca. O ex-marido possu\u00eda uma medida protetiva contra o homem. Diversas viaturas e at\u00e9 o helic\u00f3ptero do BPMOA fizeram um patrulhamento na regi\u00e3o, mas n\u00e3o conseguiram localizar o ve\u00edculo.<\/p>\n\n\n\n<p>Em entrevista \u00e0 CBN, o comandante do 5\u00ba Batalh\u00e3o da Pol\u00edcia Militar (PM), tenente-coronel Nelson Villa, disse que o assassino conhecia bem a rotina da v\u00edtima, e que, possivelmente, o crime foi premeditado.<\/p>\n\n\n\n<p>Villa confirmou que o ex-marido da mulher \u00e9 o principal suspeito do crime. O comandante revelou que o homem passou os \u00faltimos anos cumprindo pena por homic\u00eddio qualificado, e que ele havia acabado de deixar a pris\u00e3o, de onde, segundo Villa, o acusado teria proferido diversas amea\u00e7as contra a vida da ex-esposa. Ele teria dito que iria mat\u00e1-la assim que deixasse a cadeia.<\/p>\n\n\n\n<p>FONTE: EM TEMPO<\/p>\n","protected":false},"excerpt":{"rendered":"<p>Londrina (PR)&nbsp;\u2013 Ligia Fernanda Silva, de 38 anos, foi morta a tiros na Par\u00f3quia S\u00e3o&#8230;<\/p>\n","protected":false},"author":5,"featured_media":1264,"comment_status":"open","ping_status":"open","sticky":false,"template":"","format":"standard","meta":{"footnotes":""},"categories":[32,34],"tags":[44],"class_list":["post-1263","post","type-post","status-publish","format-standard","has-post-thumbnail","hentry","category-manaus","category-musica","tag-policia-2"],"yoast_head":"<!-- This site is optimized with the Yoast SEO plugin v24.4 - https:\/\/yoast.com\/wordpress\/plugins\/seo\/ -->\n<title>Mulher \u00e9 morta a tiros por ex-marido dentro de igreja\u00a0 - Not\u00edcias de Todos - Models01<\/title>\n<meta name=\"robots\" content=\"index, follow, max-snippet:-1, max-image-preview:large, max-video-preview:-1\" \/>\n<link rel=\"canonical\" href=\"https:\/\/markd.com.br\/models\/mulher-e-morta-a-tiros-por-ex-marido-dentro-de-igreja\/\" \/>\n<meta property=\"og:locale\" content=\"pt_BR\" \/>\n<meta property=\"og:type\" content=\"article\" \/>\n<meta property=\"og:title\" content=\"Mulher \u00e9 morta a tiros por ex-marido dentro de igreja\u00a0 - Not\u00edcias de Todos - Models01\" \/>\n<meta property=\"og:description\" content=\"Londrina (PR)&nbsp;\u2013 Ligia Fernanda Silva, de 38 anos, foi morta a tiros na Par\u00f3quia S\u00e3o...\" \/>\n<meta property=\"og:url\" content=\"https:\/\/markd.com.br\/models\/mulher-e-morta-a-tiros-por-ex-marido-dentro-de-igreja\/\" \/>\n<meta property=\"og:site_name\" content=\"Not\u00edcias de Todos - Models01\" \/>\n<meta property=\"article:published_time\" content=\"2022-04-06T19:06:11+00:00\" \/>\n<meta property=\"article:modified_time\" content=\"2022-04-06T19:06:16+00:00\" \/>\n<meta property=\"og:image\" content=\"https:\/\/markd.com.br\/models\/wp-content\/uploads\/2022\/04\/08F8C1A8-EE08-49C1-B9C6-EED3EF476562.jpeg\" \/>\n\t<meta property=\"og:image:width\" content=\"1000\" \/>\n\t<meta property=\"og:image:height\" content=\"763\" \/>\n\t<meta property=\"og:image:type\" content=\"image\/jpeg\" \/>\n<meta name=\"author\" content=\"Reda\u00e7\u00e3o Reda\u00e7\u00e3o\" \/>\n<meta name=\"twitter:card\" content=\"summary_large_image\" \/>\n<meta name=\"twitter:label1\" content=\"Escrito por\" \/>\n\t<meta name=\"twitter:data1\" content=\"Reda\u00e7\u00e3o Reda\u00e7\u00e3o\" \/>\n\t<meta name=\"twitter:label2\" content=\"Est. tempo de leitura\" \/>\n\t<meta name=\"twitter:data2\" content=\"2 minutos\" \/>\n<script type=\"application\/ld+json\" class=\"yoast-schema-graph\">{\"@context\":\"https:\/\/schema.org\",\"@graph\":[{\"@type\":\"WebPage\",\"@id\":\"https:\/\/markd.com.br\/models\/mulher-e-morta-a-tiros-por-ex-marido-dentro-de-igreja\/\",\"url\":\"https:\/\/markd.com.br\/models\/mulher-e-morta-a-tiros-por-ex-marido-dentro-de-igreja\/\",\"name\":\"Mulher \u00e9 morta a tiros por ex-marido dentro de igreja\u00a0 - Not\u00edcias de Todos - Models01\",\"isPartOf\":{\"@id\":\"https:\/\/markd.com.br\/models\/#website\"},\"primaryImageOfPage\":{\"@id\":\"https:\/\/markd.com.br\/models\/mulher-e-morta-a-tiros-por-ex-marido-dentro-de-igreja\/#primaryimage\"},\"image\":{\"@id\":\"https:\/\/markd.com.br\/models\/mulher-e-morta-a-tiros-por-ex-marido-dentro-de-igreja\/#primaryimage\"},\"thumbnailUrl\":\"https:\/\/markd.com.br\/models\/wp-content\/uploads\/2022\/04\/08F8C1A8-EE08-49C1-B9C6-EED3EF476562.jpeg\",\"datePublished\":\"2022-04-06T19:06:11+00:00\",\"dateModified\":\"2022-04-06T19:06:16+00:00\",\"author\":{\"@id\":\"https:\/\/markd.com.br\/models\/#\/schema\/person\/c12a77ab487a7262d8bec3c47301ad37\"},\"breadcrumb\":{\"@id\":\"https:\/\/markd.com.br\/models\/mulher-e-morta-a-tiros-por-ex-marido-dentro-de-igreja\/#breadcrumb\"},\"inLanguage\":\"pt-BR\",\"potentialAction\":[{\"@type\":\"ReadAction\",\"target\":[\"https:\/\/markd.com.br\/models\/mulher-e-morta-a-tiros-por-ex-marido-dentro-de-igreja\/\"]}]},{\"@type\":\"ImageObject\",\"inLanguage\":\"pt-BR\",\"@id\":\"https:\/\/markd.com.br\/models\/mulher-e-morta-a-tiros-por-ex-marido-dentro-de-igreja\/#primaryimage\",\"url\":\"https:\/\/markd.com.br\/models\/wp-content\/uploads\/2022\/04\/08F8C1A8-EE08-49C1-B9C6-EED3EF476562.jpeg\",\"contentUrl\":\"https:\/\/markd.com.br\/models\/wp-content\/uploads\/2022\/04\/08F8C1A8-EE08-49C1-B9C6-EED3EF476562.jpeg\",\"width\":1000,\"height\":763},{\"@type\":\"BreadcrumbList\",\"@id\":\"https:\/\/markd.com.br\/models\/mulher-e-morta-a-tiros-por-ex-marido-dentro-de-igreja\/#breadcrumb\",\"itemListElement\":[{\"@type\":\"ListItem\",\"position\":1,\"name\":\"In\u00edcio\",\"item\":\"https:\/\/markd.com.br\/models\/\"},{\"@type\":\"ListItem\",\"position\":2,\"name\":\"Mulher \u00e9 morta a tiros por ex-marido dentro de igreja\u00a0\"}]},{\"@type\":\"WebSite\",\"@id\":\"https:\/\/markd.com.br\/models\/#website\",\"url\":\"https:\/\/markd.com.br\/models\/\",\"name\":\"Not\u00edcias de Todos - Models01\",\"description\":\"Tenha um Portal de Not\u00edcias Moderno, Din\u00e2mico, R\u00e1pido e Profissional. Entregamos seu Site de  Not\u00edcias Pronto, Instalado, Hospedado, com Manual Passo a Passo e Suporte 24 horas.\",\"potentialAction\":[{\"@type\":\"SearchAction\",\"target\":{\"@type\":\"EntryPoint\",\"urlTemplate\":\"https:\/\/markd.com.br\/models\/?s={search_term_string}\"},\"query-input\":{\"@type\":\"PropertyValueSpecification\",\"valueRequired\":true,\"valueName\":\"search_term_string\"}}],\"inLanguage\":\"pt-BR\"},{\"@type\":\"Person\",\"@id\":\"https:\/\/markd.com.br\/models\/#\/schema\/person\/c12a77ab487a7262d8bec3c47301ad37\",\"name\":\"Reda\u00e7\u00e3o Reda\u00e7\u00e3o\",\"image\":{\"@type\":\"ImageObject\",\"inLanguage\":\"pt-BR\",\"@id\":\"https:\/\/markd.com.br\/models\/#\/schema\/person\/image\/\",\"url\":\"https:\/\/secure.gravatar.com\/avatar\/9448f3599ce269febf169e183039b4a6?s=96&d=mm&r=g\",\"contentUrl\":\"https:\/\/secure.gravatar.com\/avatar\/9448f3599ce269febf169e183039b4a6?s=96&d=mm&r=g\",\"caption\":\"Reda\u00e7\u00e3o Reda\u00e7\u00e3o\"},\"sameAs\":[\"https:\/\/markd.com.br\/\"],\"url\":\"https:\/\/markd.com.br\/models\/author\/redacao\/\"}]}<\/script>\n<!-- \/ Yoast SEO plugin. -->","yoast_head_json":{"title":"Mulher \u00e9 morta a tiros por ex-marido dentro de igreja\u00a0 - Not\u00edcias de Todos - Models01","robots":{"index":"index","follow":"follow","max-snippet":"max-snippet:-1","max-image-preview":"max-image-preview:large","max-video-preview":"max-video-preview:-1"},"canonical":"https:\/\/markd.com.br\/models\/mulher-e-morta-a-tiros-por-ex-marido-dentro-de-igreja\/","og_locale":"pt_BR","og_type":"article","og_title":"Mulher \u00e9 morta a tiros por ex-marido dentro de igreja\u00a0 - Not\u00edcias de Todos - Models01","og_description":"Londrina (PR)&nbsp;\u2013 Ligia Fernanda Silva, de 38 anos, foi morta a tiros na Par\u00f3quia S\u00e3o...","og_url":"https:\/\/markd.com.br\/models\/mulher-e-morta-a-tiros-por-ex-marido-dentro-de-igreja\/","og_site_name":"Not\u00edcias de Todos - Models01","article_published_time":"2022-04-06T19:06:11+00:00","article_modified_time":"2022-04-06T19:06:16+00:00","og_image":[{"width":1000,"height":763,"url":"https:\/\/markd.com.br\/models\/wp-content\/uploads\/2022\/04\/08F8C1A8-EE08-49C1-B9C6-EED3EF476562.jpeg","type":"image\/jpeg"}],"author":"Reda\u00e7\u00e3o Reda\u00e7\u00e3o","twitter_card":"summary_large_image","twitter_misc":{"Escrito por":"Reda\u00e7\u00e3o Reda\u00e7\u00e3o","Est. tempo de leitura":"2 minutos"},"schema":{"@context":"https:\/\/schema.org","@graph":[{"@type":"WebPage","@id":"https:\/\/markd.com.br\/models\/mulher-e-morta-a-tiros-por-ex-marido-dentro-de-igreja\/","url":"https:\/\/markd.com.br\/models\/mulher-e-morta-a-tiros-por-ex-marido-dentro-de-igreja\/","name":"Mulher \u00e9 morta a tiros por ex-marido dentro de igreja\u00a0 - Not\u00edcias de Todos - Models01","isPartOf":{"@id":"https:\/\/markd.com.br\/models\/#website"},"primaryImageOfPage":{"@id":"https:\/\/markd.com.br\/models\/mulher-e-morta-a-tiros-por-ex-marido-dentro-de-igreja\/#primaryimage"},"image":{"@id":"https:\/\/markd.com.br\/models\/mulher-e-morta-a-tiros-por-ex-marido-dentro-de-igreja\/#primaryimage"},"thumbnailUrl":"https:\/\/markd.com.br\/models\/wp-content\/uploads\/2022\/04\/08F8C1A8-EE08-49C1-B9C6-EED3EF476562.jpeg","datePublished":"2022-04-06T19:06:11+00:00","dateModified":"2022-04-06T19:06:16+00:00","author":{"@id":"https:\/\/markd.com.br\/models\/#\/schema\/person\/c12a77ab487a7262d8bec3c47301ad37"},"breadcrumb":{"@id":"https:\/\/markd.com.br\/models\/mulher-e-morta-a-tiros-por-ex-marido-dentro-de-igreja\/#breadcrumb"},"inLanguage":"pt-BR","potentialAction":[{"@type":"ReadAction","target":["https:\/\/markd.com.br\/models\/mulher-e-morta-a-tiros-por-ex-marido-dentro-de-igreja\/"]}]},{"@type":"ImageObject","inLanguage":"pt-BR","@id":"https:\/\/markd.com.br\/models\/mulher-e-morta-a-tiros-por-ex-marido-dentro-de-igreja\/#primaryimage","url":"https:\/\/markd.com.br\/models\/wp-content\/uploads\/2022\/04\/08F8C1A8-EE08-49C1-B9C6-EED3EF476562.jpeg","contentUrl":"https:\/\/markd.com.br\/models\/wp-content\/uploads\/2022\/04\/08F8C1A8-EE08-49C1-B9C6-EED3EF476562.jpeg","width":1000,"height":763},{"@type":"BreadcrumbList","@id":"https:\/\/markd.com.br\/models\/mulher-e-morta-a-tiros-por-ex-marido-dentro-de-igreja\/#breadcrumb","itemListElement":[{"@type":"ListItem","position":1,"name":"In\u00edcio","item":"https:\/\/markd.com.br\/models\/"},{"@type":"ListItem","position":2,"name":"Mulher \u00e9 morta a tiros por ex-marido dentro de igreja\u00a0"}]},{"@type":"WebSite","@id":"https:\/\/markd.com.br\/models\/#website","url":"https:\/\/markd.com.br\/models\/","name":"Not\u00edcias de Todos - Models01","description":"Tenha um Portal de Not\u00edcias Moderno, Din\u00e2mico, R\u00e1pido e Profissional. Entregamos seu Site de  Not\u00edcias Pronto, Instalado, Hospedado, com Manual Passo a Passo e Suporte 24 horas.","potentialAction":[{"@type":"SearchAction","target":{"@type":"EntryPoint","urlTemplate":"https:\/\/markd.com.br\/models\/?s={search_term_string}"},"query-input":{"@type":"PropertyValueSpecification","valueRequired":true,"valueName":"search_term_string"}}],"inLanguage":"pt-BR"},{"@type":"Person","@id":"https:\/\/markd.com.br\/models\/#\/schema\/person\/c12a77ab487a7262d8bec3c47301ad37","name":"Reda\u00e7\u00e3o Reda\u00e7\u00e3o","image":{"@type":"ImageObject","inLanguage":"pt-BR","@id":"https:\/\/markd.com.br\/models\/#\/schema\/person\/image\/","url":"https:\/\/secure.gravatar.com\/avatar\/9448f3599ce269febf169e183039b4a6?s=96&d=mm&r=g","contentUrl":"https:\/\/secure.gravatar.com\/avatar\/9448f3599ce269febf169e183039b4a6?s=96&d=mm&r=g","caption":"Reda\u00e7\u00e3o Reda\u00e7\u00e3o"},"sameAs":["https:\/\/markd.com.br\/"],"url":"https:\/\/markd.com.br\/models\/author\/redacao\/"}]}},"featured_image_urls":{"full":["https:\/\/markd.com.br\/models\/wp-content\/uploads\/2022\/04\/08F8C1A8-EE08-49C1-B9C6-EED3EF476562.jpeg",1000,763,false],"thumbnail":["https:\/\/markd.com.br\/models\/wp-content\/uploads\/2022\/04\/08F8C1A8-EE08-49C1-B9C6-EED3EF476562-150x150.jpeg",150,150,true],"medium":["https:\/\/markd.com.br\/models\/wp-content\/uploads\/2022\/04\/08F8C1A8-EE08-49C1-B9C6-EED3EF476562-300x229.jpeg",300,229,true],"medium_large":["https:\/\/markd.com.br\/models\/wp-content\/uploads\/2022\/04\/08F8C1A8-EE08-49C1-B9C6-EED3EF476562-768x586.jpeg",640,488,true],"large":["https:\/\/markd.com.br\/models\/wp-content\/uploads\/2022\/04\/08F8C1A8-EE08-49C1-B9C6-EED3EF476562.jpeg",640,488,false],"1536x1536":["https:\/\/markd.com.br\/models\/wp-content\/uploads\/2022\/04\/08F8C1A8-EE08-49C1-B9C6-EED3EF476562.jpeg",1000,763,false],"2048x2048":["https:\/\/markd.com.br\/models\/wp-content\/uploads\/2022\/04\/08F8C1A8-EE08-49C1-B9C6-EED3EF476562.jpeg",1000,763,false],"newsphere-slider-full":["https:\/\/markd.com.br\/models\/wp-content\/uploads\/2022\/04\/08F8C1A8-EE08-49C1-B9C6-EED3EF476562-1000x720.jpeg",1000,720,true],"newsphere-featured":["https:\/\/markd.com.br\/models\/wp-content\/uploads\/2022\/04\/08F8C1A8-EE08-49C1-B9C6-EED3EF476562.jpeg",1000,763,false],"newsphere-medium":["https:\/\/markd.com.br\/models\/wp-content\/uploads\/2022\/04\/08F8C1A8-EE08-49C1-B9C6-EED3EF476562-720x380.jpeg",720,380,true]},"author_info":{"display_name":"Reda\u00e7\u00e3o Reda\u00e7\u00e3o","author_link":"https:\/\/markd.com.br\/models\/author\/redacao\/"},"category_info":"<a href=\"https:\/\/markd.com.br\/models\/category\/manaus\/\" rel=\"category tag\">Manaus<\/a> <a href=\"https:\/\/markd.com.br\/models\/category\/musica\/\" rel=\"category tag\">Pol\u00edcia<\/a>","tag_info":"Pol\u00edcia","comment_count":"0","jetpack_featured_media_url":"https:\/\/markd.com.br\/models\/wp-content\/uploads\/2022\/04\/08F8C1A8-EE08-49C1-B9C6-EED3EF476562.jpeg","_links":{"self":[{"href":"https:\/\/markd.com.br\/models\/wp-json\/wp\/v2\/posts\/1263","targetHints":{"allow":["GET"]}}],"collection":[{"href":"https:\/\/markd.com.br\/models\/wp-json\/wp\/v2\/posts"}],"about":[{"href":"https:\/\/markd.com.br\/models\/wp-json\/wp\/v2\/types\/post"}],"author":[{"embeddable":true,"href":"https:\/\/markd.com.br\/models\/wp-json\/wp\/v2\/users\/5"}],"replies":[{"embeddable":true,"href":"https:\/\/markd.com.br\/models\/wp-json\/wp\/v2\/comments?post=1263"}],"version-history":[{"count":1,"href":"https:\/\/markd.com.br\/models\/wp-json\/wp\/v2\/posts\/1263\/revisions"}],"predecessor-version":[{"id":1268,"href":"https:\/\/markd.com.br\/models\/wp-json\/wp\/v2\/posts\/1263\/revisions\/1268"}],"wp:featuredmedia":[{"embeddable":true,"href":"https:\/\/markd.com.br\/models\/wp-json\/wp\/v2\/media\/1264"}],"wp:attachment":[{"href":"https:\/\/markd.com.br\/models\/wp-json\/wp\/v2\/media?parent=1263"}],"wp:term":[{"taxonomy":"category","embeddable":true,"href":"https:\/\/markd.com.br\/models\/wp-json\/wp\/v2\/categories?post=1263"},{"taxonomy":"post_tag","embeddable":true,"href":"https:\/\/markd.com.br\/models\/wp-json\/wp\/v2\/tags?post=1263"}],"curies":[{"name":"wp","href":"https:\/\/api.w.org\/{rel}","templated":true}]}}