{"id":1278,"date":"2022-04-06T17:12:50","date_gmt":"2022-04-06T20:12:50","guid":{"rendered":"https:\/\/portaldestaquenoticias.com.br\/?p=1278"},"modified":"2022-04-06T17:12:55","modified_gmt":"2022-04-06T20:12:55","slug":"familia-manteve-mulher-negra-em-trabalho-analogo-a-escravidao-por-quase-50-anos","status":"publish","type":"post","link":"https:\/\/markd.com.br\/models\/familia-manteve-mulher-negra-em-trabalho-analogo-a-escravidao-por-quase-50-anos\/","title":{"rendered":"Fam\u00edlia manteve mulher negra em trabalho an\u00e1logo \u00e0 escravid\u00e3o por quase 50 anos"},"content":{"rendered":"\n<p>O Minist\u00e9rio P\u00fablico do Trabalho entrou com a\u00e7\u00e3o civil p\u00fablica contra pessoas de uma mesma fam\u00edlia de Santos (SP) por submeterem uma mulher negra de 89 anos a trabalho an\u00e1logo \u00e0 escravid\u00e3o desde os anos 1970, por cerca de 50 anos. A Procuradoria requereu \u00e0 Justi\u00e7a que reconhe\u00e7a a submiss\u00e3o da v\u00edtima \u00e0 situa\u00e7\u00e3o de trabalho an\u00e1logo ao escravo, com a condena\u00e7\u00e3o do grupo ao pagamento de indeniza\u00e7\u00e3o de R$ 1 milh\u00e3o por danos morais coletivos. O MPT pediu o bloqueio de bens da fam\u00edlia, para garantir o pagamento dos valores, e diz que o montante ser\u00e1 revertido a programas espec\u00edficos de combate ao trabalho escravo.<\/p>\n\n\n\n<p>A Procuradoria tomou conhecimento do caso em 2021, por meio da 2\u00aa Vara do Trabalho de Santos, ap\u00f3s den\u00fancia de maus tratos feita \u00e0 Delegacia de Prote\u00e7\u00e3o \u00e0s Pessoas Idosas. Hoje, ap\u00f3s investiga\u00e7\u00e3o, a senhora est\u00e1 sob cuidados de seus parentes e recebe, por ordem da Justi\u00e7a do Trabalho, pens\u00e3o mensal no valor de um sal\u00e1rio m\u00ednimo. Tamb\u00e9m foi determinado que a fam\u00edlia acusada custeie o plano de sa\u00fade da v\u00edtima.<\/p>\n\n\n\n<p>\u201cA dita escravid\u00e3o contempor\u00e2nea tem cor, ra\u00e7a, e no caso do trabalho dom\u00e9stico, g\u00eanero. S\u00e3o as mulheres negras, em sua maioria nordestinas, v\u00edtimas de uma vulnerabilidade social extrema que aceitam o trabalho dom\u00e9stico, muitas vezes em troca apenas de comida e moradia\u201d, alerta o procurador do MPT Rodrigo Lestrade Pedroso, apontando ainda os \u201cares de crueldade criminosa\u201d do caso.<\/p>\n\n\n\n<p>As informa\u00e7\u00f5es forma divulgadas pela Procuradoria nesta segunda-feira, 4. O MPT n\u00e3o divulgou a \u00edntegra da a\u00e7\u00e3o para preservar a identidade da v\u00edtima. O caso corre sob segredo de Justi\u00e7a.<\/p>\n\n\n\n<p>De acordo com o MPT, a mulher de 89 anos trabalhava como empregada dom\u00e9stica na casa situada no litoral paulista, mas nunca recebeu sal\u00e1rio, era impedida de sair de casa sozinha e sofria abusos f\u00edsicos e verbais por parte da \u201cempregadora\u201d e de suas filhas.<\/p>\n\n\n\n<p>A v\u00edtima narrou \u00e0 Justi\u00e7a que, que \u00e9poca em que come\u00e7ou a trabalhar na casa da fam\u00edlia, havia perdido sua carteira de identidade, sendo que os \u201cempregadores\u201d prometeram que a ajudariam a providenciar uma nova \u2013 o que n\u00e3o ocorreu. A fam\u00edlia ainda impedia a mulher de guardar valores e de sair para solicitar novas vias de seus documentos.<\/p>\n\n\n\n<p>De acordo com a Procuradoria, a anci\u00e3 chegava a implorar que a deixassem procurar sues familiares, as os \u201cempregadores\u201d respondiam que, se ela buscasse seus parentes, perderia para sempre o abrigo e alimenta\u00e7\u00e3o que recebia ali.<\/p>\n\n\n\n<p>A a\u00e7\u00e3o trabalhista indica que as duas filhas da idosa resgatada a procuraram durante as cinco d\u00e9cadas, sem saber se a m\u00e3e estava viva ou morta. Uma delas faleceu antes do reencontro. A outra desenvolveu \u201cgraves problemas psicol\u00f3gicos por conta do abalo com o desaparecimento da m\u00e3e e hoje precisa de cuidados especiais\u201d, relata o MPT.<\/p>\n\n\n\n<p>\u201cCom os anos, a situa\u00e7\u00e3o de sa\u00fade de (***) piorou e a viol\u00eancia f\u00edsica e psicol\u00f3gica se intensificou. As filhas da patroa proferiam xingamentos e humilha\u00e7\u00f5es constantes aos gritos contra ambas as idosas. (***) relatou ap\u00f3s seu resgate ter sofrido tamb\u00e9m agress\u00f5es f\u00edsicas com \u2018tapas e socos\u2019. Em uma dessas ocasi\u00f5es, uma vizinha de apartamento resolveu denunciar o caso em 2020 \u00e0 Delegacia de Prote\u00e7\u00e3o \u00e0s Pessoas Idosas, para onde enviou grava\u00e7\u00e3o das agress\u00f5es verbais em que se ouvia uma das filhas gritando: \u2018(\u0085) essa sua empregada vagabunda; essa cretina, dem\u00f4nia (\u0085)&#8217;\u201d, narrou a Procuradoria.<\/p>\n\n\n\n<p>Na a\u00e7\u00e3o civil p\u00fablica contra a fam\u00edlia, a Procuradoria do Trabalho explica que a \u201cex-empregadora\u201d da v\u00edtima faleceu em 2021, assim como duas de suas tr\u00eas filhas. O MPT defende que toda a fam\u00edlia se beneficiou da \u201csitua\u00e7\u00e3o degradante\u201d da idosa, \u201cj\u00e1 que tamb\u00e9m administravam a casa e lhe davam ordens diretas, aproveitando-se do fato de que havia algu\u00e9m para cuidar da m\u00e3e em tempo integral, sem custo algum\u201d.<\/p>\n\n\n\n<p>Nessa linha, a Procuradoria pediu o bloqueio de bens de todos os familiares, inclusive os invent\u00e1rios das falecidas. O procurador Rodrigo Lestrade Pedroso destaca que o fato de os r\u00e9us n\u00e3o morarem no local onde a v\u00edtima prestava os servi\u00e7os n\u00e3o afasta o v\u00ednculo empregat\u00edcio, uma vez que o trabalho era destinado ao n\u00facleo familiar.<\/p>\n\n\n\n<p>Fonte: Noticias ao minuto<\/p>\n","protected":false},"excerpt":{"rendered":"<p>O Minist\u00e9rio P\u00fablico do Trabalho entrou com a\u00e7\u00e3o civil p\u00fablica contra pessoas de uma mesma&#8230;<\/p>\n","protected":false},"author":5,"featured_media":1279,"comment_status":"open","ping_status":"open","sticky":false,"template":"","format":"standard","meta":{"footnotes":""},"categories":[34],"tags":[],"class_list":["post-1278","post","type-post","status-publish","format-standard","has-post-thumbnail","hentry","category-musica"],"yoast_head":"<!-- This site is optimized with the Yoast SEO plugin v24.4 - https:\/\/yoast.com\/wordpress\/plugins\/seo\/ -->\n<title>Fam\u00edlia manteve mulher negra em trabalho an\u00e1logo \u00e0 escravid\u00e3o por quase 50 anos - Not\u00edcias de Todos - Models01<\/title>\n<meta name=\"robots\" content=\"index, follow, max-snippet:-1, max-image-preview:large, max-video-preview:-1\" \/>\n<link rel=\"canonical\" href=\"https:\/\/markd.com.br\/models\/familia-manteve-mulher-negra-em-trabalho-analogo-a-escravidao-por-quase-50-anos\/\" \/>\n<meta property=\"og:locale\" content=\"pt_BR\" \/>\n<meta property=\"og:type\" content=\"article\" \/>\n<meta property=\"og:title\" content=\"Fam\u00edlia manteve mulher negra em trabalho an\u00e1logo \u00e0 escravid\u00e3o por quase 50 anos - Not\u00edcias de Todos - Models01\" \/>\n<meta property=\"og:description\" content=\"O Minist\u00e9rio P\u00fablico do Trabalho entrou com a\u00e7\u00e3o civil p\u00fablica contra pessoas de uma mesma...\" \/>\n<meta property=\"og:url\" content=\"https:\/\/markd.com.br\/models\/familia-manteve-mulher-negra-em-trabalho-analogo-a-escravidao-por-quase-50-anos\/\" \/>\n<meta property=\"og:site_name\" content=\"Not\u00edcias de Todos - Models01\" \/>\n<meta property=\"article:published_time\" content=\"2022-04-06T20:12:50+00:00\" \/>\n<meta property=\"article:modified_time\" content=\"2022-04-06T20:12:55+00:00\" \/>\n<meta property=\"og:image\" content=\"https:\/\/markd.com.br\/models\/wp-content\/uploads\/2022\/04\/naom_57b8af1263bf1.jpg\" \/>\n\t<meta property=\"og:image:width\" content=\"640\" \/>\n\t<meta property=\"og:image:height\" content=\"360\" \/>\n\t<meta property=\"og:image:type\" content=\"image\/jpeg\" \/>\n<meta name=\"author\" content=\"Reda\u00e7\u00e3o Reda\u00e7\u00e3o\" \/>\n<meta name=\"twitter:card\" content=\"summary_large_image\" \/>\n<meta name=\"twitter:label1\" content=\"Escrito por\" \/>\n\t<meta name=\"twitter:data1\" content=\"Reda\u00e7\u00e3o Reda\u00e7\u00e3o\" \/>\n\t<meta name=\"twitter:label2\" content=\"Est. tempo de leitura\" \/>\n\t<meta name=\"twitter:data2\" content=\"4 minutos\" \/>\n<script type=\"application\/ld+json\" class=\"yoast-schema-graph\">{\"@context\":\"https:\/\/schema.org\",\"@graph\":[{\"@type\":\"WebPage\",\"@id\":\"https:\/\/markd.com.br\/models\/familia-manteve-mulher-negra-em-trabalho-analogo-a-escravidao-por-quase-50-anos\/\",\"url\":\"https:\/\/markd.com.br\/models\/familia-manteve-mulher-negra-em-trabalho-analogo-a-escravidao-por-quase-50-anos\/\",\"name\":\"Fam\u00edlia manteve mulher negra em trabalho an\u00e1logo \u00e0 escravid\u00e3o por quase 50 anos - Not\u00edcias de Todos - Models01\",\"isPartOf\":{\"@id\":\"https:\/\/markd.com.br\/models\/#website\"},\"primaryImageOfPage\":{\"@id\":\"https:\/\/markd.com.br\/models\/familia-manteve-mulher-negra-em-trabalho-analogo-a-escravidao-por-quase-50-anos\/#primaryimage\"},\"image\":{\"@id\":\"https:\/\/markd.com.br\/models\/familia-manteve-mulher-negra-em-trabalho-analogo-a-escravidao-por-quase-50-anos\/#primaryimage\"},\"thumbnailUrl\":\"https:\/\/markd.com.br\/models\/wp-content\/uploads\/2022\/04\/naom_57b8af1263bf1.jpg\",\"datePublished\":\"2022-04-06T20:12:50+00:00\",\"dateModified\":\"2022-04-06T20:12:55+00:00\",\"author\":{\"@id\":\"https:\/\/markd.com.br\/models\/#\/schema\/person\/c12a77ab487a7262d8bec3c47301ad37\"},\"breadcrumb\":{\"@id\":\"https:\/\/markd.com.br\/models\/familia-manteve-mulher-negra-em-trabalho-analogo-a-escravidao-por-quase-50-anos\/#breadcrumb\"},\"inLanguage\":\"pt-BR\",\"potentialAction\":[{\"@type\":\"ReadAction\",\"target\":[\"https:\/\/markd.com.br\/models\/familia-manteve-mulher-negra-em-trabalho-analogo-a-escravidao-por-quase-50-anos\/\"]}]},{\"@type\":\"ImageObject\",\"inLanguage\":\"pt-BR\",\"@id\":\"https:\/\/markd.com.br\/models\/familia-manteve-mulher-negra-em-trabalho-analogo-a-escravidao-por-quase-50-anos\/#primaryimage\",\"url\":\"https:\/\/markd.com.br\/models\/wp-content\/uploads\/2022\/04\/naom_57b8af1263bf1.jpg\",\"contentUrl\":\"https:\/\/markd.com.br\/models\/wp-content\/uploads\/2022\/04\/naom_57b8af1263bf1.jpg\",\"width\":640,\"height\":360},{\"@type\":\"BreadcrumbList\",\"@id\":\"https:\/\/markd.com.br\/models\/familia-manteve-mulher-negra-em-trabalho-analogo-a-escravidao-por-quase-50-anos\/#breadcrumb\",\"itemListElement\":[{\"@type\":\"ListItem\",\"position\":1,\"name\":\"In\u00edcio\",\"item\":\"https:\/\/markd.com.br\/models\/\"},{\"@type\":\"ListItem\",\"position\":2,\"name\":\"Fam\u00edlia manteve mulher negra em trabalho an\u00e1logo \u00e0 escravid\u00e3o por quase 50 anos\"}]},{\"@type\":\"WebSite\",\"@id\":\"https:\/\/markd.com.br\/models\/#website\",\"url\":\"https:\/\/markd.com.br\/models\/\",\"name\":\"Not\u00edcias de Todos - Models01\",\"description\":\"Tenha um Portal de Not\u00edcias Moderno, Din\u00e2mico, R\u00e1pido e Profissional. Entregamos seu Site de  Not\u00edcias Pronto, Instalado, Hospedado, com Manual Passo a Passo e Suporte 24 horas.\",\"potentialAction\":[{\"@type\":\"SearchAction\",\"target\":{\"@type\":\"EntryPoint\",\"urlTemplate\":\"https:\/\/markd.com.br\/models\/?s={search_term_string}\"},\"query-input\":{\"@type\":\"PropertyValueSpecification\",\"valueRequired\":true,\"valueName\":\"search_term_string\"}}],\"inLanguage\":\"pt-BR\"},{\"@type\":\"Person\",\"@id\":\"https:\/\/markd.com.br\/models\/#\/schema\/person\/c12a77ab487a7262d8bec3c47301ad37\",\"name\":\"Reda\u00e7\u00e3o Reda\u00e7\u00e3o\",\"image\":{\"@type\":\"ImageObject\",\"inLanguage\":\"pt-BR\",\"@id\":\"https:\/\/markd.com.br\/models\/#\/schema\/person\/image\/\",\"url\":\"https:\/\/secure.gravatar.com\/avatar\/9448f3599ce269febf169e183039b4a6?s=96&d=mm&r=g\",\"contentUrl\":\"https:\/\/secure.gravatar.com\/avatar\/9448f3599ce269febf169e183039b4a6?s=96&d=mm&r=g\",\"caption\":\"Reda\u00e7\u00e3o Reda\u00e7\u00e3o\"},\"sameAs\":[\"https:\/\/markd.com.br\/\"],\"url\":\"https:\/\/markd.com.br\/models\/author\/redacao\/\"}]}<\/script>\n<!-- \/ Yoast SEO plugin. -->","yoast_head_json":{"title":"Fam\u00edlia manteve mulher negra em trabalho an\u00e1logo \u00e0 escravid\u00e3o por quase 50 anos - Not\u00edcias de Todos - Models01","robots":{"index":"index","follow":"follow","max-snippet":"max-snippet:-1","max-image-preview":"max-image-preview:large","max-video-preview":"max-video-preview:-1"},"canonical":"https:\/\/markd.com.br\/models\/familia-manteve-mulher-negra-em-trabalho-analogo-a-escravidao-por-quase-50-anos\/","og_locale":"pt_BR","og_type":"article","og_title":"Fam\u00edlia manteve mulher negra em trabalho an\u00e1logo \u00e0 escravid\u00e3o por quase 50 anos - Not\u00edcias de Todos - Models01","og_description":"O Minist\u00e9rio P\u00fablico do Trabalho entrou com a\u00e7\u00e3o civil p\u00fablica contra pessoas de uma mesma...","og_url":"https:\/\/markd.com.br\/models\/familia-manteve-mulher-negra-em-trabalho-analogo-a-escravidao-por-quase-50-anos\/","og_site_name":"Not\u00edcias de Todos - Models01","article_published_time":"2022-04-06T20:12:50+00:00","article_modified_time":"2022-04-06T20:12:55+00:00","og_image":[{"width":640,"height":360,"url":"https:\/\/markd.com.br\/models\/wp-content\/uploads\/2022\/04\/naom_57b8af1263bf1.jpg","type":"image\/jpeg"}],"author":"Reda\u00e7\u00e3o Reda\u00e7\u00e3o","twitter_card":"summary_large_image","twitter_misc":{"Escrito por":"Reda\u00e7\u00e3o Reda\u00e7\u00e3o","Est. tempo de leitura":"4 minutos"},"schema":{"@context":"https:\/\/schema.org","@graph":[{"@type":"WebPage","@id":"https:\/\/markd.com.br\/models\/familia-manteve-mulher-negra-em-trabalho-analogo-a-escravidao-por-quase-50-anos\/","url":"https:\/\/markd.com.br\/models\/familia-manteve-mulher-negra-em-trabalho-analogo-a-escravidao-por-quase-50-anos\/","name":"Fam\u00edlia manteve mulher negra em trabalho an\u00e1logo \u00e0 escravid\u00e3o por quase 50 anos - Not\u00edcias de Todos - Models01","isPartOf":{"@id":"https:\/\/markd.com.br\/models\/#website"},"primaryImageOfPage":{"@id":"https:\/\/markd.com.br\/models\/familia-manteve-mulher-negra-em-trabalho-analogo-a-escravidao-por-quase-50-anos\/#primaryimage"},"image":{"@id":"https:\/\/markd.com.br\/models\/familia-manteve-mulher-negra-em-trabalho-analogo-a-escravidao-por-quase-50-anos\/#primaryimage"},"thumbnailUrl":"https:\/\/markd.com.br\/models\/wp-content\/uploads\/2022\/04\/naom_57b8af1263bf1.jpg","datePublished":"2022-04-06T20:12:50+00:00","dateModified":"2022-04-06T20:12:55+00:00","author":{"@id":"https:\/\/markd.com.br\/models\/#\/schema\/person\/c12a77ab487a7262d8bec3c47301ad37"},"breadcrumb":{"@id":"https:\/\/markd.com.br\/models\/familia-manteve-mulher-negra-em-trabalho-analogo-a-escravidao-por-quase-50-anos\/#breadcrumb"},"inLanguage":"pt-BR","potentialAction":[{"@type":"ReadAction","target":["https:\/\/markd.com.br\/models\/familia-manteve-mulher-negra-em-trabalho-analogo-a-escravidao-por-quase-50-anos\/"]}]},{"@type":"ImageObject","inLanguage":"pt-BR","@id":"https:\/\/markd.com.br\/models\/familia-manteve-mulher-negra-em-trabalho-analogo-a-escravidao-por-quase-50-anos\/#primaryimage","url":"https:\/\/markd.com.br\/models\/wp-content\/uploads\/2022\/04\/naom_57b8af1263bf1.jpg","contentUrl":"https:\/\/markd.com.br\/models\/wp-content\/uploads\/2022\/04\/naom_57b8af1263bf1.jpg","width":640,"height":360},{"@type":"BreadcrumbList","@id":"https:\/\/markd.com.br\/models\/familia-manteve-mulher-negra-em-trabalho-analogo-a-escravidao-por-quase-50-anos\/#breadcrumb","itemListElement":[{"@type":"ListItem","position":1,"name":"In\u00edcio","item":"https:\/\/markd.com.br\/models\/"},{"@type":"ListItem","position":2,"name":"Fam\u00edlia manteve mulher negra em trabalho an\u00e1logo \u00e0 escravid\u00e3o por quase 50 anos"}]},{"@type":"WebSite","@id":"https:\/\/markd.com.br\/models\/#website","url":"https:\/\/markd.com.br\/models\/","name":"Not\u00edcias de Todos - Models01","description":"Tenha um Portal de Not\u00edcias Moderno, Din\u00e2mico, R\u00e1pido e Profissional. Entregamos seu Site de  Not\u00edcias Pronto, Instalado, Hospedado, com Manual Passo a Passo e Suporte 24 horas.","potentialAction":[{"@type":"SearchAction","target":{"@type":"EntryPoint","urlTemplate":"https:\/\/markd.com.br\/models\/?s={search_term_string}"},"query-input":{"@type":"PropertyValueSpecification","valueRequired":true,"valueName":"search_term_string"}}],"inLanguage":"pt-BR"},{"@type":"Person","@id":"https:\/\/markd.com.br\/models\/#\/schema\/person\/c12a77ab487a7262d8bec3c47301ad37","name":"Reda\u00e7\u00e3o Reda\u00e7\u00e3o","image":{"@type":"ImageObject","inLanguage":"pt-BR","@id":"https:\/\/markd.com.br\/models\/#\/schema\/person\/image\/","url":"https:\/\/secure.gravatar.com\/avatar\/9448f3599ce269febf169e183039b4a6?s=96&d=mm&r=g","contentUrl":"https:\/\/secure.gravatar.com\/avatar\/9448f3599ce269febf169e183039b4a6?s=96&d=mm&r=g","caption":"Reda\u00e7\u00e3o Reda\u00e7\u00e3o"},"sameAs":["https:\/\/markd.com.br\/"],"url":"https:\/\/markd.com.br\/models\/author\/redacao\/"}]}},"featured_image_urls":{"full":["https:\/\/markd.com.br\/models\/wp-content\/uploads\/2022\/04\/naom_57b8af1263bf1.jpg",640,360,false],"thumbnail":["https:\/\/markd.com.br\/models\/wp-content\/uploads\/2022\/04\/naom_57b8af1263bf1-150x150.jpg",150,150,true],"medium":["https:\/\/markd.com.br\/models\/wp-content\/uploads\/2022\/04\/naom_57b8af1263bf1-300x169.jpg",300,169,true],"medium_large":["https:\/\/markd.com.br\/models\/wp-content\/uploads\/2022\/04\/naom_57b8af1263bf1.jpg",640,360,false],"large":["https:\/\/markd.com.br\/models\/wp-content\/uploads\/2022\/04\/naom_57b8af1263bf1.jpg",640,360,false],"1536x1536":["https:\/\/markd.com.br\/models\/wp-content\/uploads\/2022\/04\/naom_57b8af1263bf1.jpg",640,360,false],"2048x2048":["https:\/\/markd.com.br\/models\/wp-content\/uploads\/2022\/04\/naom_57b8af1263bf1.jpg",640,360,false],"newsphere-slider-full":["https:\/\/markd.com.br\/models\/wp-content\/uploads\/2022\/04\/naom_57b8af1263bf1.jpg",640,360,false],"newsphere-featured":["https:\/\/markd.com.br\/models\/wp-content\/uploads\/2022\/04\/naom_57b8af1263bf1.jpg",640,360,false],"newsphere-medium":["https:\/\/markd.com.br\/models\/wp-content\/uploads\/2022\/04\/naom_57b8af1263bf1.jpg",640,360,false]},"author_info":{"display_name":"Reda\u00e7\u00e3o Reda\u00e7\u00e3o","author_link":"https:\/\/markd.com.br\/models\/author\/redacao\/"},"category_info":"<a href=\"https:\/\/markd.com.br\/models\/category\/musica\/\" rel=\"category tag\">Pol\u00edcia<\/a>","tag_info":"Pol\u00edcia","comment_count":"0","jetpack_featured_media_url":"https:\/\/markd.com.br\/models\/wp-content\/uploads\/2022\/04\/naom_57b8af1263bf1.jpg","_links":{"self":[{"href":"https:\/\/markd.com.br\/models\/wp-json\/wp\/v2\/posts\/1278","targetHints":{"allow":["GET"]}}],"collection":[{"href":"https:\/\/markd.com.br\/models\/wp-json\/wp\/v2\/posts"}],"about":[{"href":"https:\/\/markd.com.br\/models\/wp-json\/wp\/v2\/types\/post"}],"author":[{"embeddable":true,"href":"https:\/\/markd.com.br\/models\/wp-json\/wp\/v2\/users\/5"}],"replies":[{"embeddable":true,"href":"https:\/\/markd.com.br\/models\/wp-json\/wp\/v2\/comments?post=1278"}],"version-history":[{"count":1,"href":"https:\/\/markd.com.br\/models\/wp-json\/wp\/v2\/posts\/1278\/revisions"}],"predecessor-version":[{"id":1280,"href":"https:\/\/markd.com.br\/models\/wp-json\/wp\/v2\/posts\/1278\/revisions\/1280"}],"wp:featuredmedia":[{"embeddable":true,"href":"https:\/\/markd.com.br\/models\/wp-json\/wp\/v2\/media\/1279"}],"wp:attachment":[{"href":"https:\/\/markd.com.br\/models\/wp-json\/wp\/v2\/media?parent=1278"}],"wp:term":[{"taxonomy":"category","embeddable":true,"href":"https:\/\/markd.com.br\/models\/wp-json\/wp\/v2\/categories?post=1278"},{"taxonomy":"post_tag","embeddable":true,"href":"https:\/\/markd.com.br\/models\/wp-json\/wp\/v2\/tags?post=1278"}],"curies":[{"name":"wp","href":"https:\/\/api.w.org\/{rel}","templated":true}]}}