{"id":1281,"date":"2022-04-06T17:19:36","date_gmt":"2022-04-06T20:19:36","guid":{"rendered":"https:\/\/portaldestaquenoticias.com.br\/?p=1281"},"modified":"2022-04-06T17:19:40","modified_gmt":"2022-04-06T20:19:40","slug":"ex-e-suspeito-de-matar-mulher-dentro-de-hospital-ao-nao-aceitar-termino","status":"publish","type":"post","link":"https:\/\/markd.com.br\/models\/ex-e-suspeito-de-matar-mulher-dentro-de-hospital-ao-nao-aceitar-termino\/","title":{"rendered":"Ex \u00e9 suspeito de matar mulher dentro de hospital ao n\u00e3o aceitar t\u00e9rmino"},"content":{"rendered":"\n<p>Ana Paula Trajano, de 29 anos, foi morta a facadas dentro de uma UBS (Unidade B\u00e1sica de Sa\u00fade) em Cubat\u00e3o, no litoral de S\u00e3o Paulo. A pedagoga, que trabalhava no local, sofreu o ataque em frente ao pr\u00e9dio do hospital.<\/p>\n\n\n\n<p>O ex-namorado da v\u00edtima, que n\u00e3o teve a identidade divulgada pela pol\u00edcia, \u00e9 o principal suspeito do crime e foi detido na tarde desta segunda-feira (4), por uma equipe do 2\u00ba Batalh\u00e3o de A\u00e7\u00f5es Especiais da Pol\u00edcia Militar que realizava um patrulhamento nos arredores da UBS, no bairro Vila Natal.<\/p>\n\n\n\n<p>Os policiais faziam a ronda quando viram uma aglomera\u00e7\u00e3o de testemunhas na UBS. Ao se aproximar, eles viram a mulher ferida ca\u00edda no ch\u00e3o da unidade, segundo nota enviada pelo batalh\u00e3o ao UOL.<\/p>\n\n\n\n<p>Na mesma hora, eles tamb\u00e9m identificaram o suspeito, que tentava fugir de um grupo que o identificou como o respons\u00e1vel pelos golpes contra Ana e tentava cont\u00ea-lo.<\/p>\n\n\n\n<p>\u201cImediatamente foi realizada a deten\u00e7\u00e3o deste homem pela equipe, sendo informado pelas testemunhas que o mesmo havia desferido golpes utilizando uma faca contra a v\u00edtima\u201d, informou comunicado da corpora\u00e7\u00e3o.<\/p>\n\n\n\n<p>Ana Paula chegou a ser levada para o Pronto-Socorro Central de Cubat\u00e3o, mas n\u00e3o resistiu aos ferimentos. A faca usada no crime foi apreendida no local do ataque.<\/p>\n\n\n\n<p>J\u00e1 o suspeito foi levado pela equipe do 2\u00ba BAEP \u00e0 Delegacia da Mulher de Cubat\u00e3o, onde foi registrado o boletim de ocorr\u00eancia por homic\u00eddio qualificado. Segundo a SSP-SP (Secretaria de Seguran\u00e7a P\u00fablica de S\u00e3o Paulo), ele \u201cpermanece \u00e0 disposi\u00e7\u00e3o da Justi\u00e7a\u201d.<\/p>\n\n\n\n<p>At\u00e9 o momento, sua identidade n\u00e3o foi divulgada, o que impossibilita a busca por sua defesa.<\/p>\n\n\n\n<p>A suposta motiva\u00e7\u00e3o para o crime \u00e9 de que o investigado n\u00e3o aceitou o fim do relacionamento com a v\u00edtima. A \u00faltima postagem de Ana Paula no Facebook, em 25 de fevereiro, foi uma atualiza\u00e7\u00e3o de seu status para \u201cem um relacionamento s\u00e9rio\u201d.<\/p>\n\n\n\n<p>Ap\u00f3s as not\u00edcias sobre o crime, coment\u00e1rios parabenizando a pedagoga pelo namoro deram lugar a mensagens de revolta.<br>\u201cGente do c\u00e9u, que lixo esse homem. Por que tanta viol\u00eancia? Sem acreditar no que aconteceu\u201d, escreveu uma. \u201cTanta gente m\u00e1 por a\u00ed e isso acontece com um ser do bem\u201d, lamentou outra.<\/p>\n\n\n\n<p>\u201cQue amor \u00e9 esse, capaz de tirar a vida?!? Quantas mais ser\u00e3o v\u00edtimas? Tanta mulher tendo a vida arrancada por seus ex ou atuais companheiros. Que a Justi\u00e7a seja feita! Que Deus te receba de bra\u00e7os abertos, Ana Paula Trajano\u201d, publicou uma amiga da servidora em sua p\u00e1gina na rede social.<\/p>\n\n\n\n<p>Fonte: Noticias ao minuto<\/p>\n","protected":false},"excerpt":{"rendered":"<p>Ana Paula Trajano, de 29 anos, foi morta a facadas dentro de uma UBS (Unidade&#8230;<\/p>\n","protected":false},"author":5,"featured_media":1282,"comment_status":"open","ping_status":"open","sticky":false,"template":"","format":"standard","meta":{"footnotes":""},"categories":[34],"tags":[],"class_list":["post-1281","post","type-post","status-publish","format-standard","has-post-thumbnail","hentry","category-musica"],"yoast_head":"<!-- This site is optimized with the Yoast SEO plugin v24.4 - https:\/\/yoast.com\/wordpress\/plugins\/seo\/ -->\n<title>Ex \u00e9 suspeito de matar mulher dentro de hospital ao n\u00e3o aceitar t\u00e9rmino - Not\u00edcias de Todos - Models01<\/title>\n<meta name=\"robots\" content=\"index, follow, max-snippet:-1, max-image-preview:large, max-video-preview:-1\" \/>\n<link rel=\"canonical\" href=\"https:\/\/markd.com.br\/models\/ex-e-suspeito-de-matar-mulher-dentro-de-hospital-ao-nao-aceitar-termino\/\" \/>\n<meta property=\"og:locale\" content=\"pt_BR\" \/>\n<meta property=\"og:type\" content=\"article\" \/>\n<meta property=\"og:title\" content=\"Ex \u00e9 suspeito de matar mulher dentro de hospital ao n\u00e3o aceitar t\u00e9rmino - Not\u00edcias de Todos - Models01\" \/>\n<meta property=\"og:description\" content=\"Ana Paula Trajano, de 29 anos, foi morta a facadas dentro de uma UBS (Unidade...\" \/>\n<meta property=\"og:url\" content=\"https:\/\/markd.com.br\/models\/ex-e-suspeito-de-matar-mulher-dentro-de-hospital-ao-nao-aceitar-termino\/\" \/>\n<meta property=\"og:site_name\" content=\"Not\u00edcias de Todos - Models01\" \/>\n<meta property=\"article:published_time\" content=\"2022-04-06T20:19:36+00:00\" \/>\n<meta property=\"article:modified_time\" content=\"2022-04-06T20:19:40+00:00\" \/>\n<meta property=\"og:image\" content=\"https:\/\/markd.com.br\/models\/wp-content\/uploads\/2022\/04\/naom_56bb84e38c5fb.jpg\" \/>\n\t<meta property=\"og:image:width\" content=\"640\" \/>\n\t<meta property=\"og:image:height\" content=\"360\" \/>\n\t<meta property=\"og:image:type\" content=\"image\/jpeg\" \/>\n<meta name=\"author\" content=\"Reda\u00e7\u00e3o Reda\u00e7\u00e3o\" \/>\n<meta name=\"twitter:card\" content=\"summary_large_image\" \/>\n<meta name=\"twitter:label1\" content=\"Escrito por\" \/>\n\t<meta name=\"twitter:data1\" content=\"Reda\u00e7\u00e3o Reda\u00e7\u00e3o\" \/>\n\t<meta name=\"twitter:label2\" content=\"Est. tempo de leitura\" \/>\n\t<meta name=\"twitter:data2\" content=\"3 minutos\" \/>\n<script type=\"application\/ld+json\" class=\"yoast-schema-graph\">{\"@context\":\"https:\/\/schema.org\",\"@graph\":[{\"@type\":\"WebPage\",\"@id\":\"https:\/\/markd.com.br\/models\/ex-e-suspeito-de-matar-mulher-dentro-de-hospital-ao-nao-aceitar-termino\/\",\"url\":\"https:\/\/markd.com.br\/models\/ex-e-suspeito-de-matar-mulher-dentro-de-hospital-ao-nao-aceitar-termino\/\",\"name\":\"Ex \u00e9 suspeito de matar mulher dentro de hospital ao n\u00e3o aceitar t\u00e9rmino - Not\u00edcias de Todos - Models01\",\"isPartOf\":{\"@id\":\"https:\/\/markd.com.br\/models\/#website\"},\"primaryImageOfPage\":{\"@id\":\"https:\/\/markd.com.br\/models\/ex-e-suspeito-de-matar-mulher-dentro-de-hospital-ao-nao-aceitar-termino\/#primaryimage\"},\"image\":{\"@id\":\"https:\/\/markd.com.br\/models\/ex-e-suspeito-de-matar-mulher-dentro-de-hospital-ao-nao-aceitar-termino\/#primaryimage\"},\"thumbnailUrl\":\"https:\/\/markd.com.br\/models\/wp-content\/uploads\/2022\/04\/naom_56bb84e38c5fb.jpg\",\"datePublished\":\"2022-04-06T20:19:36+00:00\",\"dateModified\":\"2022-04-06T20:19:40+00:00\",\"author\":{\"@id\":\"https:\/\/markd.com.br\/models\/#\/schema\/person\/c12a77ab487a7262d8bec3c47301ad37\"},\"breadcrumb\":{\"@id\":\"https:\/\/markd.com.br\/models\/ex-e-suspeito-de-matar-mulher-dentro-de-hospital-ao-nao-aceitar-termino\/#breadcrumb\"},\"inLanguage\":\"pt-BR\",\"potentialAction\":[{\"@type\":\"ReadAction\",\"target\":[\"https:\/\/markd.com.br\/models\/ex-e-suspeito-de-matar-mulher-dentro-de-hospital-ao-nao-aceitar-termino\/\"]}]},{\"@type\":\"ImageObject\",\"inLanguage\":\"pt-BR\",\"@id\":\"https:\/\/markd.com.br\/models\/ex-e-suspeito-de-matar-mulher-dentro-de-hospital-ao-nao-aceitar-termino\/#primaryimage\",\"url\":\"https:\/\/markd.com.br\/models\/wp-content\/uploads\/2022\/04\/naom_56bb84e38c5fb.jpg\",\"contentUrl\":\"https:\/\/markd.com.br\/models\/wp-content\/uploads\/2022\/04\/naom_56bb84e38c5fb.jpg\",\"width\":640,\"height\":360},{\"@type\":\"BreadcrumbList\",\"@id\":\"https:\/\/markd.com.br\/models\/ex-e-suspeito-de-matar-mulher-dentro-de-hospital-ao-nao-aceitar-termino\/#breadcrumb\",\"itemListElement\":[{\"@type\":\"ListItem\",\"position\":1,\"name\":\"In\u00edcio\",\"item\":\"https:\/\/markd.com.br\/models\/\"},{\"@type\":\"ListItem\",\"position\":2,\"name\":\"Ex \u00e9 suspeito de matar mulher dentro de hospital ao n\u00e3o aceitar t\u00e9rmino\"}]},{\"@type\":\"WebSite\",\"@id\":\"https:\/\/markd.com.br\/models\/#website\",\"url\":\"https:\/\/markd.com.br\/models\/\",\"name\":\"Not\u00edcias de Todos - Models01\",\"description\":\"Tenha um Portal de Not\u00edcias Moderno, Din\u00e2mico, R\u00e1pido e Profissional. Entregamos seu Site de  Not\u00edcias Pronto, Instalado, Hospedado, com Manual Passo a Passo e Suporte 24 horas.\",\"potentialAction\":[{\"@type\":\"SearchAction\",\"target\":{\"@type\":\"EntryPoint\",\"urlTemplate\":\"https:\/\/markd.com.br\/models\/?s={search_term_string}\"},\"query-input\":{\"@type\":\"PropertyValueSpecification\",\"valueRequired\":true,\"valueName\":\"search_term_string\"}}],\"inLanguage\":\"pt-BR\"},{\"@type\":\"Person\",\"@id\":\"https:\/\/markd.com.br\/models\/#\/schema\/person\/c12a77ab487a7262d8bec3c47301ad37\",\"name\":\"Reda\u00e7\u00e3o Reda\u00e7\u00e3o\",\"image\":{\"@type\":\"ImageObject\",\"inLanguage\":\"pt-BR\",\"@id\":\"https:\/\/markd.com.br\/models\/#\/schema\/person\/image\/\",\"url\":\"https:\/\/secure.gravatar.com\/avatar\/9448f3599ce269febf169e183039b4a6?s=96&d=mm&r=g\",\"contentUrl\":\"https:\/\/secure.gravatar.com\/avatar\/9448f3599ce269febf169e183039b4a6?s=96&d=mm&r=g\",\"caption\":\"Reda\u00e7\u00e3o Reda\u00e7\u00e3o\"},\"sameAs\":[\"https:\/\/markd.com.br\/\"],\"url\":\"https:\/\/markd.com.br\/models\/author\/redacao\/\"}]}<\/script>\n<!-- \/ Yoast SEO plugin. -->","yoast_head_json":{"title":"Ex \u00e9 suspeito de matar mulher dentro de hospital ao n\u00e3o aceitar t\u00e9rmino - Not\u00edcias de Todos - Models01","robots":{"index":"index","follow":"follow","max-snippet":"max-snippet:-1","max-image-preview":"max-image-preview:large","max-video-preview":"max-video-preview:-1"},"canonical":"https:\/\/markd.com.br\/models\/ex-e-suspeito-de-matar-mulher-dentro-de-hospital-ao-nao-aceitar-termino\/","og_locale":"pt_BR","og_type":"article","og_title":"Ex \u00e9 suspeito de matar mulher dentro de hospital ao n\u00e3o aceitar t\u00e9rmino - Not\u00edcias de Todos - Models01","og_description":"Ana Paula Trajano, de 29 anos, foi morta a facadas dentro de uma UBS (Unidade...","og_url":"https:\/\/markd.com.br\/models\/ex-e-suspeito-de-matar-mulher-dentro-de-hospital-ao-nao-aceitar-termino\/","og_site_name":"Not\u00edcias de Todos - Models01","article_published_time":"2022-04-06T20:19:36+00:00","article_modified_time":"2022-04-06T20:19:40+00:00","og_image":[{"width":640,"height":360,"url":"https:\/\/markd.com.br\/models\/wp-content\/uploads\/2022\/04\/naom_56bb84e38c5fb.jpg","type":"image\/jpeg"}],"author":"Reda\u00e7\u00e3o Reda\u00e7\u00e3o","twitter_card":"summary_large_image","twitter_misc":{"Escrito por":"Reda\u00e7\u00e3o Reda\u00e7\u00e3o","Est. tempo de leitura":"3 minutos"},"schema":{"@context":"https:\/\/schema.org","@graph":[{"@type":"WebPage","@id":"https:\/\/markd.com.br\/models\/ex-e-suspeito-de-matar-mulher-dentro-de-hospital-ao-nao-aceitar-termino\/","url":"https:\/\/markd.com.br\/models\/ex-e-suspeito-de-matar-mulher-dentro-de-hospital-ao-nao-aceitar-termino\/","name":"Ex \u00e9 suspeito de matar mulher dentro de hospital ao n\u00e3o aceitar t\u00e9rmino - Not\u00edcias de Todos - Models01","isPartOf":{"@id":"https:\/\/markd.com.br\/models\/#website"},"primaryImageOfPage":{"@id":"https:\/\/markd.com.br\/models\/ex-e-suspeito-de-matar-mulher-dentro-de-hospital-ao-nao-aceitar-termino\/#primaryimage"},"image":{"@id":"https:\/\/markd.com.br\/models\/ex-e-suspeito-de-matar-mulher-dentro-de-hospital-ao-nao-aceitar-termino\/#primaryimage"},"thumbnailUrl":"https:\/\/markd.com.br\/models\/wp-content\/uploads\/2022\/04\/naom_56bb84e38c5fb.jpg","datePublished":"2022-04-06T20:19:36+00:00","dateModified":"2022-04-06T20:19:40+00:00","author":{"@id":"https:\/\/markd.com.br\/models\/#\/schema\/person\/c12a77ab487a7262d8bec3c47301ad37"},"breadcrumb":{"@id":"https:\/\/markd.com.br\/models\/ex-e-suspeito-de-matar-mulher-dentro-de-hospital-ao-nao-aceitar-termino\/#breadcrumb"},"inLanguage":"pt-BR","potentialAction":[{"@type":"ReadAction","target":["https:\/\/markd.com.br\/models\/ex-e-suspeito-de-matar-mulher-dentro-de-hospital-ao-nao-aceitar-termino\/"]}]},{"@type":"ImageObject","inLanguage":"pt-BR","@id":"https:\/\/markd.com.br\/models\/ex-e-suspeito-de-matar-mulher-dentro-de-hospital-ao-nao-aceitar-termino\/#primaryimage","url":"https:\/\/markd.com.br\/models\/wp-content\/uploads\/2022\/04\/naom_56bb84e38c5fb.jpg","contentUrl":"https:\/\/markd.com.br\/models\/wp-content\/uploads\/2022\/04\/naom_56bb84e38c5fb.jpg","width":640,"height":360},{"@type":"BreadcrumbList","@id":"https:\/\/markd.com.br\/models\/ex-e-suspeito-de-matar-mulher-dentro-de-hospital-ao-nao-aceitar-termino\/#breadcrumb","itemListElement":[{"@type":"ListItem","position":1,"name":"In\u00edcio","item":"https:\/\/markd.com.br\/models\/"},{"@type":"ListItem","position":2,"name":"Ex \u00e9 suspeito de matar mulher dentro de hospital ao n\u00e3o aceitar t\u00e9rmino"}]},{"@type":"WebSite","@id":"https:\/\/markd.com.br\/models\/#website","url":"https:\/\/markd.com.br\/models\/","name":"Not\u00edcias de Todos - Models01","description":"Tenha um Portal de Not\u00edcias Moderno, Din\u00e2mico, R\u00e1pido e Profissional. Entregamos seu Site de  Not\u00edcias Pronto, Instalado, Hospedado, com Manual Passo a Passo e Suporte 24 horas.","potentialAction":[{"@type":"SearchAction","target":{"@type":"EntryPoint","urlTemplate":"https:\/\/markd.com.br\/models\/?s={search_term_string}"},"query-input":{"@type":"PropertyValueSpecification","valueRequired":true,"valueName":"search_term_string"}}],"inLanguage":"pt-BR"},{"@type":"Person","@id":"https:\/\/markd.com.br\/models\/#\/schema\/person\/c12a77ab487a7262d8bec3c47301ad37","name":"Reda\u00e7\u00e3o Reda\u00e7\u00e3o","image":{"@type":"ImageObject","inLanguage":"pt-BR","@id":"https:\/\/markd.com.br\/models\/#\/schema\/person\/image\/","url":"https:\/\/secure.gravatar.com\/avatar\/9448f3599ce269febf169e183039b4a6?s=96&d=mm&r=g","contentUrl":"https:\/\/secure.gravatar.com\/avatar\/9448f3599ce269febf169e183039b4a6?s=96&d=mm&r=g","caption":"Reda\u00e7\u00e3o Reda\u00e7\u00e3o"},"sameAs":["https:\/\/markd.com.br\/"],"url":"https:\/\/markd.com.br\/models\/author\/redacao\/"}]}},"featured_image_urls":{"full":["https:\/\/markd.com.br\/models\/wp-content\/uploads\/2022\/04\/naom_56bb84e38c5fb.jpg",640,360,false],"thumbnail":["https:\/\/markd.com.br\/models\/wp-content\/uploads\/2022\/04\/naom_56bb84e38c5fb-150x150.jpg",150,150,true],"medium":["https:\/\/markd.com.br\/models\/wp-content\/uploads\/2022\/04\/naom_56bb84e38c5fb-300x169.jpg",300,169,true],"medium_large":["https:\/\/markd.com.br\/models\/wp-content\/uploads\/2022\/04\/naom_56bb84e38c5fb.jpg",640,360,false],"large":["https:\/\/markd.com.br\/models\/wp-content\/uploads\/2022\/04\/naom_56bb84e38c5fb.jpg",640,360,false],"1536x1536":["https:\/\/markd.com.br\/models\/wp-content\/uploads\/2022\/04\/naom_56bb84e38c5fb.jpg",640,360,false],"2048x2048":["https:\/\/markd.com.br\/models\/wp-content\/uploads\/2022\/04\/naom_56bb84e38c5fb.jpg",640,360,false],"newsphere-slider-full":["https:\/\/markd.com.br\/models\/wp-content\/uploads\/2022\/04\/naom_56bb84e38c5fb.jpg",640,360,false],"newsphere-featured":["https:\/\/markd.com.br\/models\/wp-content\/uploads\/2022\/04\/naom_56bb84e38c5fb.jpg",640,360,false],"newsphere-medium":["https:\/\/markd.com.br\/models\/wp-content\/uploads\/2022\/04\/naom_56bb84e38c5fb.jpg",640,360,false]},"author_info":{"display_name":"Reda\u00e7\u00e3o Reda\u00e7\u00e3o","author_link":"https:\/\/markd.com.br\/models\/author\/redacao\/"},"category_info":"<a href=\"https:\/\/markd.com.br\/models\/category\/musica\/\" rel=\"category tag\">Pol\u00edcia<\/a>","tag_info":"Pol\u00edcia","comment_count":"0","jetpack_featured_media_url":"https:\/\/markd.com.br\/models\/wp-content\/uploads\/2022\/04\/naom_56bb84e38c5fb.jpg","_links":{"self":[{"href":"https:\/\/markd.com.br\/models\/wp-json\/wp\/v2\/posts\/1281","targetHints":{"allow":["GET"]}}],"collection":[{"href":"https:\/\/markd.com.br\/models\/wp-json\/wp\/v2\/posts"}],"about":[{"href":"https:\/\/markd.com.br\/models\/wp-json\/wp\/v2\/types\/post"}],"author":[{"embeddable":true,"href":"https:\/\/markd.com.br\/models\/wp-json\/wp\/v2\/users\/5"}],"replies":[{"embeddable":true,"href":"https:\/\/markd.com.br\/models\/wp-json\/wp\/v2\/comments?post=1281"}],"version-history":[{"count":1,"href":"https:\/\/markd.com.br\/models\/wp-json\/wp\/v2\/posts\/1281\/revisions"}],"predecessor-version":[{"id":1283,"href":"https:\/\/markd.com.br\/models\/wp-json\/wp\/v2\/posts\/1281\/revisions\/1283"}],"wp:featuredmedia":[{"embeddable":true,"href":"https:\/\/markd.com.br\/models\/wp-json\/wp\/v2\/media\/1282"}],"wp:attachment":[{"href":"https:\/\/markd.com.br\/models\/wp-json\/wp\/v2\/media?parent=1281"}],"wp:term":[{"taxonomy":"category","embeddable":true,"href":"https:\/\/markd.com.br\/models\/wp-json\/wp\/v2\/categories?post=1281"},{"taxonomy":"post_tag","embeddable":true,"href":"https:\/\/markd.com.br\/models\/wp-json\/wp\/v2\/tags?post=1281"}],"curies":[{"name":"wp","href":"https:\/\/api.w.org\/{rel}","templated":true}]}}