{"id":1285,"date":"2022-04-07T15:10:08","date_gmt":"2022-04-07T18:10:08","guid":{"rendered":"https:\/\/portaldestaquenoticias.com.br\/?p=1285"},"modified":"2022-04-07T15:10:13","modified_gmt":"2022-04-07T18:10:13","slug":"policia-faz-busca-a-apreensao-na-casa-e-gabinete-do-vereador-carioca","status":"publish","type":"post","link":"https:\/\/markd.com.br\/models\/policia-faz-busca-a-apreensao-na-casa-e-gabinete-do-vereador-carioca\/","title":{"rendered":"Pol\u00edcia faz busca a apreens\u00e3o na casa e gabinete do vereador carioca"},"content":{"rendered":"\n<p><\/p>\n\n\n\n<p><strong>A<\/strong>&nbsp;Pol\u00edcia Civil do Rio de Janeiro cumpre na manh\u00e3 de hoje (7) mandados de busca e apreens\u00e3o em 11 locais relacionados ao vereador Gabriel Monteiro (PL) e a assessores e ex-assessores dele, incluindo a casa do parlamentar na Barra da Tijuca, zona oeste da cidade, e o gabinete na C\u00e2mara dos Vereadores, na Cinel\u00e2ndia.<\/p>\n\n\n\n<p>A opera\u00e7\u00e3o \u00e9 referente \u00e0 investiga\u00e7\u00e3o do vazamento de um v\u00eddeo em que o vereador aparece fazendo sexo com uma menor de idade. Ambos alegam que a rela\u00e7\u00e3o e a filmagem foram consensuais, por\u00e9m Monteiro acusa funcion\u00e1rios de vazarem o v\u00eddeo, que circulou por grupos de WhatsApp.<\/p>\n\n\n\n<p>A busca e apreens\u00e3o foi autorizada pelo plant\u00e3o judici\u00e1rio para recolher&nbsp;<em>notebooks<\/em>, computadores,&nbsp;<em>tablets<\/em>, celulares,&nbsp;<em>kindles<\/em>,&nbsp;<em>smartphones<\/em>, m\u00eddias externas e port\u00e1teis tais como HDs externos, pendrives, CDs, DVDs e semelhantes.<\/p>\n\n\n\n<p>Tamb\u00e9m foi autorizado pela Justi\u00e7a o afastamento do sigilo telef\u00f4nico e inform\u00e1tico para todo o conte\u00fado dos aparelhos e m\u00eddias apreendidos, bem como a quebra do sigilo de dados das mensagens contidas em aplicativos nos equipamentos.<\/p>\n\n\n\n<p>A&nbsp;<strong>Ag\u00eancia Brasil<\/strong>&nbsp;tenta contato com o gabinete do vereador, mas ainda n\u00e3o obteve resposta.<\/p>\n\n\n\n<p>Fonte: Noticias ao minuto<\/p>\n","protected":false},"excerpt":{"rendered":"<p>A&nbsp;Pol\u00edcia Civil do Rio de Janeiro cumpre na manh\u00e3 de hoje (7) mandados de busca&#8230;<\/p>\n","protected":false},"author":5,"featured_media":1287,"comment_status":"open","ping_status":"open","sticky":false,"template":"","format":"standard","meta":{"footnotes":""},"categories":[49],"tags":[309,308,230],"class_list":["post-1285","post","type-post","status-publish","format-standard","has-post-thumbnail","hentry","category-destaques","tag-busca-a-apreensao","tag-gabriel-monteiro","tag-pl"],"yoast_head":"<!-- This site is optimized with the Yoast SEO plugin v24.4 - https:\/\/yoast.com\/wordpress\/plugins\/seo\/ -->\n<title>Pol\u00edcia faz busca a apreens\u00e3o na casa e gabinete do vereador carioca - Not\u00edcias de Todos - Models01<\/title>\n<meta name=\"robots\" content=\"index, follow, max-snippet:-1, max-image-preview:large, max-video-preview:-1\" \/>\n<link rel=\"canonical\" href=\"https:\/\/markd.com.br\/models\/policia-faz-busca-a-apreensao-na-casa-e-gabinete-do-vereador-carioca\/\" \/>\n<meta property=\"og:locale\" content=\"pt_BR\" \/>\n<meta property=\"og:type\" content=\"article\" \/>\n<meta property=\"og:title\" content=\"Pol\u00edcia faz busca a apreens\u00e3o na casa e gabinete do vereador carioca - Not\u00edcias de Todos - Models01\" \/>\n<meta property=\"og:description\" content=\"A&nbsp;Pol\u00edcia Civil do Rio de Janeiro cumpre na manh\u00e3 de hoje (7) mandados de busca...\" \/>\n<meta property=\"og:url\" content=\"https:\/\/markd.com.br\/models\/policia-faz-busca-a-apreensao-na-casa-e-gabinete-do-vereador-carioca\/\" \/>\n<meta property=\"og:site_name\" content=\"Not\u00edcias de Todos - Models01\" \/>\n<meta property=\"article:published_time\" content=\"2022-04-07T18:10:08+00:00\" \/>\n<meta property=\"article:modified_time\" content=\"2022-04-07T18:10:13+00:00\" \/>\n<meta property=\"og:image\" content=\"https:\/\/markd.com.br\/models\/wp-content\/uploads\/2022\/04\/naom_624cbafc1bace.jpg\" \/>\n\t<meta property=\"og:image:width\" content=\"640\" \/>\n\t<meta property=\"og:image:height\" content=\"360\" \/>\n\t<meta property=\"og:image:type\" content=\"image\/jpeg\" \/>\n<meta name=\"author\" content=\"Reda\u00e7\u00e3o Reda\u00e7\u00e3o\" \/>\n<meta name=\"twitter:card\" content=\"summary_large_image\" \/>\n<meta name=\"twitter:label1\" content=\"Escrito por\" \/>\n\t<meta name=\"twitter:data1\" content=\"Reda\u00e7\u00e3o Reda\u00e7\u00e3o\" \/>\n\t<meta name=\"twitter:label2\" content=\"Est. tempo de leitura\" \/>\n\t<meta name=\"twitter:data2\" content=\"2 minutos\" \/>\n<script type=\"application\/ld+json\" class=\"yoast-schema-graph\">{\"@context\":\"https:\/\/schema.org\",\"@graph\":[{\"@type\":\"WebPage\",\"@id\":\"https:\/\/markd.com.br\/models\/policia-faz-busca-a-apreensao-na-casa-e-gabinete-do-vereador-carioca\/\",\"url\":\"https:\/\/markd.com.br\/models\/policia-faz-busca-a-apreensao-na-casa-e-gabinete-do-vereador-carioca\/\",\"name\":\"Pol\u00edcia faz busca a apreens\u00e3o na casa e gabinete do vereador carioca - Not\u00edcias de Todos - Models01\",\"isPartOf\":{\"@id\":\"https:\/\/markd.com.br\/models\/#website\"},\"primaryImageOfPage\":{\"@id\":\"https:\/\/markd.com.br\/models\/policia-faz-busca-a-apreensao-na-casa-e-gabinete-do-vereador-carioca\/#primaryimage\"},\"image\":{\"@id\":\"https:\/\/markd.com.br\/models\/policia-faz-busca-a-apreensao-na-casa-e-gabinete-do-vereador-carioca\/#primaryimage\"},\"thumbnailUrl\":\"https:\/\/markd.com.br\/models\/wp-content\/uploads\/2022\/04\/naom_624cbafc1bace.jpg\",\"datePublished\":\"2022-04-07T18:10:08+00:00\",\"dateModified\":\"2022-04-07T18:10:13+00:00\",\"author\":{\"@id\":\"https:\/\/markd.com.br\/models\/#\/schema\/person\/c12a77ab487a7262d8bec3c47301ad37\"},\"breadcrumb\":{\"@id\":\"https:\/\/markd.com.br\/models\/policia-faz-busca-a-apreensao-na-casa-e-gabinete-do-vereador-carioca\/#breadcrumb\"},\"inLanguage\":\"pt-BR\",\"potentialAction\":[{\"@type\":\"ReadAction\",\"target\":[\"https:\/\/markd.com.br\/models\/policia-faz-busca-a-apreensao-na-casa-e-gabinete-do-vereador-carioca\/\"]}]},{\"@type\":\"ImageObject\",\"inLanguage\":\"pt-BR\",\"@id\":\"https:\/\/markd.com.br\/models\/policia-faz-busca-a-apreensao-na-casa-e-gabinete-do-vereador-carioca\/#primaryimage\",\"url\":\"https:\/\/markd.com.br\/models\/wp-content\/uploads\/2022\/04\/naom_624cbafc1bace.jpg\",\"contentUrl\":\"https:\/\/markd.com.br\/models\/wp-content\/uploads\/2022\/04\/naom_624cbafc1bace.jpg\",\"width\":640,\"height\":360},{\"@type\":\"BreadcrumbList\",\"@id\":\"https:\/\/markd.com.br\/models\/policia-faz-busca-a-apreensao-na-casa-e-gabinete-do-vereador-carioca\/#breadcrumb\",\"itemListElement\":[{\"@type\":\"ListItem\",\"position\":1,\"name\":\"In\u00edcio\",\"item\":\"https:\/\/markd.com.br\/models\/\"},{\"@type\":\"ListItem\",\"position\":2,\"name\":\"Pol\u00edcia faz busca a apreens\u00e3o na casa e gabinete do vereador carioca\"}]},{\"@type\":\"WebSite\",\"@id\":\"https:\/\/markd.com.br\/models\/#website\",\"url\":\"https:\/\/markd.com.br\/models\/\",\"name\":\"Not\u00edcias de Todos - Models01\",\"description\":\"Tenha um Portal de Not\u00edcias Moderno, Din\u00e2mico, R\u00e1pido e Profissional. Entregamos seu Site de  Not\u00edcias Pronto, Instalado, Hospedado, com Manual Passo a Passo e Suporte 24 horas.\",\"potentialAction\":[{\"@type\":\"SearchAction\",\"target\":{\"@type\":\"EntryPoint\",\"urlTemplate\":\"https:\/\/markd.com.br\/models\/?s={search_term_string}\"},\"query-input\":{\"@type\":\"PropertyValueSpecification\",\"valueRequired\":true,\"valueName\":\"search_term_string\"}}],\"inLanguage\":\"pt-BR\"},{\"@type\":\"Person\",\"@id\":\"https:\/\/markd.com.br\/models\/#\/schema\/person\/c12a77ab487a7262d8bec3c47301ad37\",\"name\":\"Reda\u00e7\u00e3o Reda\u00e7\u00e3o\",\"image\":{\"@type\":\"ImageObject\",\"inLanguage\":\"pt-BR\",\"@id\":\"https:\/\/markd.com.br\/models\/#\/schema\/person\/image\/\",\"url\":\"https:\/\/secure.gravatar.com\/avatar\/9448f3599ce269febf169e183039b4a6?s=96&d=mm&r=g\",\"contentUrl\":\"https:\/\/secure.gravatar.com\/avatar\/9448f3599ce269febf169e183039b4a6?s=96&d=mm&r=g\",\"caption\":\"Reda\u00e7\u00e3o Reda\u00e7\u00e3o\"},\"sameAs\":[\"https:\/\/markd.com.br\/\"],\"url\":\"https:\/\/markd.com.br\/models\/author\/redacao\/\"}]}<\/script>\n<!-- \/ Yoast SEO plugin. -->","yoast_head_json":{"title":"Pol\u00edcia faz busca a apreens\u00e3o na casa e gabinete do vereador carioca - Not\u00edcias de Todos - Models01","robots":{"index":"index","follow":"follow","max-snippet":"max-snippet:-1","max-image-preview":"max-image-preview:large","max-video-preview":"max-video-preview:-1"},"canonical":"https:\/\/markd.com.br\/models\/policia-faz-busca-a-apreensao-na-casa-e-gabinete-do-vereador-carioca\/","og_locale":"pt_BR","og_type":"article","og_title":"Pol\u00edcia faz busca a apreens\u00e3o na casa e gabinete do vereador carioca - Not\u00edcias de Todos - Models01","og_description":"A&nbsp;Pol\u00edcia Civil do Rio de Janeiro cumpre na manh\u00e3 de hoje (7) mandados de busca...","og_url":"https:\/\/markd.com.br\/models\/policia-faz-busca-a-apreensao-na-casa-e-gabinete-do-vereador-carioca\/","og_site_name":"Not\u00edcias de Todos - Models01","article_published_time":"2022-04-07T18:10:08+00:00","article_modified_time":"2022-04-07T18:10:13+00:00","og_image":[{"width":640,"height":360,"url":"https:\/\/markd.com.br\/models\/wp-content\/uploads\/2022\/04\/naom_624cbafc1bace.jpg","type":"image\/jpeg"}],"author":"Reda\u00e7\u00e3o Reda\u00e7\u00e3o","twitter_card":"summary_large_image","twitter_misc":{"Escrito por":"Reda\u00e7\u00e3o Reda\u00e7\u00e3o","Est. tempo de leitura":"2 minutos"},"schema":{"@context":"https:\/\/schema.org","@graph":[{"@type":"WebPage","@id":"https:\/\/markd.com.br\/models\/policia-faz-busca-a-apreensao-na-casa-e-gabinete-do-vereador-carioca\/","url":"https:\/\/markd.com.br\/models\/policia-faz-busca-a-apreensao-na-casa-e-gabinete-do-vereador-carioca\/","name":"Pol\u00edcia faz busca a apreens\u00e3o na casa e gabinete do vereador carioca - Not\u00edcias de Todos - Models01","isPartOf":{"@id":"https:\/\/markd.com.br\/models\/#website"},"primaryImageOfPage":{"@id":"https:\/\/markd.com.br\/models\/policia-faz-busca-a-apreensao-na-casa-e-gabinete-do-vereador-carioca\/#primaryimage"},"image":{"@id":"https:\/\/markd.com.br\/models\/policia-faz-busca-a-apreensao-na-casa-e-gabinete-do-vereador-carioca\/#primaryimage"},"thumbnailUrl":"https:\/\/markd.com.br\/models\/wp-content\/uploads\/2022\/04\/naom_624cbafc1bace.jpg","datePublished":"2022-04-07T18:10:08+00:00","dateModified":"2022-04-07T18:10:13+00:00","author":{"@id":"https:\/\/markd.com.br\/models\/#\/schema\/person\/c12a77ab487a7262d8bec3c47301ad37"},"breadcrumb":{"@id":"https:\/\/markd.com.br\/models\/policia-faz-busca-a-apreensao-na-casa-e-gabinete-do-vereador-carioca\/#breadcrumb"},"inLanguage":"pt-BR","potentialAction":[{"@type":"ReadAction","target":["https:\/\/markd.com.br\/models\/policia-faz-busca-a-apreensao-na-casa-e-gabinete-do-vereador-carioca\/"]}]},{"@type":"ImageObject","inLanguage":"pt-BR","@id":"https:\/\/markd.com.br\/models\/policia-faz-busca-a-apreensao-na-casa-e-gabinete-do-vereador-carioca\/#primaryimage","url":"https:\/\/markd.com.br\/models\/wp-content\/uploads\/2022\/04\/naom_624cbafc1bace.jpg","contentUrl":"https:\/\/markd.com.br\/models\/wp-content\/uploads\/2022\/04\/naom_624cbafc1bace.jpg","width":640,"height":360},{"@type":"BreadcrumbList","@id":"https:\/\/markd.com.br\/models\/policia-faz-busca-a-apreensao-na-casa-e-gabinete-do-vereador-carioca\/#breadcrumb","itemListElement":[{"@type":"ListItem","position":1,"name":"In\u00edcio","item":"https:\/\/markd.com.br\/models\/"},{"@type":"ListItem","position":2,"name":"Pol\u00edcia faz busca a apreens\u00e3o na casa e gabinete do vereador carioca"}]},{"@type":"WebSite","@id":"https:\/\/markd.com.br\/models\/#website","url":"https:\/\/markd.com.br\/models\/","name":"Not\u00edcias de Todos - Models01","description":"Tenha um Portal de Not\u00edcias Moderno, Din\u00e2mico, R\u00e1pido e Profissional. Entregamos seu Site de  Not\u00edcias Pronto, Instalado, Hospedado, com Manual Passo a Passo e Suporte 24 horas.","potentialAction":[{"@type":"SearchAction","target":{"@type":"EntryPoint","urlTemplate":"https:\/\/markd.com.br\/models\/?s={search_term_string}"},"query-input":{"@type":"PropertyValueSpecification","valueRequired":true,"valueName":"search_term_string"}}],"inLanguage":"pt-BR"},{"@type":"Person","@id":"https:\/\/markd.com.br\/models\/#\/schema\/person\/c12a77ab487a7262d8bec3c47301ad37","name":"Reda\u00e7\u00e3o Reda\u00e7\u00e3o","image":{"@type":"ImageObject","inLanguage":"pt-BR","@id":"https:\/\/markd.com.br\/models\/#\/schema\/person\/image\/","url":"https:\/\/secure.gravatar.com\/avatar\/9448f3599ce269febf169e183039b4a6?s=96&d=mm&r=g","contentUrl":"https:\/\/secure.gravatar.com\/avatar\/9448f3599ce269febf169e183039b4a6?s=96&d=mm&r=g","caption":"Reda\u00e7\u00e3o Reda\u00e7\u00e3o"},"sameAs":["https:\/\/markd.com.br\/"],"url":"https:\/\/markd.com.br\/models\/author\/redacao\/"}]}},"featured_image_urls":{"full":["https:\/\/markd.com.br\/models\/wp-content\/uploads\/2022\/04\/naom_624cbafc1bace.jpg",640,360,false],"thumbnail":["https:\/\/markd.com.br\/models\/wp-content\/uploads\/2022\/04\/naom_624cbafc1bace-150x150.jpg",150,150,true],"medium":["https:\/\/markd.com.br\/models\/wp-content\/uploads\/2022\/04\/naom_624cbafc1bace-300x169.jpg",300,169,true],"medium_large":["https:\/\/markd.com.br\/models\/wp-content\/uploads\/2022\/04\/naom_624cbafc1bace.jpg",640,360,false],"large":["https:\/\/markd.com.br\/models\/wp-content\/uploads\/2022\/04\/naom_624cbafc1bace.jpg",640,360,false],"1536x1536":["https:\/\/markd.com.br\/models\/wp-content\/uploads\/2022\/04\/naom_624cbafc1bace.jpg",640,360,false],"2048x2048":["https:\/\/markd.com.br\/models\/wp-content\/uploads\/2022\/04\/naom_624cbafc1bace.jpg",640,360,false],"newsphere-slider-full":["https:\/\/markd.com.br\/models\/wp-content\/uploads\/2022\/04\/naom_624cbafc1bace.jpg",640,360,false],"newsphere-featured":["https:\/\/markd.com.br\/models\/wp-content\/uploads\/2022\/04\/naom_624cbafc1bace.jpg",640,360,false],"newsphere-medium":["https:\/\/markd.com.br\/models\/wp-content\/uploads\/2022\/04\/naom_624cbafc1bace.jpg",640,360,false]},"author_info":{"display_name":"Reda\u00e7\u00e3o Reda\u00e7\u00e3o","author_link":"https:\/\/markd.com.br\/models\/author\/redacao\/"},"category_info":"<a href=\"https:\/\/markd.com.br\/models\/category\/destaques\/\" rel=\"category tag\">destaques<\/a>","tag_info":"destaques","comment_count":"0","jetpack_featured_media_url":"https:\/\/markd.com.br\/models\/wp-content\/uploads\/2022\/04\/naom_624cbafc1bace.jpg","_links":{"self":[{"href":"https:\/\/markd.com.br\/models\/wp-json\/wp\/v2\/posts\/1285","targetHints":{"allow":["GET"]}}],"collection":[{"href":"https:\/\/markd.com.br\/models\/wp-json\/wp\/v2\/posts"}],"about":[{"href":"https:\/\/markd.com.br\/models\/wp-json\/wp\/v2\/types\/post"}],"author":[{"embeddable":true,"href":"https:\/\/markd.com.br\/models\/wp-json\/wp\/v2\/users\/5"}],"replies":[{"embeddable":true,"href":"https:\/\/markd.com.br\/models\/wp-json\/wp\/v2\/comments?post=1285"}],"version-history":[{"count":1,"href":"https:\/\/markd.com.br\/models\/wp-json\/wp\/v2\/posts\/1285\/revisions"}],"predecessor-version":[{"id":1288,"href":"https:\/\/markd.com.br\/models\/wp-json\/wp\/v2\/posts\/1285\/revisions\/1288"}],"wp:featuredmedia":[{"embeddable":true,"href":"https:\/\/markd.com.br\/models\/wp-json\/wp\/v2\/media\/1287"}],"wp:attachment":[{"href":"https:\/\/markd.com.br\/models\/wp-json\/wp\/v2\/media?parent=1285"}],"wp:term":[{"taxonomy":"category","embeddable":true,"href":"https:\/\/markd.com.br\/models\/wp-json\/wp\/v2\/categories?post=1285"},{"taxonomy":"post_tag","embeddable":true,"href":"https:\/\/markd.com.br\/models\/wp-json\/wp\/v2\/tags?post=1285"}],"curies":[{"name":"wp","href":"https:\/\/api.w.org\/{rel}","templated":true}]}}