{"id":1294,"date":"2022-04-07T15:22:03","date_gmt":"2022-04-07T18:22:03","guid":{"rendered":"https:\/\/portaldestaquenoticias.com.br\/?p=1294"},"modified":"2022-04-07T15:22:05","modified_gmt":"2022-04-07T18:22:05","slug":"prefeitura-e-multinacional-promovem-mostra-virtual-com-o-tema-empreendedoras-do-seculo","status":"publish","type":"post","link":"https:\/\/markd.com.br\/models\/prefeitura-e-multinacional-promovem-mostra-virtual-com-o-tema-empreendedoras-do-seculo\/","title":{"rendered":"Prefeitura e multinacional promovem mostra virtual com o tema \u2018Empreendedoras do S\u00e9culo\u2019"},"content":{"rendered":"\n<p><\/p>\n\n\n\n<p>A&nbsp;Prefeitura de Manaus, por meio da Funda\u00e7\u00e3o Municipal de Cultura, Turismo e Eventos (Manauscult), com apoio do Sustentabilidade e Cultura Produ\u00e7\u00f5es, em parceria com a NTICS Projetos, deu in\u00edcio, nesta quarta-feira, 6\/4, \u00e0 mostra virtual \u201cEmpreendedoras do S\u00e9culo\u201d, que faz parte do projeto Arte e Jovens nos Museus. A exposi\u00e7\u00e3o \u00e9 totalmente on-line e ter\u00e1 a dura\u00e7\u00e3o de dois meses.<\/p>\n\n\n\n<p>A hist\u00f3ria de sucesso de 20 mulheres empreendedoras, sendo uma delas amazonense, \u00e9 o tema da terceira exposi\u00e7\u00e3o do projeto Legado na Comunidade: Programa Arte e Jovens nos Museus, que incentiva crian\u00e7as e adolescentes a frequentarem esses espa\u00e7os. A mostra Empreendedoras do S\u00e9culo j\u00e1 est\u00e1 dispon\u00edvel para visita\u00e7\u00e3o no site&nbsp;<a href=\"http:\/\/www.ntics.com.br\/arteejovensnosmuseus\" target=\"_blank\" rel=\"noreferrer noopener\">www.ntics.com.br\/arteejovensnosmuseus<\/a>. O acesso \u00e9 gratuito.<\/p>\n\n\n\n<p>De acordo com o diretor-presidente da Manauscult, Alonso Oliveira, o objetivo \u00e9 que os estudantes e todas as pessoas que acessarem a exposi\u00e7\u00e3o possam sentir a experi\u00eancia de visitar um museu, ainda que de forma virtual.<\/p>\n\n\n\n<p>\u201cNosso objetivo \u00e9 democratizar o acesso aos equipamentos culturais e tur\u00edsticos da cidade e incentivar as visitas presenciais ao Muma (Museu Cidade de Manaus), especialmente ap\u00f3s este per\u00edodo de isolamento social ocasionado pela pandemia de Covid-19\u201d, explica Oliveira.<\/p>\n\n\n\n<p>O projeto foi idealizado para atender a metas de quatro dos 17 Objetivos de Desenvolvimento Sustent\u00e1vel (ODS). S\u00e3o eles: Educa\u00e7\u00e3o de Qualidade (ODS 4); Igualdade de G\u00eanero (ODS 5); Redu\u00e7\u00e3o das Desigualdades (ODS 10); e A\u00e7\u00e3o contra a mudan\u00e7a global do clima (ODS 13). Os ODS foram criados pela Organiza\u00e7\u00e3o das Na\u00e7\u00f5es Unidas (ONU), em acordo com seus pa\u00edses-membros, e disp\u00f5e sobre planos e a\u00e7\u00f5es para promover o desenvolvimento sustent\u00e1vel em todo mundo at\u00e9 o ano de 2030.<\/p>\n\n\n\n<p>\u201cAcreditamos que a arte tem papel fundamental na valoriza\u00e7\u00e3o do patrim\u00f4nio cultural local e no desenvolvimento da economia criativa. Infelizmente, o acesso a produtos culturais, como exposi\u00e7\u00f5es em museus, por exemplo, ainda est\u00e1 longe da realidade da maior parte da popula\u00e7\u00e3o. Por isso, pensamos neste projeto como um meio para democratizar esse acesso e mostrar que a arte deve estar a servi\u00e7o da sociedade e do seu desenvolvimento\u201d, explica a diretora de Inova\u00e7\u00e3o e ESG da NTICS Projetos, Ana Carolina Xavier.<\/p>\n\n\n\n<p><strong>Muma<\/strong><\/p>\n\n\n\n<p>O Muma, localizado no Centro Hist\u00f3rico de Manaus, reabriu de forma parcial e seguindo todos os protocolos sanit\u00e1rios contra a Covid-19. As visitas presenciais ocorrem mediante agendamento pr\u00e9vio, realizado exclusivamente pelo e-mail:&nbsp;<a href=\"mailto:museu.manaus@gmail.com\" target=\"_blank\" rel=\"noreferrer noopener\">museu.manaus@gmail.com<\/a>. Os visitantes tamb\u00e9m devem levar a sua pr\u00f3pria garrafa de \u00e1gua, para evitar a prolifera\u00e7\u00e3o de v\u00edrus.<\/p>\n\n\n\n<p>\u2014 \u2014 \u2014<\/p>\n\n\n\n<p><strong>Texto<\/strong>&nbsp;\u2013 Emanuelle Baires \/ Manauscult<strong>Fotos \u2013<\/strong>&nbsp;Divulga\u00e7\u00e3o \/ Manauscult<\/p>\n","protected":false},"excerpt":{"rendered":"<p>A&nbsp;Prefeitura de Manaus, por meio da Funda\u00e7\u00e3o Municipal de Cultura, Turismo e Eventos (Manauscult), com&#8230;<\/p>\n","protected":false},"author":5,"featured_media":1295,"comment_status":"open","ping_status":"open","sticky":false,"template":"","format":"standard","meta":{"footnotes":""},"categories":[35],"tags":[311,312,43],"class_list":["post-1294","post","type-post","status-publish","format-standard","has-post-thumbnail","hentry","category-prefeitura-de-manaus","tag-manauscult","tag-ntics","tag-prefeitura-de-manaus"],"yoast_head":"<!-- This site is optimized with the Yoast SEO plugin v24.4 - https:\/\/yoast.com\/wordpress\/plugins\/seo\/ -->\n<title>Prefeitura e multinacional promovem mostra virtual com o tema \u2018Empreendedoras do S\u00e9culo\u2019 - Not\u00edcias de Todos - Models01<\/title>\n<meta name=\"robots\" content=\"index, follow, max-snippet:-1, max-image-preview:large, max-video-preview:-1\" \/>\n<link rel=\"canonical\" href=\"https:\/\/markd.com.br\/models\/prefeitura-e-multinacional-promovem-mostra-virtual-com-o-tema-empreendedoras-do-seculo\/\" \/>\n<meta property=\"og:locale\" content=\"pt_BR\" \/>\n<meta property=\"og:type\" content=\"article\" \/>\n<meta property=\"og:title\" content=\"Prefeitura e multinacional promovem mostra virtual com o tema \u2018Empreendedoras do S\u00e9culo\u2019 - Not\u00edcias de Todos - Models01\" \/>\n<meta property=\"og:description\" content=\"A&nbsp;Prefeitura de Manaus, por meio da Funda\u00e7\u00e3o Municipal de Cultura, Turismo e Eventos (Manauscult), com...\" \/>\n<meta property=\"og:url\" content=\"https:\/\/markd.com.br\/models\/prefeitura-e-multinacional-promovem-mostra-virtual-com-o-tema-empreendedoras-do-seculo\/\" \/>\n<meta property=\"og:site_name\" content=\"Not\u00edcias de Todos - Models01\" \/>\n<meta property=\"article:published_time\" content=\"2022-04-07T18:22:03+00:00\" \/>\n<meta property=\"article:modified_time\" content=\"2022-04-07T18:22:05+00:00\" \/>\n<meta property=\"og:image\" content=\"https:\/\/markd.com.br\/models\/wp-content\/uploads\/2022\/04\/Mostra-virtual-2-800x445-1.jpeg\" \/>\n\t<meta property=\"og:image:width\" content=\"800\" \/>\n\t<meta property=\"og:image:height\" content=\"445\" \/>\n\t<meta property=\"og:image:type\" content=\"image\/jpeg\" \/>\n<meta name=\"author\" content=\"Reda\u00e7\u00e3o Reda\u00e7\u00e3o\" \/>\n<meta name=\"twitter:card\" content=\"summary_large_image\" \/>\n<meta name=\"twitter:label1\" content=\"Escrito por\" \/>\n\t<meta name=\"twitter:data1\" content=\"Reda\u00e7\u00e3o Reda\u00e7\u00e3o\" \/>\n\t<meta name=\"twitter:label2\" content=\"Est. tempo de leitura\" \/>\n\t<meta name=\"twitter:data2\" content=\"3 minutos\" \/>\n<script type=\"application\/ld+json\" class=\"yoast-schema-graph\">{\"@context\":\"https:\/\/schema.org\",\"@graph\":[{\"@type\":\"WebPage\",\"@id\":\"https:\/\/markd.com.br\/models\/prefeitura-e-multinacional-promovem-mostra-virtual-com-o-tema-empreendedoras-do-seculo\/\",\"url\":\"https:\/\/markd.com.br\/models\/prefeitura-e-multinacional-promovem-mostra-virtual-com-o-tema-empreendedoras-do-seculo\/\",\"name\":\"Prefeitura e multinacional promovem mostra virtual com o tema \u2018Empreendedoras do S\u00e9culo\u2019 - Not\u00edcias de Todos - Models01\",\"isPartOf\":{\"@id\":\"https:\/\/markd.com.br\/models\/#website\"},\"primaryImageOfPage\":{\"@id\":\"https:\/\/markd.com.br\/models\/prefeitura-e-multinacional-promovem-mostra-virtual-com-o-tema-empreendedoras-do-seculo\/#primaryimage\"},\"image\":{\"@id\":\"https:\/\/markd.com.br\/models\/prefeitura-e-multinacional-promovem-mostra-virtual-com-o-tema-empreendedoras-do-seculo\/#primaryimage\"},\"thumbnailUrl\":\"https:\/\/markd.com.br\/models\/wp-content\/uploads\/2022\/04\/Mostra-virtual-2-800x445-1.jpeg\",\"datePublished\":\"2022-04-07T18:22:03+00:00\",\"dateModified\":\"2022-04-07T18:22:05+00:00\",\"author\":{\"@id\":\"https:\/\/markd.com.br\/models\/#\/schema\/person\/c12a77ab487a7262d8bec3c47301ad37\"},\"breadcrumb\":{\"@id\":\"https:\/\/markd.com.br\/models\/prefeitura-e-multinacional-promovem-mostra-virtual-com-o-tema-empreendedoras-do-seculo\/#breadcrumb\"},\"inLanguage\":\"pt-BR\",\"potentialAction\":[{\"@type\":\"ReadAction\",\"target\":[\"https:\/\/markd.com.br\/models\/prefeitura-e-multinacional-promovem-mostra-virtual-com-o-tema-empreendedoras-do-seculo\/\"]}]},{\"@type\":\"ImageObject\",\"inLanguage\":\"pt-BR\",\"@id\":\"https:\/\/markd.com.br\/models\/prefeitura-e-multinacional-promovem-mostra-virtual-com-o-tema-empreendedoras-do-seculo\/#primaryimage\",\"url\":\"https:\/\/markd.com.br\/models\/wp-content\/uploads\/2022\/04\/Mostra-virtual-2-800x445-1.jpeg\",\"contentUrl\":\"https:\/\/markd.com.br\/models\/wp-content\/uploads\/2022\/04\/Mostra-virtual-2-800x445-1.jpeg\",\"width\":800,\"height\":445},{\"@type\":\"BreadcrumbList\",\"@id\":\"https:\/\/markd.com.br\/models\/prefeitura-e-multinacional-promovem-mostra-virtual-com-o-tema-empreendedoras-do-seculo\/#breadcrumb\",\"itemListElement\":[{\"@type\":\"ListItem\",\"position\":1,\"name\":\"In\u00edcio\",\"item\":\"https:\/\/markd.com.br\/models\/\"},{\"@type\":\"ListItem\",\"position\":2,\"name\":\"Prefeitura e multinacional promovem mostra virtual com o tema \u2018Empreendedoras do S\u00e9culo\u2019\"}]},{\"@type\":\"WebSite\",\"@id\":\"https:\/\/markd.com.br\/models\/#website\",\"url\":\"https:\/\/markd.com.br\/models\/\",\"name\":\"Not\u00edcias de Todos - Models01\",\"description\":\"Tenha um Portal de Not\u00edcias Moderno, Din\u00e2mico, R\u00e1pido e Profissional. Entregamos seu Site de  Not\u00edcias Pronto, Instalado, Hospedado, com Manual Passo a Passo e Suporte 24 horas.\",\"potentialAction\":[{\"@type\":\"SearchAction\",\"target\":{\"@type\":\"EntryPoint\",\"urlTemplate\":\"https:\/\/markd.com.br\/models\/?s={search_term_string}\"},\"query-input\":{\"@type\":\"PropertyValueSpecification\",\"valueRequired\":true,\"valueName\":\"search_term_string\"}}],\"inLanguage\":\"pt-BR\"},{\"@type\":\"Person\",\"@id\":\"https:\/\/markd.com.br\/models\/#\/schema\/person\/c12a77ab487a7262d8bec3c47301ad37\",\"name\":\"Reda\u00e7\u00e3o Reda\u00e7\u00e3o\",\"image\":{\"@type\":\"ImageObject\",\"inLanguage\":\"pt-BR\",\"@id\":\"https:\/\/markd.com.br\/models\/#\/schema\/person\/image\/\",\"url\":\"https:\/\/secure.gravatar.com\/avatar\/9448f3599ce269febf169e183039b4a6?s=96&d=mm&r=g\",\"contentUrl\":\"https:\/\/secure.gravatar.com\/avatar\/9448f3599ce269febf169e183039b4a6?s=96&d=mm&r=g\",\"caption\":\"Reda\u00e7\u00e3o Reda\u00e7\u00e3o\"},\"sameAs\":[\"https:\/\/markd.com.br\/\"],\"url\":\"https:\/\/markd.com.br\/models\/author\/redacao\/\"}]}<\/script>\n<!-- \/ Yoast SEO plugin. -->","yoast_head_json":{"title":"Prefeitura e multinacional promovem mostra virtual com o tema \u2018Empreendedoras do S\u00e9culo\u2019 - Not\u00edcias de Todos - Models01","robots":{"index":"index","follow":"follow","max-snippet":"max-snippet:-1","max-image-preview":"max-image-preview:large","max-video-preview":"max-video-preview:-1"},"canonical":"https:\/\/markd.com.br\/models\/prefeitura-e-multinacional-promovem-mostra-virtual-com-o-tema-empreendedoras-do-seculo\/","og_locale":"pt_BR","og_type":"article","og_title":"Prefeitura e multinacional promovem mostra virtual com o tema \u2018Empreendedoras do S\u00e9culo\u2019 - Not\u00edcias de Todos - Models01","og_description":"A&nbsp;Prefeitura de Manaus, por meio da Funda\u00e7\u00e3o Municipal de Cultura, Turismo e Eventos (Manauscult), com...","og_url":"https:\/\/markd.com.br\/models\/prefeitura-e-multinacional-promovem-mostra-virtual-com-o-tema-empreendedoras-do-seculo\/","og_site_name":"Not\u00edcias de Todos - Models01","article_published_time":"2022-04-07T18:22:03+00:00","article_modified_time":"2022-04-07T18:22:05+00:00","og_image":[{"width":800,"height":445,"url":"https:\/\/markd.com.br\/models\/wp-content\/uploads\/2022\/04\/Mostra-virtual-2-800x445-1.jpeg","type":"image\/jpeg"}],"author":"Reda\u00e7\u00e3o Reda\u00e7\u00e3o","twitter_card":"summary_large_image","twitter_misc":{"Escrito por":"Reda\u00e7\u00e3o Reda\u00e7\u00e3o","Est. tempo de leitura":"3 minutos"},"schema":{"@context":"https:\/\/schema.org","@graph":[{"@type":"WebPage","@id":"https:\/\/markd.com.br\/models\/prefeitura-e-multinacional-promovem-mostra-virtual-com-o-tema-empreendedoras-do-seculo\/","url":"https:\/\/markd.com.br\/models\/prefeitura-e-multinacional-promovem-mostra-virtual-com-o-tema-empreendedoras-do-seculo\/","name":"Prefeitura e multinacional promovem mostra virtual com o tema \u2018Empreendedoras do S\u00e9culo\u2019 - Not\u00edcias de Todos - Models01","isPartOf":{"@id":"https:\/\/markd.com.br\/models\/#website"},"primaryImageOfPage":{"@id":"https:\/\/markd.com.br\/models\/prefeitura-e-multinacional-promovem-mostra-virtual-com-o-tema-empreendedoras-do-seculo\/#primaryimage"},"image":{"@id":"https:\/\/markd.com.br\/models\/prefeitura-e-multinacional-promovem-mostra-virtual-com-o-tema-empreendedoras-do-seculo\/#primaryimage"},"thumbnailUrl":"https:\/\/markd.com.br\/models\/wp-content\/uploads\/2022\/04\/Mostra-virtual-2-800x445-1.jpeg","datePublished":"2022-04-07T18:22:03+00:00","dateModified":"2022-04-07T18:22:05+00:00","author":{"@id":"https:\/\/markd.com.br\/models\/#\/schema\/person\/c12a77ab487a7262d8bec3c47301ad37"},"breadcrumb":{"@id":"https:\/\/markd.com.br\/models\/prefeitura-e-multinacional-promovem-mostra-virtual-com-o-tema-empreendedoras-do-seculo\/#breadcrumb"},"inLanguage":"pt-BR","potentialAction":[{"@type":"ReadAction","target":["https:\/\/markd.com.br\/models\/prefeitura-e-multinacional-promovem-mostra-virtual-com-o-tema-empreendedoras-do-seculo\/"]}]},{"@type":"ImageObject","inLanguage":"pt-BR","@id":"https:\/\/markd.com.br\/models\/prefeitura-e-multinacional-promovem-mostra-virtual-com-o-tema-empreendedoras-do-seculo\/#primaryimage","url":"https:\/\/markd.com.br\/models\/wp-content\/uploads\/2022\/04\/Mostra-virtual-2-800x445-1.jpeg","contentUrl":"https:\/\/markd.com.br\/models\/wp-content\/uploads\/2022\/04\/Mostra-virtual-2-800x445-1.jpeg","width":800,"height":445},{"@type":"BreadcrumbList","@id":"https:\/\/markd.com.br\/models\/prefeitura-e-multinacional-promovem-mostra-virtual-com-o-tema-empreendedoras-do-seculo\/#breadcrumb","itemListElement":[{"@type":"ListItem","position":1,"name":"In\u00edcio","item":"https:\/\/markd.com.br\/models\/"},{"@type":"ListItem","position":2,"name":"Prefeitura e multinacional promovem mostra virtual com o tema \u2018Empreendedoras do S\u00e9culo\u2019"}]},{"@type":"WebSite","@id":"https:\/\/markd.com.br\/models\/#website","url":"https:\/\/markd.com.br\/models\/","name":"Not\u00edcias de Todos - Models01","description":"Tenha um Portal de Not\u00edcias Moderno, Din\u00e2mico, R\u00e1pido e Profissional. Entregamos seu Site de  Not\u00edcias Pronto, Instalado, Hospedado, com Manual Passo a Passo e Suporte 24 horas.","potentialAction":[{"@type":"SearchAction","target":{"@type":"EntryPoint","urlTemplate":"https:\/\/markd.com.br\/models\/?s={search_term_string}"},"query-input":{"@type":"PropertyValueSpecification","valueRequired":true,"valueName":"search_term_string"}}],"inLanguage":"pt-BR"},{"@type":"Person","@id":"https:\/\/markd.com.br\/models\/#\/schema\/person\/c12a77ab487a7262d8bec3c47301ad37","name":"Reda\u00e7\u00e3o Reda\u00e7\u00e3o","image":{"@type":"ImageObject","inLanguage":"pt-BR","@id":"https:\/\/markd.com.br\/models\/#\/schema\/person\/image\/","url":"https:\/\/secure.gravatar.com\/avatar\/9448f3599ce269febf169e183039b4a6?s=96&d=mm&r=g","contentUrl":"https:\/\/secure.gravatar.com\/avatar\/9448f3599ce269febf169e183039b4a6?s=96&d=mm&r=g","caption":"Reda\u00e7\u00e3o Reda\u00e7\u00e3o"},"sameAs":["https:\/\/markd.com.br\/"],"url":"https:\/\/markd.com.br\/models\/author\/redacao\/"}]}},"featured_image_urls":{"full":["https:\/\/markd.com.br\/models\/wp-content\/uploads\/2022\/04\/Mostra-virtual-2-800x445-1.jpeg",800,445,false],"thumbnail":["https:\/\/markd.com.br\/models\/wp-content\/uploads\/2022\/04\/Mostra-virtual-2-800x445-1-150x150.jpeg",150,150,true],"medium":["https:\/\/markd.com.br\/models\/wp-content\/uploads\/2022\/04\/Mostra-virtual-2-800x445-1-300x167.jpeg",300,167,true],"medium_large":["https:\/\/markd.com.br\/models\/wp-content\/uploads\/2022\/04\/Mostra-virtual-2-800x445-1-768x427.jpeg",640,356,true],"large":["https:\/\/markd.com.br\/models\/wp-content\/uploads\/2022\/04\/Mostra-virtual-2-800x445-1.jpeg",640,356,false],"1536x1536":["https:\/\/markd.com.br\/models\/wp-content\/uploads\/2022\/04\/Mostra-virtual-2-800x445-1.jpeg",800,445,false],"2048x2048":["https:\/\/markd.com.br\/models\/wp-content\/uploads\/2022\/04\/Mostra-virtual-2-800x445-1.jpeg",800,445,false],"newsphere-slider-full":["https:\/\/markd.com.br\/models\/wp-content\/uploads\/2022\/04\/Mostra-virtual-2-800x445-1.jpeg",800,445,false],"newsphere-featured":["https:\/\/markd.com.br\/models\/wp-content\/uploads\/2022\/04\/Mostra-virtual-2-800x445-1.jpeg",800,445,false],"newsphere-medium":["https:\/\/markd.com.br\/models\/wp-content\/uploads\/2022\/04\/Mostra-virtual-2-800x445-1-720x380.jpeg",720,380,true]},"author_info":{"display_name":"Reda\u00e7\u00e3o Reda\u00e7\u00e3o","author_link":"https:\/\/markd.com.br\/models\/author\/redacao\/"},"category_info":"<a href=\"https:\/\/markd.com.br\/models\/category\/prefeitura-de-manaus\/\" rel=\"category tag\">Prefeitura de Manaus<\/a>","tag_info":"Prefeitura de Manaus","comment_count":"0","jetpack_featured_media_url":"https:\/\/markd.com.br\/models\/wp-content\/uploads\/2022\/04\/Mostra-virtual-2-800x445-1.jpeg","_links":{"self":[{"href":"https:\/\/markd.com.br\/models\/wp-json\/wp\/v2\/posts\/1294","targetHints":{"allow":["GET"]}}],"collection":[{"href":"https:\/\/markd.com.br\/models\/wp-json\/wp\/v2\/posts"}],"about":[{"href":"https:\/\/markd.com.br\/models\/wp-json\/wp\/v2\/types\/post"}],"author":[{"embeddable":true,"href":"https:\/\/markd.com.br\/models\/wp-json\/wp\/v2\/users\/5"}],"replies":[{"embeddable":true,"href":"https:\/\/markd.com.br\/models\/wp-json\/wp\/v2\/comments?post=1294"}],"version-history":[{"count":1,"href":"https:\/\/markd.com.br\/models\/wp-json\/wp\/v2\/posts\/1294\/revisions"}],"predecessor-version":[{"id":1297,"href":"https:\/\/markd.com.br\/models\/wp-json\/wp\/v2\/posts\/1294\/revisions\/1297"}],"wp:featuredmedia":[{"embeddable":true,"href":"https:\/\/markd.com.br\/models\/wp-json\/wp\/v2\/media\/1295"}],"wp:attachment":[{"href":"https:\/\/markd.com.br\/models\/wp-json\/wp\/v2\/media?parent=1294"}],"wp:term":[{"taxonomy":"category","embeddable":true,"href":"https:\/\/markd.com.br\/models\/wp-json\/wp\/v2\/categories?post=1294"},{"taxonomy":"post_tag","embeddable":true,"href":"https:\/\/markd.com.br\/models\/wp-json\/wp\/v2\/tags?post=1294"}],"curies":[{"name":"wp","href":"https:\/\/api.w.org\/{rel}","templated":true}]}}