{"id":1298,"date":"2022-04-07T15:29:50","date_gmt":"2022-04-07T18:29:50","guid":{"rendered":"https:\/\/portaldestaquenoticias.com.br\/?p=1298"},"modified":"2022-04-07T15:29:56","modified_gmt":"2022-04-07T18:29:56","slug":"dez-artistas-locais-abrem-festival-de-musica-e-arte-de-manaus","status":"publish","type":"post","link":"https:\/\/markd.com.br\/models\/dez-artistas-locais-abrem-festival-de-musica-e-arte-de-manaus\/","title":{"rendered":"Dez artistas locais abrem Festival de M\u00fasica e Arte de Manaus"},"content":{"rendered":"\n<p><\/p>\n\n\n\n<p>As apresenta\u00e7\u00f5es de dez cantores locais com composi\u00e7\u00f5es in\u00e9ditas marcaram, na noite dessa quarta-feira, 6\/4, o in\u00edcio do 1\u00b0 Festival de M\u00fasica e Arte de Manaus (Femuarte), no Parque Municipal do Idoso, no bairro Nossa Senhora das Gra\u00e7as, zona Centro-Sul, que conta com o apoio da&nbsp;Prefeitura de Manaus, por meio da Funda\u00e7\u00e3o Municipal de Cultura, Turismo e Eventos (Manauscult).<\/p>\n\n\n\n<p>O objetivo do festival, que \u00e9 aberto ao p\u00fablico e gratuito, \u00e9 descobrir e divulgar talentos culturais, escolher a melhor composi\u00e7\u00e3o in\u00e9dita, estimular a participa\u00e7\u00e3o de compositores, cantores e artistas de Manaus, al\u00e9m de fomentar a cultura da economia criativa.&nbsp;<\/p>\n\n\n\n<p>De acordo com o diretor-presidente da Manauscult, Alonso Oliveira, o apoio ao evento segue uma orienta\u00e7\u00e3o do&nbsp;prefeito David Almeida, para difus\u00e3o e retomada dos eventos culturais na cidade.&nbsp;\u201cPor determina\u00e7\u00e3o do prefeito David Almeida, a Manauscult n\u00e3o poupou esfor\u00e7os para a realiza\u00e7\u00e3o desse evento, como forma de fomentar a cultura e revelar novos talentos dentro da ind\u00fastria da m\u00fasica local. Manaus foi umas das primeiras cidades impactadas pela pandemia, e, hoje, &nbsp;pela uni\u00e3o da Manauscult e da Secretaria de Cultura do Estado, podemos celebrar, a partir desse grande evento, a retomada da cadeia criativa da cultura em Manaus\u201d, disse Oliveira.&nbsp;<\/p>\n\n\n\n<p>Os artistas Humberto Vieira, J\u00e2nio Queiroz, Edilene Farias, Cleber Faba, Salom\u00e3o Rosy, Ketlen Nascimento, L\u00e9o Monteiro, Rebeca Leit\u00e3o, Toty Navegante e Ludi Souza, cantaram na primeira noite do evento, que ir\u00e1 premiar, em dinheiro, os cinco primeiros colocados, al\u00e9m das categorias de melhor letra, arranjo e int\u00e9rprete, totalizando mais de R$ 43 mil em premia\u00e7\u00e3o.&nbsp;<\/p>\n\n\n\n<p>O festival tamb\u00e9m conta com o apoio da Funda\u00e7\u00e3o de Apoio ao Idoso Doutor Thomas (FDT), e do Governo do Amazonas, por meio da Secretaria de Estado de Cultura e Economia Criativa (SEC-AM). A segunda etapa do evento acontece nesta quinta-feira, 7\/4, tamb\u00e9m no Parque Municipal do Idoso, das 15h \u00e0s 22h. Durante a tarde, \u00e9 realizada uma feira de artesanato de produtos diversos e, das 19h \u00e0s 20h, acontecem as apresenta\u00e7\u00f5es musicais.&nbsp;<\/p>\n\n\n\n<p>O coordenador-geral do evento, Rog\u00e9rio Pimenta, explicou que o objetivo do festival \u00e9 revelar novos talentos e valorizar os artistas<\/p>\n\n\n\n<p>da terra.&nbsp;\u201cA ideia central do Femuarte \u00e9 revelar novos talentos e trazer de volta a emo\u00e7\u00e3o dos compositores em participarem de grandes festivais em Manaus, e com uma premia\u00e7\u00e3o atrativa. Vale destacar que s\u00f3 est\u00e1 sendo poss\u00edvel a realiza\u00e7\u00e3o desse evento, a partir do apoio da prefeitura e da Manauscult, que se&nbsp;&nbsp;sensibilizaram e acreditaram na ideia, e est\u00e3o somando esfor\u00e7os com a nossa equipe para a concretiza\u00e7\u00e3o desse evento, estou muito feliz\u201d, disse.&nbsp;<\/p>\n\n\n\n<p>Para o artista L\u00e9o Monteiro, que \u00e9 int\u00e9rprete e compositor, este \u00e9 o momento de retomada da cena local e o primeiro Femuarte chega para incentivar ainda mais.&nbsp;\u201cEstou muito feliz, confiante e com bastante expectativa. Na verdade, esses festivais s\u00e3o muito importantes para os artistas locais, para mim ent\u00e3o, que sou compositor e int\u00e9rprete, \u00e9 a maior felicidade, devido os anos dif\u00edceis que possamos, e hoje ver o Femuarte levantar a moral do artista amazonense, para mim \u00e9 muita alegria, de ser contemplado com a minha arte, n\u00e3o tem palavras, \u00e9 inexplic\u00e1vel, na verdade\u201d&nbsp;<\/p>\n\n\n\n<p>A grande final do Femuarte acontece na sexta-feira, 8\/4, no Teatro Amazonas, localizado no Largo S\u00e3o Sebasti\u00e3o, Centro. O acesso ao teatro ser\u00e1 por ordem de chegada, e s\u00f3 ser\u00e1 permitido a entrada mediante a apresenta\u00e7\u00e3o da carteira de vacina\u00e7\u00e3o contra a Covid-19.&nbsp;<\/p>\n\n\n\n<p>Ordem de apresenta\u00e7\u00e3o \u2013 quinta-feira, 7\/4<\/p>\n\n\n\n<p>01- Eu o amor e o mar&nbsp;<\/p>\n\n\n\n<p>Nicolas Jr<\/p>\n\n\n\n<p>02- Rio dos rios&nbsp;<\/p>\n\n\n\n<p>Michael Lima<\/p>\n\n\n\n<p>03- Ad\u00e1gio dos imortais&nbsp;<\/p>\n\n\n\n<p>Victor Fran\u00e7a e Sofia Amoedo<\/p>\n\n\n\n<p>04- Borboletar&nbsp;<\/p>\n\n\n\n<p>Ianeza Portela&nbsp;<\/p>\n\n\n\n<p>05- Bailarina&nbsp;<\/p>\n\n\n\n<p>Bruno Rodruiguez<\/p>\n\n\n\n<p>06- Zeppelin bare&nbsp;<\/p>\n\n\n\n<p>Gil Valente&nbsp;<\/p>\n\n\n\n<p>07- Volta logo pro meu dengo&nbsp;<\/p>\n\n\n\n<p>Carol Navegante&nbsp;<\/p>\n\n\n\n<p>08- O amor \u00e9 um encanto<\/p>\n\n\n\n<p>Luso Neto<\/p>\n\n\n\n<p>09- Pren\u00fancio&nbsp;<\/p>\n\n\n\n<p>Iran Mak<\/p>\n\n\n\n<p>\u2014 \u2014 \u2014<\/p>\n\n\n\n<p><strong>Texto<\/strong>&nbsp;\u2013 Keize Pedrosa\/ Manauscult<\/p>\n\n\n\n<p><strong>Fotos<\/strong>&nbsp;\u2013 Altemar Alc\u00e2ntara\/ Semcom&nbsp;<\/p>\n\n\n\n<p><\/p>\n","protected":false},"excerpt":{"rendered":"<p>As apresenta\u00e7\u00f5es de dez cantores locais com composi\u00e7\u00f5es in\u00e9ditas marcaram, na noite dessa quarta-feira, 6\/4,&#8230;<\/p>\n","protected":false},"author":5,"featured_media":1299,"comment_status":"open","ping_status":"open","sticky":false,"template":"","format":"standard","meta":{"footnotes":""},"categories":[35],"tags":[314,313,311,43],"class_list":["post-1298","post","type-post","status-publish","format-standard","has-post-thumbnail","hentry","category-prefeitura-de-manaus","tag-femuart","tag-festival","tag-manauscult","tag-prefeitura-de-manaus"],"yoast_head":"<!-- This site is optimized with the Yoast SEO plugin v24.4 - https:\/\/yoast.com\/wordpress\/plugins\/seo\/ -->\n<title>Dez artistas locais abrem Festival de M\u00fasica e Arte de Manaus - Not\u00edcias de Todos - Models01<\/title>\n<meta name=\"robots\" content=\"index, follow, max-snippet:-1, max-image-preview:large, max-video-preview:-1\" \/>\n<link rel=\"canonical\" href=\"https:\/\/markd.com.br\/models\/dez-artistas-locais-abrem-festival-de-musica-e-arte-de-manaus\/\" \/>\n<meta property=\"og:locale\" content=\"pt_BR\" \/>\n<meta property=\"og:type\" content=\"article\" \/>\n<meta property=\"og:title\" content=\"Dez artistas locais abrem Festival de M\u00fasica e Arte de Manaus - Not\u00edcias de Todos - Models01\" \/>\n<meta property=\"og:description\" content=\"As apresenta\u00e7\u00f5es de dez cantores locais com composi\u00e7\u00f5es in\u00e9ditas marcaram, na noite dessa quarta-feira, 6\/4,...\" \/>\n<meta property=\"og:url\" content=\"https:\/\/markd.com.br\/models\/dez-artistas-locais-abrem-festival-de-musica-e-arte-de-manaus\/\" \/>\n<meta property=\"og:site_name\" content=\"Not\u00edcias de Todos - Models01\" \/>\n<meta property=\"article:published_time\" content=\"2022-04-07T18:29:50+00:00\" \/>\n<meta property=\"article:modified_time\" content=\"2022-04-07T18:29:56+00:00\" \/>\n<meta property=\"og:image\" content=\"https:\/\/markd.com.br\/models\/wp-content\/uploads\/2022\/04\/51987455661_dd4252b3ae_c-799x445-1.jpg\" \/>\n\t<meta property=\"og:image:width\" content=\"799\" \/>\n\t<meta property=\"og:image:height\" content=\"445\" \/>\n\t<meta property=\"og:image:type\" content=\"image\/jpeg\" \/>\n<meta name=\"author\" content=\"Reda\u00e7\u00e3o Reda\u00e7\u00e3o\" \/>\n<meta name=\"twitter:card\" content=\"summary_large_image\" \/>\n<meta name=\"twitter:label1\" content=\"Escrito por\" \/>\n\t<meta name=\"twitter:data1\" content=\"Reda\u00e7\u00e3o Reda\u00e7\u00e3o\" \/>\n\t<meta name=\"twitter:label2\" content=\"Est. tempo de leitura\" \/>\n\t<meta name=\"twitter:data2\" content=\"4 minutos\" \/>\n<script type=\"application\/ld+json\" class=\"yoast-schema-graph\">{\"@context\":\"https:\/\/schema.org\",\"@graph\":[{\"@type\":\"WebPage\",\"@id\":\"https:\/\/markd.com.br\/models\/dez-artistas-locais-abrem-festival-de-musica-e-arte-de-manaus\/\",\"url\":\"https:\/\/markd.com.br\/models\/dez-artistas-locais-abrem-festival-de-musica-e-arte-de-manaus\/\",\"name\":\"Dez artistas locais abrem Festival de M\u00fasica e Arte de Manaus - Not\u00edcias de Todos - Models01\",\"isPartOf\":{\"@id\":\"https:\/\/markd.com.br\/models\/#website\"},\"primaryImageOfPage\":{\"@id\":\"https:\/\/markd.com.br\/models\/dez-artistas-locais-abrem-festival-de-musica-e-arte-de-manaus\/#primaryimage\"},\"image\":{\"@id\":\"https:\/\/markd.com.br\/models\/dez-artistas-locais-abrem-festival-de-musica-e-arte-de-manaus\/#primaryimage\"},\"thumbnailUrl\":\"https:\/\/markd.com.br\/models\/wp-content\/uploads\/2022\/04\/51987455661_dd4252b3ae_c-799x445-1.jpg\",\"datePublished\":\"2022-04-07T18:29:50+00:00\",\"dateModified\":\"2022-04-07T18:29:56+00:00\",\"author\":{\"@id\":\"https:\/\/markd.com.br\/models\/#\/schema\/person\/c12a77ab487a7262d8bec3c47301ad37\"},\"breadcrumb\":{\"@id\":\"https:\/\/markd.com.br\/models\/dez-artistas-locais-abrem-festival-de-musica-e-arte-de-manaus\/#breadcrumb\"},\"inLanguage\":\"pt-BR\",\"potentialAction\":[{\"@type\":\"ReadAction\",\"target\":[\"https:\/\/markd.com.br\/models\/dez-artistas-locais-abrem-festival-de-musica-e-arte-de-manaus\/\"]}]},{\"@type\":\"ImageObject\",\"inLanguage\":\"pt-BR\",\"@id\":\"https:\/\/markd.com.br\/models\/dez-artistas-locais-abrem-festival-de-musica-e-arte-de-manaus\/#primaryimage\",\"url\":\"https:\/\/markd.com.br\/models\/wp-content\/uploads\/2022\/04\/51987455661_dd4252b3ae_c-799x445-1.jpg\",\"contentUrl\":\"https:\/\/markd.com.br\/models\/wp-content\/uploads\/2022\/04\/51987455661_dd4252b3ae_c-799x445-1.jpg\",\"width\":799,\"height\":445},{\"@type\":\"BreadcrumbList\",\"@id\":\"https:\/\/markd.com.br\/models\/dez-artistas-locais-abrem-festival-de-musica-e-arte-de-manaus\/#breadcrumb\",\"itemListElement\":[{\"@type\":\"ListItem\",\"position\":1,\"name\":\"In\u00edcio\",\"item\":\"https:\/\/markd.com.br\/models\/\"},{\"@type\":\"ListItem\",\"position\":2,\"name\":\"Dez artistas locais abrem Festival de M\u00fasica e Arte de Manaus\"}]},{\"@type\":\"WebSite\",\"@id\":\"https:\/\/markd.com.br\/models\/#website\",\"url\":\"https:\/\/markd.com.br\/models\/\",\"name\":\"Not\u00edcias de Todos - Models01\",\"description\":\"Tenha um Portal de Not\u00edcias Moderno, Din\u00e2mico, R\u00e1pido e Profissional. Entregamos seu Site de  Not\u00edcias Pronto, Instalado, Hospedado, com Manual Passo a Passo e Suporte 24 horas.\",\"potentialAction\":[{\"@type\":\"SearchAction\",\"target\":{\"@type\":\"EntryPoint\",\"urlTemplate\":\"https:\/\/markd.com.br\/models\/?s={search_term_string}\"},\"query-input\":{\"@type\":\"PropertyValueSpecification\",\"valueRequired\":true,\"valueName\":\"search_term_string\"}}],\"inLanguage\":\"pt-BR\"},{\"@type\":\"Person\",\"@id\":\"https:\/\/markd.com.br\/models\/#\/schema\/person\/c12a77ab487a7262d8bec3c47301ad37\",\"name\":\"Reda\u00e7\u00e3o Reda\u00e7\u00e3o\",\"image\":{\"@type\":\"ImageObject\",\"inLanguage\":\"pt-BR\",\"@id\":\"https:\/\/markd.com.br\/models\/#\/schema\/person\/image\/\",\"url\":\"https:\/\/secure.gravatar.com\/avatar\/9448f3599ce269febf169e183039b4a6?s=96&d=mm&r=g\",\"contentUrl\":\"https:\/\/secure.gravatar.com\/avatar\/9448f3599ce269febf169e183039b4a6?s=96&d=mm&r=g\",\"caption\":\"Reda\u00e7\u00e3o Reda\u00e7\u00e3o\"},\"sameAs\":[\"https:\/\/markd.com.br\/\"],\"url\":\"https:\/\/markd.com.br\/models\/author\/redacao\/\"}]}<\/script>\n<!-- \/ Yoast SEO plugin. -->","yoast_head_json":{"title":"Dez artistas locais abrem Festival de M\u00fasica e Arte de Manaus - Not\u00edcias de Todos - Models01","robots":{"index":"index","follow":"follow","max-snippet":"max-snippet:-1","max-image-preview":"max-image-preview:large","max-video-preview":"max-video-preview:-1"},"canonical":"https:\/\/markd.com.br\/models\/dez-artistas-locais-abrem-festival-de-musica-e-arte-de-manaus\/","og_locale":"pt_BR","og_type":"article","og_title":"Dez artistas locais abrem Festival de M\u00fasica e Arte de Manaus - Not\u00edcias de Todos - Models01","og_description":"As apresenta\u00e7\u00f5es de dez cantores locais com composi\u00e7\u00f5es in\u00e9ditas marcaram, na noite dessa quarta-feira, 6\/4,...","og_url":"https:\/\/markd.com.br\/models\/dez-artistas-locais-abrem-festival-de-musica-e-arte-de-manaus\/","og_site_name":"Not\u00edcias de Todos - Models01","article_published_time":"2022-04-07T18:29:50+00:00","article_modified_time":"2022-04-07T18:29:56+00:00","og_image":[{"width":799,"height":445,"url":"https:\/\/markd.com.br\/models\/wp-content\/uploads\/2022\/04\/51987455661_dd4252b3ae_c-799x445-1.jpg","type":"image\/jpeg"}],"author":"Reda\u00e7\u00e3o Reda\u00e7\u00e3o","twitter_card":"summary_large_image","twitter_misc":{"Escrito por":"Reda\u00e7\u00e3o Reda\u00e7\u00e3o","Est. tempo de leitura":"4 minutos"},"schema":{"@context":"https:\/\/schema.org","@graph":[{"@type":"WebPage","@id":"https:\/\/markd.com.br\/models\/dez-artistas-locais-abrem-festival-de-musica-e-arte-de-manaus\/","url":"https:\/\/markd.com.br\/models\/dez-artistas-locais-abrem-festival-de-musica-e-arte-de-manaus\/","name":"Dez artistas locais abrem Festival de M\u00fasica e Arte de Manaus - Not\u00edcias de Todos - Models01","isPartOf":{"@id":"https:\/\/markd.com.br\/models\/#website"},"primaryImageOfPage":{"@id":"https:\/\/markd.com.br\/models\/dez-artistas-locais-abrem-festival-de-musica-e-arte-de-manaus\/#primaryimage"},"image":{"@id":"https:\/\/markd.com.br\/models\/dez-artistas-locais-abrem-festival-de-musica-e-arte-de-manaus\/#primaryimage"},"thumbnailUrl":"https:\/\/markd.com.br\/models\/wp-content\/uploads\/2022\/04\/51987455661_dd4252b3ae_c-799x445-1.jpg","datePublished":"2022-04-07T18:29:50+00:00","dateModified":"2022-04-07T18:29:56+00:00","author":{"@id":"https:\/\/markd.com.br\/models\/#\/schema\/person\/c12a77ab487a7262d8bec3c47301ad37"},"breadcrumb":{"@id":"https:\/\/markd.com.br\/models\/dez-artistas-locais-abrem-festival-de-musica-e-arte-de-manaus\/#breadcrumb"},"inLanguage":"pt-BR","potentialAction":[{"@type":"ReadAction","target":["https:\/\/markd.com.br\/models\/dez-artistas-locais-abrem-festival-de-musica-e-arte-de-manaus\/"]}]},{"@type":"ImageObject","inLanguage":"pt-BR","@id":"https:\/\/markd.com.br\/models\/dez-artistas-locais-abrem-festival-de-musica-e-arte-de-manaus\/#primaryimage","url":"https:\/\/markd.com.br\/models\/wp-content\/uploads\/2022\/04\/51987455661_dd4252b3ae_c-799x445-1.jpg","contentUrl":"https:\/\/markd.com.br\/models\/wp-content\/uploads\/2022\/04\/51987455661_dd4252b3ae_c-799x445-1.jpg","width":799,"height":445},{"@type":"BreadcrumbList","@id":"https:\/\/markd.com.br\/models\/dez-artistas-locais-abrem-festival-de-musica-e-arte-de-manaus\/#breadcrumb","itemListElement":[{"@type":"ListItem","position":1,"name":"In\u00edcio","item":"https:\/\/markd.com.br\/models\/"},{"@type":"ListItem","position":2,"name":"Dez artistas locais abrem Festival de M\u00fasica e Arte de Manaus"}]},{"@type":"WebSite","@id":"https:\/\/markd.com.br\/models\/#website","url":"https:\/\/markd.com.br\/models\/","name":"Not\u00edcias de Todos - Models01","description":"Tenha um Portal de Not\u00edcias Moderno, Din\u00e2mico, R\u00e1pido e Profissional. Entregamos seu Site de  Not\u00edcias Pronto, Instalado, Hospedado, com Manual Passo a Passo e Suporte 24 horas.","potentialAction":[{"@type":"SearchAction","target":{"@type":"EntryPoint","urlTemplate":"https:\/\/markd.com.br\/models\/?s={search_term_string}"},"query-input":{"@type":"PropertyValueSpecification","valueRequired":true,"valueName":"search_term_string"}}],"inLanguage":"pt-BR"},{"@type":"Person","@id":"https:\/\/markd.com.br\/models\/#\/schema\/person\/c12a77ab487a7262d8bec3c47301ad37","name":"Reda\u00e7\u00e3o Reda\u00e7\u00e3o","image":{"@type":"ImageObject","inLanguage":"pt-BR","@id":"https:\/\/markd.com.br\/models\/#\/schema\/person\/image\/","url":"https:\/\/secure.gravatar.com\/avatar\/9448f3599ce269febf169e183039b4a6?s=96&d=mm&r=g","contentUrl":"https:\/\/secure.gravatar.com\/avatar\/9448f3599ce269febf169e183039b4a6?s=96&d=mm&r=g","caption":"Reda\u00e7\u00e3o Reda\u00e7\u00e3o"},"sameAs":["https:\/\/markd.com.br\/"],"url":"https:\/\/markd.com.br\/models\/author\/redacao\/"}]}},"featured_image_urls":{"full":["https:\/\/markd.com.br\/models\/wp-content\/uploads\/2022\/04\/51987455661_dd4252b3ae_c-799x445-1.jpg",799,445,false],"thumbnail":["https:\/\/markd.com.br\/models\/wp-content\/uploads\/2022\/04\/51987455661_dd4252b3ae_c-799x445-1-150x150.jpg",150,150,true],"medium":["https:\/\/markd.com.br\/models\/wp-content\/uploads\/2022\/04\/51987455661_dd4252b3ae_c-799x445-1-300x167.jpg",300,167,true],"medium_large":["https:\/\/markd.com.br\/models\/wp-content\/uploads\/2022\/04\/51987455661_dd4252b3ae_c-799x445-1-768x428.jpg",640,357,true],"large":["https:\/\/markd.com.br\/models\/wp-content\/uploads\/2022\/04\/51987455661_dd4252b3ae_c-799x445-1.jpg",640,356,false],"1536x1536":["https:\/\/markd.com.br\/models\/wp-content\/uploads\/2022\/04\/51987455661_dd4252b3ae_c-799x445-1.jpg",799,445,false],"2048x2048":["https:\/\/markd.com.br\/models\/wp-content\/uploads\/2022\/04\/51987455661_dd4252b3ae_c-799x445-1.jpg",799,445,false],"newsphere-slider-full":["https:\/\/markd.com.br\/models\/wp-content\/uploads\/2022\/04\/51987455661_dd4252b3ae_c-799x445-1.jpg",799,445,false],"newsphere-featured":["https:\/\/markd.com.br\/models\/wp-content\/uploads\/2022\/04\/51987455661_dd4252b3ae_c-799x445-1.jpg",799,445,false],"newsphere-medium":["https:\/\/markd.com.br\/models\/wp-content\/uploads\/2022\/04\/51987455661_dd4252b3ae_c-799x445-1-720x380.jpg",720,380,true]},"author_info":{"display_name":"Reda\u00e7\u00e3o Reda\u00e7\u00e3o","author_link":"https:\/\/markd.com.br\/models\/author\/redacao\/"},"category_info":"<a href=\"https:\/\/markd.com.br\/models\/category\/prefeitura-de-manaus\/\" rel=\"category tag\">Prefeitura de Manaus<\/a>","tag_info":"Prefeitura de Manaus","comment_count":"0","jetpack_featured_media_url":"https:\/\/markd.com.br\/models\/wp-content\/uploads\/2022\/04\/51987455661_dd4252b3ae_c-799x445-1.jpg","_links":{"self":[{"href":"https:\/\/markd.com.br\/models\/wp-json\/wp\/v2\/posts\/1298","targetHints":{"allow":["GET"]}}],"collection":[{"href":"https:\/\/markd.com.br\/models\/wp-json\/wp\/v2\/posts"}],"about":[{"href":"https:\/\/markd.com.br\/models\/wp-json\/wp\/v2\/types\/post"}],"author":[{"embeddable":true,"href":"https:\/\/markd.com.br\/models\/wp-json\/wp\/v2\/users\/5"}],"replies":[{"embeddable":true,"href":"https:\/\/markd.com.br\/models\/wp-json\/wp\/v2\/comments?post=1298"}],"version-history":[{"count":1,"href":"https:\/\/markd.com.br\/models\/wp-json\/wp\/v2\/posts\/1298\/revisions"}],"predecessor-version":[{"id":1300,"href":"https:\/\/markd.com.br\/models\/wp-json\/wp\/v2\/posts\/1298\/revisions\/1300"}],"wp:featuredmedia":[{"embeddable":true,"href":"https:\/\/markd.com.br\/models\/wp-json\/wp\/v2\/media\/1299"}],"wp:attachment":[{"href":"https:\/\/markd.com.br\/models\/wp-json\/wp\/v2\/media?parent=1298"}],"wp:term":[{"taxonomy":"category","embeddable":true,"href":"https:\/\/markd.com.br\/models\/wp-json\/wp\/v2\/categories?post=1298"},{"taxonomy":"post_tag","embeddable":true,"href":"https:\/\/markd.com.br\/models\/wp-json\/wp\/v2\/tags?post=1298"}],"curies":[{"name":"wp","href":"https:\/\/api.w.org\/{rel}","templated":true}]}}