{"id":1315,"date":"2022-04-07T15:59:47","date_gmt":"2022-04-07T18:59:47","guid":{"rendered":"https:\/\/portaldestaquenoticias.com.br\/?p=1315"},"modified":"2022-04-07T15:59:52","modified_gmt":"2022-04-07T18:59:52","slug":"homem-morre-prensado-por-elevador-de-carga-em-supermercado","status":"publish","type":"post","link":"https:\/\/markd.com.br\/models\/homem-morre-prensado-por-elevador-de-carga-em-supermercado\/","title":{"rendered":"Homem morre prensado por elevador de carga em supermercado"},"content":{"rendered":"\n<figure class=\"wp-block-image size-full\"><img loading=\"lazy\" decoding=\"async\" width=\"640\" height=\"445\" src=\"https:\/\/portaldestaquenoticias.com.br\/wp-content\/uploads\/2022\/04\/74805b00-b5c0-11ec-bfe7-0f9ac1babdc6-640x445-2.jpg\" alt=\"\" class=\"wp-image-1317\" srcset=\"https:\/\/markd.com.br\/models\/wp-content\/uploads\/2022\/04\/74805b00-b5c0-11ec-bfe7-0f9ac1babdc6-640x445-2.jpg 640w, https:\/\/markd.com.br\/models\/wp-content\/uploads\/2022\/04\/74805b00-b5c0-11ec-bfe7-0f9ac1babdc6-640x445-2-300x209.jpg 300w\" sizes=\"auto, (max-width: 640px) 100vw, 640px\" \/><\/figure>\n\n\n\n<p>Um homem morreu prensado pelo elevador de cargas de um supermercado em Blumenau,&nbsp;<strong>Santa Catarina,<\/strong>&nbsp;na tarde da \u00faltima ter\u00e7a-feira (5). A v\u00edtima foi identificada como Josmar Lima, de 33 anos.<\/p>\n\n\n\n<p>De acordo com informa\u00e7\u00f5es do G1, a v\u00edtima trabalhava no local. Os bombeiros relataram que o rapaz manuseava uma carga de melancia, que iria do t\u00e9rreo para o primeiro andar, quando o acidente aconteceu.<\/p>\n\n\n\n<p>Josmar foi esmagado no dep\u00f3sito do supermercado. Os bombeiros foram chamados, mas o \u00f3bito foi diagnosticado antes que a brigada pudesse chegar ao local.<\/p>\n\n\n\n<p>A equipe m\u00e9dica do Arcanjo-03 prestou os primeiros socorros ao rapaz, com aux\u00edlio da empresa respons\u00e1vel pela seguran\u00e7a do elevador, mas ele n\u00e3o resistiu.<\/p>\n\n\n\n<p>A Pol\u00edcia Cient\u00edfica, agora, investiga as causas e as circunst\u00e2ncias do acidente.<\/p>\n\n\n\n<h2 class=\"wp-block-heading\">Supermercado se manifesta<\/h2>\n\n\n\n<p>Em nota, o supermercado onde Josmar trabalhava afirmou que lamenta o ocorrido e est\u00e1 \u201cprestando todo apoio e solidariedade \u00e0 fam\u00edlia neste momento\u201d.<\/p>\n\n\n\n<p>O estabelecimento informou, ainda, que abriu uma sindic\u00e2ncia para apurar o caso e colocou-se \u00e0 disposi\u00e7\u00e3o \u201cdas autoridades competentes para esclarecer os fatos\u201d.<\/p>\n\n\n\n<p>Fonte Yahoo Noticias<\/p>\n","protected":false},"excerpt":{"rendered":"<p>Um homem morreu prensado pelo elevador de cargas de um supermercado em Blumenau,&nbsp;Santa Catarina,&nbsp;na tarde&#8230;<\/p>\n","protected":false},"author":5,"featured_media":0,"comment_status":"open","ping_status":"open","sticky":false,"template":"","format":"standard","meta":{"footnotes":""},"categories":[1],"tags":[318,72,317],"class_list":["post-1315","post","type-post","status-publish","format-standard","hentry","category-sem-categoria","tag-carga","tag-morte","tag-supermecado"],"yoast_head":"<!-- This site is optimized with the Yoast SEO plugin v24.4 - https:\/\/yoast.com\/wordpress\/plugins\/seo\/ -->\n<title>Homem morre prensado por elevador de carga em supermercado - Not\u00edcias de Todos - Models01<\/title>\n<meta name=\"robots\" content=\"index, follow, max-snippet:-1, max-image-preview:large, max-video-preview:-1\" \/>\n<link rel=\"canonical\" href=\"https:\/\/markd.com.br\/models\/homem-morre-prensado-por-elevador-de-carga-em-supermercado\/\" \/>\n<meta property=\"og:locale\" content=\"pt_BR\" \/>\n<meta property=\"og:type\" content=\"article\" \/>\n<meta property=\"og:title\" content=\"Homem morre prensado por elevador de carga em supermercado - Not\u00edcias de Todos - Models01\" \/>\n<meta property=\"og:description\" content=\"Um homem morreu prensado pelo elevador de cargas de um supermercado em Blumenau,&nbsp;Santa Catarina,&nbsp;na tarde...\" \/>\n<meta property=\"og:url\" content=\"https:\/\/markd.com.br\/models\/homem-morre-prensado-por-elevador-de-carga-em-supermercado\/\" \/>\n<meta property=\"og:site_name\" content=\"Not\u00edcias de Todos - Models01\" \/>\n<meta property=\"article:published_time\" content=\"2022-04-07T18:59:47+00:00\" \/>\n<meta property=\"article:modified_time\" content=\"2022-04-07T18:59:52+00:00\" \/>\n<meta property=\"og:image\" content=\"https:\/\/portaldestaquenoticias.com.br\/wp-content\/uploads\/2022\/04\/74805b00-b5c0-11ec-bfe7-0f9ac1babdc6-640x445-2.jpg\" \/>\n<meta name=\"author\" content=\"Reda\u00e7\u00e3o Reda\u00e7\u00e3o\" \/>\n<meta name=\"twitter:card\" content=\"summary_large_image\" \/>\n<meta name=\"twitter:label1\" content=\"Escrito por\" \/>\n\t<meta name=\"twitter:data1\" content=\"Reda\u00e7\u00e3o Reda\u00e7\u00e3o\" \/>\n\t<meta name=\"twitter:label2\" content=\"Est. tempo de leitura\" \/>\n\t<meta name=\"twitter:data2\" content=\"2 minutos\" \/>\n<script type=\"application\/ld+json\" class=\"yoast-schema-graph\">{\"@context\":\"https:\/\/schema.org\",\"@graph\":[{\"@type\":\"WebPage\",\"@id\":\"https:\/\/markd.com.br\/models\/homem-morre-prensado-por-elevador-de-carga-em-supermercado\/\",\"url\":\"https:\/\/markd.com.br\/models\/homem-morre-prensado-por-elevador-de-carga-em-supermercado\/\",\"name\":\"Homem morre prensado por elevador de carga em supermercado - Not\u00edcias de Todos - Models01\",\"isPartOf\":{\"@id\":\"https:\/\/markd.com.br\/models\/#website\"},\"primaryImageOfPage\":{\"@id\":\"https:\/\/markd.com.br\/models\/homem-morre-prensado-por-elevador-de-carga-em-supermercado\/#primaryimage\"},\"image\":{\"@id\":\"https:\/\/markd.com.br\/models\/homem-morre-prensado-por-elevador-de-carga-em-supermercado\/#primaryimage\"},\"thumbnailUrl\":\"https:\/\/portaldestaquenoticias.com.br\/wp-content\/uploads\/2022\/04\/74805b00-b5c0-11ec-bfe7-0f9ac1babdc6-640x445-2.jpg\",\"datePublished\":\"2022-04-07T18:59:47+00:00\",\"dateModified\":\"2022-04-07T18:59:52+00:00\",\"author\":{\"@id\":\"https:\/\/markd.com.br\/models\/#\/schema\/person\/c12a77ab487a7262d8bec3c47301ad37\"},\"breadcrumb\":{\"@id\":\"https:\/\/markd.com.br\/models\/homem-morre-prensado-por-elevador-de-carga-em-supermercado\/#breadcrumb\"},\"inLanguage\":\"pt-BR\",\"potentialAction\":[{\"@type\":\"ReadAction\",\"target\":[\"https:\/\/markd.com.br\/models\/homem-morre-prensado-por-elevador-de-carga-em-supermercado\/\"]}]},{\"@type\":\"ImageObject\",\"inLanguage\":\"pt-BR\",\"@id\":\"https:\/\/markd.com.br\/models\/homem-morre-prensado-por-elevador-de-carga-em-supermercado\/#primaryimage\",\"url\":\"https:\/\/portaldestaquenoticias.com.br\/wp-content\/uploads\/2022\/04\/74805b00-b5c0-11ec-bfe7-0f9ac1babdc6-640x445-2.jpg\",\"contentUrl\":\"https:\/\/portaldestaquenoticias.com.br\/wp-content\/uploads\/2022\/04\/74805b00-b5c0-11ec-bfe7-0f9ac1babdc6-640x445-2.jpg\"},{\"@type\":\"BreadcrumbList\",\"@id\":\"https:\/\/markd.com.br\/models\/homem-morre-prensado-por-elevador-de-carga-em-supermercado\/#breadcrumb\",\"itemListElement\":[{\"@type\":\"ListItem\",\"position\":1,\"name\":\"In\u00edcio\",\"item\":\"https:\/\/markd.com.br\/models\/\"},{\"@type\":\"ListItem\",\"position\":2,\"name\":\"Homem morre prensado por elevador de carga em supermercado\"}]},{\"@type\":\"WebSite\",\"@id\":\"https:\/\/markd.com.br\/models\/#website\",\"url\":\"https:\/\/markd.com.br\/models\/\",\"name\":\"Not\u00edcias de Todos - Models01\",\"description\":\"Tenha um Portal de Not\u00edcias Moderno, Din\u00e2mico, R\u00e1pido e Profissional. Entregamos seu Site de  Not\u00edcias Pronto, Instalado, Hospedado, com Manual Passo a Passo e Suporte 24 horas.\",\"potentialAction\":[{\"@type\":\"SearchAction\",\"target\":{\"@type\":\"EntryPoint\",\"urlTemplate\":\"https:\/\/markd.com.br\/models\/?s={search_term_string}\"},\"query-input\":{\"@type\":\"PropertyValueSpecification\",\"valueRequired\":true,\"valueName\":\"search_term_string\"}}],\"inLanguage\":\"pt-BR\"},{\"@type\":\"Person\",\"@id\":\"https:\/\/markd.com.br\/models\/#\/schema\/person\/c12a77ab487a7262d8bec3c47301ad37\",\"name\":\"Reda\u00e7\u00e3o Reda\u00e7\u00e3o\",\"image\":{\"@type\":\"ImageObject\",\"inLanguage\":\"pt-BR\",\"@id\":\"https:\/\/markd.com.br\/models\/#\/schema\/person\/image\/\",\"url\":\"https:\/\/secure.gravatar.com\/avatar\/9448f3599ce269febf169e183039b4a6?s=96&d=mm&r=g\",\"contentUrl\":\"https:\/\/secure.gravatar.com\/avatar\/9448f3599ce269febf169e183039b4a6?s=96&d=mm&r=g\",\"caption\":\"Reda\u00e7\u00e3o Reda\u00e7\u00e3o\"},\"sameAs\":[\"https:\/\/markd.com.br\/\"],\"url\":\"https:\/\/markd.com.br\/models\/author\/redacao\/\"}]}<\/script>\n<!-- \/ Yoast SEO plugin. -->","yoast_head_json":{"title":"Homem morre prensado por elevador de carga em supermercado - Not\u00edcias de Todos - Models01","robots":{"index":"index","follow":"follow","max-snippet":"max-snippet:-1","max-image-preview":"max-image-preview:large","max-video-preview":"max-video-preview:-1"},"canonical":"https:\/\/markd.com.br\/models\/homem-morre-prensado-por-elevador-de-carga-em-supermercado\/","og_locale":"pt_BR","og_type":"article","og_title":"Homem morre prensado por elevador de carga em supermercado - Not\u00edcias de Todos - Models01","og_description":"Um homem morreu prensado pelo elevador de cargas de um supermercado em Blumenau,&nbsp;Santa Catarina,&nbsp;na tarde...","og_url":"https:\/\/markd.com.br\/models\/homem-morre-prensado-por-elevador-de-carga-em-supermercado\/","og_site_name":"Not\u00edcias de Todos - Models01","article_published_time":"2022-04-07T18:59:47+00:00","article_modified_time":"2022-04-07T18:59:52+00:00","og_image":[{"url":"https:\/\/portaldestaquenoticias.com.br\/wp-content\/uploads\/2022\/04\/74805b00-b5c0-11ec-bfe7-0f9ac1babdc6-640x445-2.jpg","type":"","width":"","height":""}],"author":"Reda\u00e7\u00e3o Reda\u00e7\u00e3o","twitter_card":"summary_large_image","twitter_misc":{"Escrito por":"Reda\u00e7\u00e3o Reda\u00e7\u00e3o","Est. tempo de leitura":"2 minutos"},"schema":{"@context":"https:\/\/schema.org","@graph":[{"@type":"WebPage","@id":"https:\/\/markd.com.br\/models\/homem-morre-prensado-por-elevador-de-carga-em-supermercado\/","url":"https:\/\/markd.com.br\/models\/homem-morre-prensado-por-elevador-de-carga-em-supermercado\/","name":"Homem morre prensado por elevador de carga em supermercado - Not\u00edcias de Todos - Models01","isPartOf":{"@id":"https:\/\/markd.com.br\/models\/#website"},"primaryImageOfPage":{"@id":"https:\/\/markd.com.br\/models\/homem-morre-prensado-por-elevador-de-carga-em-supermercado\/#primaryimage"},"image":{"@id":"https:\/\/markd.com.br\/models\/homem-morre-prensado-por-elevador-de-carga-em-supermercado\/#primaryimage"},"thumbnailUrl":"https:\/\/portaldestaquenoticias.com.br\/wp-content\/uploads\/2022\/04\/74805b00-b5c0-11ec-bfe7-0f9ac1babdc6-640x445-2.jpg","datePublished":"2022-04-07T18:59:47+00:00","dateModified":"2022-04-07T18:59:52+00:00","author":{"@id":"https:\/\/markd.com.br\/models\/#\/schema\/person\/c12a77ab487a7262d8bec3c47301ad37"},"breadcrumb":{"@id":"https:\/\/markd.com.br\/models\/homem-morre-prensado-por-elevador-de-carga-em-supermercado\/#breadcrumb"},"inLanguage":"pt-BR","potentialAction":[{"@type":"ReadAction","target":["https:\/\/markd.com.br\/models\/homem-morre-prensado-por-elevador-de-carga-em-supermercado\/"]}]},{"@type":"ImageObject","inLanguage":"pt-BR","@id":"https:\/\/markd.com.br\/models\/homem-morre-prensado-por-elevador-de-carga-em-supermercado\/#primaryimage","url":"https:\/\/portaldestaquenoticias.com.br\/wp-content\/uploads\/2022\/04\/74805b00-b5c0-11ec-bfe7-0f9ac1babdc6-640x445-2.jpg","contentUrl":"https:\/\/portaldestaquenoticias.com.br\/wp-content\/uploads\/2022\/04\/74805b00-b5c0-11ec-bfe7-0f9ac1babdc6-640x445-2.jpg"},{"@type":"BreadcrumbList","@id":"https:\/\/markd.com.br\/models\/homem-morre-prensado-por-elevador-de-carga-em-supermercado\/#breadcrumb","itemListElement":[{"@type":"ListItem","position":1,"name":"In\u00edcio","item":"https:\/\/markd.com.br\/models\/"},{"@type":"ListItem","position":2,"name":"Homem morre prensado por elevador de carga em supermercado"}]},{"@type":"WebSite","@id":"https:\/\/markd.com.br\/models\/#website","url":"https:\/\/markd.com.br\/models\/","name":"Not\u00edcias de Todos - Models01","description":"Tenha um Portal de Not\u00edcias Moderno, Din\u00e2mico, R\u00e1pido e Profissional. Entregamos seu Site de  Not\u00edcias Pronto, Instalado, Hospedado, com Manual Passo a Passo e Suporte 24 horas.","potentialAction":[{"@type":"SearchAction","target":{"@type":"EntryPoint","urlTemplate":"https:\/\/markd.com.br\/models\/?s={search_term_string}"},"query-input":{"@type":"PropertyValueSpecification","valueRequired":true,"valueName":"search_term_string"}}],"inLanguage":"pt-BR"},{"@type":"Person","@id":"https:\/\/markd.com.br\/models\/#\/schema\/person\/c12a77ab487a7262d8bec3c47301ad37","name":"Reda\u00e7\u00e3o Reda\u00e7\u00e3o","image":{"@type":"ImageObject","inLanguage":"pt-BR","@id":"https:\/\/markd.com.br\/models\/#\/schema\/person\/image\/","url":"https:\/\/secure.gravatar.com\/avatar\/9448f3599ce269febf169e183039b4a6?s=96&d=mm&r=g","contentUrl":"https:\/\/secure.gravatar.com\/avatar\/9448f3599ce269febf169e183039b4a6?s=96&d=mm&r=g","caption":"Reda\u00e7\u00e3o Reda\u00e7\u00e3o"},"sameAs":["https:\/\/markd.com.br\/"],"url":"https:\/\/markd.com.br\/models\/author\/redacao\/"}]}},"featured_image_urls":{"full":"","thumbnail":"","medium":"","medium_large":"","large":"","1536x1536":"","2048x2048":"","newsphere-slider-full":"","newsphere-featured":"","newsphere-medium":""},"author_info":{"display_name":"Reda\u00e7\u00e3o Reda\u00e7\u00e3o","author_link":"https:\/\/markd.com.br\/models\/author\/redacao\/"},"category_info":"<a href=\"https:\/\/markd.com.br\/models\/category\/sem-categoria\/\" rel=\"category tag\">Sem categoria<\/a>","tag_info":"Sem categoria","comment_count":"0","jetpack_featured_media_url":"","_links":{"self":[{"href":"https:\/\/markd.com.br\/models\/wp-json\/wp\/v2\/posts\/1315","targetHints":{"allow":["GET"]}}],"collection":[{"href":"https:\/\/markd.com.br\/models\/wp-json\/wp\/v2\/posts"}],"about":[{"href":"https:\/\/markd.com.br\/models\/wp-json\/wp\/v2\/types\/post"}],"author":[{"embeddable":true,"href":"https:\/\/markd.com.br\/models\/wp-json\/wp\/v2\/users\/5"}],"replies":[{"embeddable":true,"href":"https:\/\/markd.com.br\/models\/wp-json\/wp\/v2\/comments?post=1315"}],"version-history":[{"count":1,"href":"https:\/\/markd.com.br\/models\/wp-json\/wp\/v2\/posts\/1315\/revisions"}],"predecessor-version":[{"id":1319,"href":"https:\/\/markd.com.br\/models\/wp-json\/wp\/v2\/posts\/1315\/revisions\/1319"}],"wp:attachment":[{"href":"https:\/\/markd.com.br\/models\/wp-json\/wp\/v2\/media?parent=1315"}],"wp:term":[{"taxonomy":"category","embeddable":true,"href":"https:\/\/markd.com.br\/models\/wp-json\/wp\/v2\/categories?post=1315"},{"taxonomy":"post_tag","embeddable":true,"href":"https:\/\/markd.com.br\/models\/wp-json\/wp\/v2\/tags?post=1315"}],"curies":[{"name":"wp","href":"https:\/\/api.w.org\/{rel}","templated":true}]}}