{"id":1321,"date":"2022-04-07T16:04:27","date_gmt":"2022-04-07T19:04:27","guid":{"rendered":"https:\/\/portaldestaquenoticias.com.br\/?p=1321"},"modified":"2022-04-07T16:04:34","modified_gmt":"2022-04-07T19:04:34","slug":"principio-de-incendio-atinge-ubs-no-sao-jorge","status":"publish","type":"post","link":"https:\/\/markd.com.br\/models\/principio-de-incendio-atinge-ubs-no-sao-jorge\/","title":{"rendered":"Princ\u00edpio de inc\u00eandio atinge UBS no S\u00e3o Jorge"},"content":{"rendered":"\n<p><\/p>\n\n\n\n<p><strong>Manaus (AM)<\/strong>&nbsp;\u2013 Um princ\u00edpio de inc\u00eandio atingiu, na manh\u00e3 desta quinta-feira (7), a Unidade B\u00e1sica de Sa\u00fade (UBS) Maria Ida Mentoni, localizada na rua Ajuricaba, no bairro S\u00e3o Jorge, na Zona Oeste de Manaus. N\u00e3o houveram feridos.&nbsp;<\/p>\n\n\n\n<p>De acordo com o tenente Alu\u00edsio Cruz, houve uma sobrecarga no sistema el\u00e9trico e as chamas iniciaram na caixa de alarme do local.&nbsp;<\/p>\n\n\n\n<p>\u201cGra\u00e7as a Deus e a ajuda da popula\u00e7\u00e3o n\u00f3s chegamos a tempo e conseguimos combater as chamas sem que fossem ocasionados danos maiores\u201d, relatou.<\/p>\n\n\n\n<p>O tenente destacou, ainda, que as salas de atendimento, exames e laborat\u00f3rios permaneceram intactas. Uma equipe da concession\u00e1ria de energia foi acionada para atua\u00e7\u00e3o na rede de energia.&nbsp;<\/p>\n\n\n\n<p>Os funcion\u00e1rios da UBS evacuaram o pr\u00e9dio durante a ocorr\u00eancia. O atendimento no local foi suspenso.<\/p>\n\n\n\n<p>FONTE: EM TEMPO<\/p>\n","protected":false},"excerpt":{"rendered":"<p>Manaus (AM)&nbsp;\u2013 Um princ\u00edpio de inc\u00eandio atingiu, na manh\u00e3 desta quinta-feira (7), a Unidade B\u00e1sica&#8230;<\/p>\n","protected":false},"author":5,"featured_media":1322,"comment_status":"open","ping_status":"open","sticky":false,"template":"","format":"standard","meta":{"footnotes":""},"categories":[49],"tags":[319,167,320],"class_list":["post-1321","post","type-post","status-publish","format-standard","has-post-thumbnail","hentry","category-destaques","tag-incendio","tag-manaus","tag-ubs"],"yoast_head":"<!-- This site is optimized with the Yoast SEO plugin v24.4 - https:\/\/yoast.com\/wordpress\/plugins\/seo\/ -->\n<title>Princ\u00edpio de inc\u00eandio atinge UBS no S\u00e3o Jorge - Not\u00edcias de Todos - Models01<\/title>\n<meta name=\"robots\" content=\"index, follow, max-snippet:-1, max-image-preview:large, max-video-preview:-1\" \/>\n<link rel=\"canonical\" href=\"https:\/\/markd.com.br\/models\/principio-de-incendio-atinge-ubs-no-sao-jorge\/\" \/>\n<meta property=\"og:locale\" content=\"pt_BR\" \/>\n<meta property=\"og:type\" content=\"article\" \/>\n<meta property=\"og:title\" content=\"Princ\u00edpio de inc\u00eandio atinge UBS no S\u00e3o Jorge - Not\u00edcias de Todos - Models01\" \/>\n<meta property=\"og:description\" content=\"Manaus (AM)&nbsp;\u2013 Um princ\u00edpio de inc\u00eandio atingiu, na manh\u00e3 desta quinta-feira (7), a Unidade B\u00e1sica...\" \/>\n<meta property=\"og:url\" content=\"https:\/\/markd.com.br\/models\/principio-de-incendio-atinge-ubs-no-sao-jorge\/\" \/>\n<meta property=\"og:site_name\" content=\"Not\u00edcias de Todos - Models01\" \/>\n<meta property=\"article:published_time\" content=\"2022-04-07T19:04:27+00:00\" \/>\n<meta property=\"article:modified_time\" content=\"2022-04-07T19:04:34+00:00\" \/>\n<meta property=\"og:image\" content=\"https:\/\/markd.com.br\/models\/wp-content\/uploads\/2022\/04\/DC443704-F7AD-429E-A149-457DBD285545-800x445-1.jpeg\" \/>\n\t<meta property=\"og:image:width\" content=\"800\" \/>\n\t<meta property=\"og:image:height\" content=\"445\" \/>\n\t<meta property=\"og:image:type\" content=\"image\/jpeg\" \/>\n<meta name=\"author\" content=\"Reda\u00e7\u00e3o Reda\u00e7\u00e3o\" \/>\n<meta name=\"twitter:card\" content=\"summary_large_image\" \/>\n<meta name=\"twitter:label1\" content=\"Escrito por\" \/>\n\t<meta name=\"twitter:data1\" content=\"Reda\u00e7\u00e3o Reda\u00e7\u00e3o\" \/>\n\t<meta name=\"twitter:label2\" content=\"Est. tempo de leitura\" \/>\n\t<meta name=\"twitter:data2\" content=\"1 minuto\" \/>\n<script type=\"application\/ld+json\" class=\"yoast-schema-graph\">{\"@context\":\"https:\/\/schema.org\",\"@graph\":[{\"@type\":\"WebPage\",\"@id\":\"https:\/\/markd.com.br\/models\/principio-de-incendio-atinge-ubs-no-sao-jorge\/\",\"url\":\"https:\/\/markd.com.br\/models\/principio-de-incendio-atinge-ubs-no-sao-jorge\/\",\"name\":\"Princ\u00edpio de inc\u00eandio atinge UBS no S\u00e3o Jorge - Not\u00edcias de Todos - Models01\",\"isPartOf\":{\"@id\":\"https:\/\/markd.com.br\/models\/#website\"},\"primaryImageOfPage\":{\"@id\":\"https:\/\/markd.com.br\/models\/principio-de-incendio-atinge-ubs-no-sao-jorge\/#primaryimage\"},\"image\":{\"@id\":\"https:\/\/markd.com.br\/models\/principio-de-incendio-atinge-ubs-no-sao-jorge\/#primaryimage\"},\"thumbnailUrl\":\"https:\/\/markd.com.br\/models\/wp-content\/uploads\/2022\/04\/DC443704-F7AD-429E-A149-457DBD285545-800x445-1.jpeg\",\"datePublished\":\"2022-04-07T19:04:27+00:00\",\"dateModified\":\"2022-04-07T19:04:34+00:00\",\"author\":{\"@id\":\"https:\/\/markd.com.br\/models\/#\/schema\/person\/c12a77ab487a7262d8bec3c47301ad37\"},\"breadcrumb\":{\"@id\":\"https:\/\/markd.com.br\/models\/principio-de-incendio-atinge-ubs-no-sao-jorge\/#breadcrumb\"},\"inLanguage\":\"pt-BR\",\"potentialAction\":[{\"@type\":\"ReadAction\",\"target\":[\"https:\/\/markd.com.br\/models\/principio-de-incendio-atinge-ubs-no-sao-jorge\/\"]}]},{\"@type\":\"ImageObject\",\"inLanguage\":\"pt-BR\",\"@id\":\"https:\/\/markd.com.br\/models\/principio-de-incendio-atinge-ubs-no-sao-jorge\/#primaryimage\",\"url\":\"https:\/\/markd.com.br\/models\/wp-content\/uploads\/2022\/04\/DC443704-F7AD-429E-A149-457DBD285545-800x445-1.jpeg\",\"contentUrl\":\"https:\/\/markd.com.br\/models\/wp-content\/uploads\/2022\/04\/DC443704-F7AD-429E-A149-457DBD285545-800x445-1.jpeg\",\"width\":800,\"height\":445},{\"@type\":\"BreadcrumbList\",\"@id\":\"https:\/\/markd.com.br\/models\/principio-de-incendio-atinge-ubs-no-sao-jorge\/#breadcrumb\",\"itemListElement\":[{\"@type\":\"ListItem\",\"position\":1,\"name\":\"In\u00edcio\",\"item\":\"https:\/\/markd.com.br\/models\/\"},{\"@type\":\"ListItem\",\"position\":2,\"name\":\"Princ\u00edpio de inc\u00eandio atinge UBS no S\u00e3o Jorge\"}]},{\"@type\":\"WebSite\",\"@id\":\"https:\/\/markd.com.br\/models\/#website\",\"url\":\"https:\/\/markd.com.br\/models\/\",\"name\":\"Not\u00edcias de Todos - Models01\",\"description\":\"Tenha um Portal de Not\u00edcias Moderno, Din\u00e2mico, R\u00e1pido e Profissional. Entregamos seu Site de  Not\u00edcias Pronto, Instalado, Hospedado, com Manual Passo a Passo e Suporte 24 horas.\",\"potentialAction\":[{\"@type\":\"SearchAction\",\"target\":{\"@type\":\"EntryPoint\",\"urlTemplate\":\"https:\/\/markd.com.br\/models\/?s={search_term_string}\"},\"query-input\":{\"@type\":\"PropertyValueSpecification\",\"valueRequired\":true,\"valueName\":\"search_term_string\"}}],\"inLanguage\":\"pt-BR\"},{\"@type\":\"Person\",\"@id\":\"https:\/\/markd.com.br\/models\/#\/schema\/person\/c12a77ab487a7262d8bec3c47301ad37\",\"name\":\"Reda\u00e7\u00e3o Reda\u00e7\u00e3o\",\"image\":{\"@type\":\"ImageObject\",\"inLanguage\":\"pt-BR\",\"@id\":\"https:\/\/markd.com.br\/models\/#\/schema\/person\/image\/\",\"url\":\"https:\/\/secure.gravatar.com\/avatar\/9448f3599ce269febf169e183039b4a6?s=96&d=mm&r=g\",\"contentUrl\":\"https:\/\/secure.gravatar.com\/avatar\/9448f3599ce269febf169e183039b4a6?s=96&d=mm&r=g\",\"caption\":\"Reda\u00e7\u00e3o Reda\u00e7\u00e3o\"},\"sameAs\":[\"https:\/\/markd.com.br\/\"],\"url\":\"https:\/\/markd.com.br\/models\/author\/redacao\/\"}]}<\/script>\n<!-- \/ Yoast SEO plugin. -->","yoast_head_json":{"title":"Princ\u00edpio de inc\u00eandio atinge UBS no S\u00e3o Jorge - Not\u00edcias de Todos - Models01","robots":{"index":"index","follow":"follow","max-snippet":"max-snippet:-1","max-image-preview":"max-image-preview:large","max-video-preview":"max-video-preview:-1"},"canonical":"https:\/\/markd.com.br\/models\/principio-de-incendio-atinge-ubs-no-sao-jorge\/","og_locale":"pt_BR","og_type":"article","og_title":"Princ\u00edpio de inc\u00eandio atinge UBS no S\u00e3o Jorge - Not\u00edcias de Todos - Models01","og_description":"Manaus (AM)&nbsp;\u2013 Um princ\u00edpio de inc\u00eandio atingiu, na manh\u00e3 desta quinta-feira (7), a Unidade B\u00e1sica...","og_url":"https:\/\/markd.com.br\/models\/principio-de-incendio-atinge-ubs-no-sao-jorge\/","og_site_name":"Not\u00edcias de Todos - Models01","article_published_time":"2022-04-07T19:04:27+00:00","article_modified_time":"2022-04-07T19:04:34+00:00","og_image":[{"width":800,"height":445,"url":"https:\/\/markd.com.br\/models\/wp-content\/uploads\/2022\/04\/DC443704-F7AD-429E-A149-457DBD285545-800x445-1.jpeg","type":"image\/jpeg"}],"author":"Reda\u00e7\u00e3o Reda\u00e7\u00e3o","twitter_card":"summary_large_image","twitter_misc":{"Escrito por":"Reda\u00e7\u00e3o Reda\u00e7\u00e3o","Est. tempo de leitura":"1 minuto"},"schema":{"@context":"https:\/\/schema.org","@graph":[{"@type":"WebPage","@id":"https:\/\/markd.com.br\/models\/principio-de-incendio-atinge-ubs-no-sao-jorge\/","url":"https:\/\/markd.com.br\/models\/principio-de-incendio-atinge-ubs-no-sao-jorge\/","name":"Princ\u00edpio de inc\u00eandio atinge UBS no S\u00e3o Jorge - Not\u00edcias de Todos - Models01","isPartOf":{"@id":"https:\/\/markd.com.br\/models\/#website"},"primaryImageOfPage":{"@id":"https:\/\/markd.com.br\/models\/principio-de-incendio-atinge-ubs-no-sao-jorge\/#primaryimage"},"image":{"@id":"https:\/\/markd.com.br\/models\/principio-de-incendio-atinge-ubs-no-sao-jorge\/#primaryimage"},"thumbnailUrl":"https:\/\/markd.com.br\/models\/wp-content\/uploads\/2022\/04\/DC443704-F7AD-429E-A149-457DBD285545-800x445-1.jpeg","datePublished":"2022-04-07T19:04:27+00:00","dateModified":"2022-04-07T19:04:34+00:00","author":{"@id":"https:\/\/markd.com.br\/models\/#\/schema\/person\/c12a77ab487a7262d8bec3c47301ad37"},"breadcrumb":{"@id":"https:\/\/markd.com.br\/models\/principio-de-incendio-atinge-ubs-no-sao-jorge\/#breadcrumb"},"inLanguage":"pt-BR","potentialAction":[{"@type":"ReadAction","target":["https:\/\/markd.com.br\/models\/principio-de-incendio-atinge-ubs-no-sao-jorge\/"]}]},{"@type":"ImageObject","inLanguage":"pt-BR","@id":"https:\/\/markd.com.br\/models\/principio-de-incendio-atinge-ubs-no-sao-jorge\/#primaryimage","url":"https:\/\/markd.com.br\/models\/wp-content\/uploads\/2022\/04\/DC443704-F7AD-429E-A149-457DBD285545-800x445-1.jpeg","contentUrl":"https:\/\/markd.com.br\/models\/wp-content\/uploads\/2022\/04\/DC443704-F7AD-429E-A149-457DBD285545-800x445-1.jpeg","width":800,"height":445},{"@type":"BreadcrumbList","@id":"https:\/\/markd.com.br\/models\/principio-de-incendio-atinge-ubs-no-sao-jorge\/#breadcrumb","itemListElement":[{"@type":"ListItem","position":1,"name":"In\u00edcio","item":"https:\/\/markd.com.br\/models\/"},{"@type":"ListItem","position":2,"name":"Princ\u00edpio de inc\u00eandio atinge UBS no S\u00e3o Jorge"}]},{"@type":"WebSite","@id":"https:\/\/markd.com.br\/models\/#website","url":"https:\/\/markd.com.br\/models\/","name":"Not\u00edcias de Todos - Models01","description":"Tenha um Portal de Not\u00edcias Moderno, Din\u00e2mico, R\u00e1pido e Profissional. Entregamos seu Site de  Not\u00edcias Pronto, Instalado, Hospedado, com Manual Passo a Passo e Suporte 24 horas.","potentialAction":[{"@type":"SearchAction","target":{"@type":"EntryPoint","urlTemplate":"https:\/\/markd.com.br\/models\/?s={search_term_string}"},"query-input":{"@type":"PropertyValueSpecification","valueRequired":true,"valueName":"search_term_string"}}],"inLanguage":"pt-BR"},{"@type":"Person","@id":"https:\/\/markd.com.br\/models\/#\/schema\/person\/c12a77ab487a7262d8bec3c47301ad37","name":"Reda\u00e7\u00e3o Reda\u00e7\u00e3o","image":{"@type":"ImageObject","inLanguage":"pt-BR","@id":"https:\/\/markd.com.br\/models\/#\/schema\/person\/image\/","url":"https:\/\/secure.gravatar.com\/avatar\/9448f3599ce269febf169e183039b4a6?s=96&d=mm&r=g","contentUrl":"https:\/\/secure.gravatar.com\/avatar\/9448f3599ce269febf169e183039b4a6?s=96&d=mm&r=g","caption":"Reda\u00e7\u00e3o Reda\u00e7\u00e3o"},"sameAs":["https:\/\/markd.com.br\/"],"url":"https:\/\/markd.com.br\/models\/author\/redacao\/"}]}},"featured_image_urls":{"full":["https:\/\/markd.com.br\/models\/wp-content\/uploads\/2022\/04\/DC443704-F7AD-429E-A149-457DBD285545-800x445-1.jpeg",800,445,false],"thumbnail":["https:\/\/markd.com.br\/models\/wp-content\/uploads\/2022\/04\/DC443704-F7AD-429E-A149-457DBD285545-800x445-1-150x150.jpeg",150,150,true],"medium":["https:\/\/markd.com.br\/models\/wp-content\/uploads\/2022\/04\/DC443704-F7AD-429E-A149-457DBD285545-800x445-1-300x167.jpeg",300,167,true],"medium_large":["https:\/\/markd.com.br\/models\/wp-content\/uploads\/2022\/04\/DC443704-F7AD-429E-A149-457DBD285545-800x445-1-768x427.jpeg",640,356,true],"large":["https:\/\/markd.com.br\/models\/wp-content\/uploads\/2022\/04\/DC443704-F7AD-429E-A149-457DBD285545-800x445-1.jpeg",640,356,false],"1536x1536":["https:\/\/markd.com.br\/models\/wp-content\/uploads\/2022\/04\/DC443704-F7AD-429E-A149-457DBD285545-800x445-1.jpeg",800,445,false],"2048x2048":["https:\/\/markd.com.br\/models\/wp-content\/uploads\/2022\/04\/DC443704-F7AD-429E-A149-457DBD285545-800x445-1.jpeg",800,445,false],"newsphere-slider-full":["https:\/\/markd.com.br\/models\/wp-content\/uploads\/2022\/04\/DC443704-F7AD-429E-A149-457DBD285545-800x445-1.jpeg",800,445,false],"newsphere-featured":["https:\/\/markd.com.br\/models\/wp-content\/uploads\/2022\/04\/DC443704-F7AD-429E-A149-457DBD285545-800x445-1.jpeg",800,445,false],"newsphere-medium":["https:\/\/markd.com.br\/models\/wp-content\/uploads\/2022\/04\/DC443704-F7AD-429E-A149-457DBD285545-800x445-1-720x380.jpeg",720,380,true]},"author_info":{"display_name":"Reda\u00e7\u00e3o Reda\u00e7\u00e3o","author_link":"https:\/\/markd.com.br\/models\/author\/redacao\/"},"category_info":"<a href=\"https:\/\/markd.com.br\/models\/category\/destaques\/\" rel=\"category tag\">destaques<\/a>","tag_info":"destaques","comment_count":"0","jetpack_featured_media_url":"https:\/\/markd.com.br\/models\/wp-content\/uploads\/2022\/04\/DC443704-F7AD-429E-A149-457DBD285545-800x445-1.jpeg","_links":{"self":[{"href":"https:\/\/markd.com.br\/models\/wp-json\/wp\/v2\/posts\/1321","targetHints":{"allow":["GET"]}}],"collection":[{"href":"https:\/\/markd.com.br\/models\/wp-json\/wp\/v2\/posts"}],"about":[{"href":"https:\/\/markd.com.br\/models\/wp-json\/wp\/v2\/types\/post"}],"author":[{"embeddable":true,"href":"https:\/\/markd.com.br\/models\/wp-json\/wp\/v2\/users\/5"}],"replies":[{"embeddable":true,"href":"https:\/\/markd.com.br\/models\/wp-json\/wp\/v2\/comments?post=1321"}],"version-history":[{"count":1,"href":"https:\/\/markd.com.br\/models\/wp-json\/wp\/v2\/posts\/1321\/revisions"}],"predecessor-version":[{"id":1323,"href":"https:\/\/markd.com.br\/models\/wp-json\/wp\/v2\/posts\/1321\/revisions\/1323"}],"wp:featuredmedia":[{"embeddable":true,"href":"https:\/\/markd.com.br\/models\/wp-json\/wp\/v2\/media\/1322"}],"wp:attachment":[{"href":"https:\/\/markd.com.br\/models\/wp-json\/wp\/v2\/media?parent=1321"}],"wp:term":[{"taxonomy":"category","embeddable":true,"href":"https:\/\/markd.com.br\/models\/wp-json\/wp\/v2\/categories?post=1321"},{"taxonomy":"post_tag","embeddable":true,"href":"https:\/\/markd.com.br\/models\/wp-json\/wp\/v2\/tags?post=1321"}],"curies":[{"name":"wp","href":"https:\/\/api.w.org\/{rel}","templated":true}]}}