{"id":1367,"date":"2022-04-07T17:18:05","date_gmt":"2022-04-07T20:18:05","guid":{"rendered":"https:\/\/portaldestaquenoticias.com.br\/?p=1367"},"modified":"2022-04-07T17:18:07","modified_gmt":"2022-04-07T20:18:07","slug":"menino-de-12-anos-atira-e-mata-irmao-de-15-durante-brincadeira-com-espingarda","status":"publish","type":"post","link":"https:\/\/markd.com.br\/models\/menino-de-12-anos-atira-e-mata-irmao-de-15-durante-brincadeira-com-espingarda\/","title":{"rendered":"Menino de 12 anos atira e mata irm\u00e3o de 15 durante brincadeira com espingarda"},"content":{"rendered":"\n<p><\/p>\n\n\n\n<p>Um adolescente de 15 anos morreu na \u00faltima quarta-feira (6) em Toledo,&nbsp;<strong>interior de S\u00e3o Paulo<\/strong>, ap\u00f3s ser baleado acidentalmente pelo pr\u00f3prio irm\u00e3o, de 12, na casa da fam\u00edlia.<\/p>\n\n\n\n<p>De acordo com informa\u00e7\u00f5es do G1, o epis\u00f3dio aconteceu durante uma brincadeira entre os jovens e est\u00e1 sendo investigado pela Pol\u00edcia Civil.<\/p>\n\n\n\n<p>A v\u00edtima foi identificada como Gabriel Gustavo Brito. Na quarta, ele brincava com o irm\u00e3o com uma espingarda encontrada na casa. Sem saber que a arma estava carregada, o ca\u00e7ula disparou contra o mais velho.<\/p>\n\n\n\n<p>A bala atingiu a cabe\u00e7a do garoto. Uma equipe de sa\u00fade do munic\u00edpio solicitou a viatura UTI m\u00f3vel do Pronto Atendimento e foi at\u00e9 a casa da fam\u00edlia.<\/p>\n\n\n\n<p>L\u00e1, os m\u00e9dicos encontraram Gabriel ca\u00eddo no ch\u00e3o, com ferimento de bala na cabe\u00e7a, perda expressiva de sangue e pulso e respira\u00e7\u00e3o fracos.<\/p>\n\n\n\n<p>A equipe realizou os primeiros-socorros e levou o garoto ao Pronto Atendimento de Toledo. Apesar dos esfor\u00e7os, o \u00f3bito da v\u00edtima foi diagnosticado \u00e0s 11h15.<\/p>\n\n\n\n<h2 class=\"wp-block-heading\">Morte causa como\u00e7\u00e3o na cidade<\/h2>\n\n\n\n<p>O caso gerou repercuss\u00e3o e como\u00e7\u00e3o na cidade, com direito a manifesta\u00e7\u00e3o do prefeito Eleazar Muniz (DEM) nas redes sociais.<\/p>\n\n\n\n<p>\u201cLuto. Muito triste a not\u00edcia do incidente desastroso ocorrido entre dois irm\u00e3os, que resultou no falecimento desse adolescente em nossa cidade. Que o amor de Deus possa confortar e abra\u00e7ar seus familiares e a todos que est\u00e3o sentindo sua perda. Descanse em paz\u201d, escreveu.<\/p>\n\n\n\n<p>Fonte Yahoo Noticias<\/p>\n","protected":false},"excerpt":{"rendered":"<p>Um adolescente de 15 anos morreu na \u00faltima quarta-feira (6) em Toledo,&nbsp;interior de S\u00e3o Paulo,&#8230;<\/p>\n","protected":false},"author":5,"featured_media":1368,"comment_status":"open","ping_status":"open","sticky":false,"template":"","format":"standard","meta":{"footnotes":""},"categories":[1],"tags":[],"class_list":["post-1367","post","type-post","status-publish","format-standard","has-post-thumbnail","hentry","category-sem-categoria"],"yoast_head":"<!-- This site is optimized with the Yoast SEO plugin v24.4 - https:\/\/yoast.com\/wordpress\/plugins\/seo\/ -->\n<title>Menino de 12 anos atira e mata irm\u00e3o de 15 durante brincadeira com espingarda - Not\u00edcias de Todos - Models01<\/title>\n<meta name=\"robots\" content=\"index, follow, max-snippet:-1, max-image-preview:large, max-video-preview:-1\" \/>\n<link rel=\"canonical\" href=\"https:\/\/markd.com.br\/models\/menino-de-12-anos-atira-e-mata-irmao-de-15-durante-brincadeira-com-espingarda\/\" \/>\n<meta property=\"og:locale\" content=\"pt_BR\" \/>\n<meta property=\"og:type\" content=\"article\" \/>\n<meta property=\"og:title\" content=\"Menino de 12 anos atira e mata irm\u00e3o de 15 durante brincadeira com espingarda - Not\u00edcias de Todos - Models01\" \/>\n<meta property=\"og:description\" content=\"Um adolescente de 15 anos morreu na \u00faltima quarta-feira (6) em Toledo,&nbsp;interior de S\u00e3o Paulo,...\" \/>\n<meta property=\"og:url\" content=\"https:\/\/markd.com.br\/models\/menino-de-12-anos-atira-e-mata-irmao-de-15-durante-brincadeira-com-espingarda\/\" \/>\n<meta property=\"og:site_name\" content=\"Not\u00edcias de Todos - Models01\" \/>\n<meta property=\"article:published_time\" content=\"2022-04-07T20:18:05+00:00\" \/>\n<meta property=\"article:modified_time\" content=\"2022-04-07T20:18:07+00:00\" \/>\n<meta property=\"og:image\" content=\"https:\/\/markd.com.br\/models\/wp-content\/uploads\/2022\/04\/fd44a5a0-1739-11e9-aedd-a4136e7c0f24-640x445-1.jpg\" \/>\n\t<meta property=\"og:image:width\" content=\"640\" \/>\n\t<meta property=\"og:image:height\" content=\"445\" \/>\n\t<meta property=\"og:image:type\" content=\"image\/jpeg\" \/>\n<meta name=\"author\" content=\"Reda\u00e7\u00e3o Reda\u00e7\u00e3o\" \/>\n<meta name=\"twitter:card\" content=\"summary_large_image\" \/>\n<meta name=\"twitter:label1\" content=\"Escrito por\" \/>\n\t<meta name=\"twitter:data1\" content=\"Reda\u00e7\u00e3o Reda\u00e7\u00e3o\" \/>\n\t<meta name=\"twitter:label2\" content=\"Est. tempo de leitura\" \/>\n\t<meta name=\"twitter:data2\" content=\"2 minutos\" \/>\n<script type=\"application\/ld+json\" class=\"yoast-schema-graph\">{\"@context\":\"https:\/\/schema.org\",\"@graph\":[{\"@type\":\"WebPage\",\"@id\":\"https:\/\/markd.com.br\/models\/menino-de-12-anos-atira-e-mata-irmao-de-15-durante-brincadeira-com-espingarda\/\",\"url\":\"https:\/\/markd.com.br\/models\/menino-de-12-anos-atira-e-mata-irmao-de-15-durante-brincadeira-com-espingarda\/\",\"name\":\"Menino de 12 anos atira e mata irm\u00e3o de 15 durante brincadeira com espingarda - Not\u00edcias de Todos - Models01\",\"isPartOf\":{\"@id\":\"https:\/\/markd.com.br\/models\/#website\"},\"primaryImageOfPage\":{\"@id\":\"https:\/\/markd.com.br\/models\/menino-de-12-anos-atira-e-mata-irmao-de-15-durante-brincadeira-com-espingarda\/#primaryimage\"},\"image\":{\"@id\":\"https:\/\/markd.com.br\/models\/menino-de-12-anos-atira-e-mata-irmao-de-15-durante-brincadeira-com-espingarda\/#primaryimage\"},\"thumbnailUrl\":\"https:\/\/markd.com.br\/models\/wp-content\/uploads\/2022\/04\/fd44a5a0-1739-11e9-aedd-a4136e7c0f24-640x445-1.jpg\",\"datePublished\":\"2022-04-07T20:18:05+00:00\",\"dateModified\":\"2022-04-07T20:18:07+00:00\",\"author\":{\"@id\":\"https:\/\/markd.com.br\/models\/#\/schema\/person\/c12a77ab487a7262d8bec3c47301ad37\"},\"breadcrumb\":{\"@id\":\"https:\/\/markd.com.br\/models\/menino-de-12-anos-atira-e-mata-irmao-de-15-durante-brincadeira-com-espingarda\/#breadcrumb\"},\"inLanguage\":\"pt-BR\",\"potentialAction\":[{\"@type\":\"ReadAction\",\"target\":[\"https:\/\/markd.com.br\/models\/menino-de-12-anos-atira-e-mata-irmao-de-15-durante-brincadeira-com-espingarda\/\"]}]},{\"@type\":\"ImageObject\",\"inLanguage\":\"pt-BR\",\"@id\":\"https:\/\/markd.com.br\/models\/menino-de-12-anos-atira-e-mata-irmao-de-15-durante-brincadeira-com-espingarda\/#primaryimage\",\"url\":\"https:\/\/markd.com.br\/models\/wp-content\/uploads\/2022\/04\/fd44a5a0-1739-11e9-aedd-a4136e7c0f24-640x445-1.jpg\",\"contentUrl\":\"https:\/\/markd.com.br\/models\/wp-content\/uploads\/2022\/04\/fd44a5a0-1739-11e9-aedd-a4136e7c0f24-640x445-1.jpg\",\"width\":640,\"height\":445},{\"@type\":\"BreadcrumbList\",\"@id\":\"https:\/\/markd.com.br\/models\/menino-de-12-anos-atira-e-mata-irmao-de-15-durante-brincadeira-com-espingarda\/#breadcrumb\",\"itemListElement\":[{\"@type\":\"ListItem\",\"position\":1,\"name\":\"In\u00edcio\",\"item\":\"https:\/\/markd.com.br\/models\/\"},{\"@type\":\"ListItem\",\"position\":2,\"name\":\"Menino de 12 anos atira e mata irm\u00e3o de 15 durante brincadeira com espingarda\"}]},{\"@type\":\"WebSite\",\"@id\":\"https:\/\/markd.com.br\/models\/#website\",\"url\":\"https:\/\/markd.com.br\/models\/\",\"name\":\"Not\u00edcias de Todos - Models01\",\"description\":\"Tenha um Portal de Not\u00edcias Moderno, Din\u00e2mico, R\u00e1pido e Profissional. Entregamos seu Site de  Not\u00edcias Pronto, Instalado, Hospedado, com Manual Passo a Passo e Suporte 24 horas.\",\"potentialAction\":[{\"@type\":\"SearchAction\",\"target\":{\"@type\":\"EntryPoint\",\"urlTemplate\":\"https:\/\/markd.com.br\/models\/?s={search_term_string}\"},\"query-input\":{\"@type\":\"PropertyValueSpecification\",\"valueRequired\":true,\"valueName\":\"search_term_string\"}}],\"inLanguage\":\"pt-BR\"},{\"@type\":\"Person\",\"@id\":\"https:\/\/markd.com.br\/models\/#\/schema\/person\/c12a77ab487a7262d8bec3c47301ad37\",\"name\":\"Reda\u00e7\u00e3o Reda\u00e7\u00e3o\",\"image\":{\"@type\":\"ImageObject\",\"inLanguage\":\"pt-BR\",\"@id\":\"https:\/\/markd.com.br\/models\/#\/schema\/person\/image\/\",\"url\":\"https:\/\/secure.gravatar.com\/avatar\/9448f3599ce269febf169e183039b4a6?s=96&d=mm&r=g\",\"contentUrl\":\"https:\/\/secure.gravatar.com\/avatar\/9448f3599ce269febf169e183039b4a6?s=96&d=mm&r=g\",\"caption\":\"Reda\u00e7\u00e3o Reda\u00e7\u00e3o\"},\"sameAs\":[\"https:\/\/markd.com.br\/\"],\"url\":\"https:\/\/markd.com.br\/models\/author\/redacao\/\"}]}<\/script>\n<!-- \/ Yoast SEO plugin. -->","yoast_head_json":{"title":"Menino de 12 anos atira e mata irm\u00e3o de 15 durante brincadeira com espingarda - Not\u00edcias de Todos - Models01","robots":{"index":"index","follow":"follow","max-snippet":"max-snippet:-1","max-image-preview":"max-image-preview:large","max-video-preview":"max-video-preview:-1"},"canonical":"https:\/\/markd.com.br\/models\/menino-de-12-anos-atira-e-mata-irmao-de-15-durante-brincadeira-com-espingarda\/","og_locale":"pt_BR","og_type":"article","og_title":"Menino de 12 anos atira e mata irm\u00e3o de 15 durante brincadeira com espingarda - Not\u00edcias de Todos - Models01","og_description":"Um adolescente de 15 anos morreu na \u00faltima quarta-feira (6) em Toledo,&nbsp;interior de S\u00e3o Paulo,...","og_url":"https:\/\/markd.com.br\/models\/menino-de-12-anos-atira-e-mata-irmao-de-15-durante-brincadeira-com-espingarda\/","og_site_name":"Not\u00edcias de Todos - Models01","article_published_time":"2022-04-07T20:18:05+00:00","article_modified_time":"2022-04-07T20:18:07+00:00","og_image":[{"width":640,"height":445,"url":"https:\/\/markd.com.br\/models\/wp-content\/uploads\/2022\/04\/fd44a5a0-1739-11e9-aedd-a4136e7c0f24-640x445-1.jpg","type":"image\/jpeg"}],"author":"Reda\u00e7\u00e3o Reda\u00e7\u00e3o","twitter_card":"summary_large_image","twitter_misc":{"Escrito por":"Reda\u00e7\u00e3o Reda\u00e7\u00e3o","Est. tempo de leitura":"2 minutos"},"schema":{"@context":"https:\/\/schema.org","@graph":[{"@type":"WebPage","@id":"https:\/\/markd.com.br\/models\/menino-de-12-anos-atira-e-mata-irmao-de-15-durante-brincadeira-com-espingarda\/","url":"https:\/\/markd.com.br\/models\/menino-de-12-anos-atira-e-mata-irmao-de-15-durante-brincadeira-com-espingarda\/","name":"Menino de 12 anos atira e mata irm\u00e3o de 15 durante brincadeira com espingarda - Not\u00edcias de Todos - Models01","isPartOf":{"@id":"https:\/\/markd.com.br\/models\/#website"},"primaryImageOfPage":{"@id":"https:\/\/markd.com.br\/models\/menino-de-12-anos-atira-e-mata-irmao-de-15-durante-brincadeira-com-espingarda\/#primaryimage"},"image":{"@id":"https:\/\/markd.com.br\/models\/menino-de-12-anos-atira-e-mata-irmao-de-15-durante-brincadeira-com-espingarda\/#primaryimage"},"thumbnailUrl":"https:\/\/markd.com.br\/models\/wp-content\/uploads\/2022\/04\/fd44a5a0-1739-11e9-aedd-a4136e7c0f24-640x445-1.jpg","datePublished":"2022-04-07T20:18:05+00:00","dateModified":"2022-04-07T20:18:07+00:00","author":{"@id":"https:\/\/markd.com.br\/models\/#\/schema\/person\/c12a77ab487a7262d8bec3c47301ad37"},"breadcrumb":{"@id":"https:\/\/markd.com.br\/models\/menino-de-12-anos-atira-e-mata-irmao-de-15-durante-brincadeira-com-espingarda\/#breadcrumb"},"inLanguage":"pt-BR","potentialAction":[{"@type":"ReadAction","target":["https:\/\/markd.com.br\/models\/menino-de-12-anos-atira-e-mata-irmao-de-15-durante-brincadeira-com-espingarda\/"]}]},{"@type":"ImageObject","inLanguage":"pt-BR","@id":"https:\/\/markd.com.br\/models\/menino-de-12-anos-atira-e-mata-irmao-de-15-durante-brincadeira-com-espingarda\/#primaryimage","url":"https:\/\/markd.com.br\/models\/wp-content\/uploads\/2022\/04\/fd44a5a0-1739-11e9-aedd-a4136e7c0f24-640x445-1.jpg","contentUrl":"https:\/\/markd.com.br\/models\/wp-content\/uploads\/2022\/04\/fd44a5a0-1739-11e9-aedd-a4136e7c0f24-640x445-1.jpg","width":640,"height":445},{"@type":"BreadcrumbList","@id":"https:\/\/markd.com.br\/models\/menino-de-12-anos-atira-e-mata-irmao-de-15-durante-brincadeira-com-espingarda\/#breadcrumb","itemListElement":[{"@type":"ListItem","position":1,"name":"In\u00edcio","item":"https:\/\/markd.com.br\/models\/"},{"@type":"ListItem","position":2,"name":"Menino de 12 anos atira e mata irm\u00e3o de 15 durante brincadeira com espingarda"}]},{"@type":"WebSite","@id":"https:\/\/markd.com.br\/models\/#website","url":"https:\/\/markd.com.br\/models\/","name":"Not\u00edcias de Todos - Models01","description":"Tenha um Portal de Not\u00edcias Moderno, Din\u00e2mico, R\u00e1pido e Profissional. Entregamos seu Site de  Not\u00edcias Pronto, Instalado, Hospedado, com Manual Passo a Passo e Suporte 24 horas.","potentialAction":[{"@type":"SearchAction","target":{"@type":"EntryPoint","urlTemplate":"https:\/\/markd.com.br\/models\/?s={search_term_string}"},"query-input":{"@type":"PropertyValueSpecification","valueRequired":true,"valueName":"search_term_string"}}],"inLanguage":"pt-BR"},{"@type":"Person","@id":"https:\/\/markd.com.br\/models\/#\/schema\/person\/c12a77ab487a7262d8bec3c47301ad37","name":"Reda\u00e7\u00e3o Reda\u00e7\u00e3o","image":{"@type":"ImageObject","inLanguage":"pt-BR","@id":"https:\/\/markd.com.br\/models\/#\/schema\/person\/image\/","url":"https:\/\/secure.gravatar.com\/avatar\/9448f3599ce269febf169e183039b4a6?s=96&d=mm&r=g","contentUrl":"https:\/\/secure.gravatar.com\/avatar\/9448f3599ce269febf169e183039b4a6?s=96&d=mm&r=g","caption":"Reda\u00e7\u00e3o Reda\u00e7\u00e3o"},"sameAs":["https:\/\/markd.com.br\/"],"url":"https:\/\/markd.com.br\/models\/author\/redacao\/"}]}},"featured_image_urls":{"full":["https:\/\/markd.com.br\/models\/wp-content\/uploads\/2022\/04\/fd44a5a0-1739-11e9-aedd-a4136e7c0f24-640x445-1.jpg",640,445,false],"thumbnail":["https:\/\/markd.com.br\/models\/wp-content\/uploads\/2022\/04\/fd44a5a0-1739-11e9-aedd-a4136e7c0f24-640x445-1-150x150.jpg",150,150,true],"medium":["https:\/\/markd.com.br\/models\/wp-content\/uploads\/2022\/04\/fd44a5a0-1739-11e9-aedd-a4136e7c0f24-640x445-1-300x209.jpg",300,209,true],"medium_large":["https:\/\/markd.com.br\/models\/wp-content\/uploads\/2022\/04\/fd44a5a0-1739-11e9-aedd-a4136e7c0f24-640x445-1.jpg",640,445,false],"large":["https:\/\/markd.com.br\/models\/wp-content\/uploads\/2022\/04\/fd44a5a0-1739-11e9-aedd-a4136e7c0f24-640x445-1.jpg",640,445,false],"1536x1536":["https:\/\/markd.com.br\/models\/wp-content\/uploads\/2022\/04\/fd44a5a0-1739-11e9-aedd-a4136e7c0f24-640x445-1.jpg",640,445,false],"2048x2048":["https:\/\/markd.com.br\/models\/wp-content\/uploads\/2022\/04\/fd44a5a0-1739-11e9-aedd-a4136e7c0f24-640x445-1.jpg",640,445,false],"newsphere-slider-full":["https:\/\/markd.com.br\/models\/wp-content\/uploads\/2022\/04\/fd44a5a0-1739-11e9-aedd-a4136e7c0f24-640x445-1.jpg",640,445,false],"newsphere-featured":["https:\/\/markd.com.br\/models\/wp-content\/uploads\/2022\/04\/fd44a5a0-1739-11e9-aedd-a4136e7c0f24-640x445-1.jpg",640,445,false],"newsphere-medium":["https:\/\/markd.com.br\/models\/wp-content\/uploads\/2022\/04\/fd44a5a0-1739-11e9-aedd-a4136e7c0f24-640x445-1-640x380.jpg",640,380,true]},"author_info":{"display_name":"Reda\u00e7\u00e3o Reda\u00e7\u00e3o","author_link":"https:\/\/markd.com.br\/models\/author\/redacao\/"},"category_info":"<a href=\"https:\/\/markd.com.br\/models\/category\/sem-categoria\/\" rel=\"category tag\">Sem categoria<\/a>","tag_info":"Sem categoria","comment_count":"0","jetpack_featured_media_url":"https:\/\/markd.com.br\/models\/wp-content\/uploads\/2022\/04\/fd44a5a0-1739-11e9-aedd-a4136e7c0f24-640x445-1.jpg","_links":{"self":[{"href":"https:\/\/markd.com.br\/models\/wp-json\/wp\/v2\/posts\/1367","targetHints":{"allow":["GET"]}}],"collection":[{"href":"https:\/\/markd.com.br\/models\/wp-json\/wp\/v2\/posts"}],"about":[{"href":"https:\/\/markd.com.br\/models\/wp-json\/wp\/v2\/types\/post"}],"author":[{"embeddable":true,"href":"https:\/\/markd.com.br\/models\/wp-json\/wp\/v2\/users\/5"}],"replies":[{"embeddable":true,"href":"https:\/\/markd.com.br\/models\/wp-json\/wp\/v2\/comments?post=1367"}],"version-history":[{"count":1,"href":"https:\/\/markd.com.br\/models\/wp-json\/wp\/v2\/posts\/1367\/revisions"}],"predecessor-version":[{"id":1370,"href":"https:\/\/markd.com.br\/models\/wp-json\/wp\/v2\/posts\/1367\/revisions\/1370"}],"wp:featuredmedia":[{"embeddable":true,"href":"https:\/\/markd.com.br\/models\/wp-json\/wp\/v2\/media\/1368"}],"wp:attachment":[{"href":"https:\/\/markd.com.br\/models\/wp-json\/wp\/v2\/media?parent=1367"}],"wp:term":[{"taxonomy":"category","embeddable":true,"href":"https:\/\/markd.com.br\/models\/wp-json\/wp\/v2\/categories?post=1367"},{"taxonomy":"post_tag","embeddable":true,"href":"https:\/\/markd.com.br\/models\/wp-json\/wp\/v2\/tags?post=1367"}],"curies":[{"name":"wp","href":"https:\/\/api.w.org\/{rel}","templated":true}]}}