{"id":1371,"date":"2022-04-07T17:24:34","date_gmt":"2022-04-07T20:24:34","guid":{"rendered":"https:\/\/portaldestaquenoticias.com.br\/?p=1371"},"modified":"2022-04-07T17:24:39","modified_gmt":"2022-04-07T20:24:39","slug":"feridos-jovens-fazem-foto-apos-acidente-e-imagem-viraliza","status":"publish","type":"post","link":"https:\/\/markd.com.br\/models\/feridos-jovens-fazem-foto-apos-acidente-e-imagem-viraliza\/","title":{"rendered":"Feridos, jovens fazem foto ap\u00f3s acidente e imagem viraliza"},"content":{"rendered":"\n<p><\/p>\n\n\n\n<p>A imagem de dois jovens feridos acenando para c\u00e2mera ap\u00f3s um acidente na Rodovia Sinval Guazzelli, no Rio Grande do Sul viralizou nas redes sociais nesta semana. Com com mais de 166 mil curtidas, Nickolas Tonet, de 19 anos e amigo Lucas Gelain, de 20, aparecem ensanguentados com o ve\u00edculo destru\u00eddo ao fundo. Eles retornavam de uma festa quando um deles, que conduzia o carro, cochilou ao volante e perdeu o controle do autom\u00f3vel.<\/p>\n\n\n\n<p>Apesar da imagem turbinar nas redes s\u00f3 agora, o acidente aconteceu no final de janeiro. Em um v\u00eddeo, em que os dois caminham na estrada eles d\u00e3o um \u201cconselho\u201d aos seguidores: \u201cOi galera, dirijam b\u00eabados, mas n\u00e3o dirijam com sono\u201d. Os dois ganharam alguns ferimentos na cabe\u00e7a e o carro teve perda total.<\/p>\n\n\n\n<figure class=\"wp-block-image\"><img decoding=\"async\" src=\"https:\/\/s.yimg.com\/ny\/api\/res\/1.2\/SZlvtFxL2hA09Ey._NiWCg--\/YXBwaWQ9aGlnaGxhbmRlcjt3PTcwNTtoPTM5NztjZj13ZWJw\/https:\/\/s.yimg.com\/uu\/api\/res\/1.2\/.Mo86QNGWu14jxKg2AqDeg--~B\/aD0yNTI7dz00NDg7YXBwaWQ9eXRhY2h5b24-\/https:\/\/media.zenfs.com\/pt\/extra_347\/27838cff701d0ae8628c65890b36c70a\" alt=\"\"\/><\/figure>\n\n\n\n<p>Em outro v\u00eddeo, tamb\u00e9m publicado no twitter de Nickolas, c\u00e2meras de seguran\u00e7a registraram o momento em que o corsa branco atinge o barranco. Ao Uol, ele contou que n\u00e3o fez uso de bebida alco\u00f3lica no dia do acidente, no entanto, o sono teria colaborado para que perdesse o controle do carro e colidido. Segundo o jovem, o ve\u00edculo chegou a capotar tr\u00eas vezes.<\/p>\n\n\n\n<p>Fonte Yahoo Noticias<\/p>\n","protected":false},"excerpt":{"rendered":"<p>A imagem de dois jovens feridos acenando para c\u00e2mera ap\u00f3s um acidente na Rodovia Sinval&#8230;<\/p>\n","protected":false},"author":5,"featured_media":1372,"comment_status":"open","ping_status":"open","sticky":false,"template":"","format":"standard","meta":{"footnotes":""},"categories":[1],"tags":[62,340,339],"class_list":["post-1371","post","type-post","status-publish","format-standard","has-post-thumbnail","hentry","category-sem-categoria","tag-acidente","tag-foto","tag-jovens-feridos"],"yoast_head":"<!-- This site is optimized with the Yoast SEO plugin v24.4 - https:\/\/yoast.com\/wordpress\/plugins\/seo\/ -->\n<title>Feridos, jovens fazem foto ap\u00f3s acidente e imagem viraliza - Not\u00edcias de Todos - Models01<\/title>\n<meta name=\"robots\" content=\"index, follow, max-snippet:-1, max-image-preview:large, max-video-preview:-1\" \/>\n<link rel=\"canonical\" href=\"https:\/\/markd.com.br\/models\/feridos-jovens-fazem-foto-apos-acidente-e-imagem-viraliza\/\" \/>\n<meta property=\"og:locale\" content=\"pt_BR\" \/>\n<meta property=\"og:type\" content=\"article\" \/>\n<meta property=\"og:title\" content=\"Feridos, jovens fazem foto ap\u00f3s acidente e imagem viraliza - Not\u00edcias de Todos - Models01\" \/>\n<meta property=\"og:description\" content=\"A imagem de dois jovens feridos acenando para c\u00e2mera ap\u00f3s um acidente na Rodovia Sinval...\" \/>\n<meta property=\"og:url\" content=\"https:\/\/markd.com.br\/models\/feridos-jovens-fazem-foto-apos-acidente-e-imagem-viraliza\/\" \/>\n<meta property=\"og:site_name\" content=\"Not\u00edcias de Todos - Models01\" \/>\n<meta property=\"article:published_time\" content=\"2022-04-07T20:24:34+00:00\" \/>\n<meta property=\"article:modified_time\" content=\"2022-04-07T20:24:39+00:00\" \/>\n<meta property=\"og:image\" content=\"https:\/\/markd.com.br\/models\/wp-content\/uploads\/2022\/04\/fotoefeitos.com_-640x445-1.jpg\" \/>\n\t<meta property=\"og:image:width\" content=\"640\" \/>\n\t<meta property=\"og:image:height\" content=\"445\" \/>\n\t<meta property=\"og:image:type\" content=\"image\/jpeg\" \/>\n<meta name=\"author\" content=\"Reda\u00e7\u00e3o Reda\u00e7\u00e3o\" \/>\n<meta name=\"twitter:card\" content=\"summary_large_image\" \/>\n<meta name=\"twitter:label1\" content=\"Escrito por\" \/>\n\t<meta name=\"twitter:data1\" content=\"Reda\u00e7\u00e3o Reda\u00e7\u00e3o\" \/>\n\t<meta name=\"twitter:label2\" content=\"Est. tempo de leitura\" \/>\n\t<meta name=\"twitter:data2\" content=\"2 minutos\" \/>\n<script type=\"application\/ld+json\" class=\"yoast-schema-graph\">{\"@context\":\"https:\/\/schema.org\",\"@graph\":[{\"@type\":\"WebPage\",\"@id\":\"https:\/\/markd.com.br\/models\/feridos-jovens-fazem-foto-apos-acidente-e-imagem-viraliza\/\",\"url\":\"https:\/\/markd.com.br\/models\/feridos-jovens-fazem-foto-apos-acidente-e-imagem-viraliza\/\",\"name\":\"Feridos, jovens fazem foto ap\u00f3s acidente e imagem viraliza - Not\u00edcias de Todos - Models01\",\"isPartOf\":{\"@id\":\"https:\/\/markd.com.br\/models\/#website\"},\"primaryImageOfPage\":{\"@id\":\"https:\/\/markd.com.br\/models\/feridos-jovens-fazem-foto-apos-acidente-e-imagem-viraliza\/#primaryimage\"},\"image\":{\"@id\":\"https:\/\/markd.com.br\/models\/feridos-jovens-fazem-foto-apos-acidente-e-imagem-viraliza\/#primaryimage\"},\"thumbnailUrl\":\"https:\/\/markd.com.br\/models\/wp-content\/uploads\/2022\/04\/fotoefeitos.com_-640x445-1.jpg\",\"datePublished\":\"2022-04-07T20:24:34+00:00\",\"dateModified\":\"2022-04-07T20:24:39+00:00\",\"author\":{\"@id\":\"https:\/\/markd.com.br\/models\/#\/schema\/person\/c12a77ab487a7262d8bec3c47301ad37\"},\"breadcrumb\":{\"@id\":\"https:\/\/markd.com.br\/models\/feridos-jovens-fazem-foto-apos-acidente-e-imagem-viraliza\/#breadcrumb\"},\"inLanguage\":\"pt-BR\",\"potentialAction\":[{\"@type\":\"ReadAction\",\"target\":[\"https:\/\/markd.com.br\/models\/feridos-jovens-fazem-foto-apos-acidente-e-imagem-viraliza\/\"]}]},{\"@type\":\"ImageObject\",\"inLanguage\":\"pt-BR\",\"@id\":\"https:\/\/markd.com.br\/models\/feridos-jovens-fazem-foto-apos-acidente-e-imagem-viraliza\/#primaryimage\",\"url\":\"https:\/\/markd.com.br\/models\/wp-content\/uploads\/2022\/04\/fotoefeitos.com_-640x445-1.jpg\",\"contentUrl\":\"https:\/\/markd.com.br\/models\/wp-content\/uploads\/2022\/04\/fotoefeitos.com_-640x445-1.jpg\",\"width\":640,\"height\":445},{\"@type\":\"BreadcrumbList\",\"@id\":\"https:\/\/markd.com.br\/models\/feridos-jovens-fazem-foto-apos-acidente-e-imagem-viraliza\/#breadcrumb\",\"itemListElement\":[{\"@type\":\"ListItem\",\"position\":1,\"name\":\"In\u00edcio\",\"item\":\"https:\/\/markd.com.br\/models\/\"},{\"@type\":\"ListItem\",\"position\":2,\"name\":\"Feridos, jovens fazem foto ap\u00f3s acidente e imagem viraliza\"}]},{\"@type\":\"WebSite\",\"@id\":\"https:\/\/markd.com.br\/models\/#website\",\"url\":\"https:\/\/markd.com.br\/models\/\",\"name\":\"Not\u00edcias de Todos - Models01\",\"description\":\"Tenha um Portal de Not\u00edcias Moderno, Din\u00e2mico, R\u00e1pido e Profissional. Entregamos seu Site de  Not\u00edcias Pronto, Instalado, Hospedado, com Manual Passo a Passo e Suporte 24 horas.\",\"potentialAction\":[{\"@type\":\"SearchAction\",\"target\":{\"@type\":\"EntryPoint\",\"urlTemplate\":\"https:\/\/markd.com.br\/models\/?s={search_term_string}\"},\"query-input\":{\"@type\":\"PropertyValueSpecification\",\"valueRequired\":true,\"valueName\":\"search_term_string\"}}],\"inLanguage\":\"pt-BR\"},{\"@type\":\"Person\",\"@id\":\"https:\/\/markd.com.br\/models\/#\/schema\/person\/c12a77ab487a7262d8bec3c47301ad37\",\"name\":\"Reda\u00e7\u00e3o Reda\u00e7\u00e3o\",\"image\":{\"@type\":\"ImageObject\",\"inLanguage\":\"pt-BR\",\"@id\":\"https:\/\/markd.com.br\/models\/#\/schema\/person\/image\/\",\"url\":\"https:\/\/secure.gravatar.com\/avatar\/9448f3599ce269febf169e183039b4a6?s=96&d=mm&r=g\",\"contentUrl\":\"https:\/\/secure.gravatar.com\/avatar\/9448f3599ce269febf169e183039b4a6?s=96&d=mm&r=g\",\"caption\":\"Reda\u00e7\u00e3o Reda\u00e7\u00e3o\"},\"sameAs\":[\"https:\/\/markd.com.br\/\"],\"url\":\"https:\/\/markd.com.br\/models\/author\/redacao\/\"}]}<\/script>\n<!-- \/ Yoast SEO plugin. -->","yoast_head_json":{"title":"Feridos, jovens fazem foto ap\u00f3s acidente e imagem viraliza - Not\u00edcias de Todos - Models01","robots":{"index":"index","follow":"follow","max-snippet":"max-snippet:-1","max-image-preview":"max-image-preview:large","max-video-preview":"max-video-preview:-1"},"canonical":"https:\/\/markd.com.br\/models\/feridos-jovens-fazem-foto-apos-acidente-e-imagem-viraliza\/","og_locale":"pt_BR","og_type":"article","og_title":"Feridos, jovens fazem foto ap\u00f3s acidente e imagem viraliza - Not\u00edcias de Todos - Models01","og_description":"A imagem de dois jovens feridos acenando para c\u00e2mera ap\u00f3s um acidente na Rodovia Sinval...","og_url":"https:\/\/markd.com.br\/models\/feridos-jovens-fazem-foto-apos-acidente-e-imagem-viraliza\/","og_site_name":"Not\u00edcias de Todos - Models01","article_published_time":"2022-04-07T20:24:34+00:00","article_modified_time":"2022-04-07T20:24:39+00:00","og_image":[{"width":640,"height":445,"url":"https:\/\/markd.com.br\/models\/wp-content\/uploads\/2022\/04\/fotoefeitos.com_-640x445-1.jpg","type":"image\/jpeg"}],"author":"Reda\u00e7\u00e3o Reda\u00e7\u00e3o","twitter_card":"summary_large_image","twitter_misc":{"Escrito por":"Reda\u00e7\u00e3o Reda\u00e7\u00e3o","Est. tempo de leitura":"2 minutos"},"schema":{"@context":"https:\/\/schema.org","@graph":[{"@type":"WebPage","@id":"https:\/\/markd.com.br\/models\/feridos-jovens-fazem-foto-apos-acidente-e-imagem-viraliza\/","url":"https:\/\/markd.com.br\/models\/feridos-jovens-fazem-foto-apos-acidente-e-imagem-viraliza\/","name":"Feridos, jovens fazem foto ap\u00f3s acidente e imagem viraliza - Not\u00edcias de Todos - Models01","isPartOf":{"@id":"https:\/\/markd.com.br\/models\/#website"},"primaryImageOfPage":{"@id":"https:\/\/markd.com.br\/models\/feridos-jovens-fazem-foto-apos-acidente-e-imagem-viraliza\/#primaryimage"},"image":{"@id":"https:\/\/markd.com.br\/models\/feridos-jovens-fazem-foto-apos-acidente-e-imagem-viraliza\/#primaryimage"},"thumbnailUrl":"https:\/\/markd.com.br\/models\/wp-content\/uploads\/2022\/04\/fotoefeitos.com_-640x445-1.jpg","datePublished":"2022-04-07T20:24:34+00:00","dateModified":"2022-04-07T20:24:39+00:00","author":{"@id":"https:\/\/markd.com.br\/models\/#\/schema\/person\/c12a77ab487a7262d8bec3c47301ad37"},"breadcrumb":{"@id":"https:\/\/markd.com.br\/models\/feridos-jovens-fazem-foto-apos-acidente-e-imagem-viraliza\/#breadcrumb"},"inLanguage":"pt-BR","potentialAction":[{"@type":"ReadAction","target":["https:\/\/markd.com.br\/models\/feridos-jovens-fazem-foto-apos-acidente-e-imagem-viraliza\/"]}]},{"@type":"ImageObject","inLanguage":"pt-BR","@id":"https:\/\/markd.com.br\/models\/feridos-jovens-fazem-foto-apos-acidente-e-imagem-viraliza\/#primaryimage","url":"https:\/\/markd.com.br\/models\/wp-content\/uploads\/2022\/04\/fotoefeitos.com_-640x445-1.jpg","contentUrl":"https:\/\/markd.com.br\/models\/wp-content\/uploads\/2022\/04\/fotoefeitos.com_-640x445-1.jpg","width":640,"height":445},{"@type":"BreadcrumbList","@id":"https:\/\/markd.com.br\/models\/feridos-jovens-fazem-foto-apos-acidente-e-imagem-viraliza\/#breadcrumb","itemListElement":[{"@type":"ListItem","position":1,"name":"In\u00edcio","item":"https:\/\/markd.com.br\/models\/"},{"@type":"ListItem","position":2,"name":"Feridos, jovens fazem foto ap\u00f3s acidente e imagem viraliza"}]},{"@type":"WebSite","@id":"https:\/\/markd.com.br\/models\/#website","url":"https:\/\/markd.com.br\/models\/","name":"Not\u00edcias de Todos - Models01","description":"Tenha um Portal de Not\u00edcias Moderno, Din\u00e2mico, R\u00e1pido e Profissional. Entregamos seu Site de  Not\u00edcias Pronto, Instalado, Hospedado, com Manual Passo a Passo e Suporte 24 horas.","potentialAction":[{"@type":"SearchAction","target":{"@type":"EntryPoint","urlTemplate":"https:\/\/markd.com.br\/models\/?s={search_term_string}"},"query-input":{"@type":"PropertyValueSpecification","valueRequired":true,"valueName":"search_term_string"}}],"inLanguage":"pt-BR"},{"@type":"Person","@id":"https:\/\/markd.com.br\/models\/#\/schema\/person\/c12a77ab487a7262d8bec3c47301ad37","name":"Reda\u00e7\u00e3o Reda\u00e7\u00e3o","image":{"@type":"ImageObject","inLanguage":"pt-BR","@id":"https:\/\/markd.com.br\/models\/#\/schema\/person\/image\/","url":"https:\/\/secure.gravatar.com\/avatar\/9448f3599ce269febf169e183039b4a6?s=96&d=mm&r=g","contentUrl":"https:\/\/secure.gravatar.com\/avatar\/9448f3599ce269febf169e183039b4a6?s=96&d=mm&r=g","caption":"Reda\u00e7\u00e3o Reda\u00e7\u00e3o"},"sameAs":["https:\/\/markd.com.br\/"],"url":"https:\/\/markd.com.br\/models\/author\/redacao\/"}]}},"featured_image_urls":{"full":["https:\/\/markd.com.br\/models\/wp-content\/uploads\/2022\/04\/fotoefeitos.com_-640x445-1.jpg",640,445,false],"thumbnail":["https:\/\/markd.com.br\/models\/wp-content\/uploads\/2022\/04\/fotoefeitos.com_-640x445-1-150x150.jpg",150,150,true],"medium":["https:\/\/markd.com.br\/models\/wp-content\/uploads\/2022\/04\/fotoefeitos.com_-640x445-1-300x209.jpg",300,209,true],"medium_large":["https:\/\/markd.com.br\/models\/wp-content\/uploads\/2022\/04\/fotoefeitos.com_-640x445-1.jpg",640,445,false],"large":["https:\/\/markd.com.br\/models\/wp-content\/uploads\/2022\/04\/fotoefeitos.com_-640x445-1.jpg",640,445,false],"1536x1536":["https:\/\/markd.com.br\/models\/wp-content\/uploads\/2022\/04\/fotoefeitos.com_-640x445-1.jpg",640,445,false],"2048x2048":["https:\/\/markd.com.br\/models\/wp-content\/uploads\/2022\/04\/fotoefeitos.com_-640x445-1.jpg",640,445,false],"newsphere-slider-full":["https:\/\/markd.com.br\/models\/wp-content\/uploads\/2022\/04\/fotoefeitos.com_-640x445-1.jpg",640,445,false],"newsphere-featured":["https:\/\/markd.com.br\/models\/wp-content\/uploads\/2022\/04\/fotoefeitos.com_-640x445-1.jpg",640,445,false],"newsphere-medium":["https:\/\/markd.com.br\/models\/wp-content\/uploads\/2022\/04\/fotoefeitos.com_-640x445-1-640x380.jpg",640,380,true]},"author_info":{"display_name":"Reda\u00e7\u00e3o Reda\u00e7\u00e3o","author_link":"https:\/\/markd.com.br\/models\/author\/redacao\/"},"category_info":"<a href=\"https:\/\/markd.com.br\/models\/category\/sem-categoria\/\" rel=\"category tag\">Sem categoria<\/a>","tag_info":"Sem categoria","comment_count":"0","jetpack_featured_media_url":"https:\/\/markd.com.br\/models\/wp-content\/uploads\/2022\/04\/fotoefeitos.com_-640x445-1.jpg","_links":{"self":[{"href":"https:\/\/markd.com.br\/models\/wp-json\/wp\/v2\/posts\/1371","targetHints":{"allow":["GET"]}}],"collection":[{"href":"https:\/\/markd.com.br\/models\/wp-json\/wp\/v2\/posts"}],"about":[{"href":"https:\/\/markd.com.br\/models\/wp-json\/wp\/v2\/types\/post"}],"author":[{"embeddable":true,"href":"https:\/\/markd.com.br\/models\/wp-json\/wp\/v2\/users\/5"}],"replies":[{"embeddable":true,"href":"https:\/\/markd.com.br\/models\/wp-json\/wp\/v2\/comments?post=1371"}],"version-history":[{"count":1,"href":"https:\/\/markd.com.br\/models\/wp-json\/wp\/v2\/posts\/1371\/revisions"}],"predecessor-version":[{"id":1373,"href":"https:\/\/markd.com.br\/models\/wp-json\/wp\/v2\/posts\/1371\/revisions\/1373"}],"wp:featuredmedia":[{"embeddable":true,"href":"https:\/\/markd.com.br\/models\/wp-json\/wp\/v2\/media\/1372"}],"wp:attachment":[{"href":"https:\/\/markd.com.br\/models\/wp-json\/wp\/v2\/media?parent=1371"}],"wp:term":[{"taxonomy":"category","embeddable":true,"href":"https:\/\/markd.com.br\/models\/wp-json\/wp\/v2\/categories?post=1371"},{"taxonomy":"post_tag","embeddable":true,"href":"https:\/\/markd.com.br\/models\/wp-json\/wp\/v2\/tags?post=1371"}],"curies":[{"name":"wp","href":"https:\/\/api.w.org\/{rel}","templated":true}]}}