{"id":1374,"date":"2022-04-07T17:27:30","date_gmt":"2022-04-07T20:27:30","guid":{"rendered":"https:\/\/portaldestaquenoticias.com.br\/?p=1374"},"modified":"2022-04-07T17:27:36","modified_gmt":"2022-04-07T20:27:36","slug":"composto-presente-em-pipocas-de-microondas-pode-provocar-alzheimer","status":"publish","type":"post","link":"https:\/\/markd.com.br\/models\/composto-presente-em-pipocas-de-microondas-pode-provocar-alzheimer\/","title":{"rendered":"Composto presente em pipocas de microondas pode provocar Alzheimer"},"content":{"rendered":"\n<p><\/p>\n\n\n\n<p><strong>D<\/strong>e acordo com os investigadores, o diacetil, pode provocar danos cerebrais associados \u00e0 doen\u00e7a de Alzheimer. \u00c9 a conclus\u00e3o de um estudo do Instituto de Qu\u00edmica de S\u00e3o Carlos (IQSC) da Universidade de S\u00e3o Paulo (USP), citado pela prestigiada revista Galileu, feito com roedores.&nbsp;<\/p>\n\n\n\n<p>No decorrer da pesquisa, os cientistas detectaram a presen\u00e7a de mol\u00e9culas associadas \u00e0quela que \u00e9 uma das formas mais comuns de dem\u00eancia nos roedores que consumiram o diacetil durante 90 dias seguidos. Tal sugere que a ingest\u00e3o frequente da subst\u00e2ncia em concentra\u00e7\u00f5es elevadas pode prejudicar severamente a estrutura cerebral.<\/p>\n\n\n\n<p>Para efeitos do estudo, refere a revista Galileu, os c\u00e9rebros dos ratos foram avaliados com dois aparelhos, nomeadamente: um espectr\u00f4metro de massas, que cria uma \u2018impress\u00e3o digital\u2019 ao gerar mapas de calor do \u00f3rg\u00e3o, destacando onde determinadas prote\u00ednas e o diacetil proliferam; e ainda um cromat\u00f3grafo, que mostra se essas prote\u00ednas sofreram altera\u00e7\u00f5es, incluindo a subida de concentra\u00e7\u00e3o ou uma mudan\u00e7a estrutural.<\/p>\n\n\n\n<p>Foram testados 12 ratos, sendo que metade tomou um placebo e o restante, o diacetil.<\/p>\n\n\n\n<p>\u201cDe 48 prote\u00ednas cerebrais que avaliamos ap\u00f3s a exposi\u00e7\u00e3o dos animais ao produto, 46 sofreram algum tipo de desregula\u00e7\u00e3o ou modifica\u00e7\u00e3o em sua estrutura por conta do consumo prolongado do composto\u201d, partilhou Lucas Ximenes, doutorado do IQSC e autor da pesquisa, num&nbsp;comunicado.<\/p>\n\n\n\n<p>A an\u00e1lise registrou um aumento da concentra\u00e7\u00e3o de prote\u00ednas beta-amiloides, normalmente encontradas em pacientes com Alzheimer. Mais ainda, foram registadas outras altera\u00e7\u00f5es proteicas nos c\u00e9rebros dos roedores, potencialmente&nbsp; associadas ao desenvolvimento de dem\u00eancia e tumores.<\/p>\n\n\n\n<p>Segundo Lucas Ximenes, pesquisas anteriores j\u00e1 demonstraram que a subst\u00e2ncia \u00e9 capaz de causar problemas pulmonares, como a bronquite obliterante, apelidada de \u2018doen\u00e7a da pipoca de microondas\u2019.<\/p>\n\n\n\n<p>Entretanto, o diacetil \u00e9 usado como conservante e aromatizante em in\u00fameros produtos na ind\u00fastria alimentar, podendo ser encontrado naturalmente no caf\u00e9, cerveja, em chocolates, no leite ou em iogurtes. Nas pipocas, o composto \u00e9 usado como aditivo, em concentra\u00e7\u00f5es mais elevadas.<\/p>\n\n\n\n<p>Fonte: Noticias ao minuto<\/p>\n","protected":false},"excerpt":{"rendered":"<p>De acordo com os investigadores, o diacetil, pode provocar danos cerebrais associados \u00e0 doen\u00e7a de&#8230;<\/p>\n","protected":false},"author":5,"featured_media":1375,"comment_status":"open","ping_status":"open","sticky":false,"template":"","format":"standard","meta":{"footnotes":""},"categories":[49],"tags":[342,343,341],"class_list":["post-1374","post","type-post","status-publish","format-standard","has-post-thumbnail","hentry","category-destaques","tag-alzheimer","tag-iqsc","tag-pipoca"],"yoast_head":"<!-- This site is optimized with the Yoast SEO plugin v24.4 - https:\/\/yoast.com\/wordpress\/plugins\/seo\/ -->\n<title>Composto presente em pipocas de microondas pode provocar Alzheimer - Not\u00edcias de Todos - Models01<\/title>\n<meta name=\"robots\" content=\"index, follow, max-snippet:-1, max-image-preview:large, max-video-preview:-1\" \/>\n<link rel=\"canonical\" href=\"https:\/\/markd.com.br\/models\/composto-presente-em-pipocas-de-microondas-pode-provocar-alzheimer\/\" \/>\n<meta property=\"og:locale\" content=\"pt_BR\" \/>\n<meta property=\"og:type\" content=\"article\" \/>\n<meta property=\"og:title\" content=\"Composto presente em pipocas de microondas pode provocar Alzheimer - Not\u00edcias de Todos - Models01\" \/>\n<meta property=\"og:description\" content=\"De acordo com os investigadores, o diacetil, pode provocar danos cerebrais associados \u00e0 doen\u00e7a de...\" \/>\n<meta property=\"og:url\" content=\"https:\/\/markd.com.br\/models\/composto-presente-em-pipocas-de-microondas-pode-provocar-alzheimer\/\" \/>\n<meta property=\"og:site_name\" content=\"Not\u00edcias de Todos - Models01\" \/>\n<meta property=\"article:published_time\" content=\"2022-04-07T20:27:30+00:00\" \/>\n<meta property=\"article:modified_time\" content=\"2022-04-07T20:27:36+00:00\" \/>\n<meta property=\"og:image\" content=\"https:\/\/markd.com.br\/models\/wp-content\/uploads\/2022\/04\/naom_624ec25902696.jpg\" \/>\n\t<meta property=\"og:image:width\" content=\"640\" \/>\n\t<meta property=\"og:image:height\" content=\"360\" \/>\n\t<meta property=\"og:image:type\" content=\"image\/jpeg\" \/>\n<meta name=\"author\" content=\"Reda\u00e7\u00e3o Reda\u00e7\u00e3o\" \/>\n<meta name=\"twitter:card\" content=\"summary_large_image\" \/>\n<meta name=\"twitter:label1\" content=\"Escrito por\" \/>\n\t<meta name=\"twitter:data1\" content=\"Reda\u00e7\u00e3o Reda\u00e7\u00e3o\" \/>\n\t<meta name=\"twitter:label2\" content=\"Est. tempo de leitura\" \/>\n\t<meta name=\"twitter:data2\" content=\"2 minutos\" \/>\n<script type=\"application\/ld+json\" class=\"yoast-schema-graph\">{\"@context\":\"https:\/\/schema.org\",\"@graph\":[{\"@type\":\"WebPage\",\"@id\":\"https:\/\/markd.com.br\/models\/composto-presente-em-pipocas-de-microondas-pode-provocar-alzheimer\/\",\"url\":\"https:\/\/markd.com.br\/models\/composto-presente-em-pipocas-de-microondas-pode-provocar-alzheimer\/\",\"name\":\"Composto presente em pipocas de microondas pode provocar Alzheimer - Not\u00edcias de Todos - Models01\",\"isPartOf\":{\"@id\":\"https:\/\/markd.com.br\/models\/#website\"},\"primaryImageOfPage\":{\"@id\":\"https:\/\/markd.com.br\/models\/composto-presente-em-pipocas-de-microondas-pode-provocar-alzheimer\/#primaryimage\"},\"image\":{\"@id\":\"https:\/\/markd.com.br\/models\/composto-presente-em-pipocas-de-microondas-pode-provocar-alzheimer\/#primaryimage\"},\"thumbnailUrl\":\"https:\/\/markd.com.br\/models\/wp-content\/uploads\/2022\/04\/naom_624ec25902696.jpg\",\"datePublished\":\"2022-04-07T20:27:30+00:00\",\"dateModified\":\"2022-04-07T20:27:36+00:00\",\"author\":{\"@id\":\"https:\/\/markd.com.br\/models\/#\/schema\/person\/c12a77ab487a7262d8bec3c47301ad37\"},\"breadcrumb\":{\"@id\":\"https:\/\/markd.com.br\/models\/composto-presente-em-pipocas-de-microondas-pode-provocar-alzheimer\/#breadcrumb\"},\"inLanguage\":\"pt-BR\",\"potentialAction\":[{\"@type\":\"ReadAction\",\"target\":[\"https:\/\/markd.com.br\/models\/composto-presente-em-pipocas-de-microondas-pode-provocar-alzheimer\/\"]}]},{\"@type\":\"ImageObject\",\"inLanguage\":\"pt-BR\",\"@id\":\"https:\/\/markd.com.br\/models\/composto-presente-em-pipocas-de-microondas-pode-provocar-alzheimer\/#primaryimage\",\"url\":\"https:\/\/markd.com.br\/models\/wp-content\/uploads\/2022\/04\/naom_624ec25902696.jpg\",\"contentUrl\":\"https:\/\/markd.com.br\/models\/wp-content\/uploads\/2022\/04\/naom_624ec25902696.jpg\",\"width\":640,\"height\":360},{\"@type\":\"BreadcrumbList\",\"@id\":\"https:\/\/markd.com.br\/models\/composto-presente-em-pipocas-de-microondas-pode-provocar-alzheimer\/#breadcrumb\",\"itemListElement\":[{\"@type\":\"ListItem\",\"position\":1,\"name\":\"In\u00edcio\",\"item\":\"https:\/\/markd.com.br\/models\/\"},{\"@type\":\"ListItem\",\"position\":2,\"name\":\"Composto presente em pipocas de microondas pode provocar Alzheimer\"}]},{\"@type\":\"WebSite\",\"@id\":\"https:\/\/markd.com.br\/models\/#website\",\"url\":\"https:\/\/markd.com.br\/models\/\",\"name\":\"Not\u00edcias de Todos - Models01\",\"description\":\"Tenha um Portal de Not\u00edcias Moderno, Din\u00e2mico, R\u00e1pido e Profissional. Entregamos seu Site de  Not\u00edcias Pronto, Instalado, Hospedado, com Manual Passo a Passo e Suporte 24 horas.\",\"potentialAction\":[{\"@type\":\"SearchAction\",\"target\":{\"@type\":\"EntryPoint\",\"urlTemplate\":\"https:\/\/markd.com.br\/models\/?s={search_term_string}\"},\"query-input\":{\"@type\":\"PropertyValueSpecification\",\"valueRequired\":true,\"valueName\":\"search_term_string\"}}],\"inLanguage\":\"pt-BR\"},{\"@type\":\"Person\",\"@id\":\"https:\/\/markd.com.br\/models\/#\/schema\/person\/c12a77ab487a7262d8bec3c47301ad37\",\"name\":\"Reda\u00e7\u00e3o Reda\u00e7\u00e3o\",\"image\":{\"@type\":\"ImageObject\",\"inLanguage\":\"pt-BR\",\"@id\":\"https:\/\/markd.com.br\/models\/#\/schema\/person\/image\/\",\"url\":\"https:\/\/secure.gravatar.com\/avatar\/9448f3599ce269febf169e183039b4a6?s=96&d=mm&r=g\",\"contentUrl\":\"https:\/\/secure.gravatar.com\/avatar\/9448f3599ce269febf169e183039b4a6?s=96&d=mm&r=g\",\"caption\":\"Reda\u00e7\u00e3o Reda\u00e7\u00e3o\"},\"sameAs\":[\"https:\/\/markd.com.br\/\"],\"url\":\"https:\/\/markd.com.br\/models\/author\/redacao\/\"}]}<\/script>\n<!-- \/ Yoast SEO plugin. -->","yoast_head_json":{"title":"Composto presente em pipocas de microondas pode provocar Alzheimer - Not\u00edcias de Todos - Models01","robots":{"index":"index","follow":"follow","max-snippet":"max-snippet:-1","max-image-preview":"max-image-preview:large","max-video-preview":"max-video-preview:-1"},"canonical":"https:\/\/markd.com.br\/models\/composto-presente-em-pipocas-de-microondas-pode-provocar-alzheimer\/","og_locale":"pt_BR","og_type":"article","og_title":"Composto presente em pipocas de microondas pode provocar Alzheimer - Not\u00edcias de Todos - Models01","og_description":"De acordo com os investigadores, o diacetil, pode provocar danos cerebrais associados \u00e0 doen\u00e7a de...","og_url":"https:\/\/markd.com.br\/models\/composto-presente-em-pipocas-de-microondas-pode-provocar-alzheimer\/","og_site_name":"Not\u00edcias de Todos - Models01","article_published_time":"2022-04-07T20:27:30+00:00","article_modified_time":"2022-04-07T20:27:36+00:00","og_image":[{"width":640,"height":360,"url":"https:\/\/markd.com.br\/models\/wp-content\/uploads\/2022\/04\/naom_624ec25902696.jpg","type":"image\/jpeg"}],"author":"Reda\u00e7\u00e3o Reda\u00e7\u00e3o","twitter_card":"summary_large_image","twitter_misc":{"Escrito por":"Reda\u00e7\u00e3o Reda\u00e7\u00e3o","Est. tempo de leitura":"2 minutos"},"schema":{"@context":"https:\/\/schema.org","@graph":[{"@type":"WebPage","@id":"https:\/\/markd.com.br\/models\/composto-presente-em-pipocas-de-microondas-pode-provocar-alzheimer\/","url":"https:\/\/markd.com.br\/models\/composto-presente-em-pipocas-de-microondas-pode-provocar-alzheimer\/","name":"Composto presente em pipocas de microondas pode provocar Alzheimer - Not\u00edcias de Todos - Models01","isPartOf":{"@id":"https:\/\/markd.com.br\/models\/#website"},"primaryImageOfPage":{"@id":"https:\/\/markd.com.br\/models\/composto-presente-em-pipocas-de-microondas-pode-provocar-alzheimer\/#primaryimage"},"image":{"@id":"https:\/\/markd.com.br\/models\/composto-presente-em-pipocas-de-microondas-pode-provocar-alzheimer\/#primaryimage"},"thumbnailUrl":"https:\/\/markd.com.br\/models\/wp-content\/uploads\/2022\/04\/naom_624ec25902696.jpg","datePublished":"2022-04-07T20:27:30+00:00","dateModified":"2022-04-07T20:27:36+00:00","author":{"@id":"https:\/\/markd.com.br\/models\/#\/schema\/person\/c12a77ab487a7262d8bec3c47301ad37"},"breadcrumb":{"@id":"https:\/\/markd.com.br\/models\/composto-presente-em-pipocas-de-microondas-pode-provocar-alzheimer\/#breadcrumb"},"inLanguage":"pt-BR","potentialAction":[{"@type":"ReadAction","target":["https:\/\/markd.com.br\/models\/composto-presente-em-pipocas-de-microondas-pode-provocar-alzheimer\/"]}]},{"@type":"ImageObject","inLanguage":"pt-BR","@id":"https:\/\/markd.com.br\/models\/composto-presente-em-pipocas-de-microondas-pode-provocar-alzheimer\/#primaryimage","url":"https:\/\/markd.com.br\/models\/wp-content\/uploads\/2022\/04\/naom_624ec25902696.jpg","contentUrl":"https:\/\/markd.com.br\/models\/wp-content\/uploads\/2022\/04\/naom_624ec25902696.jpg","width":640,"height":360},{"@type":"BreadcrumbList","@id":"https:\/\/markd.com.br\/models\/composto-presente-em-pipocas-de-microondas-pode-provocar-alzheimer\/#breadcrumb","itemListElement":[{"@type":"ListItem","position":1,"name":"In\u00edcio","item":"https:\/\/markd.com.br\/models\/"},{"@type":"ListItem","position":2,"name":"Composto presente em pipocas de microondas pode provocar Alzheimer"}]},{"@type":"WebSite","@id":"https:\/\/markd.com.br\/models\/#website","url":"https:\/\/markd.com.br\/models\/","name":"Not\u00edcias de Todos - Models01","description":"Tenha um Portal de Not\u00edcias Moderno, Din\u00e2mico, R\u00e1pido e Profissional. Entregamos seu Site de  Not\u00edcias Pronto, Instalado, Hospedado, com Manual Passo a Passo e Suporte 24 horas.","potentialAction":[{"@type":"SearchAction","target":{"@type":"EntryPoint","urlTemplate":"https:\/\/markd.com.br\/models\/?s={search_term_string}"},"query-input":{"@type":"PropertyValueSpecification","valueRequired":true,"valueName":"search_term_string"}}],"inLanguage":"pt-BR"},{"@type":"Person","@id":"https:\/\/markd.com.br\/models\/#\/schema\/person\/c12a77ab487a7262d8bec3c47301ad37","name":"Reda\u00e7\u00e3o Reda\u00e7\u00e3o","image":{"@type":"ImageObject","inLanguage":"pt-BR","@id":"https:\/\/markd.com.br\/models\/#\/schema\/person\/image\/","url":"https:\/\/secure.gravatar.com\/avatar\/9448f3599ce269febf169e183039b4a6?s=96&d=mm&r=g","contentUrl":"https:\/\/secure.gravatar.com\/avatar\/9448f3599ce269febf169e183039b4a6?s=96&d=mm&r=g","caption":"Reda\u00e7\u00e3o Reda\u00e7\u00e3o"},"sameAs":["https:\/\/markd.com.br\/"],"url":"https:\/\/markd.com.br\/models\/author\/redacao\/"}]}},"featured_image_urls":{"full":["https:\/\/markd.com.br\/models\/wp-content\/uploads\/2022\/04\/naom_624ec25902696.jpg",640,360,false],"thumbnail":["https:\/\/markd.com.br\/models\/wp-content\/uploads\/2022\/04\/naom_624ec25902696-150x150.jpg",150,150,true],"medium":["https:\/\/markd.com.br\/models\/wp-content\/uploads\/2022\/04\/naom_624ec25902696-300x169.jpg",300,169,true],"medium_large":["https:\/\/markd.com.br\/models\/wp-content\/uploads\/2022\/04\/naom_624ec25902696.jpg",640,360,false],"large":["https:\/\/markd.com.br\/models\/wp-content\/uploads\/2022\/04\/naom_624ec25902696.jpg",640,360,false],"1536x1536":["https:\/\/markd.com.br\/models\/wp-content\/uploads\/2022\/04\/naom_624ec25902696.jpg",640,360,false],"2048x2048":["https:\/\/markd.com.br\/models\/wp-content\/uploads\/2022\/04\/naom_624ec25902696.jpg",640,360,false],"newsphere-slider-full":["https:\/\/markd.com.br\/models\/wp-content\/uploads\/2022\/04\/naom_624ec25902696.jpg",640,360,false],"newsphere-featured":["https:\/\/markd.com.br\/models\/wp-content\/uploads\/2022\/04\/naom_624ec25902696.jpg",640,360,false],"newsphere-medium":["https:\/\/markd.com.br\/models\/wp-content\/uploads\/2022\/04\/naom_624ec25902696.jpg",640,360,false]},"author_info":{"display_name":"Reda\u00e7\u00e3o Reda\u00e7\u00e3o","author_link":"https:\/\/markd.com.br\/models\/author\/redacao\/"},"category_info":"<a href=\"https:\/\/markd.com.br\/models\/category\/destaques\/\" rel=\"category tag\">destaques<\/a>","tag_info":"destaques","comment_count":"0","jetpack_featured_media_url":"https:\/\/markd.com.br\/models\/wp-content\/uploads\/2022\/04\/naom_624ec25902696.jpg","_links":{"self":[{"href":"https:\/\/markd.com.br\/models\/wp-json\/wp\/v2\/posts\/1374","targetHints":{"allow":["GET"]}}],"collection":[{"href":"https:\/\/markd.com.br\/models\/wp-json\/wp\/v2\/posts"}],"about":[{"href":"https:\/\/markd.com.br\/models\/wp-json\/wp\/v2\/types\/post"}],"author":[{"embeddable":true,"href":"https:\/\/markd.com.br\/models\/wp-json\/wp\/v2\/users\/5"}],"replies":[{"embeddable":true,"href":"https:\/\/markd.com.br\/models\/wp-json\/wp\/v2\/comments?post=1374"}],"version-history":[{"count":1,"href":"https:\/\/markd.com.br\/models\/wp-json\/wp\/v2\/posts\/1374\/revisions"}],"predecessor-version":[{"id":1376,"href":"https:\/\/markd.com.br\/models\/wp-json\/wp\/v2\/posts\/1374\/revisions\/1376"}],"wp:featuredmedia":[{"embeddable":true,"href":"https:\/\/markd.com.br\/models\/wp-json\/wp\/v2\/media\/1375"}],"wp:attachment":[{"href":"https:\/\/markd.com.br\/models\/wp-json\/wp\/v2\/media?parent=1374"}],"wp:term":[{"taxonomy":"category","embeddable":true,"href":"https:\/\/markd.com.br\/models\/wp-json\/wp\/v2\/categories?post=1374"},{"taxonomy":"post_tag","embeddable":true,"href":"https:\/\/markd.com.br\/models\/wp-json\/wp\/v2\/tags?post=1374"}],"curies":[{"name":"wp","href":"https:\/\/api.w.org\/{rel}","templated":true}]}}