{"id":1380,"date":"2022-04-08T12:17:30","date_gmt":"2022-04-08T15:17:30","guid":{"rendered":"https:\/\/portaldestaquenoticias.com.br\/?p=1380"},"modified":"2022-04-08T12:21:35","modified_gmt":"2022-04-08T15:21:35","slug":"homem-mata-cachorro-a-pauladas-no-sudoeste-do-estado-do-para","status":"publish","type":"post","link":"https:\/\/markd.com.br\/models\/homem-mata-cachorro-a-pauladas-no-sudoeste-do-estado-do-para\/","title":{"rendered":"Homem mata cachorro a pauladas no sudoeste do estado do Par\u00e1"},"content":{"rendered":"\n<p><\/p>\n\n\n\n<p><br>A pr\u00e1tica de maus-tratos a animais dom\u00e9sticos no Brasil \u00e9 crime previsto na Lei 9.605-98, com pena de 2 a 5 anos de pris\u00e3o, al\u00e9m do pagamento de multa e inclus\u00e3o do nome no registro de antecedente criminal, para quem for condenado.&nbsp;&nbsp;<\/p>\n\n\n\n<p>Um crime contra um cachorro da ra\u00e7a vira-lata revoltou uma comunidade no sudoeste do Par\u00e1. O animal foi morto a pauladas. O v\u00eddeo com as cenas come\u00e7ou a circular nesta segunda-feira (4) e a Pol\u00edcia Civil investiga o caso.<\/p>\n\n\n\n<p>Segundo o portal de not\u00edcias Giro, de Itaituba, o caso aconteceu na comunidade rural de S\u00e3o Benedito, localizada na estrada de Barreiras, zona rural do munic\u00edpio de Itaituba, no dia 29 de mar\u00e7o deste ano. O agressor que aparece nas imagens seria conhecido como Paulo, dono do animal e de outros que aparecem no v\u00eddeo.<\/p>\n\n\n\n<p>Com um peda\u00e7o de madeira em m\u00e3os, o agressor aplica mais de 10 pauladas na cabe\u00e7a do cachorro, que n\u00e3o resistiu e morreu. Em seguida, aparece o agressor arrastando o corpo do animal para o mato.<\/p>\n\n\n\n<p>A f\u00faria do homem foi causada porque flagrou o animal em situa\u00e7\u00e3o de acasalamento com uma cadela de uma outra ra\u00e7a, tamb\u00e9m de propriedade do agressor que recebeu os animais por meio de doa\u00e7\u00e3o.<\/p>\n\n\n\n<p class=\"has-text-align-center\">As imagens tem causado revolta entre os moradores da regi\u00e3o. O v\u00eddeo foi encaminhado para a PC-AM.<video controls=\"\" src=\"https:\/\/portalmancheteam.com.br\/wp-content\/uploads\/2022\/04\/WhatsApp-Video-2022-04-08-at-10.55.17.mp4\"><\/p>\n","protected":false},"excerpt":{"rendered":"<p>A pr\u00e1tica de maus-tratos a animais dom\u00e9sticos no Brasil \u00e9 crime previsto na Lei 9.605-98,&#8230;<\/p>\n","protected":false},"author":5,"featured_media":1381,"comment_status":"open","ping_status":"open","sticky":false,"template":"","format":"standard","meta":{"footnotes":""},"categories":[34],"tags":[345,346,110],"class_list":["post-1380","post","type-post","status-publish","format-standard","has-post-thumbnail","hentry","category-musica","tag-malstratos","tag-pauladas","tag-policia-civil"],"yoast_head":"<!-- This site is optimized with the Yoast SEO plugin v24.4 - https:\/\/yoast.com\/wordpress\/plugins\/seo\/ -->\n<title>Homem mata cachorro a pauladas no sudoeste do estado do Par\u00e1 - Not\u00edcias de Todos - Models01<\/title>\n<meta name=\"robots\" content=\"index, follow, max-snippet:-1, max-image-preview:large, max-video-preview:-1\" \/>\n<link rel=\"canonical\" href=\"https:\/\/markd.com.br\/models\/homem-mata-cachorro-a-pauladas-no-sudoeste-do-estado-do-para\/\" \/>\n<meta property=\"og:locale\" content=\"pt_BR\" \/>\n<meta property=\"og:type\" content=\"article\" \/>\n<meta property=\"og:title\" content=\"Homem mata cachorro a pauladas no sudoeste do estado do Par\u00e1 - Not\u00edcias de Todos - Models01\" \/>\n<meta property=\"og:description\" content=\"A pr\u00e1tica de maus-tratos a animais dom\u00e9sticos no Brasil \u00e9 crime previsto na Lei 9.605-98,...\" \/>\n<meta property=\"og:url\" content=\"https:\/\/markd.com.br\/models\/homem-mata-cachorro-a-pauladas-no-sudoeste-do-estado-do-para\/\" \/>\n<meta property=\"og:site_name\" content=\"Not\u00edcias de Todos - Models01\" \/>\n<meta property=\"article:published_time\" content=\"2022-04-08T15:17:30+00:00\" \/>\n<meta property=\"article:modified_time\" content=\"2022-04-08T15:21:35+00:00\" \/>\n<meta property=\"og:image\" content=\"https:\/\/markd.com.br\/models\/wp-content\/uploads\/2022\/04\/27_624b637240617-640x445-1.jpeg\" \/>\n\t<meta property=\"og:image:width\" content=\"640\" \/>\n\t<meta property=\"og:image:height\" content=\"445\" \/>\n\t<meta property=\"og:image:type\" content=\"image\/jpeg\" \/>\n<meta name=\"author\" content=\"Reda\u00e7\u00e3o Reda\u00e7\u00e3o\" \/>\n<meta name=\"twitter:card\" content=\"summary_large_image\" \/>\n<meta name=\"twitter:label1\" content=\"Escrito por\" \/>\n\t<meta name=\"twitter:data1\" content=\"Reda\u00e7\u00e3o Reda\u00e7\u00e3o\" \/>\n\t<meta name=\"twitter:label2\" content=\"Est. tempo de leitura\" \/>\n\t<meta name=\"twitter:data2\" content=\"2 minutos\" \/>\n<script type=\"application\/ld+json\" class=\"yoast-schema-graph\">{\"@context\":\"https:\/\/schema.org\",\"@graph\":[{\"@type\":\"WebPage\",\"@id\":\"https:\/\/markd.com.br\/models\/homem-mata-cachorro-a-pauladas-no-sudoeste-do-estado-do-para\/\",\"url\":\"https:\/\/markd.com.br\/models\/homem-mata-cachorro-a-pauladas-no-sudoeste-do-estado-do-para\/\",\"name\":\"Homem mata cachorro a pauladas no sudoeste do estado do Par\u00e1 - Not\u00edcias de Todos - Models01\",\"isPartOf\":{\"@id\":\"https:\/\/markd.com.br\/models\/#website\"},\"primaryImageOfPage\":{\"@id\":\"https:\/\/markd.com.br\/models\/homem-mata-cachorro-a-pauladas-no-sudoeste-do-estado-do-para\/#primaryimage\"},\"image\":{\"@id\":\"https:\/\/markd.com.br\/models\/homem-mata-cachorro-a-pauladas-no-sudoeste-do-estado-do-para\/#primaryimage\"},\"thumbnailUrl\":\"https:\/\/markd.com.br\/models\/wp-content\/uploads\/2022\/04\/27_624b637240617-640x445-1.jpeg\",\"datePublished\":\"2022-04-08T15:17:30+00:00\",\"dateModified\":\"2022-04-08T15:21:35+00:00\",\"author\":{\"@id\":\"https:\/\/markd.com.br\/models\/#\/schema\/person\/c12a77ab487a7262d8bec3c47301ad37\"},\"breadcrumb\":{\"@id\":\"https:\/\/markd.com.br\/models\/homem-mata-cachorro-a-pauladas-no-sudoeste-do-estado-do-para\/#breadcrumb\"},\"inLanguage\":\"pt-BR\",\"potentialAction\":[{\"@type\":\"ReadAction\",\"target\":[\"https:\/\/markd.com.br\/models\/homem-mata-cachorro-a-pauladas-no-sudoeste-do-estado-do-para\/\"]}]},{\"@type\":\"ImageObject\",\"inLanguage\":\"pt-BR\",\"@id\":\"https:\/\/markd.com.br\/models\/homem-mata-cachorro-a-pauladas-no-sudoeste-do-estado-do-para\/#primaryimage\",\"url\":\"https:\/\/markd.com.br\/models\/wp-content\/uploads\/2022\/04\/27_624b637240617-640x445-1.jpeg\",\"contentUrl\":\"https:\/\/markd.com.br\/models\/wp-content\/uploads\/2022\/04\/27_624b637240617-640x445-1.jpeg\",\"width\":640,\"height\":445},{\"@type\":\"BreadcrumbList\",\"@id\":\"https:\/\/markd.com.br\/models\/homem-mata-cachorro-a-pauladas-no-sudoeste-do-estado-do-para\/#breadcrumb\",\"itemListElement\":[{\"@type\":\"ListItem\",\"position\":1,\"name\":\"In\u00edcio\",\"item\":\"https:\/\/markd.com.br\/models\/\"},{\"@type\":\"ListItem\",\"position\":2,\"name\":\"Homem mata cachorro a pauladas no sudoeste do estado do Par\u00e1\"}]},{\"@type\":\"WebSite\",\"@id\":\"https:\/\/markd.com.br\/models\/#website\",\"url\":\"https:\/\/markd.com.br\/models\/\",\"name\":\"Not\u00edcias de Todos - Models01\",\"description\":\"Tenha um Portal de Not\u00edcias Moderno, Din\u00e2mico, R\u00e1pido e Profissional. Entregamos seu Site de  Not\u00edcias Pronto, Instalado, Hospedado, com Manual Passo a Passo e Suporte 24 horas.\",\"potentialAction\":[{\"@type\":\"SearchAction\",\"target\":{\"@type\":\"EntryPoint\",\"urlTemplate\":\"https:\/\/markd.com.br\/models\/?s={search_term_string}\"},\"query-input\":{\"@type\":\"PropertyValueSpecification\",\"valueRequired\":true,\"valueName\":\"search_term_string\"}}],\"inLanguage\":\"pt-BR\"},{\"@type\":\"Person\",\"@id\":\"https:\/\/markd.com.br\/models\/#\/schema\/person\/c12a77ab487a7262d8bec3c47301ad37\",\"name\":\"Reda\u00e7\u00e3o Reda\u00e7\u00e3o\",\"image\":{\"@type\":\"ImageObject\",\"inLanguage\":\"pt-BR\",\"@id\":\"https:\/\/markd.com.br\/models\/#\/schema\/person\/image\/\",\"url\":\"https:\/\/secure.gravatar.com\/avatar\/9448f3599ce269febf169e183039b4a6?s=96&d=mm&r=g\",\"contentUrl\":\"https:\/\/secure.gravatar.com\/avatar\/9448f3599ce269febf169e183039b4a6?s=96&d=mm&r=g\",\"caption\":\"Reda\u00e7\u00e3o Reda\u00e7\u00e3o\"},\"sameAs\":[\"https:\/\/markd.com.br\/\"],\"url\":\"https:\/\/markd.com.br\/models\/author\/redacao\/\"}]}<\/script>\n<!-- \/ Yoast SEO plugin. -->","yoast_head_json":{"title":"Homem mata cachorro a pauladas no sudoeste do estado do Par\u00e1 - Not\u00edcias de Todos - Models01","robots":{"index":"index","follow":"follow","max-snippet":"max-snippet:-1","max-image-preview":"max-image-preview:large","max-video-preview":"max-video-preview:-1"},"canonical":"https:\/\/markd.com.br\/models\/homem-mata-cachorro-a-pauladas-no-sudoeste-do-estado-do-para\/","og_locale":"pt_BR","og_type":"article","og_title":"Homem mata cachorro a pauladas no sudoeste do estado do Par\u00e1 - Not\u00edcias de Todos - Models01","og_description":"A pr\u00e1tica de maus-tratos a animais dom\u00e9sticos no Brasil \u00e9 crime previsto na Lei 9.605-98,...","og_url":"https:\/\/markd.com.br\/models\/homem-mata-cachorro-a-pauladas-no-sudoeste-do-estado-do-para\/","og_site_name":"Not\u00edcias de Todos - Models01","article_published_time":"2022-04-08T15:17:30+00:00","article_modified_time":"2022-04-08T15:21:35+00:00","og_image":[{"width":640,"height":445,"url":"https:\/\/markd.com.br\/models\/wp-content\/uploads\/2022\/04\/27_624b637240617-640x445-1.jpeg","type":"image\/jpeg"}],"author":"Reda\u00e7\u00e3o Reda\u00e7\u00e3o","twitter_card":"summary_large_image","twitter_misc":{"Escrito por":"Reda\u00e7\u00e3o Reda\u00e7\u00e3o","Est. tempo de leitura":"2 minutos"},"schema":{"@context":"https:\/\/schema.org","@graph":[{"@type":"WebPage","@id":"https:\/\/markd.com.br\/models\/homem-mata-cachorro-a-pauladas-no-sudoeste-do-estado-do-para\/","url":"https:\/\/markd.com.br\/models\/homem-mata-cachorro-a-pauladas-no-sudoeste-do-estado-do-para\/","name":"Homem mata cachorro a pauladas no sudoeste do estado do Par\u00e1 - Not\u00edcias de Todos - Models01","isPartOf":{"@id":"https:\/\/markd.com.br\/models\/#website"},"primaryImageOfPage":{"@id":"https:\/\/markd.com.br\/models\/homem-mata-cachorro-a-pauladas-no-sudoeste-do-estado-do-para\/#primaryimage"},"image":{"@id":"https:\/\/markd.com.br\/models\/homem-mata-cachorro-a-pauladas-no-sudoeste-do-estado-do-para\/#primaryimage"},"thumbnailUrl":"https:\/\/markd.com.br\/models\/wp-content\/uploads\/2022\/04\/27_624b637240617-640x445-1.jpeg","datePublished":"2022-04-08T15:17:30+00:00","dateModified":"2022-04-08T15:21:35+00:00","author":{"@id":"https:\/\/markd.com.br\/models\/#\/schema\/person\/c12a77ab487a7262d8bec3c47301ad37"},"breadcrumb":{"@id":"https:\/\/markd.com.br\/models\/homem-mata-cachorro-a-pauladas-no-sudoeste-do-estado-do-para\/#breadcrumb"},"inLanguage":"pt-BR","potentialAction":[{"@type":"ReadAction","target":["https:\/\/markd.com.br\/models\/homem-mata-cachorro-a-pauladas-no-sudoeste-do-estado-do-para\/"]}]},{"@type":"ImageObject","inLanguage":"pt-BR","@id":"https:\/\/markd.com.br\/models\/homem-mata-cachorro-a-pauladas-no-sudoeste-do-estado-do-para\/#primaryimage","url":"https:\/\/markd.com.br\/models\/wp-content\/uploads\/2022\/04\/27_624b637240617-640x445-1.jpeg","contentUrl":"https:\/\/markd.com.br\/models\/wp-content\/uploads\/2022\/04\/27_624b637240617-640x445-1.jpeg","width":640,"height":445},{"@type":"BreadcrumbList","@id":"https:\/\/markd.com.br\/models\/homem-mata-cachorro-a-pauladas-no-sudoeste-do-estado-do-para\/#breadcrumb","itemListElement":[{"@type":"ListItem","position":1,"name":"In\u00edcio","item":"https:\/\/markd.com.br\/models\/"},{"@type":"ListItem","position":2,"name":"Homem mata cachorro a pauladas no sudoeste do estado do Par\u00e1"}]},{"@type":"WebSite","@id":"https:\/\/markd.com.br\/models\/#website","url":"https:\/\/markd.com.br\/models\/","name":"Not\u00edcias de Todos - Models01","description":"Tenha um Portal de Not\u00edcias Moderno, Din\u00e2mico, R\u00e1pido e Profissional. Entregamos seu Site de  Not\u00edcias Pronto, Instalado, Hospedado, com Manual Passo a Passo e Suporte 24 horas.","potentialAction":[{"@type":"SearchAction","target":{"@type":"EntryPoint","urlTemplate":"https:\/\/markd.com.br\/models\/?s={search_term_string}"},"query-input":{"@type":"PropertyValueSpecification","valueRequired":true,"valueName":"search_term_string"}}],"inLanguage":"pt-BR"},{"@type":"Person","@id":"https:\/\/markd.com.br\/models\/#\/schema\/person\/c12a77ab487a7262d8bec3c47301ad37","name":"Reda\u00e7\u00e3o Reda\u00e7\u00e3o","image":{"@type":"ImageObject","inLanguage":"pt-BR","@id":"https:\/\/markd.com.br\/models\/#\/schema\/person\/image\/","url":"https:\/\/secure.gravatar.com\/avatar\/9448f3599ce269febf169e183039b4a6?s=96&d=mm&r=g","contentUrl":"https:\/\/secure.gravatar.com\/avatar\/9448f3599ce269febf169e183039b4a6?s=96&d=mm&r=g","caption":"Reda\u00e7\u00e3o Reda\u00e7\u00e3o"},"sameAs":["https:\/\/markd.com.br\/"],"url":"https:\/\/markd.com.br\/models\/author\/redacao\/"}]}},"featured_image_urls":{"full":["https:\/\/markd.com.br\/models\/wp-content\/uploads\/2022\/04\/27_624b637240617-640x445-1.jpeg",640,445,false],"thumbnail":["https:\/\/markd.com.br\/models\/wp-content\/uploads\/2022\/04\/27_624b637240617-640x445-1-150x150.jpeg",150,150,true],"medium":["https:\/\/markd.com.br\/models\/wp-content\/uploads\/2022\/04\/27_624b637240617-640x445-1-300x209.jpeg",300,209,true],"medium_large":["https:\/\/markd.com.br\/models\/wp-content\/uploads\/2022\/04\/27_624b637240617-640x445-1.jpeg",640,445,false],"large":["https:\/\/markd.com.br\/models\/wp-content\/uploads\/2022\/04\/27_624b637240617-640x445-1.jpeg",640,445,false],"1536x1536":["https:\/\/markd.com.br\/models\/wp-content\/uploads\/2022\/04\/27_624b637240617-640x445-1.jpeg",640,445,false],"2048x2048":["https:\/\/markd.com.br\/models\/wp-content\/uploads\/2022\/04\/27_624b637240617-640x445-1.jpeg",640,445,false],"newsphere-slider-full":["https:\/\/markd.com.br\/models\/wp-content\/uploads\/2022\/04\/27_624b637240617-640x445-1.jpeg",640,445,false],"newsphere-featured":["https:\/\/markd.com.br\/models\/wp-content\/uploads\/2022\/04\/27_624b637240617-640x445-1.jpeg",640,445,false],"newsphere-medium":["https:\/\/markd.com.br\/models\/wp-content\/uploads\/2022\/04\/27_624b637240617-640x445-1-640x380.jpeg",640,380,true]},"author_info":{"display_name":"Reda\u00e7\u00e3o Reda\u00e7\u00e3o","author_link":"https:\/\/markd.com.br\/models\/author\/redacao\/"},"category_info":"<a href=\"https:\/\/markd.com.br\/models\/category\/musica\/\" rel=\"category tag\">Pol\u00edcia<\/a>","tag_info":"Pol\u00edcia","comment_count":"0","jetpack_featured_media_url":"https:\/\/markd.com.br\/models\/wp-content\/uploads\/2022\/04\/27_624b637240617-640x445-1.jpeg","_links":{"self":[{"href":"https:\/\/markd.com.br\/models\/wp-json\/wp\/v2\/posts\/1380","targetHints":{"allow":["GET"]}}],"collection":[{"href":"https:\/\/markd.com.br\/models\/wp-json\/wp\/v2\/posts"}],"about":[{"href":"https:\/\/markd.com.br\/models\/wp-json\/wp\/v2\/types\/post"}],"author":[{"embeddable":true,"href":"https:\/\/markd.com.br\/models\/wp-json\/wp\/v2\/users\/5"}],"replies":[{"embeddable":true,"href":"https:\/\/markd.com.br\/models\/wp-json\/wp\/v2\/comments?post=1380"}],"version-history":[{"count":1,"href":"https:\/\/markd.com.br\/models\/wp-json\/wp\/v2\/posts\/1380\/revisions"}],"predecessor-version":[{"id":1382,"href":"https:\/\/markd.com.br\/models\/wp-json\/wp\/v2\/posts\/1380\/revisions\/1382"}],"wp:featuredmedia":[{"embeddable":true,"href":"https:\/\/markd.com.br\/models\/wp-json\/wp\/v2\/media\/1381"}],"wp:attachment":[{"href":"https:\/\/markd.com.br\/models\/wp-json\/wp\/v2\/media?parent=1380"}],"wp:term":[{"taxonomy":"category","embeddable":true,"href":"https:\/\/markd.com.br\/models\/wp-json\/wp\/v2\/categories?post=1380"},{"taxonomy":"post_tag","embeddable":true,"href":"https:\/\/markd.com.br\/models\/wp-json\/wp\/v2\/tags?post=1380"}],"curies":[{"name":"wp","href":"https:\/\/api.w.org\/{rel}","templated":true}]}}