{"id":1386,"date":"2022-04-08T12:30:15","date_gmt":"2022-04-08T15:30:15","guid":{"rendered":"https:\/\/portaldestaquenoticias.com.br\/?p=1386"},"modified":"2022-04-08T12:30:18","modified_gmt":"2022-04-08T15:30:18","slug":"estudio-do-faustao-na-band-sofre-principio-de-incendio-e-e-evacuado","status":"publish","type":"post","link":"https:\/\/markd.com.br\/models\/estudio-do-faustao-na-band-sofre-principio-de-incendio-e-e-evacuado\/","title":{"rendered":"Est\u00fadio do Faust\u00e3o na Band sofre princ\u00edpio de inc\u00eandio e \u00e9 evacuado"},"content":{"rendered":"\n<p><\/p>\n\n\n\n<p>A equipe de Faust\u00e3o na Band foi surpreendida na tarde desta quinta-feira (7) com um inc\u00eandio no est\u00fadio em que a atra\u00e7\u00e3o \u00e9 filmada na sede da emissora, em S\u00e3o Paulo. As informa\u00e7\u00f5es preliminares apontam que um curto-circuito no sistema el\u00e9trico, provocado por uma soldagem, fez com uma cortina utilizada no cen\u00e1rio da atra\u00e7\u00e3o pegasse fogo. O time de brigadistas da emissora foi rapidamente acionado e, segundo apurou o TV Pop, as chamas foram rapidamente debeladas. Ningu\u00e9m ficou ferido.<\/p>\n\n\n\n<p>No momento do inc\u00eandio, a equipe do programa de Fausto Silva estava realizando apenas trabalhos internos. Os profissionais da atra\u00e7\u00e3o estava fazendo testes de luz e de som, quando acabaram surpreendidos pela cortina pegando fogo. O expediente foi interrompido imediatamente, e o est\u00fadio foi evacuado. Parte do cen\u00e1rio foi danificada e ainda n\u00e3o h\u00e1 uma data prevista para a retomada habitual do formato \u2014 o canal nega que outros elementos do est\u00fadio tenham sido danificados e sustenta a informa\u00e7\u00e3o de que os danos ficaram restritos a cortina que pegou fogo.<\/p>\n\n\n\n<p>Fausto Silva deixou a Globo no fim de 2021, ap\u00f3s 32 anos no comando do Doming\u00e3o do Faust\u00e3o (1989-2021). Ele estreou na Band em 17 de janeiro com um programa di\u00e1rio, o Faust\u00e3o na Band, que vai ao ar das 20h30 \u00e0s 22h30. O comunicador divide a apresenta\u00e7\u00e3o da atra\u00e7\u00e3o com Anne Lottermann, ex-apresentadora do tempo da Globo, e Jo\u00e3o Guilherme Silva, seu filho mais velho que estreou na televis\u00e3o neste ano.<\/p>\n","protected":false},"excerpt":{"rendered":"<p>A equipe de Faust\u00e3o na Band foi surpreendida na tarde desta quinta-feira (7) com um&#8230;<\/p>\n","protected":false},"author":5,"featured_media":1387,"comment_status":"open","ping_status":"open","sticky":false,"template":"","format":"standard","meta":{"footnotes":""},"categories":[49],"tags":[349,348,350],"class_list":["post-1386","post","type-post","status-publish","format-standard","has-post-thumbnail","hentry","category-destaques","tag-band","tag-faustao","tag-incendio-2"],"yoast_head":"<!-- This site is optimized with the Yoast SEO plugin v24.4 - https:\/\/yoast.com\/wordpress\/plugins\/seo\/ -->\n<title>Est\u00fadio do Faust\u00e3o na Band sofre princ\u00edpio de inc\u00eandio e \u00e9 evacuado - Not\u00edcias de Todos - Models01<\/title>\n<meta name=\"robots\" content=\"index, follow, max-snippet:-1, max-image-preview:large, max-video-preview:-1\" \/>\n<link rel=\"canonical\" href=\"https:\/\/markd.com.br\/models\/estudio-do-faustao-na-band-sofre-principio-de-incendio-e-e-evacuado\/\" \/>\n<meta property=\"og:locale\" content=\"pt_BR\" \/>\n<meta property=\"og:type\" content=\"article\" \/>\n<meta property=\"og:title\" content=\"Est\u00fadio do Faust\u00e3o na Band sofre princ\u00edpio de inc\u00eandio e \u00e9 evacuado - Not\u00edcias de Todos - Models01\" \/>\n<meta property=\"og:description\" content=\"A equipe de Faust\u00e3o na Band foi surpreendida na tarde desta quinta-feira (7) com um...\" \/>\n<meta property=\"og:url\" content=\"https:\/\/markd.com.br\/models\/estudio-do-faustao-na-band-sofre-principio-de-incendio-e-e-evacuado\/\" \/>\n<meta property=\"og:site_name\" content=\"Not\u00edcias de Todos - Models01\" \/>\n<meta property=\"article:published_time\" content=\"2022-04-08T15:30:15+00:00\" \/>\n<meta property=\"article:modified_time\" content=\"2022-04-08T15:30:18+00:00\" \/>\n<meta property=\"og:image\" content=\"https:\/\/markd.com.br\/models\/wp-content\/uploads\/2022\/04\/faustao.jpg\" \/>\n\t<meta property=\"og:image:width\" content=\"640\" \/>\n\t<meta property=\"og:image:height\" content=\"400\" \/>\n\t<meta property=\"og:image:type\" content=\"image\/jpeg\" \/>\n<meta name=\"author\" content=\"Reda\u00e7\u00e3o Reda\u00e7\u00e3o\" \/>\n<meta name=\"twitter:card\" content=\"summary_large_image\" \/>\n<meta name=\"twitter:label1\" content=\"Escrito por\" \/>\n\t<meta name=\"twitter:data1\" content=\"Reda\u00e7\u00e3o Reda\u00e7\u00e3o\" \/>\n\t<meta name=\"twitter:label2\" content=\"Est. tempo de leitura\" \/>\n\t<meta name=\"twitter:data2\" content=\"2 minutos\" \/>\n<script type=\"application\/ld+json\" class=\"yoast-schema-graph\">{\"@context\":\"https:\/\/schema.org\",\"@graph\":[{\"@type\":\"WebPage\",\"@id\":\"https:\/\/markd.com.br\/models\/estudio-do-faustao-na-band-sofre-principio-de-incendio-e-e-evacuado\/\",\"url\":\"https:\/\/markd.com.br\/models\/estudio-do-faustao-na-band-sofre-principio-de-incendio-e-e-evacuado\/\",\"name\":\"Est\u00fadio do Faust\u00e3o na Band sofre princ\u00edpio de inc\u00eandio e \u00e9 evacuado - Not\u00edcias de Todos - Models01\",\"isPartOf\":{\"@id\":\"https:\/\/markd.com.br\/models\/#website\"},\"primaryImageOfPage\":{\"@id\":\"https:\/\/markd.com.br\/models\/estudio-do-faustao-na-band-sofre-principio-de-incendio-e-e-evacuado\/#primaryimage\"},\"image\":{\"@id\":\"https:\/\/markd.com.br\/models\/estudio-do-faustao-na-band-sofre-principio-de-incendio-e-e-evacuado\/#primaryimage\"},\"thumbnailUrl\":\"https:\/\/markd.com.br\/models\/wp-content\/uploads\/2022\/04\/faustao.jpg\",\"datePublished\":\"2022-04-08T15:30:15+00:00\",\"dateModified\":\"2022-04-08T15:30:18+00:00\",\"author\":{\"@id\":\"https:\/\/markd.com.br\/models\/#\/schema\/person\/c12a77ab487a7262d8bec3c47301ad37\"},\"breadcrumb\":{\"@id\":\"https:\/\/markd.com.br\/models\/estudio-do-faustao-na-band-sofre-principio-de-incendio-e-e-evacuado\/#breadcrumb\"},\"inLanguage\":\"pt-BR\",\"potentialAction\":[{\"@type\":\"ReadAction\",\"target\":[\"https:\/\/markd.com.br\/models\/estudio-do-faustao-na-band-sofre-principio-de-incendio-e-e-evacuado\/\"]}]},{\"@type\":\"ImageObject\",\"inLanguage\":\"pt-BR\",\"@id\":\"https:\/\/markd.com.br\/models\/estudio-do-faustao-na-band-sofre-principio-de-incendio-e-e-evacuado\/#primaryimage\",\"url\":\"https:\/\/markd.com.br\/models\/wp-content\/uploads\/2022\/04\/faustao.jpg\",\"contentUrl\":\"https:\/\/markd.com.br\/models\/wp-content\/uploads\/2022\/04\/faustao.jpg\",\"width\":640,\"height\":400},{\"@type\":\"BreadcrumbList\",\"@id\":\"https:\/\/markd.com.br\/models\/estudio-do-faustao-na-band-sofre-principio-de-incendio-e-e-evacuado\/#breadcrumb\",\"itemListElement\":[{\"@type\":\"ListItem\",\"position\":1,\"name\":\"In\u00edcio\",\"item\":\"https:\/\/markd.com.br\/models\/\"},{\"@type\":\"ListItem\",\"position\":2,\"name\":\"Est\u00fadio do Faust\u00e3o na Band sofre princ\u00edpio de inc\u00eandio e \u00e9 evacuado\"}]},{\"@type\":\"WebSite\",\"@id\":\"https:\/\/markd.com.br\/models\/#website\",\"url\":\"https:\/\/markd.com.br\/models\/\",\"name\":\"Not\u00edcias de Todos - Models01\",\"description\":\"Tenha um Portal de Not\u00edcias Moderno, Din\u00e2mico, R\u00e1pido e Profissional. Entregamos seu Site de  Not\u00edcias Pronto, Instalado, Hospedado, com Manual Passo a Passo e Suporte 24 horas.\",\"potentialAction\":[{\"@type\":\"SearchAction\",\"target\":{\"@type\":\"EntryPoint\",\"urlTemplate\":\"https:\/\/markd.com.br\/models\/?s={search_term_string}\"},\"query-input\":{\"@type\":\"PropertyValueSpecification\",\"valueRequired\":true,\"valueName\":\"search_term_string\"}}],\"inLanguage\":\"pt-BR\"},{\"@type\":\"Person\",\"@id\":\"https:\/\/markd.com.br\/models\/#\/schema\/person\/c12a77ab487a7262d8bec3c47301ad37\",\"name\":\"Reda\u00e7\u00e3o Reda\u00e7\u00e3o\",\"image\":{\"@type\":\"ImageObject\",\"inLanguage\":\"pt-BR\",\"@id\":\"https:\/\/markd.com.br\/models\/#\/schema\/person\/image\/\",\"url\":\"https:\/\/secure.gravatar.com\/avatar\/9448f3599ce269febf169e183039b4a6?s=96&d=mm&r=g\",\"contentUrl\":\"https:\/\/secure.gravatar.com\/avatar\/9448f3599ce269febf169e183039b4a6?s=96&d=mm&r=g\",\"caption\":\"Reda\u00e7\u00e3o Reda\u00e7\u00e3o\"},\"sameAs\":[\"https:\/\/markd.com.br\/\"],\"url\":\"https:\/\/markd.com.br\/models\/author\/redacao\/\"}]}<\/script>\n<!-- \/ Yoast SEO plugin. -->","yoast_head_json":{"title":"Est\u00fadio do Faust\u00e3o na Band sofre princ\u00edpio de inc\u00eandio e \u00e9 evacuado - Not\u00edcias de Todos - Models01","robots":{"index":"index","follow":"follow","max-snippet":"max-snippet:-1","max-image-preview":"max-image-preview:large","max-video-preview":"max-video-preview:-1"},"canonical":"https:\/\/markd.com.br\/models\/estudio-do-faustao-na-band-sofre-principio-de-incendio-e-e-evacuado\/","og_locale":"pt_BR","og_type":"article","og_title":"Est\u00fadio do Faust\u00e3o na Band sofre princ\u00edpio de inc\u00eandio e \u00e9 evacuado - Not\u00edcias de Todos - Models01","og_description":"A equipe de Faust\u00e3o na Band foi surpreendida na tarde desta quinta-feira (7) com um...","og_url":"https:\/\/markd.com.br\/models\/estudio-do-faustao-na-band-sofre-principio-de-incendio-e-e-evacuado\/","og_site_name":"Not\u00edcias de Todos - Models01","article_published_time":"2022-04-08T15:30:15+00:00","article_modified_time":"2022-04-08T15:30:18+00:00","og_image":[{"width":640,"height":400,"url":"https:\/\/markd.com.br\/models\/wp-content\/uploads\/2022\/04\/faustao.jpg","type":"image\/jpeg"}],"author":"Reda\u00e7\u00e3o Reda\u00e7\u00e3o","twitter_card":"summary_large_image","twitter_misc":{"Escrito por":"Reda\u00e7\u00e3o Reda\u00e7\u00e3o","Est. tempo de leitura":"2 minutos"},"schema":{"@context":"https:\/\/schema.org","@graph":[{"@type":"WebPage","@id":"https:\/\/markd.com.br\/models\/estudio-do-faustao-na-band-sofre-principio-de-incendio-e-e-evacuado\/","url":"https:\/\/markd.com.br\/models\/estudio-do-faustao-na-band-sofre-principio-de-incendio-e-e-evacuado\/","name":"Est\u00fadio do Faust\u00e3o na Band sofre princ\u00edpio de inc\u00eandio e \u00e9 evacuado - Not\u00edcias de Todos - Models01","isPartOf":{"@id":"https:\/\/markd.com.br\/models\/#website"},"primaryImageOfPage":{"@id":"https:\/\/markd.com.br\/models\/estudio-do-faustao-na-band-sofre-principio-de-incendio-e-e-evacuado\/#primaryimage"},"image":{"@id":"https:\/\/markd.com.br\/models\/estudio-do-faustao-na-band-sofre-principio-de-incendio-e-e-evacuado\/#primaryimage"},"thumbnailUrl":"https:\/\/markd.com.br\/models\/wp-content\/uploads\/2022\/04\/faustao.jpg","datePublished":"2022-04-08T15:30:15+00:00","dateModified":"2022-04-08T15:30:18+00:00","author":{"@id":"https:\/\/markd.com.br\/models\/#\/schema\/person\/c12a77ab487a7262d8bec3c47301ad37"},"breadcrumb":{"@id":"https:\/\/markd.com.br\/models\/estudio-do-faustao-na-band-sofre-principio-de-incendio-e-e-evacuado\/#breadcrumb"},"inLanguage":"pt-BR","potentialAction":[{"@type":"ReadAction","target":["https:\/\/markd.com.br\/models\/estudio-do-faustao-na-band-sofre-principio-de-incendio-e-e-evacuado\/"]}]},{"@type":"ImageObject","inLanguage":"pt-BR","@id":"https:\/\/markd.com.br\/models\/estudio-do-faustao-na-band-sofre-principio-de-incendio-e-e-evacuado\/#primaryimage","url":"https:\/\/markd.com.br\/models\/wp-content\/uploads\/2022\/04\/faustao.jpg","contentUrl":"https:\/\/markd.com.br\/models\/wp-content\/uploads\/2022\/04\/faustao.jpg","width":640,"height":400},{"@type":"BreadcrumbList","@id":"https:\/\/markd.com.br\/models\/estudio-do-faustao-na-band-sofre-principio-de-incendio-e-e-evacuado\/#breadcrumb","itemListElement":[{"@type":"ListItem","position":1,"name":"In\u00edcio","item":"https:\/\/markd.com.br\/models\/"},{"@type":"ListItem","position":2,"name":"Est\u00fadio do Faust\u00e3o na Band sofre princ\u00edpio de inc\u00eandio e \u00e9 evacuado"}]},{"@type":"WebSite","@id":"https:\/\/markd.com.br\/models\/#website","url":"https:\/\/markd.com.br\/models\/","name":"Not\u00edcias de Todos - Models01","description":"Tenha um Portal de Not\u00edcias Moderno, Din\u00e2mico, R\u00e1pido e Profissional. Entregamos seu Site de  Not\u00edcias Pronto, Instalado, Hospedado, com Manual Passo a Passo e Suporte 24 horas.","potentialAction":[{"@type":"SearchAction","target":{"@type":"EntryPoint","urlTemplate":"https:\/\/markd.com.br\/models\/?s={search_term_string}"},"query-input":{"@type":"PropertyValueSpecification","valueRequired":true,"valueName":"search_term_string"}}],"inLanguage":"pt-BR"},{"@type":"Person","@id":"https:\/\/markd.com.br\/models\/#\/schema\/person\/c12a77ab487a7262d8bec3c47301ad37","name":"Reda\u00e7\u00e3o Reda\u00e7\u00e3o","image":{"@type":"ImageObject","inLanguage":"pt-BR","@id":"https:\/\/markd.com.br\/models\/#\/schema\/person\/image\/","url":"https:\/\/secure.gravatar.com\/avatar\/9448f3599ce269febf169e183039b4a6?s=96&d=mm&r=g","contentUrl":"https:\/\/secure.gravatar.com\/avatar\/9448f3599ce269febf169e183039b4a6?s=96&d=mm&r=g","caption":"Reda\u00e7\u00e3o Reda\u00e7\u00e3o"},"sameAs":["https:\/\/markd.com.br\/"],"url":"https:\/\/markd.com.br\/models\/author\/redacao\/"}]}},"featured_image_urls":{"full":["https:\/\/markd.com.br\/models\/wp-content\/uploads\/2022\/04\/faustao.jpg",640,400,false],"thumbnail":["https:\/\/markd.com.br\/models\/wp-content\/uploads\/2022\/04\/faustao-150x150.jpg",150,150,true],"medium":["https:\/\/markd.com.br\/models\/wp-content\/uploads\/2022\/04\/faustao-300x188.jpg",300,188,true],"medium_large":["https:\/\/markd.com.br\/models\/wp-content\/uploads\/2022\/04\/faustao.jpg",640,400,false],"large":["https:\/\/markd.com.br\/models\/wp-content\/uploads\/2022\/04\/faustao.jpg",640,400,false],"1536x1536":["https:\/\/markd.com.br\/models\/wp-content\/uploads\/2022\/04\/faustao.jpg",640,400,false],"2048x2048":["https:\/\/markd.com.br\/models\/wp-content\/uploads\/2022\/04\/faustao.jpg",640,400,false],"newsphere-slider-full":["https:\/\/markd.com.br\/models\/wp-content\/uploads\/2022\/04\/faustao.jpg",640,400,false],"newsphere-featured":["https:\/\/markd.com.br\/models\/wp-content\/uploads\/2022\/04\/faustao.jpg",640,400,false],"newsphere-medium":["https:\/\/markd.com.br\/models\/wp-content\/uploads\/2022\/04\/faustao-640x380.jpg",640,380,true]},"author_info":{"display_name":"Reda\u00e7\u00e3o Reda\u00e7\u00e3o","author_link":"https:\/\/markd.com.br\/models\/author\/redacao\/"},"category_info":"<a href=\"https:\/\/markd.com.br\/models\/category\/destaques\/\" rel=\"category tag\">destaques<\/a>","tag_info":"destaques","comment_count":"0","jetpack_featured_media_url":"https:\/\/markd.com.br\/models\/wp-content\/uploads\/2022\/04\/faustao.jpg","_links":{"self":[{"href":"https:\/\/markd.com.br\/models\/wp-json\/wp\/v2\/posts\/1386","targetHints":{"allow":["GET"]}}],"collection":[{"href":"https:\/\/markd.com.br\/models\/wp-json\/wp\/v2\/posts"}],"about":[{"href":"https:\/\/markd.com.br\/models\/wp-json\/wp\/v2\/types\/post"}],"author":[{"embeddable":true,"href":"https:\/\/markd.com.br\/models\/wp-json\/wp\/v2\/users\/5"}],"replies":[{"embeddable":true,"href":"https:\/\/markd.com.br\/models\/wp-json\/wp\/v2\/comments?post=1386"}],"version-history":[{"count":1,"href":"https:\/\/markd.com.br\/models\/wp-json\/wp\/v2\/posts\/1386\/revisions"}],"predecessor-version":[{"id":1388,"href":"https:\/\/markd.com.br\/models\/wp-json\/wp\/v2\/posts\/1386\/revisions\/1388"}],"wp:featuredmedia":[{"embeddable":true,"href":"https:\/\/markd.com.br\/models\/wp-json\/wp\/v2\/media\/1387"}],"wp:attachment":[{"href":"https:\/\/markd.com.br\/models\/wp-json\/wp\/v2\/media?parent=1386"}],"wp:term":[{"taxonomy":"category","embeddable":true,"href":"https:\/\/markd.com.br\/models\/wp-json\/wp\/v2\/categories?post=1386"},{"taxonomy":"post_tag","embeddable":true,"href":"https:\/\/markd.com.br\/models\/wp-json\/wp\/v2\/tags?post=1386"}],"curies":[{"name":"wp","href":"https:\/\/api.w.org\/{rel}","templated":true}]}}