{"id":1402,"date":"2022-04-08T12:55:04","date_gmt":"2022-04-08T15:55:04","guid":{"rendered":"https:\/\/portaldestaquenoticias.com.br\/?p=1402"},"modified":"2022-04-08T12:55:09","modified_gmt":"2022-04-08T15:55:09","slug":"operacao-demolidor-mira-combater-criminalidade-em-manaus","status":"publish","type":"post","link":"https:\/\/markd.com.br\/models\/operacao-demolidor-mira-combater-criminalidade-em-manaus\/","title":{"rendered":"Opera\u00e7\u00e3o \u201cDemolidor\u201d mira combater criminalidade em Manaus"},"content":{"rendered":"\n<p><\/p>\n\n\n\n<p><strong>Manaus (AM) \u2013&nbsp;<\/strong>A Pol\u00edcia Militar do Amazonas (PMAM) deflagrou a opera\u00e7\u00e3o \u201cDemolidor\u201d, na noite desta quinta-feira (7), executada pelo Comando de Policiamento Especializado (CPE). A a\u00e7\u00e3o tem como objetivo coibir a criminalidade aumentando o policiamento em todas as zonas da capital e, para isso, ser\u00e3o utilizadas as novas viaturas entregues ao grupamento.<\/p>\n\n\n\n<p>A opera\u00e7\u00e3o \u00e9 apoiada pelas 35 viaturas repassadas ao CPE pelo governador Wilson Lima. A opera\u00e7\u00e3o policial conta ainda com 30 motocicletas, reunindo um efetivo de 200 homens de todas as \u00e1reas do CPE: Batalh\u00e3o de Choque, Ronda Ostensiva C\u00e2ndido Mariano (Rocam), Companhia Independente de Policiamento com C\u00e3es (CIPC\u00e3es), Companhia de Opera\u00e7\u00f5es Especiais (COE), Grupo Marte e Graer.<\/p>\n\n\n\n<blockquote class=\"wp-block-quote is-layout-flow wp-block-quote-is-layout-flow\"><p>De acordo com o comandante-geral da PMAM, coronel Marcos Vin\u00edcius Almeida, a ordem de colocar os ve\u00edculos nas ruas partiu de determina\u00e7\u00e3o do governador Wilson Lima, com o objetivo de dar mais seguran\u00e7a \u00e0 cidade de Manaus.<\/p><\/blockquote>\n\n\n\n<p>\u201cA import\u00e2ncia desses equipamentos novos, 4\u00d74, s\u00e3o fundamentais para uma tropa especializada, pois nos permite combater a criminalidade com muito mais efici\u00eancia e com equipamentos superiores a eles, o que n\u00e3o acontecia h\u00e1 cinco, dez anos atr\u00e1s\u201d, afirmou o comandante-geral da Pol\u00edcia Militar.<\/p>\n\n\n\n<figure class=\"wp-block-image\"><img decoding=\"async\" src=\"https:\/\/emtempo.com.br\/wp-content\/uploads\/2022\/04\/Operacao-Demolidor-3_Foto-Arthur-Castro-Secom-1024x682.jpeg\" alt=\"\" class=\"wp-image-29141\"\/><\/figure>\n\n\n\n<p>O comandante do CPE, coronel Klinger Paiva, explicou que a opera\u00e7\u00e3o percorrer\u00e1 todas as zonas da capital, tendo como foco combater crimes como roubos, tr\u00e1fico e homic\u00eddios, al\u00e9m da busca de ve\u00edculos roubados ou envolvidos em algum tipo de crime.<\/p>\n\n\n\n<p>\u201cN\u00f3s j\u00e1 est\u00e1vamos atuando com algumas viaturas, mas essas viaturas s\u00e3o essenciais para que a gente possa empenhar o maior n\u00famero de efetivo na rua. N\u00f3s vamos ter a presen\u00e7a maior do CPE, mais vis\u00edvel, com suas viaturas caracterizadas e apoiando o policiamento metropolitano\u201d, disse Paiva.<\/p>\n\n\n\n<p><strong>Viaturas&nbsp;<\/strong><\/p>\n\n\n\n<p>O governador Wilson Lima entregou 61 viaturas para a Pol\u00edcia Militar e para a Pol\u00edcia Civil do Amazonas (PC-AM). Esta \u00e9 a terceira entrega de ve\u00edculos para as for\u00e7as de seguran\u00e7a feita pelo Governo do Estado somente em 2022.<\/p>\n\n\n\n<figure class=\"wp-block-image\"><img decoding=\"async\" src=\"https:\/\/emtempo.com.br\/wp-content\/uploads\/2022\/04\/Operacao-Demolidor-2_Foto-Arthur-Castro-Secom-1024x682.jpeg\" alt=\"\" class=\"wp-image-29140\"\/><\/figure>\n\n\n\n<p>O investimento faz parte do programa Amazonas Mais Seguro, um pacote de R$ 280 milh\u00f5es que visa refor\u00e7ar o combate \u00e0 criminalidade.<\/p>\n\n\n\n<p>Do total de ve\u00edculos, 35 s\u00e3o viaturas caracterizadas, modelo Ford Ranger, destinadas ao Comando de Policiamento Especializado (CPE), da PMAM. Foram beneficiadas com os novos ve\u00edculos unidades especializadas como as Rondas Ostensivas C\u00e2ndido Mariano (Rocam), Companhia de Opera\u00e7\u00f5es Especiais (COE) e 1\u00b0 Batalh\u00e3o de Choque, entre outras.<\/p>\n\n\n\n<p>FONTE: EM TEMPO<\/p>\n","protected":false},"excerpt":{"rendered":"<p>Manaus (AM) \u2013&nbsp;A Pol\u00edcia Militar do Amazonas (PMAM) deflagrou a opera\u00e7\u00e3o \u201cDemolidor\u201d, na noite desta&#8230;<\/p>\n","protected":false},"author":5,"featured_media":1403,"comment_status":"open","ping_status":"open","sticky":false,"template":"","format":"standard","meta":{"footnotes":""},"categories":[34],"tags":[358,357,359],"class_list":["post-1402","post","type-post","status-publish","format-standard","has-post-thumbnail","hentry","category-musica","tag-operacao-demolidor","tag-pmam","tag-rocam"],"yoast_head":"<!-- This site is optimized with the Yoast SEO plugin v24.4 - https:\/\/yoast.com\/wordpress\/plugins\/seo\/ -->\n<title>Opera\u00e7\u00e3o \u201cDemolidor\u201d mira combater criminalidade em Manaus - Not\u00edcias de Todos - Models01<\/title>\n<meta name=\"robots\" content=\"index, follow, max-snippet:-1, max-image-preview:large, max-video-preview:-1\" \/>\n<link rel=\"canonical\" href=\"https:\/\/markd.com.br\/models\/operacao-demolidor-mira-combater-criminalidade-em-manaus\/\" \/>\n<meta property=\"og:locale\" content=\"pt_BR\" \/>\n<meta property=\"og:type\" content=\"article\" \/>\n<meta property=\"og:title\" content=\"Opera\u00e7\u00e3o \u201cDemolidor\u201d mira combater criminalidade em Manaus - Not\u00edcias de Todos - Models01\" \/>\n<meta property=\"og:description\" content=\"Manaus (AM) \u2013&nbsp;A Pol\u00edcia Militar do Amazonas (PMAM) deflagrou a opera\u00e7\u00e3o \u201cDemolidor\u201d, na noite desta...\" \/>\n<meta property=\"og:url\" content=\"https:\/\/markd.com.br\/models\/operacao-demolidor-mira-combater-criminalidade-em-manaus\/\" \/>\n<meta property=\"og:site_name\" content=\"Not\u00edcias de Todos - Models01\" \/>\n<meta property=\"article:published_time\" content=\"2022-04-08T15:55:04+00:00\" \/>\n<meta property=\"article:modified_time\" content=\"2022-04-08T15:55:09+00:00\" \/>\n<meta property=\"og:image\" content=\"https:\/\/markd.com.br\/models\/wp-content\/uploads\/2022\/04\/1CA8958E-A587-48AB-AA0E-9E0AB1E9D33D-800x445-1.jpeg\" \/>\n\t<meta property=\"og:image:width\" content=\"800\" \/>\n\t<meta property=\"og:image:height\" content=\"445\" \/>\n\t<meta property=\"og:image:type\" content=\"image\/jpeg\" \/>\n<meta name=\"author\" content=\"Reda\u00e7\u00e3o Reda\u00e7\u00e3o\" \/>\n<meta name=\"twitter:card\" content=\"summary_large_image\" \/>\n<meta name=\"twitter:label1\" content=\"Escrito por\" \/>\n\t<meta name=\"twitter:data1\" content=\"Reda\u00e7\u00e3o Reda\u00e7\u00e3o\" \/>\n\t<meta name=\"twitter:label2\" content=\"Est. tempo de leitura\" \/>\n\t<meta name=\"twitter:data2\" content=\"3 minutos\" \/>\n<script type=\"application\/ld+json\" class=\"yoast-schema-graph\">{\"@context\":\"https:\/\/schema.org\",\"@graph\":[{\"@type\":\"WebPage\",\"@id\":\"https:\/\/markd.com.br\/models\/operacao-demolidor-mira-combater-criminalidade-em-manaus\/\",\"url\":\"https:\/\/markd.com.br\/models\/operacao-demolidor-mira-combater-criminalidade-em-manaus\/\",\"name\":\"Opera\u00e7\u00e3o \u201cDemolidor\u201d mira combater criminalidade em Manaus - Not\u00edcias de Todos - Models01\",\"isPartOf\":{\"@id\":\"https:\/\/markd.com.br\/models\/#website\"},\"primaryImageOfPage\":{\"@id\":\"https:\/\/markd.com.br\/models\/operacao-demolidor-mira-combater-criminalidade-em-manaus\/#primaryimage\"},\"image\":{\"@id\":\"https:\/\/markd.com.br\/models\/operacao-demolidor-mira-combater-criminalidade-em-manaus\/#primaryimage\"},\"thumbnailUrl\":\"https:\/\/markd.com.br\/models\/wp-content\/uploads\/2022\/04\/1CA8958E-A587-48AB-AA0E-9E0AB1E9D33D-800x445-1.jpeg\",\"datePublished\":\"2022-04-08T15:55:04+00:00\",\"dateModified\":\"2022-04-08T15:55:09+00:00\",\"author\":{\"@id\":\"https:\/\/markd.com.br\/models\/#\/schema\/person\/c12a77ab487a7262d8bec3c47301ad37\"},\"breadcrumb\":{\"@id\":\"https:\/\/markd.com.br\/models\/operacao-demolidor-mira-combater-criminalidade-em-manaus\/#breadcrumb\"},\"inLanguage\":\"pt-BR\",\"potentialAction\":[{\"@type\":\"ReadAction\",\"target\":[\"https:\/\/markd.com.br\/models\/operacao-demolidor-mira-combater-criminalidade-em-manaus\/\"]}]},{\"@type\":\"ImageObject\",\"inLanguage\":\"pt-BR\",\"@id\":\"https:\/\/markd.com.br\/models\/operacao-demolidor-mira-combater-criminalidade-em-manaus\/#primaryimage\",\"url\":\"https:\/\/markd.com.br\/models\/wp-content\/uploads\/2022\/04\/1CA8958E-A587-48AB-AA0E-9E0AB1E9D33D-800x445-1.jpeg\",\"contentUrl\":\"https:\/\/markd.com.br\/models\/wp-content\/uploads\/2022\/04\/1CA8958E-A587-48AB-AA0E-9E0AB1E9D33D-800x445-1.jpeg\",\"width\":800,\"height\":445},{\"@type\":\"BreadcrumbList\",\"@id\":\"https:\/\/markd.com.br\/models\/operacao-demolidor-mira-combater-criminalidade-em-manaus\/#breadcrumb\",\"itemListElement\":[{\"@type\":\"ListItem\",\"position\":1,\"name\":\"In\u00edcio\",\"item\":\"https:\/\/markd.com.br\/models\/\"},{\"@type\":\"ListItem\",\"position\":2,\"name\":\"Opera\u00e7\u00e3o \u201cDemolidor\u201d mira combater criminalidade em Manaus\"}]},{\"@type\":\"WebSite\",\"@id\":\"https:\/\/markd.com.br\/models\/#website\",\"url\":\"https:\/\/markd.com.br\/models\/\",\"name\":\"Not\u00edcias de Todos - Models01\",\"description\":\"Tenha um Portal de Not\u00edcias Moderno, Din\u00e2mico, R\u00e1pido e Profissional. Entregamos seu Site de  Not\u00edcias Pronto, Instalado, Hospedado, com Manual Passo a Passo e Suporte 24 horas.\",\"potentialAction\":[{\"@type\":\"SearchAction\",\"target\":{\"@type\":\"EntryPoint\",\"urlTemplate\":\"https:\/\/markd.com.br\/models\/?s={search_term_string}\"},\"query-input\":{\"@type\":\"PropertyValueSpecification\",\"valueRequired\":true,\"valueName\":\"search_term_string\"}}],\"inLanguage\":\"pt-BR\"},{\"@type\":\"Person\",\"@id\":\"https:\/\/markd.com.br\/models\/#\/schema\/person\/c12a77ab487a7262d8bec3c47301ad37\",\"name\":\"Reda\u00e7\u00e3o Reda\u00e7\u00e3o\",\"image\":{\"@type\":\"ImageObject\",\"inLanguage\":\"pt-BR\",\"@id\":\"https:\/\/markd.com.br\/models\/#\/schema\/person\/image\/\",\"url\":\"https:\/\/secure.gravatar.com\/avatar\/9448f3599ce269febf169e183039b4a6?s=96&d=mm&r=g\",\"contentUrl\":\"https:\/\/secure.gravatar.com\/avatar\/9448f3599ce269febf169e183039b4a6?s=96&d=mm&r=g\",\"caption\":\"Reda\u00e7\u00e3o Reda\u00e7\u00e3o\"},\"sameAs\":[\"https:\/\/markd.com.br\/\"],\"url\":\"https:\/\/markd.com.br\/models\/author\/redacao\/\"}]}<\/script>\n<!-- \/ Yoast SEO plugin. -->","yoast_head_json":{"title":"Opera\u00e7\u00e3o \u201cDemolidor\u201d mira combater criminalidade em Manaus - Not\u00edcias de Todos - Models01","robots":{"index":"index","follow":"follow","max-snippet":"max-snippet:-1","max-image-preview":"max-image-preview:large","max-video-preview":"max-video-preview:-1"},"canonical":"https:\/\/markd.com.br\/models\/operacao-demolidor-mira-combater-criminalidade-em-manaus\/","og_locale":"pt_BR","og_type":"article","og_title":"Opera\u00e7\u00e3o \u201cDemolidor\u201d mira combater criminalidade em Manaus - Not\u00edcias de Todos - Models01","og_description":"Manaus (AM) \u2013&nbsp;A Pol\u00edcia Militar do Amazonas (PMAM) deflagrou a opera\u00e7\u00e3o \u201cDemolidor\u201d, na noite desta...","og_url":"https:\/\/markd.com.br\/models\/operacao-demolidor-mira-combater-criminalidade-em-manaus\/","og_site_name":"Not\u00edcias de Todos - Models01","article_published_time":"2022-04-08T15:55:04+00:00","article_modified_time":"2022-04-08T15:55:09+00:00","og_image":[{"width":800,"height":445,"url":"https:\/\/markd.com.br\/models\/wp-content\/uploads\/2022\/04\/1CA8958E-A587-48AB-AA0E-9E0AB1E9D33D-800x445-1.jpeg","type":"image\/jpeg"}],"author":"Reda\u00e7\u00e3o Reda\u00e7\u00e3o","twitter_card":"summary_large_image","twitter_misc":{"Escrito por":"Reda\u00e7\u00e3o Reda\u00e7\u00e3o","Est. tempo de leitura":"3 minutos"},"schema":{"@context":"https:\/\/schema.org","@graph":[{"@type":"WebPage","@id":"https:\/\/markd.com.br\/models\/operacao-demolidor-mira-combater-criminalidade-em-manaus\/","url":"https:\/\/markd.com.br\/models\/operacao-demolidor-mira-combater-criminalidade-em-manaus\/","name":"Opera\u00e7\u00e3o \u201cDemolidor\u201d mira combater criminalidade em Manaus - Not\u00edcias de Todos - Models01","isPartOf":{"@id":"https:\/\/markd.com.br\/models\/#website"},"primaryImageOfPage":{"@id":"https:\/\/markd.com.br\/models\/operacao-demolidor-mira-combater-criminalidade-em-manaus\/#primaryimage"},"image":{"@id":"https:\/\/markd.com.br\/models\/operacao-demolidor-mira-combater-criminalidade-em-manaus\/#primaryimage"},"thumbnailUrl":"https:\/\/markd.com.br\/models\/wp-content\/uploads\/2022\/04\/1CA8958E-A587-48AB-AA0E-9E0AB1E9D33D-800x445-1.jpeg","datePublished":"2022-04-08T15:55:04+00:00","dateModified":"2022-04-08T15:55:09+00:00","author":{"@id":"https:\/\/markd.com.br\/models\/#\/schema\/person\/c12a77ab487a7262d8bec3c47301ad37"},"breadcrumb":{"@id":"https:\/\/markd.com.br\/models\/operacao-demolidor-mira-combater-criminalidade-em-manaus\/#breadcrumb"},"inLanguage":"pt-BR","potentialAction":[{"@type":"ReadAction","target":["https:\/\/markd.com.br\/models\/operacao-demolidor-mira-combater-criminalidade-em-manaus\/"]}]},{"@type":"ImageObject","inLanguage":"pt-BR","@id":"https:\/\/markd.com.br\/models\/operacao-demolidor-mira-combater-criminalidade-em-manaus\/#primaryimage","url":"https:\/\/markd.com.br\/models\/wp-content\/uploads\/2022\/04\/1CA8958E-A587-48AB-AA0E-9E0AB1E9D33D-800x445-1.jpeg","contentUrl":"https:\/\/markd.com.br\/models\/wp-content\/uploads\/2022\/04\/1CA8958E-A587-48AB-AA0E-9E0AB1E9D33D-800x445-1.jpeg","width":800,"height":445},{"@type":"BreadcrumbList","@id":"https:\/\/markd.com.br\/models\/operacao-demolidor-mira-combater-criminalidade-em-manaus\/#breadcrumb","itemListElement":[{"@type":"ListItem","position":1,"name":"In\u00edcio","item":"https:\/\/markd.com.br\/models\/"},{"@type":"ListItem","position":2,"name":"Opera\u00e7\u00e3o \u201cDemolidor\u201d mira combater criminalidade em Manaus"}]},{"@type":"WebSite","@id":"https:\/\/markd.com.br\/models\/#website","url":"https:\/\/markd.com.br\/models\/","name":"Not\u00edcias de Todos - Models01","description":"Tenha um Portal de Not\u00edcias Moderno, Din\u00e2mico, R\u00e1pido e Profissional. Entregamos seu Site de  Not\u00edcias Pronto, Instalado, Hospedado, com Manual Passo a Passo e Suporte 24 horas.","potentialAction":[{"@type":"SearchAction","target":{"@type":"EntryPoint","urlTemplate":"https:\/\/markd.com.br\/models\/?s={search_term_string}"},"query-input":{"@type":"PropertyValueSpecification","valueRequired":true,"valueName":"search_term_string"}}],"inLanguage":"pt-BR"},{"@type":"Person","@id":"https:\/\/markd.com.br\/models\/#\/schema\/person\/c12a77ab487a7262d8bec3c47301ad37","name":"Reda\u00e7\u00e3o Reda\u00e7\u00e3o","image":{"@type":"ImageObject","inLanguage":"pt-BR","@id":"https:\/\/markd.com.br\/models\/#\/schema\/person\/image\/","url":"https:\/\/secure.gravatar.com\/avatar\/9448f3599ce269febf169e183039b4a6?s=96&d=mm&r=g","contentUrl":"https:\/\/secure.gravatar.com\/avatar\/9448f3599ce269febf169e183039b4a6?s=96&d=mm&r=g","caption":"Reda\u00e7\u00e3o Reda\u00e7\u00e3o"},"sameAs":["https:\/\/markd.com.br\/"],"url":"https:\/\/markd.com.br\/models\/author\/redacao\/"}]}},"featured_image_urls":{"full":["https:\/\/markd.com.br\/models\/wp-content\/uploads\/2022\/04\/1CA8958E-A587-48AB-AA0E-9E0AB1E9D33D-800x445-1.jpeg",800,445,false],"thumbnail":["https:\/\/markd.com.br\/models\/wp-content\/uploads\/2022\/04\/1CA8958E-A587-48AB-AA0E-9E0AB1E9D33D-800x445-1-150x150.jpeg",150,150,true],"medium":["https:\/\/markd.com.br\/models\/wp-content\/uploads\/2022\/04\/1CA8958E-A587-48AB-AA0E-9E0AB1E9D33D-800x445-1-300x167.jpeg",300,167,true],"medium_large":["https:\/\/markd.com.br\/models\/wp-content\/uploads\/2022\/04\/1CA8958E-A587-48AB-AA0E-9E0AB1E9D33D-800x445-1-768x427.jpeg",640,356,true],"large":["https:\/\/markd.com.br\/models\/wp-content\/uploads\/2022\/04\/1CA8958E-A587-48AB-AA0E-9E0AB1E9D33D-800x445-1.jpeg",640,356,false],"1536x1536":["https:\/\/markd.com.br\/models\/wp-content\/uploads\/2022\/04\/1CA8958E-A587-48AB-AA0E-9E0AB1E9D33D-800x445-1.jpeg",800,445,false],"2048x2048":["https:\/\/markd.com.br\/models\/wp-content\/uploads\/2022\/04\/1CA8958E-A587-48AB-AA0E-9E0AB1E9D33D-800x445-1.jpeg",800,445,false],"newsphere-slider-full":["https:\/\/markd.com.br\/models\/wp-content\/uploads\/2022\/04\/1CA8958E-A587-48AB-AA0E-9E0AB1E9D33D-800x445-1.jpeg",800,445,false],"newsphere-featured":["https:\/\/markd.com.br\/models\/wp-content\/uploads\/2022\/04\/1CA8958E-A587-48AB-AA0E-9E0AB1E9D33D-800x445-1.jpeg",800,445,false],"newsphere-medium":["https:\/\/markd.com.br\/models\/wp-content\/uploads\/2022\/04\/1CA8958E-A587-48AB-AA0E-9E0AB1E9D33D-800x445-1-720x380.jpeg",720,380,true]},"author_info":{"display_name":"Reda\u00e7\u00e3o Reda\u00e7\u00e3o","author_link":"https:\/\/markd.com.br\/models\/author\/redacao\/"},"category_info":"<a href=\"https:\/\/markd.com.br\/models\/category\/musica\/\" rel=\"category tag\">Pol\u00edcia<\/a>","tag_info":"Pol\u00edcia","comment_count":"0","jetpack_featured_media_url":"https:\/\/markd.com.br\/models\/wp-content\/uploads\/2022\/04\/1CA8958E-A587-48AB-AA0E-9E0AB1E9D33D-800x445-1.jpeg","_links":{"self":[{"href":"https:\/\/markd.com.br\/models\/wp-json\/wp\/v2\/posts\/1402","targetHints":{"allow":["GET"]}}],"collection":[{"href":"https:\/\/markd.com.br\/models\/wp-json\/wp\/v2\/posts"}],"about":[{"href":"https:\/\/markd.com.br\/models\/wp-json\/wp\/v2\/types\/post"}],"author":[{"embeddable":true,"href":"https:\/\/markd.com.br\/models\/wp-json\/wp\/v2\/users\/5"}],"replies":[{"embeddable":true,"href":"https:\/\/markd.com.br\/models\/wp-json\/wp\/v2\/comments?post=1402"}],"version-history":[{"count":1,"href":"https:\/\/markd.com.br\/models\/wp-json\/wp\/v2\/posts\/1402\/revisions"}],"predecessor-version":[{"id":1404,"href":"https:\/\/markd.com.br\/models\/wp-json\/wp\/v2\/posts\/1402\/revisions\/1404"}],"wp:featuredmedia":[{"embeddable":true,"href":"https:\/\/markd.com.br\/models\/wp-json\/wp\/v2\/media\/1403"}],"wp:attachment":[{"href":"https:\/\/markd.com.br\/models\/wp-json\/wp\/v2\/media?parent=1402"}],"wp:term":[{"taxonomy":"category","embeddable":true,"href":"https:\/\/markd.com.br\/models\/wp-json\/wp\/v2\/categories?post=1402"},{"taxonomy":"post_tag","embeddable":true,"href":"https:\/\/markd.com.br\/models\/wp-json\/wp\/v2\/tags?post=1402"}],"curies":[{"name":"wp","href":"https:\/\/api.w.org\/{rel}","templated":true}]}}