{"id":1411,"date":"2022-04-08T13:11:11","date_gmt":"2022-04-08T16:11:11","guid":{"rendered":"https:\/\/portaldestaquenoticias.com.br\/?p=1411"},"modified":"2022-04-08T13:11:13","modified_gmt":"2022-04-08T16:11:13","slug":"que-motivo-eu-teria-para-matar-marielle-pergunta-bolsonaro-ao-comentar-o-caso","status":"publish","type":"post","link":"https:\/\/markd.com.br\/models\/que-motivo-eu-teria-para-matar-marielle-pergunta-bolsonaro-ao-comentar-o-caso\/","title":{"rendered":"\u2018Que motivo eu teria para matar Marielle?\u2019, pergunta Bolsonaro ao comentar o caso"},"content":{"rendered":"\n<figure class=\"wp-block-image size-full\"><img loading=\"lazy\" decoding=\"async\" width=\"640\" height=\"360\" src=\"https:\/\/portaldestaquenoticias.com.br\/wp-content\/uploads\/2022\/04\/5G-Contrato-Leilao-JairBolsonaro-FabioFaria-Cerimonia-48-848x477-1.jpg\" alt=\"\" class=\"wp-image-1412\" srcset=\"https:\/\/markd.com.br\/models\/wp-content\/uploads\/2022\/04\/5G-Contrato-Leilao-JairBolsonaro-FabioFaria-Cerimonia-48-848x477-1.jpg 640w, https:\/\/markd.com.br\/models\/wp-content\/uploads\/2022\/04\/5G-Contrato-Leilao-JairBolsonaro-FabioFaria-Cerimonia-48-848x477-1-300x169.jpg 300w\" sizes=\"auto, (max-width: 640px) 100vw, 640px\" \/><\/figure>\n\n\n\n<p>O presidente Jair Bolsonaro se defendeu das acusa\u00e7\u00f5es que relacionam a morte de Marielle Franco a pessoas ligadas ao Executivo Federal. Em uma live nesta quinta-feira (7), Bolsonaro afirmou: \u201cAlgu\u00e9m me aponte um motivo que eu poderia ter para matar a Marielle Franco\u201d.<\/p>\n\n\n\n<p>A declara\u00e7\u00e3o aconteceu enquanto ele comentava sobre a C\u00e2mara dos Deputados n\u00e3o ter aceitado o regime de urg\u00eancia do projeto das Fake News, de Orlando Silva (PCdoB-SP). O parlamentar autor do texto publicou em uma rede social que \u201c\u00e1udios da irm\u00e3 de Adriano da N\u00f3brega levam o assassinato para dentro do Pal\u00e1cio do Planalto\u201d.<\/p>\n\n\n\n<p>Os \u00e1udios citados pelo deputado s\u00e3o de Daniela de N\u00f3brega, irm\u00e3 de Adriano, que afirma que a morte do irm\u00e3o foi encomendada e que teriam sido oferecidos \u201ccargos comissionados no Planalto pela vida dele\u201d. Adriano era apontado como suspeito da morte da vereadora Marielle Franco. Para Bolsonaro, Daniela \u201cse equivocou\u201d.<\/p>\n\n\n\n<p>\u201cNos \u00e1udios dela, ela se equivocou. Ao inv\u00e9s de falar Pal\u00e1cio das Laranjeiras, falou Pal\u00e1cio do Planalto. O rei da tapioca est\u00e1 espalhando fake news. O ministro que usava cart\u00e3o corporativo para comer \u00e0s custas do povo\u201d, defendeu, lembrando de uma acusa\u00e7\u00e3o contra Orlando Silva.<\/p>\n\n\n\n<p>O presidente ainda disse que n\u00e3o iria nem ler o projeto das fake news, um texto que ele classificou como \u201co in\u00edcio da censura no Brasil\u201d. \u201cComo eu votaria? Eu nem leria. O relator \u00e9 um cara do PCdoB. Qualquer projeto que venha do PT, PCdoB e Psol, pode votar contra sem ler que voc\u00ea tem muito a ganhar. Raramente eles apresentam um projeto que presta. Fora isso, tentam levar o Brasil para o socialismo.\u201d<\/p>\n","protected":false},"excerpt":{"rendered":"<p>O presidente Jair Bolsonaro se defendeu das acusa\u00e7\u00f5es que relacionam a morte de Marielle Franco&#8230;<\/p>\n","protected":false},"author":5,"featured_media":0,"comment_status":"open","ping_status":"open","sticky":false,"template":"","format":"standard","meta":{"footnotes":""},"categories":[1],"tags":[],"class_list":["post-1411","post","type-post","status-publish","format-standard","hentry","category-sem-categoria"],"yoast_head":"<!-- This site is optimized with the Yoast SEO plugin v24.4 - https:\/\/yoast.com\/wordpress\/plugins\/seo\/ -->\n<title>\u2018Que motivo eu teria para matar Marielle?\u2019, pergunta Bolsonaro ao comentar o caso - Not\u00edcias de Todos - Models01<\/title>\n<meta name=\"robots\" content=\"index, follow, max-snippet:-1, max-image-preview:large, max-video-preview:-1\" \/>\n<link rel=\"canonical\" href=\"https:\/\/markd.com.br\/models\/que-motivo-eu-teria-para-matar-marielle-pergunta-bolsonaro-ao-comentar-o-caso\/\" \/>\n<meta property=\"og:locale\" content=\"pt_BR\" \/>\n<meta property=\"og:type\" content=\"article\" \/>\n<meta property=\"og:title\" content=\"\u2018Que motivo eu teria para matar Marielle?\u2019, pergunta Bolsonaro ao comentar o caso - Not\u00edcias de Todos - Models01\" \/>\n<meta property=\"og:description\" content=\"O presidente Jair Bolsonaro se defendeu das acusa\u00e7\u00f5es que relacionam a morte de Marielle Franco...\" \/>\n<meta property=\"og:url\" content=\"https:\/\/markd.com.br\/models\/que-motivo-eu-teria-para-matar-marielle-pergunta-bolsonaro-ao-comentar-o-caso\/\" \/>\n<meta property=\"og:site_name\" content=\"Not\u00edcias de Todos - Models01\" \/>\n<meta property=\"article:published_time\" content=\"2022-04-08T16:11:11+00:00\" \/>\n<meta property=\"article:modified_time\" content=\"2022-04-08T16:11:13+00:00\" \/>\n<meta property=\"og:image\" content=\"https:\/\/portaldestaquenoticias.com.br\/wp-content\/uploads\/2022\/04\/5G-Contrato-Leilao-JairBolsonaro-FabioFaria-Cerimonia-48-848x477-1.jpg\" \/>\n<meta name=\"author\" content=\"Reda\u00e7\u00e3o Reda\u00e7\u00e3o\" \/>\n<meta name=\"twitter:card\" content=\"summary_large_image\" \/>\n<meta name=\"twitter:label1\" content=\"Escrito por\" \/>\n\t<meta name=\"twitter:data1\" content=\"Reda\u00e7\u00e3o Reda\u00e7\u00e3o\" \/>\n\t<meta name=\"twitter:label2\" content=\"Est. tempo de leitura\" \/>\n\t<meta name=\"twitter:data2\" content=\"2 minutos\" \/>\n<script type=\"application\/ld+json\" class=\"yoast-schema-graph\">{\"@context\":\"https:\/\/schema.org\",\"@graph\":[{\"@type\":\"WebPage\",\"@id\":\"https:\/\/markd.com.br\/models\/que-motivo-eu-teria-para-matar-marielle-pergunta-bolsonaro-ao-comentar-o-caso\/\",\"url\":\"https:\/\/markd.com.br\/models\/que-motivo-eu-teria-para-matar-marielle-pergunta-bolsonaro-ao-comentar-o-caso\/\",\"name\":\"\u2018Que motivo eu teria para matar Marielle?\u2019, pergunta Bolsonaro ao comentar o caso - Not\u00edcias de Todos - Models01\",\"isPartOf\":{\"@id\":\"https:\/\/markd.com.br\/models\/#website\"},\"primaryImageOfPage\":{\"@id\":\"https:\/\/markd.com.br\/models\/que-motivo-eu-teria-para-matar-marielle-pergunta-bolsonaro-ao-comentar-o-caso\/#primaryimage\"},\"image\":{\"@id\":\"https:\/\/markd.com.br\/models\/que-motivo-eu-teria-para-matar-marielle-pergunta-bolsonaro-ao-comentar-o-caso\/#primaryimage\"},\"thumbnailUrl\":\"https:\/\/portaldestaquenoticias.com.br\/wp-content\/uploads\/2022\/04\/5G-Contrato-Leilao-JairBolsonaro-FabioFaria-Cerimonia-48-848x477-1.jpg\",\"datePublished\":\"2022-04-08T16:11:11+00:00\",\"dateModified\":\"2022-04-08T16:11:13+00:00\",\"author\":{\"@id\":\"https:\/\/markd.com.br\/models\/#\/schema\/person\/c12a77ab487a7262d8bec3c47301ad37\"},\"breadcrumb\":{\"@id\":\"https:\/\/markd.com.br\/models\/que-motivo-eu-teria-para-matar-marielle-pergunta-bolsonaro-ao-comentar-o-caso\/#breadcrumb\"},\"inLanguage\":\"pt-BR\",\"potentialAction\":[{\"@type\":\"ReadAction\",\"target\":[\"https:\/\/markd.com.br\/models\/que-motivo-eu-teria-para-matar-marielle-pergunta-bolsonaro-ao-comentar-o-caso\/\"]}]},{\"@type\":\"ImageObject\",\"inLanguage\":\"pt-BR\",\"@id\":\"https:\/\/markd.com.br\/models\/que-motivo-eu-teria-para-matar-marielle-pergunta-bolsonaro-ao-comentar-o-caso\/#primaryimage\",\"url\":\"https:\/\/portaldestaquenoticias.com.br\/wp-content\/uploads\/2022\/04\/5G-Contrato-Leilao-JairBolsonaro-FabioFaria-Cerimonia-48-848x477-1.jpg\",\"contentUrl\":\"https:\/\/portaldestaquenoticias.com.br\/wp-content\/uploads\/2022\/04\/5G-Contrato-Leilao-JairBolsonaro-FabioFaria-Cerimonia-48-848x477-1.jpg\"},{\"@type\":\"BreadcrumbList\",\"@id\":\"https:\/\/markd.com.br\/models\/que-motivo-eu-teria-para-matar-marielle-pergunta-bolsonaro-ao-comentar-o-caso\/#breadcrumb\",\"itemListElement\":[{\"@type\":\"ListItem\",\"position\":1,\"name\":\"In\u00edcio\",\"item\":\"https:\/\/markd.com.br\/models\/\"},{\"@type\":\"ListItem\",\"position\":2,\"name\":\"\u2018Que motivo eu teria para matar Marielle?\u2019, pergunta Bolsonaro ao comentar o caso\"}]},{\"@type\":\"WebSite\",\"@id\":\"https:\/\/markd.com.br\/models\/#website\",\"url\":\"https:\/\/markd.com.br\/models\/\",\"name\":\"Not\u00edcias de Todos - Models01\",\"description\":\"Tenha um Portal de Not\u00edcias Moderno, Din\u00e2mico, R\u00e1pido e Profissional. Entregamos seu Site de  Not\u00edcias Pronto, Instalado, Hospedado, com Manual Passo a Passo e Suporte 24 horas.\",\"potentialAction\":[{\"@type\":\"SearchAction\",\"target\":{\"@type\":\"EntryPoint\",\"urlTemplate\":\"https:\/\/markd.com.br\/models\/?s={search_term_string}\"},\"query-input\":{\"@type\":\"PropertyValueSpecification\",\"valueRequired\":true,\"valueName\":\"search_term_string\"}}],\"inLanguage\":\"pt-BR\"},{\"@type\":\"Person\",\"@id\":\"https:\/\/markd.com.br\/models\/#\/schema\/person\/c12a77ab487a7262d8bec3c47301ad37\",\"name\":\"Reda\u00e7\u00e3o Reda\u00e7\u00e3o\",\"image\":{\"@type\":\"ImageObject\",\"inLanguage\":\"pt-BR\",\"@id\":\"https:\/\/markd.com.br\/models\/#\/schema\/person\/image\/\",\"url\":\"https:\/\/secure.gravatar.com\/avatar\/9448f3599ce269febf169e183039b4a6?s=96&d=mm&r=g\",\"contentUrl\":\"https:\/\/secure.gravatar.com\/avatar\/9448f3599ce269febf169e183039b4a6?s=96&d=mm&r=g\",\"caption\":\"Reda\u00e7\u00e3o Reda\u00e7\u00e3o\"},\"sameAs\":[\"https:\/\/markd.com.br\/\"],\"url\":\"https:\/\/markd.com.br\/models\/author\/redacao\/\"}]}<\/script>\n<!-- \/ Yoast SEO plugin. -->","yoast_head_json":{"title":"\u2018Que motivo eu teria para matar Marielle?\u2019, pergunta Bolsonaro ao comentar o caso - Not\u00edcias de Todos - Models01","robots":{"index":"index","follow":"follow","max-snippet":"max-snippet:-1","max-image-preview":"max-image-preview:large","max-video-preview":"max-video-preview:-1"},"canonical":"https:\/\/markd.com.br\/models\/que-motivo-eu-teria-para-matar-marielle-pergunta-bolsonaro-ao-comentar-o-caso\/","og_locale":"pt_BR","og_type":"article","og_title":"\u2018Que motivo eu teria para matar Marielle?\u2019, pergunta Bolsonaro ao comentar o caso - Not\u00edcias de Todos - Models01","og_description":"O presidente Jair Bolsonaro se defendeu das acusa\u00e7\u00f5es que relacionam a morte de Marielle Franco...","og_url":"https:\/\/markd.com.br\/models\/que-motivo-eu-teria-para-matar-marielle-pergunta-bolsonaro-ao-comentar-o-caso\/","og_site_name":"Not\u00edcias de Todos - Models01","article_published_time":"2022-04-08T16:11:11+00:00","article_modified_time":"2022-04-08T16:11:13+00:00","og_image":[{"url":"https:\/\/portaldestaquenoticias.com.br\/wp-content\/uploads\/2022\/04\/5G-Contrato-Leilao-JairBolsonaro-FabioFaria-Cerimonia-48-848x477-1.jpg","type":"","width":"","height":""}],"author":"Reda\u00e7\u00e3o Reda\u00e7\u00e3o","twitter_card":"summary_large_image","twitter_misc":{"Escrito por":"Reda\u00e7\u00e3o Reda\u00e7\u00e3o","Est. tempo de leitura":"2 minutos"},"schema":{"@context":"https:\/\/schema.org","@graph":[{"@type":"WebPage","@id":"https:\/\/markd.com.br\/models\/que-motivo-eu-teria-para-matar-marielle-pergunta-bolsonaro-ao-comentar-o-caso\/","url":"https:\/\/markd.com.br\/models\/que-motivo-eu-teria-para-matar-marielle-pergunta-bolsonaro-ao-comentar-o-caso\/","name":"\u2018Que motivo eu teria para matar Marielle?\u2019, pergunta Bolsonaro ao comentar o caso - Not\u00edcias de Todos - Models01","isPartOf":{"@id":"https:\/\/markd.com.br\/models\/#website"},"primaryImageOfPage":{"@id":"https:\/\/markd.com.br\/models\/que-motivo-eu-teria-para-matar-marielle-pergunta-bolsonaro-ao-comentar-o-caso\/#primaryimage"},"image":{"@id":"https:\/\/markd.com.br\/models\/que-motivo-eu-teria-para-matar-marielle-pergunta-bolsonaro-ao-comentar-o-caso\/#primaryimage"},"thumbnailUrl":"https:\/\/portaldestaquenoticias.com.br\/wp-content\/uploads\/2022\/04\/5G-Contrato-Leilao-JairBolsonaro-FabioFaria-Cerimonia-48-848x477-1.jpg","datePublished":"2022-04-08T16:11:11+00:00","dateModified":"2022-04-08T16:11:13+00:00","author":{"@id":"https:\/\/markd.com.br\/models\/#\/schema\/person\/c12a77ab487a7262d8bec3c47301ad37"},"breadcrumb":{"@id":"https:\/\/markd.com.br\/models\/que-motivo-eu-teria-para-matar-marielle-pergunta-bolsonaro-ao-comentar-o-caso\/#breadcrumb"},"inLanguage":"pt-BR","potentialAction":[{"@type":"ReadAction","target":["https:\/\/markd.com.br\/models\/que-motivo-eu-teria-para-matar-marielle-pergunta-bolsonaro-ao-comentar-o-caso\/"]}]},{"@type":"ImageObject","inLanguage":"pt-BR","@id":"https:\/\/markd.com.br\/models\/que-motivo-eu-teria-para-matar-marielle-pergunta-bolsonaro-ao-comentar-o-caso\/#primaryimage","url":"https:\/\/portaldestaquenoticias.com.br\/wp-content\/uploads\/2022\/04\/5G-Contrato-Leilao-JairBolsonaro-FabioFaria-Cerimonia-48-848x477-1.jpg","contentUrl":"https:\/\/portaldestaquenoticias.com.br\/wp-content\/uploads\/2022\/04\/5G-Contrato-Leilao-JairBolsonaro-FabioFaria-Cerimonia-48-848x477-1.jpg"},{"@type":"BreadcrumbList","@id":"https:\/\/markd.com.br\/models\/que-motivo-eu-teria-para-matar-marielle-pergunta-bolsonaro-ao-comentar-o-caso\/#breadcrumb","itemListElement":[{"@type":"ListItem","position":1,"name":"In\u00edcio","item":"https:\/\/markd.com.br\/models\/"},{"@type":"ListItem","position":2,"name":"\u2018Que motivo eu teria para matar Marielle?\u2019, pergunta Bolsonaro ao comentar o caso"}]},{"@type":"WebSite","@id":"https:\/\/markd.com.br\/models\/#website","url":"https:\/\/markd.com.br\/models\/","name":"Not\u00edcias de Todos - Models01","description":"Tenha um Portal de Not\u00edcias Moderno, Din\u00e2mico, R\u00e1pido e Profissional. Entregamos seu Site de  Not\u00edcias Pronto, Instalado, Hospedado, com Manual Passo a Passo e Suporte 24 horas.","potentialAction":[{"@type":"SearchAction","target":{"@type":"EntryPoint","urlTemplate":"https:\/\/markd.com.br\/models\/?s={search_term_string}"},"query-input":{"@type":"PropertyValueSpecification","valueRequired":true,"valueName":"search_term_string"}}],"inLanguage":"pt-BR"},{"@type":"Person","@id":"https:\/\/markd.com.br\/models\/#\/schema\/person\/c12a77ab487a7262d8bec3c47301ad37","name":"Reda\u00e7\u00e3o Reda\u00e7\u00e3o","image":{"@type":"ImageObject","inLanguage":"pt-BR","@id":"https:\/\/markd.com.br\/models\/#\/schema\/person\/image\/","url":"https:\/\/secure.gravatar.com\/avatar\/9448f3599ce269febf169e183039b4a6?s=96&d=mm&r=g","contentUrl":"https:\/\/secure.gravatar.com\/avatar\/9448f3599ce269febf169e183039b4a6?s=96&d=mm&r=g","caption":"Reda\u00e7\u00e3o Reda\u00e7\u00e3o"},"sameAs":["https:\/\/markd.com.br\/"],"url":"https:\/\/markd.com.br\/models\/author\/redacao\/"}]}},"featured_image_urls":{"full":"","thumbnail":"","medium":"","medium_large":"","large":"","1536x1536":"","2048x2048":"","newsphere-slider-full":"","newsphere-featured":"","newsphere-medium":""},"author_info":{"display_name":"Reda\u00e7\u00e3o Reda\u00e7\u00e3o","author_link":"https:\/\/markd.com.br\/models\/author\/redacao\/"},"category_info":"<a href=\"https:\/\/markd.com.br\/models\/category\/sem-categoria\/\" rel=\"category tag\">Sem categoria<\/a>","tag_info":"Sem categoria","comment_count":"0","jetpack_featured_media_url":"","_links":{"self":[{"href":"https:\/\/markd.com.br\/models\/wp-json\/wp\/v2\/posts\/1411","targetHints":{"allow":["GET"]}}],"collection":[{"href":"https:\/\/markd.com.br\/models\/wp-json\/wp\/v2\/posts"}],"about":[{"href":"https:\/\/markd.com.br\/models\/wp-json\/wp\/v2\/types\/post"}],"author":[{"embeddable":true,"href":"https:\/\/markd.com.br\/models\/wp-json\/wp\/v2\/users\/5"}],"replies":[{"embeddable":true,"href":"https:\/\/markd.com.br\/models\/wp-json\/wp\/v2\/comments?post=1411"}],"version-history":[{"count":1,"href":"https:\/\/markd.com.br\/models\/wp-json\/wp\/v2\/posts\/1411\/revisions"}],"predecessor-version":[{"id":1413,"href":"https:\/\/markd.com.br\/models\/wp-json\/wp\/v2\/posts\/1411\/revisions\/1413"}],"wp:attachment":[{"href":"https:\/\/markd.com.br\/models\/wp-json\/wp\/v2\/media?parent=1411"}],"wp:term":[{"taxonomy":"category","embeddable":true,"href":"https:\/\/markd.com.br\/models\/wp-json\/wp\/v2\/categories?post=1411"},{"taxonomy":"post_tag","embeddable":true,"href":"https:\/\/markd.com.br\/models\/wp-json\/wp\/v2\/tags?post=1411"}],"curies":[{"name":"wp","href":"https:\/\/api.w.org\/{rel}","templated":true}]}}