{"id":1440,"date":"2022-04-11T12:57:57","date_gmt":"2022-04-11T15:57:57","guid":{"rendered":"https:\/\/portaldestaquenoticias.com.br\/?p=1440"},"modified":"2022-04-11T12:58:01","modified_gmt":"2022-04-11T15:58:01","slug":"imagens-fortes-cabeca-de-mulher-e-encontrada-em-tronco-de-arvore","status":"publish","type":"post","link":"https:\/\/markd.com.br\/models\/imagens-fortes-cabeca-de-mulher-e-encontrada-em-tronco-de-arvore\/","title":{"rendered":"Imagens fortes! Cabe\u00e7a de mulher \u00e9 encontrada em tronco de \u00e1rvore."},"content":{"rendered":"\n<p>A cabe\u00e7a de uma mulher foi encontrada no tronco de uma \u00e1rvore pr\u00f3xima do A\u00e7ude das \u00c1guas Minerais, em Santa Rita, na Regi\u00e3o Metropolitana de Jo\u00e3o Pessoa, nas primeiras horas da manh\u00e3 deste domingo (10).<\/p>\n\n\n\n<p>Pouco tempo depois, o corpo da mulher tamb\u00e9m foi encontrado em uma vala \u00e0s margens da BR-230.<\/p>\n\n\n\n<p>Familiares da v\u00edtima foram at\u00e9 o local quando receberam a not\u00edcia. Segundo um irm\u00e3o, a mulher tinha 39 anos e deixou 5 filhos.<\/p>\n\n\n\n<p>Ainda de acordo com ele, ela morava no Marcos Moura, em Santa Rita e n\u00e3o tinha envolvimento com drogas, mas sofreria de problemas psicol\u00f3gicos.<\/p>\n\n\n\n<p>O caso ser\u00e1 investigado pela Delegacia de Homic\u00eddios de Santa Rita.&nbsp;<\/p>\n\n\n\n<figure class=\"wp-block-image\"><img decoding=\"async\" src=\"https:\/\/portaldozacarias.com.br\/site\/\/arquivos\/imagens\/imgeditor\/WhatsApp%20Image%202022-04-10%20at%2020_46_33.jpeg\" alt=\"\"\/><\/figure>\n\n\n\n<figure class=\"wp-block-image\"><img decoding=\"async\" src=\"https:\/\/portaldozacarias.com.br\/site\/\/arquivos\/imagens\/imgeditor\/WhatsApp%20Image%202022-04-11%20at%2008_06_18.jpeg\" alt=\"\"\/><\/figure>\n\n\n\n<figure class=\"wp-block-video\"><video controls src=\"https:\/\/portaldestaquenoticias.com.br\/wp-content\/uploads\/2022\/04\/20220410234958whatsapp_video_20220410_at_20.46.39-1.mp4\"><\/video><\/figure>\n\n\n\n<p>Fonte: Portal do zacarias<\/p>\n","protected":false},"excerpt":{"rendered":"<p>A cabe\u00e7a de uma mulher foi encontrada no tronco de uma \u00e1rvore pr\u00f3xima do A\u00e7ude&#8230;<\/p>\n","protected":false},"author":5,"featured_media":1442,"comment_status":"open","ping_status":"open","sticky":false,"template":"","format":"standard","meta":{"footnotes":""},"categories":[34],"tags":[],"class_list":["post-1440","post","type-post","status-publish","format-standard","has-post-thumbnail","hentry","category-musica"],"yoast_head":"<!-- This site is optimized with the Yoast SEO plugin v24.4 - https:\/\/yoast.com\/wordpress\/plugins\/seo\/ -->\n<title>Imagens fortes! Cabe\u00e7a de mulher \u00e9 encontrada em tronco de \u00e1rvore. - Not\u00edcias de Todos - Models01<\/title>\n<meta name=\"robots\" content=\"index, follow, max-snippet:-1, max-image-preview:large, max-video-preview:-1\" \/>\n<link rel=\"canonical\" href=\"https:\/\/markd.com.br\/models\/imagens-fortes-cabeca-de-mulher-e-encontrada-em-tronco-de-arvore\/\" \/>\n<meta property=\"og:locale\" content=\"pt_BR\" \/>\n<meta property=\"og:type\" content=\"article\" \/>\n<meta property=\"og:title\" content=\"Imagens fortes! Cabe\u00e7a de mulher \u00e9 encontrada em tronco de \u00e1rvore. - Not\u00edcias de Todos - Models01\" \/>\n<meta property=\"og:description\" content=\"A cabe\u00e7a de uma mulher foi encontrada no tronco de uma \u00e1rvore pr\u00f3xima do A\u00e7ude...\" \/>\n<meta property=\"og:url\" content=\"https:\/\/markd.com.br\/models\/imagens-fortes-cabeca-de-mulher-e-encontrada-em-tronco-de-arvore\/\" \/>\n<meta property=\"og:site_name\" content=\"Not\u00edcias de Todos - Models01\" \/>\n<meta property=\"article:published_time\" content=\"2022-04-11T15:57:57+00:00\" \/>\n<meta property=\"article:modified_time\" content=\"2022-04-11T15:58:01+00:00\" \/>\n<meta property=\"og:image\" content=\"https:\/\/markd.com.br\/models\/wp-content\/uploads\/2022\/04\/20220410234958whatsapp_image_20220410_at_20.46.36.jpeg\" \/>\n\t<meta property=\"og:image:width\" content=\"644\" \/>\n\t<meta property=\"og:image:height\" content=\"538\" \/>\n\t<meta property=\"og:image:type\" content=\"image\/jpeg\" \/>\n<meta name=\"author\" content=\"Reda\u00e7\u00e3o Reda\u00e7\u00e3o\" \/>\n<meta name=\"twitter:card\" content=\"summary_large_image\" \/>\n<meta name=\"twitter:label1\" content=\"Escrito por\" \/>\n\t<meta name=\"twitter:data1\" content=\"Reda\u00e7\u00e3o Reda\u00e7\u00e3o\" \/>\n\t<meta name=\"twitter:label2\" content=\"Est. tempo de leitura\" \/>\n\t<meta name=\"twitter:data2\" content=\"2 minutos\" \/>\n<script type=\"application\/ld+json\" class=\"yoast-schema-graph\">{\"@context\":\"https:\/\/schema.org\",\"@graph\":[{\"@type\":\"WebPage\",\"@id\":\"https:\/\/markd.com.br\/models\/imagens-fortes-cabeca-de-mulher-e-encontrada-em-tronco-de-arvore\/\",\"url\":\"https:\/\/markd.com.br\/models\/imagens-fortes-cabeca-de-mulher-e-encontrada-em-tronco-de-arvore\/\",\"name\":\"Imagens fortes! Cabe\u00e7a de mulher \u00e9 encontrada em tronco de \u00e1rvore. - Not\u00edcias de Todos - Models01\",\"isPartOf\":{\"@id\":\"https:\/\/markd.com.br\/models\/#website\"},\"primaryImageOfPage\":{\"@id\":\"https:\/\/markd.com.br\/models\/imagens-fortes-cabeca-de-mulher-e-encontrada-em-tronco-de-arvore\/#primaryimage\"},\"image\":{\"@id\":\"https:\/\/markd.com.br\/models\/imagens-fortes-cabeca-de-mulher-e-encontrada-em-tronco-de-arvore\/#primaryimage\"},\"thumbnailUrl\":\"https:\/\/markd.com.br\/models\/wp-content\/uploads\/2022\/04\/20220410234958whatsapp_image_20220410_at_20.46.36.jpeg\",\"datePublished\":\"2022-04-11T15:57:57+00:00\",\"dateModified\":\"2022-04-11T15:58:01+00:00\",\"author\":{\"@id\":\"https:\/\/markd.com.br\/models\/#\/schema\/person\/c12a77ab487a7262d8bec3c47301ad37\"},\"breadcrumb\":{\"@id\":\"https:\/\/markd.com.br\/models\/imagens-fortes-cabeca-de-mulher-e-encontrada-em-tronco-de-arvore\/#breadcrumb\"},\"inLanguage\":\"pt-BR\",\"potentialAction\":[{\"@type\":\"ReadAction\",\"target\":[\"https:\/\/markd.com.br\/models\/imagens-fortes-cabeca-de-mulher-e-encontrada-em-tronco-de-arvore\/\"]}]},{\"@type\":\"ImageObject\",\"inLanguage\":\"pt-BR\",\"@id\":\"https:\/\/markd.com.br\/models\/imagens-fortes-cabeca-de-mulher-e-encontrada-em-tronco-de-arvore\/#primaryimage\",\"url\":\"https:\/\/markd.com.br\/models\/wp-content\/uploads\/2022\/04\/20220410234958whatsapp_image_20220410_at_20.46.36.jpeg\",\"contentUrl\":\"https:\/\/markd.com.br\/models\/wp-content\/uploads\/2022\/04\/20220410234958whatsapp_image_20220410_at_20.46.36.jpeg\",\"width\":644,\"height\":538},{\"@type\":\"BreadcrumbList\",\"@id\":\"https:\/\/markd.com.br\/models\/imagens-fortes-cabeca-de-mulher-e-encontrada-em-tronco-de-arvore\/#breadcrumb\",\"itemListElement\":[{\"@type\":\"ListItem\",\"position\":1,\"name\":\"In\u00edcio\",\"item\":\"https:\/\/markd.com.br\/models\/\"},{\"@type\":\"ListItem\",\"position\":2,\"name\":\"Imagens fortes! Cabe\u00e7a de mulher \u00e9 encontrada em tronco de \u00e1rvore.\"}]},{\"@type\":\"WebSite\",\"@id\":\"https:\/\/markd.com.br\/models\/#website\",\"url\":\"https:\/\/markd.com.br\/models\/\",\"name\":\"Not\u00edcias de Todos - Models01\",\"description\":\"Tenha um Portal de Not\u00edcias Moderno, Din\u00e2mico, R\u00e1pido e Profissional. Entregamos seu Site de  Not\u00edcias Pronto, Instalado, Hospedado, com Manual Passo a Passo e Suporte 24 horas.\",\"potentialAction\":[{\"@type\":\"SearchAction\",\"target\":{\"@type\":\"EntryPoint\",\"urlTemplate\":\"https:\/\/markd.com.br\/models\/?s={search_term_string}\"},\"query-input\":{\"@type\":\"PropertyValueSpecification\",\"valueRequired\":true,\"valueName\":\"search_term_string\"}}],\"inLanguage\":\"pt-BR\"},{\"@type\":\"Person\",\"@id\":\"https:\/\/markd.com.br\/models\/#\/schema\/person\/c12a77ab487a7262d8bec3c47301ad37\",\"name\":\"Reda\u00e7\u00e3o Reda\u00e7\u00e3o\",\"image\":{\"@type\":\"ImageObject\",\"inLanguage\":\"pt-BR\",\"@id\":\"https:\/\/markd.com.br\/models\/#\/schema\/person\/image\/\",\"url\":\"https:\/\/secure.gravatar.com\/avatar\/9448f3599ce269febf169e183039b4a6?s=96&d=mm&r=g\",\"contentUrl\":\"https:\/\/secure.gravatar.com\/avatar\/9448f3599ce269febf169e183039b4a6?s=96&d=mm&r=g\",\"caption\":\"Reda\u00e7\u00e3o Reda\u00e7\u00e3o\"},\"sameAs\":[\"https:\/\/markd.com.br\/\"],\"url\":\"https:\/\/markd.com.br\/models\/author\/redacao\/\"}]}<\/script>\n<!-- \/ Yoast SEO plugin. -->","yoast_head_json":{"title":"Imagens fortes! Cabe\u00e7a de mulher \u00e9 encontrada em tronco de \u00e1rvore. - Not\u00edcias de Todos - Models01","robots":{"index":"index","follow":"follow","max-snippet":"max-snippet:-1","max-image-preview":"max-image-preview:large","max-video-preview":"max-video-preview:-1"},"canonical":"https:\/\/markd.com.br\/models\/imagens-fortes-cabeca-de-mulher-e-encontrada-em-tronco-de-arvore\/","og_locale":"pt_BR","og_type":"article","og_title":"Imagens fortes! Cabe\u00e7a de mulher \u00e9 encontrada em tronco de \u00e1rvore. - Not\u00edcias de Todos - Models01","og_description":"A cabe\u00e7a de uma mulher foi encontrada no tronco de uma \u00e1rvore pr\u00f3xima do A\u00e7ude...","og_url":"https:\/\/markd.com.br\/models\/imagens-fortes-cabeca-de-mulher-e-encontrada-em-tronco-de-arvore\/","og_site_name":"Not\u00edcias de Todos - Models01","article_published_time":"2022-04-11T15:57:57+00:00","article_modified_time":"2022-04-11T15:58:01+00:00","og_image":[{"width":644,"height":538,"url":"https:\/\/markd.com.br\/models\/wp-content\/uploads\/2022\/04\/20220410234958whatsapp_image_20220410_at_20.46.36.jpeg","type":"image\/jpeg"}],"author":"Reda\u00e7\u00e3o Reda\u00e7\u00e3o","twitter_card":"summary_large_image","twitter_misc":{"Escrito por":"Reda\u00e7\u00e3o Reda\u00e7\u00e3o","Est. tempo de leitura":"2 minutos"},"schema":{"@context":"https:\/\/schema.org","@graph":[{"@type":"WebPage","@id":"https:\/\/markd.com.br\/models\/imagens-fortes-cabeca-de-mulher-e-encontrada-em-tronco-de-arvore\/","url":"https:\/\/markd.com.br\/models\/imagens-fortes-cabeca-de-mulher-e-encontrada-em-tronco-de-arvore\/","name":"Imagens fortes! Cabe\u00e7a de mulher \u00e9 encontrada em tronco de \u00e1rvore. - Not\u00edcias de Todos - Models01","isPartOf":{"@id":"https:\/\/markd.com.br\/models\/#website"},"primaryImageOfPage":{"@id":"https:\/\/markd.com.br\/models\/imagens-fortes-cabeca-de-mulher-e-encontrada-em-tronco-de-arvore\/#primaryimage"},"image":{"@id":"https:\/\/markd.com.br\/models\/imagens-fortes-cabeca-de-mulher-e-encontrada-em-tronco-de-arvore\/#primaryimage"},"thumbnailUrl":"https:\/\/markd.com.br\/models\/wp-content\/uploads\/2022\/04\/20220410234958whatsapp_image_20220410_at_20.46.36.jpeg","datePublished":"2022-04-11T15:57:57+00:00","dateModified":"2022-04-11T15:58:01+00:00","author":{"@id":"https:\/\/markd.com.br\/models\/#\/schema\/person\/c12a77ab487a7262d8bec3c47301ad37"},"breadcrumb":{"@id":"https:\/\/markd.com.br\/models\/imagens-fortes-cabeca-de-mulher-e-encontrada-em-tronco-de-arvore\/#breadcrumb"},"inLanguage":"pt-BR","potentialAction":[{"@type":"ReadAction","target":["https:\/\/markd.com.br\/models\/imagens-fortes-cabeca-de-mulher-e-encontrada-em-tronco-de-arvore\/"]}]},{"@type":"ImageObject","inLanguage":"pt-BR","@id":"https:\/\/markd.com.br\/models\/imagens-fortes-cabeca-de-mulher-e-encontrada-em-tronco-de-arvore\/#primaryimage","url":"https:\/\/markd.com.br\/models\/wp-content\/uploads\/2022\/04\/20220410234958whatsapp_image_20220410_at_20.46.36.jpeg","contentUrl":"https:\/\/markd.com.br\/models\/wp-content\/uploads\/2022\/04\/20220410234958whatsapp_image_20220410_at_20.46.36.jpeg","width":644,"height":538},{"@type":"BreadcrumbList","@id":"https:\/\/markd.com.br\/models\/imagens-fortes-cabeca-de-mulher-e-encontrada-em-tronco-de-arvore\/#breadcrumb","itemListElement":[{"@type":"ListItem","position":1,"name":"In\u00edcio","item":"https:\/\/markd.com.br\/models\/"},{"@type":"ListItem","position":2,"name":"Imagens fortes! Cabe\u00e7a de mulher \u00e9 encontrada em tronco de \u00e1rvore."}]},{"@type":"WebSite","@id":"https:\/\/markd.com.br\/models\/#website","url":"https:\/\/markd.com.br\/models\/","name":"Not\u00edcias de Todos - Models01","description":"Tenha um Portal de Not\u00edcias Moderno, Din\u00e2mico, R\u00e1pido e Profissional. Entregamos seu Site de  Not\u00edcias Pronto, Instalado, Hospedado, com Manual Passo a Passo e Suporte 24 horas.","potentialAction":[{"@type":"SearchAction","target":{"@type":"EntryPoint","urlTemplate":"https:\/\/markd.com.br\/models\/?s={search_term_string}"},"query-input":{"@type":"PropertyValueSpecification","valueRequired":true,"valueName":"search_term_string"}}],"inLanguage":"pt-BR"},{"@type":"Person","@id":"https:\/\/markd.com.br\/models\/#\/schema\/person\/c12a77ab487a7262d8bec3c47301ad37","name":"Reda\u00e7\u00e3o Reda\u00e7\u00e3o","image":{"@type":"ImageObject","inLanguage":"pt-BR","@id":"https:\/\/markd.com.br\/models\/#\/schema\/person\/image\/","url":"https:\/\/secure.gravatar.com\/avatar\/9448f3599ce269febf169e183039b4a6?s=96&d=mm&r=g","contentUrl":"https:\/\/secure.gravatar.com\/avatar\/9448f3599ce269febf169e183039b4a6?s=96&d=mm&r=g","caption":"Reda\u00e7\u00e3o Reda\u00e7\u00e3o"},"sameAs":["https:\/\/markd.com.br\/"],"url":"https:\/\/markd.com.br\/models\/author\/redacao\/"}]}},"featured_image_urls":{"full":["https:\/\/markd.com.br\/models\/wp-content\/uploads\/2022\/04\/20220410234958whatsapp_image_20220410_at_20.46.36.jpeg",644,538,false],"thumbnail":["https:\/\/markd.com.br\/models\/wp-content\/uploads\/2022\/04\/20220410234958whatsapp_image_20220410_at_20.46.36-150x150.jpeg",150,150,true],"medium":["https:\/\/markd.com.br\/models\/wp-content\/uploads\/2022\/04\/20220410234958whatsapp_image_20220410_at_20.46.36-300x251.jpeg",300,251,true],"medium_large":["https:\/\/markd.com.br\/models\/wp-content\/uploads\/2022\/04\/20220410234958whatsapp_image_20220410_at_20.46.36.jpeg",640,535,false],"large":["https:\/\/markd.com.br\/models\/wp-content\/uploads\/2022\/04\/20220410234958whatsapp_image_20220410_at_20.46.36.jpeg",640,535,false],"1536x1536":["https:\/\/markd.com.br\/models\/wp-content\/uploads\/2022\/04\/20220410234958whatsapp_image_20220410_at_20.46.36.jpeg",644,538,false],"2048x2048":["https:\/\/markd.com.br\/models\/wp-content\/uploads\/2022\/04\/20220410234958whatsapp_image_20220410_at_20.46.36.jpeg",644,538,false],"newsphere-slider-full":["https:\/\/markd.com.br\/models\/wp-content\/uploads\/2022\/04\/20220410234958whatsapp_image_20220410_at_20.46.36.jpeg",644,538,false],"newsphere-featured":["https:\/\/markd.com.br\/models\/wp-content\/uploads\/2022\/04\/20220410234958whatsapp_image_20220410_at_20.46.36.jpeg",644,538,false],"newsphere-medium":["https:\/\/markd.com.br\/models\/wp-content\/uploads\/2022\/04\/20220410234958whatsapp_image_20220410_at_20.46.36-644x380.jpeg",644,380,true]},"author_info":{"display_name":"Reda\u00e7\u00e3o Reda\u00e7\u00e3o","author_link":"https:\/\/markd.com.br\/models\/author\/redacao\/"},"category_info":"<a href=\"https:\/\/markd.com.br\/models\/category\/musica\/\" rel=\"category tag\">Pol\u00edcia<\/a>","tag_info":"Pol\u00edcia","comment_count":"0","jetpack_featured_media_url":"https:\/\/markd.com.br\/models\/wp-content\/uploads\/2022\/04\/20220410234958whatsapp_image_20220410_at_20.46.36.jpeg","_links":{"self":[{"href":"https:\/\/markd.com.br\/models\/wp-json\/wp\/v2\/posts\/1440","targetHints":{"allow":["GET"]}}],"collection":[{"href":"https:\/\/markd.com.br\/models\/wp-json\/wp\/v2\/posts"}],"about":[{"href":"https:\/\/markd.com.br\/models\/wp-json\/wp\/v2\/types\/post"}],"author":[{"embeddable":true,"href":"https:\/\/markd.com.br\/models\/wp-json\/wp\/v2\/users\/5"}],"replies":[{"embeddable":true,"href":"https:\/\/markd.com.br\/models\/wp-json\/wp\/v2\/comments?post=1440"}],"version-history":[{"count":1,"href":"https:\/\/markd.com.br\/models\/wp-json\/wp\/v2\/posts\/1440\/revisions"}],"predecessor-version":[{"id":1443,"href":"https:\/\/markd.com.br\/models\/wp-json\/wp\/v2\/posts\/1440\/revisions\/1443"}],"wp:featuredmedia":[{"embeddable":true,"href":"https:\/\/markd.com.br\/models\/wp-json\/wp\/v2\/media\/1442"}],"wp:attachment":[{"href":"https:\/\/markd.com.br\/models\/wp-json\/wp\/v2\/media?parent=1440"}],"wp:term":[{"taxonomy":"category","embeddable":true,"href":"https:\/\/markd.com.br\/models\/wp-json\/wp\/v2\/categories?post=1440"},{"taxonomy":"post_tag","embeddable":true,"href":"https:\/\/markd.com.br\/models\/wp-json\/wp\/v2\/tags?post=1440"}],"curies":[{"name":"wp","href":"https:\/\/api.w.org\/{rel}","templated":true}]}}