{"id":1448,"date":"2022-04-11T13:15:59","date_gmt":"2022-04-11T16:15:59","guid":{"rendered":"https:\/\/portaldestaquenoticias.com.br\/?p=1448"},"modified":"2022-04-11T13:16:04","modified_gmt":"2022-04-11T16:16:04","slug":"veja-video-homem-e-executado-com-tres-tiros-na-cabeca-no-inicio-da-tarde-deste-domingo-no-porto-de-sao-raimundo-zona-oeste-de-manaus","status":"publish","type":"post","link":"https:\/\/markd.com.br\/models\/veja-video-homem-e-executado-com-tres-tiros-na-cabeca-no-inicio-da-tarde-deste-domingo-no-porto-de-sao-raimundo-zona-oeste-de-manaus\/","title":{"rendered":"Veja v\u00eddeo: Homem \u00e9 executado com tr\u00eas tiros na cabe\u00e7a no in\u00edcio da tarde deste domingo no porto de S\u00e3o Raimundo, Zona Oeste de Manaus."},"content":{"rendered":"\n<p>Um homem com 30 anos de idade aproximadamente, moreno, vestindo camisa preta de meia, bermud\u00e3o azul, foi assassinado por volta das 12h deste domingo no Porto de S\u00e3o Raimundo, Zona Oeste de Manaus.<br>Dois pistoleiros chegaram ao local em uma motocicleta e iniciaram a abordagem ao homem que saiu correndo, mas foi alcan\u00e7ado e executado com tr\u00eas tiros que atingiram a cabe\u00e7a e provocaram a morte instant\u00e2nea.<br>V\u00e1rias pessoas que desciam a ladeira que conduz ao porto de S\u00e3o Raimundo presenciaram o assassinato que n\u00e3o \u00e9 o primeiro que acontece naquela \u00e1rea no decorrer deste ano, segundo comentou um dos policiais militares que atenderam a ocorr\u00eancia.<\/p>\n\n\n\n<p>O homem assassinado estaria traficando drogas desde o come\u00e7o da manh\u00e3 nas imedia\u00e7\u00f5es do porto e algumas por\u00e7\u00f5es de maconha foram encontradas em seus bolsos no momento que o corpo estava sendo examinado pelo perito criminal.<\/p>\n\n\n\n<p><br>A v\u00edtima n\u00e3o foi identificada por nenhuma das pessoas que estava presente no local do assassinato e o corpo foi removido ap\u00f3s a chegada das equipes da Delegacia Especializada em Homic\u00eddios e Sequestros (DEHS) e do IML.<\/p>\n\n\n\n<p><br>A principal linha de investiga\u00e7\u00e3o, ao que tudo indica, \u00e9 de acerto de contas entre traficantes de drogas e que j\u00e1 foram respons\u00e1veis por v\u00e1rias execu\u00e7\u00f5es nos bairros de S\u00e3o Raimundo, Santo Ant\u00f4nio e Gl\u00f3ria no decorrer deste ano.<\/p>\n\n\n\n<figure class=\"wp-block-image\"><img decoding=\"async\" src=\"https:\/\/portaldozacarias.com.br\/site\/\/arquivos\/imagens\/imgeditor\/26a6a47d-c778-452a-b098-641fa38509fb.jpg\" alt=\"\"\/><\/figure>\n\n\n\n<figure class=\"wp-block-image\"><img decoding=\"async\" src=\"https:\/\/portaldozacarias.com.br\/site\/\/arquivos\/imagens\/imgeditor\/3c965ea3-fb0f-4cf4-aeec-9cc437f039c9.jpg\" alt=\"\"\/><\/figure>\n\n\n\n<figure class=\"wp-block-image\"><img decoding=\"async\" src=\"https:\/\/portaldozacarias.com.br\/site\/\/arquivos\/imagens\/imgeditor\/seew4.JPG\" alt=\"\"\/><\/figure>\n\n\n\n<figure class=\"wp-block-video\"><video controls src=\"https:\/\/portaldestaquenoticias.com.br\/wp-content\/uploads\/2022\/04\/20220410130523whatsapp_video_20220410_at_13.31.15.mp4\"><\/video><\/figure>\n\n\n\n<p>Fonte: Portal do zacarias<\/p>\n","protected":false},"excerpt":{"rendered":"<p>Um homem com 30 anos de idade aproximadamente, moreno, vestindo camisa preta de meia, bermud\u00e3o&#8230;<\/p>\n","protected":false},"author":5,"featured_media":1450,"comment_status":"open","ping_status":"open","sticky":false,"template":"","format":"standard","meta":{"footnotes":""},"categories":[124],"tags":[],"class_list":["post-1448","post","type-post","status-publish","format-standard","has-post-thumbnail","hentry","category-policia"],"yoast_head":"<!-- This site is optimized with the Yoast SEO plugin v24.4 - https:\/\/yoast.com\/wordpress\/plugins\/seo\/ -->\n<title>Veja v\u00eddeo: Homem \u00e9 executado com tr\u00eas tiros na cabe\u00e7a no in\u00edcio da tarde deste domingo no porto de S\u00e3o Raimundo, Zona Oeste de Manaus. - Not\u00edcias de Todos - Models01<\/title>\n<meta name=\"robots\" content=\"index, follow, max-snippet:-1, max-image-preview:large, max-video-preview:-1\" \/>\n<link rel=\"canonical\" href=\"https:\/\/markd.com.br\/models\/veja-video-homem-e-executado-com-tres-tiros-na-cabeca-no-inicio-da-tarde-deste-domingo-no-porto-de-sao-raimundo-zona-oeste-de-manaus\/\" \/>\n<meta property=\"og:locale\" content=\"pt_BR\" \/>\n<meta property=\"og:type\" content=\"article\" \/>\n<meta property=\"og:title\" content=\"Veja v\u00eddeo: Homem \u00e9 executado com tr\u00eas tiros na cabe\u00e7a no in\u00edcio da tarde deste domingo no porto de S\u00e3o Raimundo, Zona Oeste de Manaus. - Not\u00edcias de Todos - Models01\" \/>\n<meta property=\"og:description\" content=\"Um homem com 30 anos de idade aproximadamente, moreno, vestindo camisa preta de meia, bermud\u00e3o...\" \/>\n<meta property=\"og:url\" content=\"https:\/\/markd.com.br\/models\/veja-video-homem-e-executado-com-tres-tiros-na-cabeca-no-inicio-da-tarde-deste-domingo-no-porto-de-sao-raimundo-zona-oeste-de-manaus\/\" \/>\n<meta property=\"og:site_name\" content=\"Not\u00edcias de Todos - Models01\" \/>\n<meta property=\"article:published_time\" content=\"2022-04-11T16:15:59+00:00\" \/>\n<meta property=\"article:modified_time\" content=\"2022-04-11T16:16:04+00:00\" \/>\n<meta property=\"og:image\" content=\"https:\/\/markd.com.br\/models\/wp-content\/uploads\/2022\/04\/2022041013052326a6a47dc778452ab098641fa38509fb__copia.jpg\" \/>\n\t<meta property=\"og:image:width\" content=\"644\" \/>\n\t<meta property=\"og:image:height\" content=\"538\" \/>\n\t<meta property=\"og:image:type\" content=\"image\/jpeg\" \/>\n<meta name=\"author\" content=\"Reda\u00e7\u00e3o Reda\u00e7\u00e3o\" \/>\n<meta name=\"twitter:card\" content=\"summary_large_image\" \/>\n<meta name=\"twitter:label1\" content=\"Escrito por\" \/>\n\t<meta name=\"twitter:data1\" content=\"Reda\u00e7\u00e3o Reda\u00e7\u00e3o\" \/>\n\t<meta name=\"twitter:label2\" content=\"Est. tempo de leitura\" \/>\n\t<meta name=\"twitter:data2\" content=\"2 minutos\" \/>\n<script type=\"application\/ld+json\" class=\"yoast-schema-graph\">{\"@context\":\"https:\/\/schema.org\",\"@graph\":[{\"@type\":\"WebPage\",\"@id\":\"https:\/\/markd.com.br\/models\/veja-video-homem-e-executado-com-tres-tiros-na-cabeca-no-inicio-da-tarde-deste-domingo-no-porto-de-sao-raimundo-zona-oeste-de-manaus\/\",\"url\":\"https:\/\/markd.com.br\/models\/veja-video-homem-e-executado-com-tres-tiros-na-cabeca-no-inicio-da-tarde-deste-domingo-no-porto-de-sao-raimundo-zona-oeste-de-manaus\/\",\"name\":\"Veja v\u00eddeo: Homem \u00e9 executado com tr\u00eas tiros na cabe\u00e7a no in\u00edcio da tarde deste domingo no porto de S\u00e3o Raimundo, Zona Oeste de Manaus. - Not\u00edcias de Todos - Models01\",\"isPartOf\":{\"@id\":\"https:\/\/markd.com.br\/models\/#website\"},\"primaryImageOfPage\":{\"@id\":\"https:\/\/markd.com.br\/models\/veja-video-homem-e-executado-com-tres-tiros-na-cabeca-no-inicio-da-tarde-deste-domingo-no-porto-de-sao-raimundo-zona-oeste-de-manaus\/#primaryimage\"},\"image\":{\"@id\":\"https:\/\/markd.com.br\/models\/veja-video-homem-e-executado-com-tres-tiros-na-cabeca-no-inicio-da-tarde-deste-domingo-no-porto-de-sao-raimundo-zona-oeste-de-manaus\/#primaryimage\"},\"thumbnailUrl\":\"https:\/\/markd.com.br\/models\/wp-content\/uploads\/2022\/04\/2022041013052326a6a47dc778452ab098641fa38509fb__copia.jpg\",\"datePublished\":\"2022-04-11T16:15:59+00:00\",\"dateModified\":\"2022-04-11T16:16:04+00:00\",\"author\":{\"@id\":\"https:\/\/markd.com.br\/models\/#\/schema\/person\/c12a77ab487a7262d8bec3c47301ad37\"},\"breadcrumb\":{\"@id\":\"https:\/\/markd.com.br\/models\/veja-video-homem-e-executado-com-tres-tiros-na-cabeca-no-inicio-da-tarde-deste-domingo-no-porto-de-sao-raimundo-zona-oeste-de-manaus\/#breadcrumb\"},\"inLanguage\":\"pt-BR\",\"potentialAction\":[{\"@type\":\"ReadAction\",\"target\":[\"https:\/\/markd.com.br\/models\/veja-video-homem-e-executado-com-tres-tiros-na-cabeca-no-inicio-da-tarde-deste-domingo-no-porto-de-sao-raimundo-zona-oeste-de-manaus\/\"]}]},{\"@type\":\"ImageObject\",\"inLanguage\":\"pt-BR\",\"@id\":\"https:\/\/markd.com.br\/models\/veja-video-homem-e-executado-com-tres-tiros-na-cabeca-no-inicio-da-tarde-deste-domingo-no-porto-de-sao-raimundo-zona-oeste-de-manaus\/#primaryimage\",\"url\":\"https:\/\/markd.com.br\/models\/wp-content\/uploads\/2022\/04\/2022041013052326a6a47dc778452ab098641fa38509fb__copia.jpg\",\"contentUrl\":\"https:\/\/markd.com.br\/models\/wp-content\/uploads\/2022\/04\/2022041013052326a6a47dc778452ab098641fa38509fb__copia.jpg\",\"width\":644,\"height\":538},{\"@type\":\"BreadcrumbList\",\"@id\":\"https:\/\/markd.com.br\/models\/veja-video-homem-e-executado-com-tres-tiros-na-cabeca-no-inicio-da-tarde-deste-domingo-no-porto-de-sao-raimundo-zona-oeste-de-manaus\/#breadcrumb\",\"itemListElement\":[{\"@type\":\"ListItem\",\"position\":1,\"name\":\"In\u00edcio\",\"item\":\"https:\/\/markd.com.br\/models\/\"},{\"@type\":\"ListItem\",\"position\":2,\"name\":\"Veja v\u00eddeo: Homem \u00e9 executado com tr\u00eas tiros na cabe\u00e7a no in\u00edcio da tarde deste domingo no porto de S\u00e3o Raimundo, Zona Oeste de Manaus.\"}]},{\"@type\":\"WebSite\",\"@id\":\"https:\/\/markd.com.br\/models\/#website\",\"url\":\"https:\/\/markd.com.br\/models\/\",\"name\":\"Not\u00edcias de Todos - Models01\",\"description\":\"Tenha um Portal de Not\u00edcias Moderno, Din\u00e2mico, R\u00e1pido e Profissional. Entregamos seu Site de  Not\u00edcias Pronto, Instalado, Hospedado, com Manual Passo a Passo e Suporte 24 horas.\",\"potentialAction\":[{\"@type\":\"SearchAction\",\"target\":{\"@type\":\"EntryPoint\",\"urlTemplate\":\"https:\/\/markd.com.br\/models\/?s={search_term_string}\"},\"query-input\":{\"@type\":\"PropertyValueSpecification\",\"valueRequired\":true,\"valueName\":\"search_term_string\"}}],\"inLanguage\":\"pt-BR\"},{\"@type\":\"Person\",\"@id\":\"https:\/\/markd.com.br\/models\/#\/schema\/person\/c12a77ab487a7262d8bec3c47301ad37\",\"name\":\"Reda\u00e7\u00e3o Reda\u00e7\u00e3o\",\"image\":{\"@type\":\"ImageObject\",\"inLanguage\":\"pt-BR\",\"@id\":\"https:\/\/markd.com.br\/models\/#\/schema\/person\/image\/\",\"url\":\"https:\/\/secure.gravatar.com\/avatar\/9448f3599ce269febf169e183039b4a6?s=96&d=mm&r=g\",\"contentUrl\":\"https:\/\/secure.gravatar.com\/avatar\/9448f3599ce269febf169e183039b4a6?s=96&d=mm&r=g\",\"caption\":\"Reda\u00e7\u00e3o Reda\u00e7\u00e3o\"},\"sameAs\":[\"https:\/\/markd.com.br\/\"],\"url\":\"https:\/\/markd.com.br\/models\/author\/redacao\/\"}]}<\/script>\n<!-- \/ Yoast SEO plugin. -->","yoast_head_json":{"title":"Veja v\u00eddeo: Homem \u00e9 executado com tr\u00eas tiros na cabe\u00e7a no in\u00edcio da tarde deste domingo no porto de S\u00e3o Raimundo, Zona Oeste de Manaus. - Not\u00edcias de Todos - Models01","robots":{"index":"index","follow":"follow","max-snippet":"max-snippet:-1","max-image-preview":"max-image-preview:large","max-video-preview":"max-video-preview:-1"},"canonical":"https:\/\/markd.com.br\/models\/veja-video-homem-e-executado-com-tres-tiros-na-cabeca-no-inicio-da-tarde-deste-domingo-no-porto-de-sao-raimundo-zona-oeste-de-manaus\/","og_locale":"pt_BR","og_type":"article","og_title":"Veja v\u00eddeo: Homem \u00e9 executado com tr\u00eas tiros na cabe\u00e7a no in\u00edcio da tarde deste domingo no porto de S\u00e3o Raimundo, Zona Oeste de Manaus. - Not\u00edcias de Todos - Models01","og_description":"Um homem com 30 anos de idade aproximadamente, moreno, vestindo camisa preta de meia, bermud\u00e3o...","og_url":"https:\/\/markd.com.br\/models\/veja-video-homem-e-executado-com-tres-tiros-na-cabeca-no-inicio-da-tarde-deste-domingo-no-porto-de-sao-raimundo-zona-oeste-de-manaus\/","og_site_name":"Not\u00edcias de Todos - Models01","article_published_time":"2022-04-11T16:15:59+00:00","article_modified_time":"2022-04-11T16:16:04+00:00","og_image":[{"width":644,"height":538,"url":"https:\/\/markd.com.br\/models\/wp-content\/uploads\/2022\/04\/2022041013052326a6a47dc778452ab098641fa38509fb__copia.jpg","type":"image\/jpeg"}],"author":"Reda\u00e7\u00e3o Reda\u00e7\u00e3o","twitter_card":"summary_large_image","twitter_misc":{"Escrito por":"Reda\u00e7\u00e3o Reda\u00e7\u00e3o","Est. tempo de leitura":"2 minutos"},"schema":{"@context":"https:\/\/schema.org","@graph":[{"@type":"WebPage","@id":"https:\/\/markd.com.br\/models\/veja-video-homem-e-executado-com-tres-tiros-na-cabeca-no-inicio-da-tarde-deste-domingo-no-porto-de-sao-raimundo-zona-oeste-de-manaus\/","url":"https:\/\/markd.com.br\/models\/veja-video-homem-e-executado-com-tres-tiros-na-cabeca-no-inicio-da-tarde-deste-domingo-no-porto-de-sao-raimundo-zona-oeste-de-manaus\/","name":"Veja v\u00eddeo: Homem \u00e9 executado com tr\u00eas tiros na cabe\u00e7a no in\u00edcio da tarde deste domingo no porto de S\u00e3o Raimundo, Zona Oeste de Manaus. - Not\u00edcias de Todos - Models01","isPartOf":{"@id":"https:\/\/markd.com.br\/models\/#website"},"primaryImageOfPage":{"@id":"https:\/\/markd.com.br\/models\/veja-video-homem-e-executado-com-tres-tiros-na-cabeca-no-inicio-da-tarde-deste-domingo-no-porto-de-sao-raimundo-zona-oeste-de-manaus\/#primaryimage"},"image":{"@id":"https:\/\/markd.com.br\/models\/veja-video-homem-e-executado-com-tres-tiros-na-cabeca-no-inicio-da-tarde-deste-domingo-no-porto-de-sao-raimundo-zona-oeste-de-manaus\/#primaryimage"},"thumbnailUrl":"https:\/\/markd.com.br\/models\/wp-content\/uploads\/2022\/04\/2022041013052326a6a47dc778452ab098641fa38509fb__copia.jpg","datePublished":"2022-04-11T16:15:59+00:00","dateModified":"2022-04-11T16:16:04+00:00","author":{"@id":"https:\/\/markd.com.br\/models\/#\/schema\/person\/c12a77ab487a7262d8bec3c47301ad37"},"breadcrumb":{"@id":"https:\/\/markd.com.br\/models\/veja-video-homem-e-executado-com-tres-tiros-na-cabeca-no-inicio-da-tarde-deste-domingo-no-porto-de-sao-raimundo-zona-oeste-de-manaus\/#breadcrumb"},"inLanguage":"pt-BR","potentialAction":[{"@type":"ReadAction","target":["https:\/\/markd.com.br\/models\/veja-video-homem-e-executado-com-tres-tiros-na-cabeca-no-inicio-da-tarde-deste-domingo-no-porto-de-sao-raimundo-zona-oeste-de-manaus\/"]}]},{"@type":"ImageObject","inLanguage":"pt-BR","@id":"https:\/\/markd.com.br\/models\/veja-video-homem-e-executado-com-tres-tiros-na-cabeca-no-inicio-da-tarde-deste-domingo-no-porto-de-sao-raimundo-zona-oeste-de-manaus\/#primaryimage","url":"https:\/\/markd.com.br\/models\/wp-content\/uploads\/2022\/04\/2022041013052326a6a47dc778452ab098641fa38509fb__copia.jpg","contentUrl":"https:\/\/markd.com.br\/models\/wp-content\/uploads\/2022\/04\/2022041013052326a6a47dc778452ab098641fa38509fb__copia.jpg","width":644,"height":538},{"@type":"BreadcrumbList","@id":"https:\/\/markd.com.br\/models\/veja-video-homem-e-executado-com-tres-tiros-na-cabeca-no-inicio-da-tarde-deste-domingo-no-porto-de-sao-raimundo-zona-oeste-de-manaus\/#breadcrumb","itemListElement":[{"@type":"ListItem","position":1,"name":"In\u00edcio","item":"https:\/\/markd.com.br\/models\/"},{"@type":"ListItem","position":2,"name":"Veja v\u00eddeo: Homem \u00e9 executado com tr\u00eas tiros na cabe\u00e7a no in\u00edcio da tarde deste domingo no porto de S\u00e3o Raimundo, Zona Oeste de Manaus."}]},{"@type":"WebSite","@id":"https:\/\/markd.com.br\/models\/#website","url":"https:\/\/markd.com.br\/models\/","name":"Not\u00edcias de Todos - Models01","description":"Tenha um Portal de Not\u00edcias Moderno, Din\u00e2mico, R\u00e1pido e Profissional. Entregamos seu Site de  Not\u00edcias Pronto, Instalado, Hospedado, com Manual Passo a Passo e Suporte 24 horas.","potentialAction":[{"@type":"SearchAction","target":{"@type":"EntryPoint","urlTemplate":"https:\/\/markd.com.br\/models\/?s={search_term_string}"},"query-input":{"@type":"PropertyValueSpecification","valueRequired":true,"valueName":"search_term_string"}}],"inLanguage":"pt-BR"},{"@type":"Person","@id":"https:\/\/markd.com.br\/models\/#\/schema\/person\/c12a77ab487a7262d8bec3c47301ad37","name":"Reda\u00e7\u00e3o Reda\u00e7\u00e3o","image":{"@type":"ImageObject","inLanguage":"pt-BR","@id":"https:\/\/markd.com.br\/models\/#\/schema\/person\/image\/","url":"https:\/\/secure.gravatar.com\/avatar\/9448f3599ce269febf169e183039b4a6?s=96&d=mm&r=g","contentUrl":"https:\/\/secure.gravatar.com\/avatar\/9448f3599ce269febf169e183039b4a6?s=96&d=mm&r=g","caption":"Reda\u00e7\u00e3o Reda\u00e7\u00e3o"},"sameAs":["https:\/\/markd.com.br\/"],"url":"https:\/\/markd.com.br\/models\/author\/redacao\/"}]}},"featured_image_urls":{"full":["https:\/\/markd.com.br\/models\/wp-content\/uploads\/2022\/04\/2022041013052326a6a47dc778452ab098641fa38509fb__copia.jpg",644,538,false],"thumbnail":["https:\/\/markd.com.br\/models\/wp-content\/uploads\/2022\/04\/2022041013052326a6a47dc778452ab098641fa38509fb__copia-150x150.jpg",150,150,true],"medium":["https:\/\/markd.com.br\/models\/wp-content\/uploads\/2022\/04\/2022041013052326a6a47dc778452ab098641fa38509fb__copia-300x251.jpg",300,251,true],"medium_large":["https:\/\/markd.com.br\/models\/wp-content\/uploads\/2022\/04\/2022041013052326a6a47dc778452ab098641fa38509fb__copia.jpg",640,535,false],"large":["https:\/\/markd.com.br\/models\/wp-content\/uploads\/2022\/04\/2022041013052326a6a47dc778452ab098641fa38509fb__copia.jpg",640,535,false],"1536x1536":["https:\/\/markd.com.br\/models\/wp-content\/uploads\/2022\/04\/2022041013052326a6a47dc778452ab098641fa38509fb__copia.jpg",644,538,false],"2048x2048":["https:\/\/markd.com.br\/models\/wp-content\/uploads\/2022\/04\/2022041013052326a6a47dc778452ab098641fa38509fb__copia.jpg",644,538,false],"newsphere-slider-full":["https:\/\/markd.com.br\/models\/wp-content\/uploads\/2022\/04\/2022041013052326a6a47dc778452ab098641fa38509fb__copia.jpg",644,538,false],"newsphere-featured":["https:\/\/markd.com.br\/models\/wp-content\/uploads\/2022\/04\/2022041013052326a6a47dc778452ab098641fa38509fb__copia.jpg",644,538,false],"newsphere-medium":["https:\/\/markd.com.br\/models\/wp-content\/uploads\/2022\/04\/2022041013052326a6a47dc778452ab098641fa38509fb__copia-644x380.jpg",644,380,true]},"author_info":{"display_name":"Reda\u00e7\u00e3o Reda\u00e7\u00e3o","author_link":"https:\/\/markd.com.br\/models\/author\/redacao\/"},"category_info":"<a href=\"https:\/\/markd.com.br\/models\/category\/policia\/\" rel=\"category tag\">Policia<\/a>","tag_info":"Policia","comment_count":"0","jetpack_featured_media_url":"https:\/\/markd.com.br\/models\/wp-content\/uploads\/2022\/04\/2022041013052326a6a47dc778452ab098641fa38509fb__copia.jpg","_links":{"self":[{"href":"https:\/\/markd.com.br\/models\/wp-json\/wp\/v2\/posts\/1448","targetHints":{"allow":["GET"]}}],"collection":[{"href":"https:\/\/markd.com.br\/models\/wp-json\/wp\/v2\/posts"}],"about":[{"href":"https:\/\/markd.com.br\/models\/wp-json\/wp\/v2\/types\/post"}],"author":[{"embeddable":true,"href":"https:\/\/markd.com.br\/models\/wp-json\/wp\/v2\/users\/5"}],"replies":[{"embeddable":true,"href":"https:\/\/markd.com.br\/models\/wp-json\/wp\/v2\/comments?post=1448"}],"version-history":[{"count":1,"href":"https:\/\/markd.com.br\/models\/wp-json\/wp\/v2\/posts\/1448\/revisions"}],"predecessor-version":[{"id":1451,"href":"https:\/\/markd.com.br\/models\/wp-json\/wp\/v2\/posts\/1448\/revisions\/1451"}],"wp:featuredmedia":[{"embeddable":true,"href":"https:\/\/markd.com.br\/models\/wp-json\/wp\/v2\/media\/1450"}],"wp:attachment":[{"href":"https:\/\/markd.com.br\/models\/wp-json\/wp\/v2\/media?parent=1448"}],"wp:term":[{"taxonomy":"category","embeddable":true,"href":"https:\/\/markd.com.br\/models\/wp-json\/wp\/v2\/categories?post=1448"},{"taxonomy":"post_tag","embeddable":true,"href":"https:\/\/markd.com.br\/models\/wp-json\/wp\/v2\/tags?post=1448"}],"curies":[{"name":"wp","href":"https:\/\/api.w.org\/{rel}","templated":true}]}}