{"id":1452,"date":"2022-04-11T14:24:10","date_gmt":"2022-04-11T17:24:10","guid":{"rendered":"https:\/\/portaldestaquenoticias.com.br\/?p=1452"},"modified":"2022-04-11T14:24:13","modified_gmt":"2022-04-11T17:24:13","slug":"belo-e-gracyanne-sao-procurados-por-darem-calote-em-hospital","status":"publish","type":"post","link":"https:\/\/markd.com.br\/models\/belo-e-gracyanne-sao-procurados-por-darem-calote-em-hospital\/","title":{"rendered":"Belo e Gracyanne s\u00e3o procurados por darem \u2018calote\u2019 em hospital"},"content":{"rendered":"\n<p><\/p>\n\n\n\n<p>Prestes a se candidatar a deputado federal, o cantor Belo e a eposa Gracyanne Barbosa est\u00e3o na mira da Justi\u00e7a de S\u00e3o Paulo h\u00e1 um ano e cinco meses por uma d\u00edvida de R$ 3 mil no hospital S\u00e3o Camilo Ipiranga, na capital paulista.<\/p>\n\n\n\n<p>De acordo com a administra\u00e7\u00e3o da unidade hospitalar, o cantor teria firmado um contrato de presta\u00e7\u00e3o de servi\u00e7os, para interven\u00e7\u00e3o cl\u00ednica e hospitaliza\u00e7\u00e3o de Gracyanne, em dezembro de 2018. Por\u00e9m, as despesas do tratamento m\u00e9dico foram de R$ 2,5 mil, mas, apesar de o hospital ter honrado com suas obriga\u00e7\u00f5es, o casal n\u00e3o cumpriu com o pagamento devido.<\/p>\n\n\n\n<p>At\u00e9 agora o casal ainda n\u00e3o foi citado pela d\u00edvida em quest\u00e3o na Justi\u00e7a. O primeiro pedido ocorreu em setembro de 2020. Em outubro, as primeiras cartas de aviso de recebimento, enviados a supostos endere\u00e7os de Belo e Gracyanne em S\u00e3o Paulo, retornaram negativas.<\/p>\n\n\n\n<p>Por \u00faltimo, em julho de 2021, as cartas foram recebidas por terceiros e uma carta precat\u00f3ria foi encaminhada, mas sem sucesso.<\/p>\n\n\n\n<p>No entanto, essa n\u00e3o \u00e9 a primeira vez que o casal enfrenta problemas na justi\u00e7a.<\/p>\n\n\n\n<p><em><strong>Com informa\u00e7\u00f5es do Portal CM7<\/strong><\/em><\/p>\n","protected":false},"excerpt":{"rendered":"<p>Prestes a se candidatar a deputado federal, o cantor Belo e a eposa Gracyanne Barbosa&#8230;<\/p>\n","protected":false},"author":5,"featured_media":1453,"comment_status":"open","ping_status":"open","sticky":false,"template":"","format":"standard","meta":{"footnotes":""},"categories":[33],"tags":[372,374,373],"class_list":["post-1452","post","type-post","status-publish","format-standard","has-post-thumbnail","hentry","category-economia","tag-belo","tag-calote","tag-gracyanne"],"yoast_head":"<!-- This site is optimized with the Yoast SEO plugin v24.4 - https:\/\/yoast.com\/wordpress\/plugins\/seo\/ -->\n<title>Belo e Gracyanne s\u00e3o procurados por darem \u2018calote\u2019 em hospital - Not\u00edcias de Todos - Models01<\/title>\n<meta name=\"robots\" content=\"index, follow, max-snippet:-1, max-image-preview:large, max-video-preview:-1\" \/>\n<link rel=\"canonical\" href=\"https:\/\/markd.com.br\/models\/belo-e-gracyanne-sao-procurados-por-darem-calote-em-hospital\/\" \/>\n<meta property=\"og:locale\" content=\"pt_BR\" \/>\n<meta property=\"og:type\" content=\"article\" \/>\n<meta property=\"og:title\" content=\"Belo e Gracyanne s\u00e3o procurados por darem \u2018calote\u2019 em hospital - Not\u00edcias de Todos - Models01\" \/>\n<meta property=\"og:description\" content=\"Prestes a se candidatar a deputado federal, o cantor Belo e a eposa Gracyanne Barbosa...\" \/>\n<meta property=\"og:url\" content=\"https:\/\/markd.com.br\/models\/belo-e-gracyanne-sao-procurados-por-darem-calote-em-hospital\/\" \/>\n<meta property=\"og:site_name\" content=\"Not\u00edcias de Todos - Models01\" \/>\n<meta property=\"article:published_time\" content=\"2022-04-11T17:24:10+00:00\" \/>\n<meta property=\"article:modified_time\" content=\"2022-04-11T17:24:13+00:00\" \/>\n<meta property=\"og:image\" content=\"https:\/\/markd.com.br\/models\/wp-content\/uploads\/2022\/04\/whatsapp-image-2022-04-10-at-203031-650x445-1.jpeg\" \/>\n\t<meta property=\"og:image:width\" content=\"650\" \/>\n\t<meta property=\"og:image:height\" content=\"445\" \/>\n\t<meta property=\"og:image:type\" content=\"image\/jpeg\" \/>\n<meta name=\"author\" content=\"Reda\u00e7\u00e3o Reda\u00e7\u00e3o\" \/>\n<meta name=\"twitter:card\" content=\"summary_large_image\" \/>\n<meta name=\"twitter:label1\" content=\"Escrito por\" \/>\n\t<meta name=\"twitter:data1\" content=\"Reda\u00e7\u00e3o Reda\u00e7\u00e3o\" \/>\n\t<meta name=\"twitter:label2\" content=\"Est. tempo de leitura\" \/>\n\t<meta name=\"twitter:data2\" content=\"2 minutos\" \/>\n<script type=\"application\/ld+json\" class=\"yoast-schema-graph\">{\"@context\":\"https:\/\/schema.org\",\"@graph\":[{\"@type\":\"WebPage\",\"@id\":\"https:\/\/markd.com.br\/models\/belo-e-gracyanne-sao-procurados-por-darem-calote-em-hospital\/\",\"url\":\"https:\/\/markd.com.br\/models\/belo-e-gracyanne-sao-procurados-por-darem-calote-em-hospital\/\",\"name\":\"Belo e Gracyanne s\u00e3o procurados por darem \u2018calote\u2019 em hospital - Not\u00edcias de Todos - Models01\",\"isPartOf\":{\"@id\":\"https:\/\/markd.com.br\/models\/#website\"},\"primaryImageOfPage\":{\"@id\":\"https:\/\/markd.com.br\/models\/belo-e-gracyanne-sao-procurados-por-darem-calote-em-hospital\/#primaryimage\"},\"image\":{\"@id\":\"https:\/\/markd.com.br\/models\/belo-e-gracyanne-sao-procurados-por-darem-calote-em-hospital\/#primaryimage\"},\"thumbnailUrl\":\"https:\/\/markd.com.br\/models\/wp-content\/uploads\/2022\/04\/whatsapp-image-2022-04-10-at-203031-650x445-1.jpeg\",\"datePublished\":\"2022-04-11T17:24:10+00:00\",\"dateModified\":\"2022-04-11T17:24:13+00:00\",\"author\":{\"@id\":\"https:\/\/markd.com.br\/models\/#\/schema\/person\/c12a77ab487a7262d8bec3c47301ad37\"},\"breadcrumb\":{\"@id\":\"https:\/\/markd.com.br\/models\/belo-e-gracyanne-sao-procurados-por-darem-calote-em-hospital\/#breadcrumb\"},\"inLanguage\":\"pt-BR\",\"potentialAction\":[{\"@type\":\"ReadAction\",\"target\":[\"https:\/\/markd.com.br\/models\/belo-e-gracyanne-sao-procurados-por-darem-calote-em-hospital\/\"]}]},{\"@type\":\"ImageObject\",\"inLanguage\":\"pt-BR\",\"@id\":\"https:\/\/markd.com.br\/models\/belo-e-gracyanne-sao-procurados-por-darem-calote-em-hospital\/#primaryimage\",\"url\":\"https:\/\/markd.com.br\/models\/wp-content\/uploads\/2022\/04\/whatsapp-image-2022-04-10-at-203031-650x445-1.jpeg\",\"contentUrl\":\"https:\/\/markd.com.br\/models\/wp-content\/uploads\/2022\/04\/whatsapp-image-2022-04-10-at-203031-650x445-1.jpeg\",\"width\":650,\"height\":445},{\"@type\":\"BreadcrumbList\",\"@id\":\"https:\/\/markd.com.br\/models\/belo-e-gracyanne-sao-procurados-por-darem-calote-em-hospital\/#breadcrumb\",\"itemListElement\":[{\"@type\":\"ListItem\",\"position\":1,\"name\":\"In\u00edcio\",\"item\":\"https:\/\/markd.com.br\/models\/\"},{\"@type\":\"ListItem\",\"position\":2,\"name\":\"Belo e Gracyanne s\u00e3o procurados por darem \u2018calote\u2019 em hospital\"}]},{\"@type\":\"WebSite\",\"@id\":\"https:\/\/markd.com.br\/models\/#website\",\"url\":\"https:\/\/markd.com.br\/models\/\",\"name\":\"Not\u00edcias de Todos - Models01\",\"description\":\"Tenha um Portal de Not\u00edcias Moderno, Din\u00e2mico, R\u00e1pido e Profissional. Entregamos seu Site de  Not\u00edcias Pronto, Instalado, Hospedado, com Manual Passo a Passo e Suporte 24 horas.\",\"potentialAction\":[{\"@type\":\"SearchAction\",\"target\":{\"@type\":\"EntryPoint\",\"urlTemplate\":\"https:\/\/markd.com.br\/models\/?s={search_term_string}\"},\"query-input\":{\"@type\":\"PropertyValueSpecification\",\"valueRequired\":true,\"valueName\":\"search_term_string\"}}],\"inLanguage\":\"pt-BR\"},{\"@type\":\"Person\",\"@id\":\"https:\/\/markd.com.br\/models\/#\/schema\/person\/c12a77ab487a7262d8bec3c47301ad37\",\"name\":\"Reda\u00e7\u00e3o Reda\u00e7\u00e3o\",\"image\":{\"@type\":\"ImageObject\",\"inLanguage\":\"pt-BR\",\"@id\":\"https:\/\/markd.com.br\/models\/#\/schema\/person\/image\/\",\"url\":\"https:\/\/secure.gravatar.com\/avatar\/9448f3599ce269febf169e183039b4a6?s=96&d=mm&r=g\",\"contentUrl\":\"https:\/\/secure.gravatar.com\/avatar\/9448f3599ce269febf169e183039b4a6?s=96&d=mm&r=g\",\"caption\":\"Reda\u00e7\u00e3o Reda\u00e7\u00e3o\"},\"sameAs\":[\"https:\/\/markd.com.br\/\"],\"url\":\"https:\/\/markd.com.br\/models\/author\/redacao\/\"}]}<\/script>\n<!-- \/ Yoast SEO plugin. -->","yoast_head_json":{"title":"Belo e Gracyanne s\u00e3o procurados por darem \u2018calote\u2019 em hospital - Not\u00edcias de Todos - Models01","robots":{"index":"index","follow":"follow","max-snippet":"max-snippet:-1","max-image-preview":"max-image-preview:large","max-video-preview":"max-video-preview:-1"},"canonical":"https:\/\/markd.com.br\/models\/belo-e-gracyanne-sao-procurados-por-darem-calote-em-hospital\/","og_locale":"pt_BR","og_type":"article","og_title":"Belo e Gracyanne s\u00e3o procurados por darem \u2018calote\u2019 em hospital - Not\u00edcias de Todos - Models01","og_description":"Prestes a se candidatar a deputado federal, o cantor Belo e a eposa Gracyanne Barbosa...","og_url":"https:\/\/markd.com.br\/models\/belo-e-gracyanne-sao-procurados-por-darem-calote-em-hospital\/","og_site_name":"Not\u00edcias de Todos - Models01","article_published_time":"2022-04-11T17:24:10+00:00","article_modified_time":"2022-04-11T17:24:13+00:00","og_image":[{"width":650,"height":445,"url":"https:\/\/markd.com.br\/models\/wp-content\/uploads\/2022\/04\/whatsapp-image-2022-04-10-at-203031-650x445-1.jpeg","type":"image\/jpeg"}],"author":"Reda\u00e7\u00e3o Reda\u00e7\u00e3o","twitter_card":"summary_large_image","twitter_misc":{"Escrito por":"Reda\u00e7\u00e3o Reda\u00e7\u00e3o","Est. tempo de leitura":"2 minutos"},"schema":{"@context":"https:\/\/schema.org","@graph":[{"@type":"WebPage","@id":"https:\/\/markd.com.br\/models\/belo-e-gracyanne-sao-procurados-por-darem-calote-em-hospital\/","url":"https:\/\/markd.com.br\/models\/belo-e-gracyanne-sao-procurados-por-darem-calote-em-hospital\/","name":"Belo e Gracyanne s\u00e3o procurados por darem \u2018calote\u2019 em hospital - Not\u00edcias de Todos - Models01","isPartOf":{"@id":"https:\/\/markd.com.br\/models\/#website"},"primaryImageOfPage":{"@id":"https:\/\/markd.com.br\/models\/belo-e-gracyanne-sao-procurados-por-darem-calote-em-hospital\/#primaryimage"},"image":{"@id":"https:\/\/markd.com.br\/models\/belo-e-gracyanne-sao-procurados-por-darem-calote-em-hospital\/#primaryimage"},"thumbnailUrl":"https:\/\/markd.com.br\/models\/wp-content\/uploads\/2022\/04\/whatsapp-image-2022-04-10-at-203031-650x445-1.jpeg","datePublished":"2022-04-11T17:24:10+00:00","dateModified":"2022-04-11T17:24:13+00:00","author":{"@id":"https:\/\/markd.com.br\/models\/#\/schema\/person\/c12a77ab487a7262d8bec3c47301ad37"},"breadcrumb":{"@id":"https:\/\/markd.com.br\/models\/belo-e-gracyanne-sao-procurados-por-darem-calote-em-hospital\/#breadcrumb"},"inLanguage":"pt-BR","potentialAction":[{"@type":"ReadAction","target":["https:\/\/markd.com.br\/models\/belo-e-gracyanne-sao-procurados-por-darem-calote-em-hospital\/"]}]},{"@type":"ImageObject","inLanguage":"pt-BR","@id":"https:\/\/markd.com.br\/models\/belo-e-gracyanne-sao-procurados-por-darem-calote-em-hospital\/#primaryimage","url":"https:\/\/markd.com.br\/models\/wp-content\/uploads\/2022\/04\/whatsapp-image-2022-04-10-at-203031-650x445-1.jpeg","contentUrl":"https:\/\/markd.com.br\/models\/wp-content\/uploads\/2022\/04\/whatsapp-image-2022-04-10-at-203031-650x445-1.jpeg","width":650,"height":445},{"@type":"BreadcrumbList","@id":"https:\/\/markd.com.br\/models\/belo-e-gracyanne-sao-procurados-por-darem-calote-em-hospital\/#breadcrumb","itemListElement":[{"@type":"ListItem","position":1,"name":"In\u00edcio","item":"https:\/\/markd.com.br\/models\/"},{"@type":"ListItem","position":2,"name":"Belo e Gracyanne s\u00e3o procurados por darem \u2018calote\u2019 em hospital"}]},{"@type":"WebSite","@id":"https:\/\/markd.com.br\/models\/#website","url":"https:\/\/markd.com.br\/models\/","name":"Not\u00edcias de Todos - Models01","description":"Tenha um Portal de Not\u00edcias Moderno, Din\u00e2mico, R\u00e1pido e Profissional. Entregamos seu Site de  Not\u00edcias Pronto, Instalado, Hospedado, com Manual Passo a Passo e Suporte 24 horas.","potentialAction":[{"@type":"SearchAction","target":{"@type":"EntryPoint","urlTemplate":"https:\/\/markd.com.br\/models\/?s={search_term_string}"},"query-input":{"@type":"PropertyValueSpecification","valueRequired":true,"valueName":"search_term_string"}}],"inLanguage":"pt-BR"},{"@type":"Person","@id":"https:\/\/markd.com.br\/models\/#\/schema\/person\/c12a77ab487a7262d8bec3c47301ad37","name":"Reda\u00e7\u00e3o Reda\u00e7\u00e3o","image":{"@type":"ImageObject","inLanguage":"pt-BR","@id":"https:\/\/markd.com.br\/models\/#\/schema\/person\/image\/","url":"https:\/\/secure.gravatar.com\/avatar\/9448f3599ce269febf169e183039b4a6?s=96&d=mm&r=g","contentUrl":"https:\/\/secure.gravatar.com\/avatar\/9448f3599ce269febf169e183039b4a6?s=96&d=mm&r=g","caption":"Reda\u00e7\u00e3o Reda\u00e7\u00e3o"},"sameAs":["https:\/\/markd.com.br\/"],"url":"https:\/\/markd.com.br\/models\/author\/redacao\/"}]}},"featured_image_urls":{"full":["https:\/\/markd.com.br\/models\/wp-content\/uploads\/2022\/04\/whatsapp-image-2022-04-10-at-203031-650x445-1.jpeg",650,445,false],"thumbnail":["https:\/\/markd.com.br\/models\/wp-content\/uploads\/2022\/04\/whatsapp-image-2022-04-10-at-203031-650x445-1-150x150.jpeg",150,150,true],"medium":["https:\/\/markd.com.br\/models\/wp-content\/uploads\/2022\/04\/whatsapp-image-2022-04-10-at-203031-650x445-1-300x205.jpeg",300,205,true],"medium_large":["https:\/\/markd.com.br\/models\/wp-content\/uploads\/2022\/04\/whatsapp-image-2022-04-10-at-203031-650x445-1.jpeg",640,438,false],"large":["https:\/\/markd.com.br\/models\/wp-content\/uploads\/2022\/04\/whatsapp-image-2022-04-10-at-203031-650x445-1.jpeg",640,438,false],"1536x1536":["https:\/\/markd.com.br\/models\/wp-content\/uploads\/2022\/04\/whatsapp-image-2022-04-10-at-203031-650x445-1.jpeg",650,445,false],"2048x2048":["https:\/\/markd.com.br\/models\/wp-content\/uploads\/2022\/04\/whatsapp-image-2022-04-10-at-203031-650x445-1.jpeg",650,445,false],"newsphere-slider-full":["https:\/\/markd.com.br\/models\/wp-content\/uploads\/2022\/04\/whatsapp-image-2022-04-10-at-203031-650x445-1.jpeg",650,445,false],"newsphere-featured":["https:\/\/markd.com.br\/models\/wp-content\/uploads\/2022\/04\/whatsapp-image-2022-04-10-at-203031-650x445-1.jpeg",650,445,false],"newsphere-medium":["https:\/\/markd.com.br\/models\/wp-content\/uploads\/2022\/04\/whatsapp-image-2022-04-10-at-203031-650x445-1-650x380.jpeg",650,380,true]},"author_info":{"display_name":"Reda\u00e7\u00e3o Reda\u00e7\u00e3o","author_link":"https:\/\/markd.com.br\/models\/author\/redacao\/"},"category_info":"<a href=\"https:\/\/markd.com.br\/models\/category\/economia\/\" rel=\"category tag\">Famosos<\/a>","tag_info":"Famosos","comment_count":"0","jetpack_featured_media_url":"https:\/\/markd.com.br\/models\/wp-content\/uploads\/2022\/04\/whatsapp-image-2022-04-10-at-203031-650x445-1.jpeg","_links":{"self":[{"href":"https:\/\/markd.com.br\/models\/wp-json\/wp\/v2\/posts\/1452","targetHints":{"allow":["GET"]}}],"collection":[{"href":"https:\/\/markd.com.br\/models\/wp-json\/wp\/v2\/posts"}],"about":[{"href":"https:\/\/markd.com.br\/models\/wp-json\/wp\/v2\/types\/post"}],"author":[{"embeddable":true,"href":"https:\/\/markd.com.br\/models\/wp-json\/wp\/v2\/users\/5"}],"replies":[{"embeddable":true,"href":"https:\/\/markd.com.br\/models\/wp-json\/wp\/v2\/comments?post=1452"}],"version-history":[{"count":1,"href":"https:\/\/markd.com.br\/models\/wp-json\/wp\/v2\/posts\/1452\/revisions"}],"predecessor-version":[{"id":1454,"href":"https:\/\/markd.com.br\/models\/wp-json\/wp\/v2\/posts\/1452\/revisions\/1454"}],"wp:featuredmedia":[{"embeddable":true,"href":"https:\/\/markd.com.br\/models\/wp-json\/wp\/v2\/media\/1453"}],"wp:attachment":[{"href":"https:\/\/markd.com.br\/models\/wp-json\/wp\/v2\/media?parent=1452"}],"wp:term":[{"taxonomy":"category","embeddable":true,"href":"https:\/\/markd.com.br\/models\/wp-json\/wp\/v2\/categories?post=1452"},{"taxonomy":"post_tag","embeddable":true,"href":"https:\/\/markd.com.br\/models\/wp-json\/wp\/v2\/tags?post=1452"}],"curies":[{"name":"wp","href":"https:\/\/api.w.org\/{rel}","templated":true}]}}