{"id":1461,"date":"2022-04-11T14:36:45","date_gmt":"2022-04-11T17:36:45","guid":{"rendered":"https:\/\/portaldestaquenoticias.com.br\/?p=1461"},"modified":"2022-04-11T14:36:50","modified_gmt":"2022-04-11T17:36:50","slug":"ses-am-realiza-programacao-em-comemoracao-ao-dia-da-biblioteca","status":"publish","type":"post","link":"https:\/\/markd.com.br\/models\/ses-am-realiza-programacao-em-comemoracao-ao-dia-da-biblioteca\/","title":{"rendered":"SES-AM realiza programa\u00e7\u00e3o em comemora\u00e7\u00e3o ao Dia da Biblioteca"},"content":{"rendered":"\n<p><\/p>\n\n\n\n<p>Objetivo da 1\u00aa Semana da Biblioteca \u00e9 fomentar uso dos recursos dispon\u00edveis na Biblioteca da SES-AM, al\u00e9m de incentivar a leitura<\/p>\n\n\n\n<p>Em alus\u00e3o ao Dia da Biblioteca, celebrado no dia 9 de abril, a Secretaria de Estado de Sa\u00fade do Amazonas (SES-AM), realiza, a partir desta segunda-feira (11\/04), a 1\u00aa Semana da Biblioteca, com o tema \u201cBiblioteca, Literatura e Informa\u00e7\u00e3o para o Autocuidado\u201d. O principal objetivo do evento \u00e9 mostrar como os produtos e servi\u00e7os disponibilizados na Biblioteca da SES-AM podem contribuir para o desenvolvimento pessoal e profissional dos indiv\u00edduos.<\/p>\n\n\n\n<p>A programa\u00e7\u00e3o, que segue at\u00e9 quarta-feira (13\/04), \u00e9 variada, com momentos de informa\u00e7\u00e3o, acolhimento e descontra\u00e7\u00e3o para os servidores, colaboradores e usu\u00e1rios do Sistema \u00danico de Sa\u00fade (SUS), visando contribuir para o desenvolvimento pessoal e profissional.<\/p>\n\n\n\n<p>Nesta segunda-feira, acontece o lan\u00e7amento do guia de servi\u00e7os e produtos da biblioteca, al\u00e9m de declama\u00e7\u00e3o de poesias e quiz com profissionais de sa\u00fade sobre alimenta\u00e7\u00e3o e sa\u00fade mental. A participa\u00e7\u00e3o na 1\u00aa Semana da Biblioteca \u00e9 gratuita e aberta ao p\u00fablico em geral. A programa\u00e7\u00e3o acontecer\u00e1 em v\u00e1rios espa\u00e7os da sede da SES-AM, necessitando de inscri\u00e7\u00e3o somente para as Oficinas e Mostra de Talentos, pelo link: https:\/\/bit.ly\/3Jsr4S5.<\/p>\n\n\n\n<p>De acordo com a bibliotec\u00e1ria respons\u00e1vel pela organiza\u00e7\u00e3o do evento, Katty Anne Nunes, a biblioteca, que re\u00fane diferentes tipos de livros e informa\u00e7\u00f5es dos mais variados assuntos, \u00e9 um espa\u00e7o essencial para a aquisi\u00e7\u00e3o de conhecimentos, sendo o local procurado por pessoas que desejam explorar a literatura, estudar ou trabalhar.<\/p>\n\n\n\n<p>\u201cA Biblioteca da secretaria j\u00e1 disponibiliza para seu p\u00fablico v\u00e1rios produtos e servi\u00e7os, como livros t\u00e9cnicos, cient\u00edficos e liter\u00e1rios, orienta\u00e7\u00e3o de servi\u00e7os de normaliza\u00e7\u00e3o (ABNT e\/ou APA) para trabalhos acad\u00eamicos, levantamento bibliogr\u00e1fico, computadores com acesso \u00e0 internet, al\u00e9m dos encontros trimestrais do Clube de leitura, Roda de biblioterapia, que s\u00e3o mensais e o boletim informativo digital\u201d, informou Katty Anne.<\/p>\n\n\n\n<p>Segundo a bibliotec\u00e1ria, a equipe do setor continua ampliando seus servi\u00e7os para contribuir cada vez mais com a educa\u00e7\u00e3o continuada e permanente no SUS, al\u00e9m de preservar a hist\u00f3ria institucional.<\/p>\n\n\n\n<p>PROGRAMA\u00c7\u00c3O<\/p>\n\n\n\n<p>\u2022 Segunda, dia 11 de abril<\/p>\n\n\n\n<p>Manh\u00e3 \u2013 10h<br>Local: Biblioteca da SES-AM<\/p>\n\n\n\n<p>Abertura<br>Quiz com Davi Cunha, psic\u00f3logo da SES-AM<br>Lan\u00e7amento do guia \u2013 apresenta\u00e7\u00e3o dos servi\u00e7os e produtos da biblioteca<br>Sorteio<\/p>\n\n\n\n<p>Tarde \u2013 15h<br>Local: audit\u00f3rio Eglantina Rondon, localizado na SES-AM<\/p>\n\n\n\n<p>Abertura com Hulda Amorim, bibliotec\u00e1ria na SES-AM<br>Quiz com Carlos Ramalho, psic\u00f3logo no Hemoam; e Da\u00edse Cunha, nutricionista que atua como apoio t\u00e9cnico na Coordena\u00e7\u00e3o de Alimenta\u00e7\u00e3o e Nutri\u00e7\u00e3o da SES-AM<br>Declama\u00e7\u00e3o de poesia de cordel \u2013 Walter<br>Sorteio<\/p>\n\n\n\n<p>\u2022 Ter\u00e7a, dia 12 de abril<\/p>\n\n\n\n<p>Manh\u00e3<br>9h \u2013 C\u00edrculo de biblioterapia<br>10h30 \u2013 1\u00ba Encontro de Bibliotec\u00e1rios da Rede Estadual de Sa\u00fade do Amazonas<\/p>\n\n\n\n<p>Tarde \u2013 15h<br>Oficina de Escrita criativa, com Evany Nascimento, professora da UEA, doutora em Design pela PUC-RJ, arte educadora, escritora e contadora de hist\u00f3rias<\/p>\n\n\n\n<p>\u2022 Quarta, dia 13 de abril<\/p>\n\n\n\n<p>Tarde \u2013 15h<br>Abertura \u2013 V\u00eddeo institucional<br>Abertura da campanha #useabiblioteca, com Katty Anne Nunes e Hulda Amorim<br>Mostra de talentos<br>Atra\u00e7\u00e3o musical: Jetro e N\u00e1dia<br>Declama\u00e7\u00e3o de poesia: Paulo, Aldo, Joaquim e outros servidores<br>M\u00fasica: Andr\u00e9ia, Vit\u00f3ria e outros servidores<\/p>\n\n\n\n<figure class=\"wp-block-image\"><img decoding=\"async\" src=\"https:\/\/sp-ao.shortpixel.ai\/client\/to_auto,q_glossy,ret_img,w_1024,h_576\/https:\/\/portalmancheteam.com.br\/wp-content\/uploads\/2022\/04\/a908bff3-d029-4104-be3d-bfa0adb5ec0f-1024x576.jpg\" alt=\"\" class=\"wp-image-82982\"\/><\/figure>\n\n\n\n<p>FOTOS: Daniel Oliveira\/SES-AM<\/p>\n\n\n\n<p>Informa\u00e7\u00f5es para a imprensa: Assessoria de Comunica\u00e7\u00e3o da Secretaria de Estado de Sa\u00fade (SES-AM): comunicacao@saude.am.gov.br e (92) 98407-1699.<\/p>\n","protected":false},"excerpt":{"rendered":"<p>Objetivo da 1\u00aa Semana da Biblioteca \u00e9 fomentar uso dos recursos dispon\u00edveis na Biblioteca da&#8230;<\/p>\n","protected":false},"author":5,"featured_media":1462,"comment_status":"open","ping_status":"open","sticky":false,"template":"","format":"standard","meta":{"footnotes":""},"categories":[51],"tags":[379,52,168],"class_list":["post-1461","post","type-post","status-publish","format-standard","has-post-thumbnail","hentry","category-governo-do-amazonas","tag-biblioteca","tag-governo-do-amazonas","tag-ses-am"],"yoast_head":"<!-- This site is optimized with the Yoast SEO plugin v24.4 - https:\/\/yoast.com\/wordpress\/plugins\/seo\/ -->\n<title>SES-AM realiza programa\u00e7\u00e3o em comemora\u00e7\u00e3o ao Dia da Biblioteca - Not\u00edcias de Todos - Models01<\/title>\n<meta name=\"robots\" content=\"index, follow, max-snippet:-1, max-image-preview:large, max-video-preview:-1\" \/>\n<link rel=\"canonical\" href=\"https:\/\/markd.com.br\/models\/ses-am-realiza-programacao-em-comemoracao-ao-dia-da-biblioteca\/\" \/>\n<meta property=\"og:locale\" content=\"pt_BR\" \/>\n<meta property=\"og:type\" content=\"article\" \/>\n<meta property=\"og:title\" content=\"SES-AM realiza programa\u00e7\u00e3o em comemora\u00e7\u00e3o ao Dia da Biblioteca - Not\u00edcias de Todos - Models01\" \/>\n<meta property=\"og:description\" content=\"Objetivo da 1\u00aa Semana da Biblioteca \u00e9 fomentar uso dos recursos dispon\u00edveis na Biblioteca da...\" \/>\n<meta property=\"og:url\" content=\"https:\/\/markd.com.br\/models\/ses-am-realiza-programacao-em-comemoracao-ao-dia-da-biblioteca\/\" \/>\n<meta property=\"og:site_name\" content=\"Not\u00edcias de Todos - Models01\" \/>\n<meta property=\"article:published_time\" content=\"2022-04-11T17:36:45+00:00\" \/>\n<meta property=\"article:modified_time\" content=\"2022-04-11T17:36:50+00:00\" \/>\n<meta property=\"og:image\" content=\"https:\/\/markd.com.br\/models\/wp-content\/uploads\/2022\/04\/c8946416-1026-4225-9f3a-1c997fa62709.jpg\" \/>\n\t<meta property=\"og:image:width\" content=\"650\" \/>\n\t<meta property=\"og:image:height\" content=\"366\" \/>\n\t<meta property=\"og:image:type\" content=\"image\/jpeg\" \/>\n<meta name=\"author\" content=\"Reda\u00e7\u00e3o Reda\u00e7\u00e3o\" \/>\n<meta name=\"twitter:card\" content=\"summary_large_image\" \/>\n<meta name=\"twitter:label1\" content=\"Escrito por\" \/>\n\t<meta name=\"twitter:data1\" content=\"Reda\u00e7\u00e3o Reda\u00e7\u00e3o\" \/>\n\t<meta name=\"twitter:label2\" content=\"Est. tempo de leitura\" \/>\n\t<meta name=\"twitter:data2\" content=\"4 minutos\" \/>\n<script type=\"application\/ld+json\" class=\"yoast-schema-graph\">{\"@context\":\"https:\/\/schema.org\",\"@graph\":[{\"@type\":\"WebPage\",\"@id\":\"https:\/\/markd.com.br\/models\/ses-am-realiza-programacao-em-comemoracao-ao-dia-da-biblioteca\/\",\"url\":\"https:\/\/markd.com.br\/models\/ses-am-realiza-programacao-em-comemoracao-ao-dia-da-biblioteca\/\",\"name\":\"SES-AM realiza programa\u00e7\u00e3o em comemora\u00e7\u00e3o ao Dia da Biblioteca - Not\u00edcias de Todos - Models01\",\"isPartOf\":{\"@id\":\"https:\/\/markd.com.br\/models\/#website\"},\"primaryImageOfPage\":{\"@id\":\"https:\/\/markd.com.br\/models\/ses-am-realiza-programacao-em-comemoracao-ao-dia-da-biblioteca\/#primaryimage\"},\"image\":{\"@id\":\"https:\/\/markd.com.br\/models\/ses-am-realiza-programacao-em-comemoracao-ao-dia-da-biblioteca\/#primaryimage\"},\"thumbnailUrl\":\"https:\/\/markd.com.br\/models\/wp-content\/uploads\/2022\/04\/c8946416-1026-4225-9f3a-1c997fa62709.jpg\",\"datePublished\":\"2022-04-11T17:36:45+00:00\",\"dateModified\":\"2022-04-11T17:36:50+00:00\",\"author\":{\"@id\":\"https:\/\/markd.com.br\/models\/#\/schema\/person\/c12a77ab487a7262d8bec3c47301ad37\"},\"breadcrumb\":{\"@id\":\"https:\/\/markd.com.br\/models\/ses-am-realiza-programacao-em-comemoracao-ao-dia-da-biblioteca\/#breadcrumb\"},\"inLanguage\":\"pt-BR\",\"potentialAction\":[{\"@type\":\"ReadAction\",\"target\":[\"https:\/\/markd.com.br\/models\/ses-am-realiza-programacao-em-comemoracao-ao-dia-da-biblioteca\/\"]}]},{\"@type\":\"ImageObject\",\"inLanguage\":\"pt-BR\",\"@id\":\"https:\/\/markd.com.br\/models\/ses-am-realiza-programacao-em-comemoracao-ao-dia-da-biblioteca\/#primaryimage\",\"url\":\"https:\/\/markd.com.br\/models\/wp-content\/uploads\/2022\/04\/c8946416-1026-4225-9f3a-1c997fa62709.jpg\",\"contentUrl\":\"https:\/\/markd.com.br\/models\/wp-content\/uploads\/2022\/04\/c8946416-1026-4225-9f3a-1c997fa62709.jpg\",\"width\":650,\"height\":366},{\"@type\":\"BreadcrumbList\",\"@id\":\"https:\/\/markd.com.br\/models\/ses-am-realiza-programacao-em-comemoracao-ao-dia-da-biblioteca\/#breadcrumb\",\"itemListElement\":[{\"@type\":\"ListItem\",\"position\":1,\"name\":\"In\u00edcio\",\"item\":\"https:\/\/markd.com.br\/models\/\"},{\"@type\":\"ListItem\",\"position\":2,\"name\":\"SES-AM realiza programa\u00e7\u00e3o em comemora\u00e7\u00e3o ao Dia da Biblioteca\"}]},{\"@type\":\"WebSite\",\"@id\":\"https:\/\/markd.com.br\/models\/#website\",\"url\":\"https:\/\/markd.com.br\/models\/\",\"name\":\"Not\u00edcias de Todos - Models01\",\"description\":\"Tenha um Portal de Not\u00edcias Moderno, Din\u00e2mico, R\u00e1pido e Profissional. Entregamos seu Site de  Not\u00edcias Pronto, Instalado, Hospedado, com Manual Passo a Passo e Suporte 24 horas.\",\"potentialAction\":[{\"@type\":\"SearchAction\",\"target\":{\"@type\":\"EntryPoint\",\"urlTemplate\":\"https:\/\/markd.com.br\/models\/?s={search_term_string}\"},\"query-input\":{\"@type\":\"PropertyValueSpecification\",\"valueRequired\":true,\"valueName\":\"search_term_string\"}}],\"inLanguage\":\"pt-BR\"},{\"@type\":\"Person\",\"@id\":\"https:\/\/markd.com.br\/models\/#\/schema\/person\/c12a77ab487a7262d8bec3c47301ad37\",\"name\":\"Reda\u00e7\u00e3o Reda\u00e7\u00e3o\",\"image\":{\"@type\":\"ImageObject\",\"inLanguage\":\"pt-BR\",\"@id\":\"https:\/\/markd.com.br\/models\/#\/schema\/person\/image\/\",\"url\":\"https:\/\/secure.gravatar.com\/avatar\/9448f3599ce269febf169e183039b4a6?s=96&d=mm&r=g\",\"contentUrl\":\"https:\/\/secure.gravatar.com\/avatar\/9448f3599ce269febf169e183039b4a6?s=96&d=mm&r=g\",\"caption\":\"Reda\u00e7\u00e3o Reda\u00e7\u00e3o\"},\"sameAs\":[\"https:\/\/markd.com.br\/\"],\"url\":\"https:\/\/markd.com.br\/models\/author\/redacao\/\"}]}<\/script>\n<!-- \/ Yoast SEO plugin. -->","yoast_head_json":{"title":"SES-AM realiza programa\u00e7\u00e3o em comemora\u00e7\u00e3o ao Dia da Biblioteca - Not\u00edcias de Todos - Models01","robots":{"index":"index","follow":"follow","max-snippet":"max-snippet:-1","max-image-preview":"max-image-preview:large","max-video-preview":"max-video-preview:-1"},"canonical":"https:\/\/markd.com.br\/models\/ses-am-realiza-programacao-em-comemoracao-ao-dia-da-biblioteca\/","og_locale":"pt_BR","og_type":"article","og_title":"SES-AM realiza programa\u00e7\u00e3o em comemora\u00e7\u00e3o ao Dia da Biblioteca - Not\u00edcias de Todos - Models01","og_description":"Objetivo da 1\u00aa Semana da Biblioteca \u00e9 fomentar uso dos recursos dispon\u00edveis na Biblioteca da...","og_url":"https:\/\/markd.com.br\/models\/ses-am-realiza-programacao-em-comemoracao-ao-dia-da-biblioteca\/","og_site_name":"Not\u00edcias de Todos - Models01","article_published_time":"2022-04-11T17:36:45+00:00","article_modified_time":"2022-04-11T17:36:50+00:00","og_image":[{"width":650,"height":366,"url":"https:\/\/markd.com.br\/models\/wp-content\/uploads\/2022\/04\/c8946416-1026-4225-9f3a-1c997fa62709.jpg","type":"image\/jpeg"}],"author":"Reda\u00e7\u00e3o Reda\u00e7\u00e3o","twitter_card":"summary_large_image","twitter_misc":{"Escrito por":"Reda\u00e7\u00e3o Reda\u00e7\u00e3o","Est. tempo de leitura":"4 minutos"},"schema":{"@context":"https:\/\/schema.org","@graph":[{"@type":"WebPage","@id":"https:\/\/markd.com.br\/models\/ses-am-realiza-programacao-em-comemoracao-ao-dia-da-biblioteca\/","url":"https:\/\/markd.com.br\/models\/ses-am-realiza-programacao-em-comemoracao-ao-dia-da-biblioteca\/","name":"SES-AM realiza programa\u00e7\u00e3o em comemora\u00e7\u00e3o ao Dia da Biblioteca - Not\u00edcias de Todos - Models01","isPartOf":{"@id":"https:\/\/markd.com.br\/models\/#website"},"primaryImageOfPage":{"@id":"https:\/\/markd.com.br\/models\/ses-am-realiza-programacao-em-comemoracao-ao-dia-da-biblioteca\/#primaryimage"},"image":{"@id":"https:\/\/markd.com.br\/models\/ses-am-realiza-programacao-em-comemoracao-ao-dia-da-biblioteca\/#primaryimage"},"thumbnailUrl":"https:\/\/markd.com.br\/models\/wp-content\/uploads\/2022\/04\/c8946416-1026-4225-9f3a-1c997fa62709.jpg","datePublished":"2022-04-11T17:36:45+00:00","dateModified":"2022-04-11T17:36:50+00:00","author":{"@id":"https:\/\/markd.com.br\/models\/#\/schema\/person\/c12a77ab487a7262d8bec3c47301ad37"},"breadcrumb":{"@id":"https:\/\/markd.com.br\/models\/ses-am-realiza-programacao-em-comemoracao-ao-dia-da-biblioteca\/#breadcrumb"},"inLanguage":"pt-BR","potentialAction":[{"@type":"ReadAction","target":["https:\/\/markd.com.br\/models\/ses-am-realiza-programacao-em-comemoracao-ao-dia-da-biblioteca\/"]}]},{"@type":"ImageObject","inLanguage":"pt-BR","@id":"https:\/\/markd.com.br\/models\/ses-am-realiza-programacao-em-comemoracao-ao-dia-da-biblioteca\/#primaryimage","url":"https:\/\/markd.com.br\/models\/wp-content\/uploads\/2022\/04\/c8946416-1026-4225-9f3a-1c997fa62709.jpg","contentUrl":"https:\/\/markd.com.br\/models\/wp-content\/uploads\/2022\/04\/c8946416-1026-4225-9f3a-1c997fa62709.jpg","width":650,"height":366},{"@type":"BreadcrumbList","@id":"https:\/\/markd.com.br\/models\/ses-am-realiza-programacao-em-comemoracao-ao-dia-da-biblioteca\/#breadcrumb","itemListElement":[{"@type":"ListItem","position":1,"name":"In\u00edcio","item":"https:\/\/markd.com.br\/models\/"},{"@type":"ListItem","position":2,"name":"SES-AM realiza programa\u00e7\u00e3o em comemora\u00e7\u00e3o ao Dia da Biblioteca"}]},{"@type":"WebSite","@id":"https:\/\/markd.com.br\/models\/#website","url":"https:\/\/markd.com.br\/models\/","name":"Not\u00edcias de Todos - Models01","description":"Tenha um Portal de Not\u00edcias Moderno, Din\u00e2mico, R\u00e1pido e Profissional. Entregamos seu Site de  Not\u00edcias Pronto, Instalado, Hospedado, com Manual Passo a Passo e Suporte 24 horas.","potentialAction":[{"@type":"SearchAction","target":{"@type":"EntryPoint","urlTemplate":"https:\/\/markd.com.br\/models\/?s={search_term_string}"},"query-input":{"@type":"PropertyValueSpecification","valueRequired":true,"valueName":"search_term_string"}}],"inLanguage":"pt-BR"},{"@type":"Person","@id":"https:\/\/markd.com.br\/models\/#\/schema\/person\/c12a77ab487a7262d8bec3c47301ad37","name":"Reda\u00e7\u00e3o Reda\u00e7\u00e3o","image":{"@type":"ImageObject","inLanguage":"pt-BR","@id":"https:\/\/markd.com.br\/models\/#\/schema\/person\/image\/","url":"https:\/\/secure.gravatar.com\/avatar\/9448f3599ce269febf169e183039b4a6?s=96&d=mm&r=g","contentUrl":"https:\/\/secure.gravatar.com\/avatar\/9448f3599ce269febf169e183039b4a6?s=96&d=mm&r=g","caption":"Reda\u00e7\u00e3o Reda\u00e7\u00e3o"},"sameAs":["https:\/\/markd.com.br\/"],"url":"https:\/\/markd.com.br\/models\/author\/redacao\/"}]}},"featured_image_urls":{"full":["https:\/\/markd.com.br\/models\/wp-content\/uploads\/2022\/04\/c8946416-1026-4225-9f3a-1c997fa62709.jpg",650,366,false],"thumbnail":["https:\/\/markd.com.br\/models\/wp-content\/uploads\/2022\/04\/c8946416-1026-4225-9f3a-1c997fa62709-150x150.jpg",150,150,true],"medium":["https:\/\/markd.com.br\/models\/wp-content\/uploads\/2022\/04\/c8946416-1026-4225-9f3a-1c997fa62709-300x169.jpg",300,169,true],"medium_large":["https:\/\/markd.com.br\/models\/wp-content\/uploads\/2022\/04\/c8946416-1026-4225-9f3a-1c997fa62709.jpg",640,360,false],"large":["https:\/\/markd.com.br\/models\/wp-content\/uploads\/2022\/04\/c8946416-1026-4225-9f3a-1c997fa62709.jpg",640,360,false],"1536x1536":["https:\/\/markd.com.br\/models\/wp-content\/uploads\/2022\/04\/c8946416-1026-4225-9f3a-1c997fa62709.jpg",650,366,false],"2048x2048":["https:\/\/markd.com.br\/models\/wp-content\/uploads\/2022\/04\/c8946416-1026-4225-9f3a-1c997fa62709.jpg",650,366,false],"newsphere-slider-full":["https:\/\/markd.com.br\/models\/wp-content\/uploads\/2022\/04\/c8946416-1026-4225-9f3a-1c997fa62709.jpg",650,366,false],"newsphere-featured":["https:\/\/markd.com.br\/models\/wp-content\/uploads\/2022\/04\/c8946416-1026-4225-9f3a-1c997fa62709.jpg",650,366,false],"newsphere-medium":["https:\/\/markd.com.br\/models\/wp-content\/uploads\/2022\/04\/c8946416-1026-4225-9f3a-1c997fa62709.jpg",650,366,false]},"author_info":{"display_name":"Reda\u00e7\u00e3o Reda\u00e7\u00e3o","author_link":"https:\/\/markd.com.br\/models\/author\/redacao\/"},"category_info":"<a href=\"https:\/\/markd.com.br\/models\/category\/governo-do-amazonas\/\" rel=\"category tag\">Governo do amazonas<\/a>","tag_info":"Governo do amazonas","comment_count":"0","jetpack_featured_media_url":"https:\/\/markd.com.br\/models\/wp-content\/uploads\/2022\/04\/c8946416-1026-4225-9f3a-1c997fa62709.jpg","_links":{"self":[{"href":"https:\/\/markd.com.br\/models\/wp-json\/wp\/v2\/posts\/1461","targetHints":{"allow":["GET"]}}],"collection":[{"href":"https:\/\/markd.com.br\/models\/wp-json\/wp\/v2\/posts"}],"about":[{"href":"https:\/\/markd.com.br\/models\/wp-json\/wp\/v2\/types\/post"}],"author":[{"embeddable":true,"href":"https:\/\/markd.com.br\/models\/wp-json\/wp\/v2\/users\/5"}],"replies":[{"embeddable":true,"href":"https:\/\/markd.com.br\/models\/wp-json\/wp\/v2\/comments?post=1461"}],"version-history":[{"count":1,"href":"https:\/\/markd.com.br\/models\/wp-json\/wp\/v2\/posts\/1461\/revisions"}],"predecessor-version":[{"id":1463,"href":"https:\/\/markd.com.br\/models\/wp-json\/wp\/v2\/posts\/1461\/revisions\/1463"}],"wp:featuredmedia":[{"embeddable":true,"href":"https:\/\/markd.com.br\/models\/wp-json\/wp\/v2\/media\/1462"}],"wp:attachment":[{"href":"https:\/\/markd.com.br\/models\/wp-json\/wp\/v2\/media?parent=1461"}],"wp:term":[{"taxonomy":"category","embeddable":true,"href":"https:\/\/markd.com.br\/models\/wp-json\/wp\/v2\/categories?post=1461"},{"taxonomy":"post_tag","embeddable":true,"href":"https:\/\/markd.com.br\/models\/wp-json\/wp\/v2\/tags?post=1461"}],"curies":[{"name":"wp","href":"https:\/\/api.w.org\/{rel}","templated":true}]}}