{"id":1464,"date":"2022-04-11T14:40:15","date_gmt":"2022-04-11T17:40:15","guid":{"rendered":"https:\/\/portaldestaquenoticias.com.br\/?p=1464"},"modified":"2022-04-11T14:40:18","modified_gmt":"2022-04-11T17:40:18","slug":"no-am-policia-militar-prendeu-34-pessoas-durante-patrulhamentos-no-fim-de-semana","status":"publish","type":"post","link":"https:\/\/markd.com.br\/models\/no-am-policia-militar-prendeu-34-pessoas-durante-patrulhamentos-no-fim-de-semana\/","title":{"rendered":"No AM, Pol\u00edcia Militar prendeu 34 pessoas durante patrulhamentos no fim de semana"},"content":{"rendered":"\n<p><\/p>\n\n\n\n<p><strong>Manaus (AM) \u2013<\/strong>&nbsp;A Secretaria de Seguran\u00e7a P\u00fablica do Amazonas (SSP-AM), por meio da Pol\u00edcia Militar do Amazonas (PMAM), prendeu 34 pessoas e apreendeu dois adolescentes no fim de semana. As ocorr\u00eancias foram registradas em Manaus e nos munic\u00edpios de Anam\u00e3, Boca do Acre, Manacapuru, Itacoatiara, Tef\u00e9, Humait\u00e1 e S\u00e3o Sebasti\u00e3o do Uatum\u00e3.<\/p>\n\n\n\n<p>Entre a manh\u00e3 de sexta-feira (8) e as primeiras horas desta segunda-feira (11), as guarni\u00e7\u00f5es da PMAM tiraram de circula\u00e7\u00e3o mais de 1 mil por\u00e7\u00f5es de entorpecentes, nove armas de fogo, 168 muni\u00e7\u00f5es e mais de R$ 3 mil em esp\u00e9cie.<\/p>\n\n\n\n<p>No bairro Campo Dourado, zona norte de Manaus, um homem de 24 anos foi preso por policiais militares da For\u00e7a T\u00e1tica por tr\u00e1fico de drogas e porte ilegal de arma de fogo. Com ele os policiais encontraram 25 pinos de coca\u00edna, uma pistola calibre 765, um aparelho celular e R$ 461 em esp\u00e9cie. O suspeito foi conduzido ao 6\u00ba Distrito Integrado de Pol\u00edcia (DIP).<\/p>\n\n\n\n<p>Policiais da 16\u00aa Companhia Interativa Comunit\u00e1ria (Cicom) prenderam um homem e apreenderam com ele uma por\u00e7\u00e3o pequena de coca\u00edna, al\u00e9m de R$ 1 mil em esp\u00e9cie, ap\u00f3s abordagem na avenida Santa Clara, bairro Aleixo, zona centro-sul da capital. A ocorr\u00eancia foi registrada no 1\u00ba DIP.<\/p>\n\n\n\n<p><strong>Interior&nbsp;<\/strong><\/p>\n\n\n\n<p>Em Manacapuru (a 68 quil\u00f4metros de Manaus), policiais militares prenderam um homem de 23 anos pelo crime de tr\u00e1fico de drogas ap\u00f3s den\u00fancias an\u00f4nimas.<\/p>\n\n\n\n<p>Durante revista pessoal, os policiais encontraram com o suspeito 10 por\u00e7\u00f5es de coca\u00edna e R$ 265 em esp\u00e9cie. O infrator foi conduzido at\u00e9 a delegacia do munic\u00edpio.<\/p>\n\n\n\n<p>Em S\u00e3o Sebasti\u00e3o do Uatum\u00e3 (a 247 quil\u00f4metros de Manaus), um homem foi preso com 87 por\u00e7\u00f5es de oxi e dinheiro em esp\u00e9cie. O suspeito foi levado para a 44\u00aa Delegacia Interativa de Pol\u00edcia (DIP).<\/p>\n\n\n\n<p>*C<em>om informa\u00e7\u00f5es da assessoria<\/em><\/p>\n\n\n\n<p>Fonte: portal do Holanda<\/p>\n","protected":false},"excerpt":{"rendered":"<p>Manaus (AM) \u2013&nbsp;A Secretaria de Seguran\u00e7a P\u00fablica do Amazonas (SSP-AM), por meio da Pol\u00edcia Militar&#8230;<\/p>\n","protected":false},"author":5,"featured_media":1465,"comment_status":"open","ping_status":"open","sticky":false,"template":"","format":"standard","meta":{"footnotes":""},"categories":[124],"tags":[383,357,381],"class_list":["post-1464","post","type-post","status-publish","format-standard","has-post-thumbnail","hentry","category-policia","tag-dip","tag-pmam","tag-ssp-am"],"yoast_head":"<!-- This site is optimized with the Yoast SEO plugin v24.4 - https:\/\/yoast.com\/wordpress\/plugins\/seo\/ -->\n<title>No AM, Pol\u00edcia Militar prendeu 34 pessoas durante patrulhamentos no fim de semana - Not\u00edcias de Todos - Models01<\/title>\n<meta name=\"robots\" content=\"index, follow, max-snippet:-1, max-image-preview:large, max-video-preview:-1\" \/>\n<link rel=\"canonical\" href=\"https:\/\/markd.com.br\/models\/no-am-policia-militar-prendeu-34-pessoas-durante-patrulhamentos-no-fim-de-semana\/\" \/>\n<meta property=\"og:locale\" content=\"pt_BR\" \/>\n<meta property=\"og:type\" content=\"article\" \/>\n<meta property=\"og:title\" content=\"No AM, Pol\u00edcia Militar prendeu 34 pessoas durante patrulhamentos no fim de semana - Not\u00edcias de Todos - Models01\" \/>\n<meta property=\"og:description\" content=\"Manaus (AM) \u2013&nbsp;A Secretaria de Seguran\u00e7a P\u00fablica do Amazonas (SSP-AM), por meio da Pol\u00edcia Militar...\" \/>\n<meta property=\"og:url\" content=\"https:\/\/markd.com.br\/models\/no-am-policia-militar-prendeu-34-pessoas-durante-patrulhamentos-no-fim-de-semana\/\" \/>\n<meta property=\"og:site_name\" content=\"Not\u00edcias de Todos - Models01\" \/>\n<meta property=\"article:published_time\" content=\"2022-04-11T17:40:15+00:00\" \/>\n<meta property=\"article:modified_time\" content=\"2022-04-11T17:40:18+00:00\" \/>\n<meta property=\"og:image\" content=\"https:\/\/markd.com.br\/models\/wp-content\/uploads\/2022\/04\/460A1E5A-B177-43FF-B1A1-FD24687F5566-800x445-1.jpeg\" \/>\n\t<meta property=\"og:image:width\" content=\"800\" \/>\n\t<meta property=\"og:image:height\" content=\"445\" \/>\n\t<meta property=\"og:image:type\" content=\"image\/jpeg\" \/>\n<meta name=\"author\" content=\"Reda\u00e7\u00e3o Reda\u00e7\u00e3o\" \/>\n<meta name=\"twitter:card\" content=\"summary_large_image\" \/>\n<meta name=\"twitter:label1\" content=\"Escrito por\" \/>\n\t<meta name=\"twitter:data1\" content=\"Reda\u00e7\u00e3o Reda\u00e7\u00e3o\" \/>\n\t<meta name=\"twitter:label2\" content=\"Est. tempo de leitura\" \/>\n\t<meta name=\"twitter:data2\" content=\"2 minutos\" \/>\n<script type=\"application\/ld+json\" class=\"yoast-schema-graph\">{\"@context\":\"https:\/\/schema.org\",\"@graph\":[{\"@type\":\"WebPage\",\"@id\":\"https:\/\/markd.com.br\/models\/no-am-policia-militar-prendeu-34-pessoas-durante-patrulhamentos-no-fim-de-semana\/\",\"url\":\"https:\/\/markd.com.br\/models\/no-am-policia-militar-prendeu-34-pessoas-durante-patrulhamentos-no-fim-de-semana\/\",\"name\":\"No AM, Pol\u00edcia Militar prendeu 34 pessoas durante patrulhamentos no fim de semana - Not\u00edcias de Todos - Models01\",\"isPartOf\":{\"@id\":\"https:\/\/markd.com.br\/models\/#website\"},\"primaryImageOfPage\":{\"@id\":\"https:\/\/markd.com.br\/models\/no-am-policia-militar-prendeu-34-pessoas-durante-patrulhamentos-no-fim-de-semana\/#primaryimage\"},\"image\":{\"@id\":\"https:\/\/markd.com.br\/models\/no-am-policia-militar-prendeu-34-pessoas-durante-patrulhamentos-no-fim-de-semana\/#primaryimage\"},\"thumbnailUrl\":\"https:\/\/markd.com.br\/models\/wp-content\/uploads\/2022\/04\/460A1E5A-B177-43FF-B1A1-FD24687F5566-800x445-1.jpeg\",\"datePublished\":\"2022-04-11T17:40:15+00:00\",\"dateModified\":\"2022-04-11T17:40:18+00:00\",\"author\":{\"@id\":\"https:\/\/markd.com.br\/models\/#\/schema\/person\/c12a77ab487a7262d8bec3c47301ad37\"},\"breadcrumb\":{\"@id\":\"https:\/\/markd.com.br\/models\/no-am-policia-militar-prendeu-34-pessoas-durante-patrulhamentos-no-fim-de-semana\/#breadcrumb\"},\"inLanguage\":\"pt-BR\",\"potentialAction\":[{\"@type\":\"ReadAction\",\"target\":[\"https:\/\/markd.com.br\/models\/no-am-policia-militar-prendeu-34-pessoas-durante-patrulhamentos-no-fim-de-semana\/\"]}]},{\"@type\":\"ImageObject\",\"inLanguage\":\"pt-BR\",\"@id\":\"https:\/\/markd.com.br\/models\/no-am-policia-militar-prendeu-34-pessoas-durante-patrulhamentos-no-fim-de-semana\/#primaryimage\",\"url\":\"https:\/\/markd.com.br\/models\/wp-content\/uploads\/2022\/04\/460A1E5A-B177-43FF-B1A1-FD24687F5566-800x445-1.jpeg\",\"contentUrl\":\"https:\/\/markd.com.br\/models\/wp-content\/uploads\/2022\/04\/460A1E5A-B177-43FF-B1A1-FD24687F5566-800x445-1.jpeg\",\"width\":800,\"height\":445},{\"@type\":\"BreadcrumbList\",\"@id\":\"https:\/\/markd.com.br\/models\/no-am-policia-militar-prendeu-34-pessoas-durante-patrulhamentos-no-fim-de-semana\/#breadcrumb\",\"itemListElement\":[{\"@type\":\"ListItem\",\"position\":1,\"name\":\"In\u00edcio\",\"item\":\"https:\/\/markd.com.br\/models\/\"},{\"@type\":\"ListItem\",\"position\":2,\"name\":\"No AM, Pol\u00edcia Militar prendeu 34 pessoas durante patrulhamentos no fim de semana\"}]},{\"@type\":\"WebSite\",\"@id\":\"https:\/\/markd.com.br\/models\/#website\",\"url\":\"https:\/\/markd.com.br\/models\/\",\"name\":\"Not\u00edcias de Todos - Models01\",\"description\":\"Tenha um Portal de Not\u00edcias Moderno, Din\u00e2mico, R\u00e1pido e Profissional. Entregamos seu Site de  Not\u00edcias Pronto, Instalado, Hospedado, com Manual Passo a Passo e Suporte 24 horas.\",\"potentialAction\":[{\"@type\":\"SearchAction\",\"target\":{\"@type\":\"EntryPoint\",\"urlTemplate\":\"https:\/\/markd.com.br\/models\/?s={search_term_string}\"},\"query-input\":{\"@type\":\"PropertyValueSpecification\",\"valueRequired\":true,\"valueName\":\"search_term_string\"}}],\"inLanguage\":\"pt-BR\"},{\"@type\":\"Person\",\"@id\":\"https:\/\/markd.com.br\/models\/#\/schema\/person\/c12a77ab487a7262d8bec3c47301ad37\",\"name\":\"Reda\u00e7\u00e3o Reda\u00e7\u00e3o\",\"image\":{\"@type\":\"ImageObject\",\"inLanguage\":\"pt-BR\",\"@id\":\"https:\/\/markd.com.br\/models\/#\/schema\/person\/image\/\",\"url\":\"https:\/\/secure.gravatar.com\/avatar\/9448f3599ce269febf169e183039b4a6?s=96&d=mm&r=g\",\"contentUrl\":\"https:\/\/secure.gravatar.com\/avatar\/9448f3599ce269febf169e183039b4a6?s=96&d=mm&r=g\",\"caption\":\"Reda\u00e7\u00e3o Reda\u00e7\u00e3o\"},\"sameAs\":[\"https:\/\/markd.com.br\/\"],\"url\":\"https:\/\/markd.com.br\/models\/author\/redacao\/\"}]}<\/script>\n<!-- \/ Yoast SEO plugin. -->","yoast_head_json":{"title":"No AM, Pol\u00edcia Militar prendeu 34 pessoas durante patrulhamentos no fim de semana - Not\u00edcias de Todos - Models01","robots":{"index":"index","follow":"follow","max-snippet":"max-snippet:-1","max-image-preview":"max-image-preview:large","max-video-preview":"max-video-preview:-1"},"canonical":"https:\/\/markd.com.br\/models\/no-am-policia-militar-prendeu-34-pessoas-durante-patrulhamentos-no-fim-de-semana\/","og_locale":"pt_BR","og_type":"article","og_title":"No AM, Pol\u00edcia Militar prendeu 34 pessoas durante patrulhamentos no fim de semana - Not\u00edcias de Todos - Models01","og_description":"Manaus (AM) \u2013&nbsp;A Secretaria de Seguran\u00e7a P\u00fablica do Amazonas (SSP-AM), por meio da Pol\u00edcia Militar...","og_url":"https:\/\/markd.com.br\/models\/no-am-policia-militar-prendeu-34-pessoas-durante-patrulhamentos-no-fim-de-semana\/","og_site_name":"Not\u00edcias de Todos - Models01","article_published_time":"2022-04-11T17:40:15+00:00","article_modified_time":"2022-04-11T17:40:18+00:00","og_image":[{"width":800,"height":445,"url":"https:\/\/markd.com.br\/models\/wp-content\/uploads\/2022\/04\/460A1E5A-B177-43FF-B1A1-FD24687F5566-800x445-1.jpeg","type":"image\/jpeg"}],"author":"Reda\u00e7\u00e3o Reda\u00e7\u00e3o","twitter_card":"summary_large_image","twitter_misc":{"Escrito por":"Reda\u00e7\u00e3o Reda\u00e7\u00e3o","Est. tempo de leitura":"2 minutos"},"schema":{"@context":"https:\/\/schema.org","@graph":[{"@type":"WebPage","@id":"https:\/\/markd.com.br\/models\/no-am-policia-militar-prendeu-34-pessoas-durante-patrulhamentos-no-fim-de-semana\/","url":"https:\/\/markd.com.br\/models\/no-am-policia-militar-prendeu-34-pessoas-durante-patrulhamentos-no-fim-de-semana\/","name":"No AM, Pol\u00edcia Militar prendeu 34 pessoas durante patrulhamentos no fim de semana - Not\u00edcias de Todos - Models01","isPartOf":{"@id":"https:\/\/markd.com.br\/models\/#website"},"primaryImageOfPage":{"@id":"https:\/\/markd.com.br\/models\/no-am-policia-militar-prendeu-34-pessoas-durante-patrulhamentos-no-fim-de-semana\/#primaryimage"},"image":{"@id":"https:\/\/markd.com.br\/models\/no-am-policia-militar-prendeu-34-pessoas-durante-patrulhamentos-no-fim-de-semana\/#primaryimage"},"thumbnailUrl":"https:\/\/markd.com.br\/models\/wp-content\/uploads\/2022\/04\/460A1E5A-B177-43FF-B1A1-FD24687F5566-800x445-1.jpeg","datePublished":"2022-04-11T17:40:15+00:00","dateModified":"2022-04-11T17:40:18+00:00","author":{"@id":"https:\/\/markd.com.br\/models\/#\/schema\/person\/c12a77ab487a7262d8bec3c47301ad37"},"breadcrumb":{"@id":"https:\/\/markd.com.br\/models\/no-am-policia-militar-prendeu-34-pessoas-durante-patrulhamentos-no-fim-de-semana\/#breadcrumb"},"inLanguage":"pt-BR","potentialAction":[{"@type":"ReadAction","target":["https:\/\/markd.com.br\/models\/no-am-policia-militar-prendeu-34-pessoas-durante-patrulhamentos-no-fim-de-semana\/"]}]},{"@type":"ImageObject","inLanguage":"pt-BR","@id":"https:\/\/markd.com.br\/models\/no-am-policia-militar-prendeu-34-pessoas-durante-patrulhamentos-no-fim-de-semana\/#primaryimage","url":"https:\/\/markd.com.br\/models\/wp-content\/uploads\/2022\/04\/460A1E5A-B177-43FF-B1A1-FD24687F5566-800x445-1.jpeg","contentUrl":"https:\/\/markd.com.br\/models\/wp-content\/uploads\/2022\/04\/460A1E5A-B177-43FF-B1A1-FD24687F5566-800x445-1.jpeg","width":800,"height":445},{"@type":"BreadcrumbList","@id":"https:\/\/markd.com.br\/models\/no-am-policia-militar-prendeu-34-pessoas-durante-patrulhamentos-no-fim-de-semana\/#breadcrumb","itemListElement":[{"@type":"ListItem","position":1,"name":"In\u00edcio","item":"https:\/\/markd.com.br\/models\/"},{"@type":"ListItem","position":2,"name":"No AM, Pol\u00edcia Militar prendeu 34 pessoas durante patrulhamentos no fim de semana"}]},{"@type":"WebSite","@id":"https:\/\/markd.com.br\/models\/#website","url":"https:\/\/markd.com.br\/models\/","name":"Not\u00edcias de Todos - Models01","description":"Tenha um Portal de Not\u00edcias Moderno, Din\u00e2mico, R\u00e1pido e Profissional. Entregamos seu Site de  Not\u00edcias Pronto, Instalado, Hospedado, com Manual Passo a Passo e Suporte 24 horas.","potentialAction":[{"@type":"SearchAction","target":{"@type":"EntryPoint","urlTemplate":"https:\/\/markd.com.br\/models\/?s={search_term_string}"},"query-input":{"@type":"PropertyValueSpecification","valueRequired":true,"valueName":"search_term_string"}}],"inLanguage":"pt-BR"},{"@type":"Person","@id":"https:\/\/markd.com.br\/models\/#\/schema\/person\/c12a77ab487a7262d8bec3c47301ad37","name":"Reda\u00e7\u00e3o Reda\u00e7\u00e3o","image":{"@type":"ImageObject","inLanguage":"pt-BR","@id":"https:\/\/markd.com.br\/models\/#\/schema\/person\/image\/","url":"https:\/\/secure.gravatar.com\/avatar\/9448f3599ce269febf169e183039b4a6?s=96&d=mm&r=g","contentUrl":"https:\/\/secure.gravatar.com\/avatar\/9448f3599ce269febf169e183039b4a6?s=96&d=mm&r=g","caption":"Reda\u00e7\u00e3o Reda\u00e7\u00e3o"},"sameAs":["https:\/\/markd.com.br\/"],"url":"https:\/\/markd.com.br\/models\/author\/redacao\/"}]}},"featured_image_urls":{"full":["https:\/\/markd.com.br\/models\/wp-content\/uploads\/2022\/04\/460A1E5A-B177-43FF-B1A1-FD24687F5566-800x445-1.jpeg",800,445,false],"thumbnail":["https:\/\/markd.com.br\/models\/wp-content\/uploads\/2022\/04\/460A1E5A-B177-43FF-B1A1-FD24687F5566-800x445-1-150x150.jpeg",150,150,true],"medium":["https:\/\/markd.com.br\/models\/wp-content\/uploads\/2022\/04\/460A1E5A-B177-43FF-B1A1-FD24687F5566-800x445-1-300x167.jpeg",300,167,true],"medium_large":["https:\/\/markd.com.br\/models\/wp-content\/uploads\/2022\/04\/460A1E5A-B177-43FF-B1A1-FD24687F5566-800x445-1-768x427.jpeg",640,356,true],"large":["https:\/\/markd.com.br\/models\/wp-content\/uploads\/2022\/04\/460A1E5A-B177-43FF-B1A1-FD24687F5566-800x445-1.jpeg",640,356,false],"1536x1536":["https:\/\/markd.com.br\/models\/wp-content\/uploads\/2022\/04\/460A1E5A-B177-43FF-B1A1-FD24687F5566-800x445-1.jpeg",800,445,false],"2048x2048":["https:\/\/markd.com.br\/models\/wp-content\/uploads\/2022\/04\/460A1E5A-B177-43FF-B1A1-FD24687F5566-800x445-1.jpeg",800,445,false],"newsphere-slider-full":["https:\/\/markd.com.br\/models\/wp-content\/uploads\/2022\/04\/460A1E5A-B177-43FF-B1A1-FD24687F5566-800x445-1.jpeg",800,445,false],"newsphere-featured":["https:\/\/markd.com.br\/models\/wp-content\/uploads\/2022\/04\/460A1E5A-B177-43FF-B1A1-FD24687F5566-800x445-1.jpeg",800,445,false],"newsphere-medium":["https:\/\/markd.com.br\/models\/wp-content\/uploads\/2022\/04\/460A1E5A-B177-43FF-B1A1-FD24687F5566-800x445-1-720x380.jpeg",720,380,true]},"author_info":{"display_name":"Reda\u00e7\u00e3o Reda\u00e7\u00e3o","author_link":"https:\/\/markd.com.br\/models\/author\/redacao\/"},"category_info":"<a href=\"https:\/\/markd.com.br\/models\/category\/policia\/\" rel=\"category tag\">Policia<\/a>","tag_info":"Policia","comment_count":"0","jetpack_featured_media_url":"https:\/\/markd.com.br\/models\/wp-content\/uploads\/2022\/04\/460A1E5A-B177-43FF-B1A1-FD24687F5566-800x445-1.jpeg","_links":{"self":[{"href":"https:\/\/markd.com.br\/models\/wp-json\/wp\/v2\/posts\/1464","targetHints":{"allow":["GET"]}}],"collection":[{"href":"https:\/\/markd.com.br\/models\/wp-json\/wp\/v2\/posts"}],"about":[{"href":"https:\/\/markd.com.br\/models\/wp-json\/wp\/v2\/types\/post"}],"author":[{"embeddable":true,"href":"https:\/\/markd.com.br\/models\/wp-json\/wp\/v2\/users\/5"}],"replies":[{"embeddable":true,"href":"https:\/\/markd.com.br\/models\/wp-json\/wp\/v2\/comments?post=1464"}],"version-history":[{"count":1,"href":"https:\/\/markd.com.br\/models\/wp-json\/wp\/v2\/posts\/1464\/revisions"}],"predecessor-version":[{"id":1466,"href":"https:\/\/markd.com.br\/models\/wp-json\/wp\/v2\/posts\/1464\/revisions\/1466"}],"wp:featuredmedia":[{"embeddable":true,"href":"https:\/\/markd.com.br\/models\/wp-json\/wp\/v2\/media\/1465"}],"wp:attachment":[{"href":"https:\/\/markd.com.br\/models\/wp-json\/wp\/v2\/media?parent=1464"}],"wp:term":[{"taxonomy":"category","embeddable":true,"href":"https:\/\/markd.com.br\/models\/wp-json\/wp\/v2\/categories?post=1464"},{"taxonomy":"post_tag","embeddable":true,"href":"https:\/\/markd.com.br\/models\/wp-json\/wp\/v2\/tags?post=1464"}],"curies":[{"name":"wp","href":"https:\/\/api.w.org\/{rel}","templated":true}]}}