{"id":1484,"date":"2022-04-11T15:17:35","date_gmt":"2022-04-11T18:17:35","guid":{"rendered":"https:\/\/portaldestaquenoticias.com.br\/?p=1484"},"modified":"2022-04-11T15:17:42","modified_gmt":"2022-04-11T18:17:42","slug":"sine-manaus-oferta-226-vagas-de-emprego-nesta-segunda-feira-11-04","status":"publish","type":"post","link":"https:\/\/markd.com.br\/models\/sine-manaus-oferta-226-vagas-de-emprego-nesta-segunda-feira-11-04\/","title":{"rendered":"Sine Manaus oferta 226 vagas de emprego nesta segunda-feira, 11\/04"},"content":{"rendered":"\n<p><\/p>\n\n\n\n<p>A&nbsp;Prefeitura de Manaus, por meio do Sine Manaus,&nbsp;oferta 226 vagas&nbsp;de emprego em v\u00e1rias \u00e1reas de atua\u00e7\u00e3o, nesta segunda-feira, 11\/4, de 8h \u00e0s 17h.<\/p>\n\n\n\n<p>O candidato precisa validar a Carteira Digital e Previd\u00eancia Social (CTPS) no aplicativo \u201cCarteira de Trabalho Digital\u201d ou acessar o site&nbsp;<a href=\"http:\/\/gov.br\/trabalho\">http:\/\/gov.br\/trabalho<\/a>&nbsp;e&nbsp;para concorrer \u00e0s vagas, deve acessar o site&nbsp;<a href=\"http:\/\/empregabrasil.mte.gov.br\/\">http:\/\/empregabrasil.mte.gov.br<\/a>&nbsp;para fazer a solicita\u00e7\u00e3o de cadastro.<\/p>\n\n\n\n<p>Para participar da pr\u00e9-sele\u00e7\u00e3o e concorrer a uma das vagas dispon\u00edveis, os candidatos devem comparecer ao posto da avenida Constantino Nery. Os demais servi\u00e7os (Cadastro, Carteira de Trabalho Digital e Seguro-Desemprego) ser\u00e3o realizados normalmente nos postos do shopping Phelippe Daou e galeria Esp\u00edrito Santo.<\/p>\n\n\n\n<p>Os cidad\u00e3os devem&nbsp;estar munidos do comprovante de vacina\u00e7\u00e3o (Covid-19), curr\u00edculo e documentos pessoais (RG, CPF, PIS, CTPS, comprovante de escolaridade e resid\u00eancia). N\u00e3o \u00e9 necess\u00e1rio apresentar c\u00f3pias, somente os documentos originais.<\/p>\n\n\n\n<p><strong>Confira abaixo as vagas ofertadas para esta segunda-feira:<\/strong><\/p>\n\n\n\n<p><strong>Vagas Novas \u2013&nbsp;<\/strong><strong>29<\/strong><\/p>\n\n\n\n<p><strong>5 vagas \u2013 Operador de Caixa \u2013 Vagas exclusivas para Pessoas com Defici\u00eancia (PcD)<\/strong><\/p>\n\n\n\n<p><strong>Escolaridade \u2013&nbsp;<\/strong>Ensino M\u00e9dio Completo;<\/p>\n\n\n\n<p><strong>Experi\u00eancia \u2013&nbsp;<\/strong>N\u00e3o \u00e9 necess\u00e1rio;<\/p>\n\n\n\n<p><strong>Atividades \u2013&nbsp;<\/strong>Registrar as mercadorias em um ponto de venda e receber o pagamento do cliente.<\/p>\n\n\n\n<p><strong>Vaga dispon\u00edvel at\u00e9 o dia 13\/04\/2022 ou at\u00e9 o encerramento da vaga<\/strong><\/p>\n\n\n\n<p><strong>10 vagas \u2013 Auxiliar de Estoque \u2013 Vagas exclusivas para Pessoas com Defici\u00eancia (PcD)<\/strong><\/p>\n\n\n\n<p><strong>Escolaridade \u2013&nbsp;<\/strong>Ensino M\u00e9dio Completo;<\/p>\n\n\n\n<p><strong>Experi\u00eancia \u2013&nbsp;<\/strong>N\u00e3o \u00e9 necess\u00e1rio;<\/p>\n\n\n\n<p><strong>Atividades \u2013&nbsp;<\/strong>Prestar aux\u00edlio em v\u00e1rios fluxos existentes no estoque, desde o recebimento de mercadorias at\u00e9 a expedi\u00e7\u00e3o para atender a pedidos. Receber mercadorias e realizar a confer\u00eancia dos lotes para verificar se a entrega est\u00e1 correta.<\/p>\n\n\n\n<p><strong>Vaga dispon\u00edvel at\u00e9 o dia 13\/04\/2022 ou at\u00e9 o encerramento da vaga<\/strong><\/p>\n\n\n\n<p><strong>2 vagas \u2013 L\u00edder de Servi\u00e7os Gerais<\/strong><\/p>\n\n\n\n<p><strong>Escolaridade \u2013&nbsp;<\/strong>Ensino Superior Completo em Administra\u00e7\u00e3o ou \u00e1reas afins;<\/p>\n\n\n\n<p><strong>Experi\u00eancia \u2013&nbsp;<\/strong>Seis meses na Carteira de Trabalho;<\/p>\n\n\n\n<p><strong>Requisitos Obrigat\u00f3rios \u2013<\/strong>&nbsp;Possuir&nbsp;experi\u00eancia com servi\u00e7os gerais e ter perfil de lideran\u00e7a;<\/p>\n\n\n\n<p><strong>Atividades \u2013&nbsp;<\/strong>Liderar, coordenar e administrar equipes de servi\u00e7os gerais nos contratos hospitalares e administrativos.<\/p>\n\n\n\n<p><strong>Vaga dispon\u00edvel at\u00e9 o dia 14\/04\/2022 ou at\u00e9 o encerramento da vaga<\/strong><\/p>\n\n\n\n<p><strong>1 vaga \u2013 Serralheiro<\/strong><\/p>\n\n\n\n<p><strong>Escolaridade \u2013&nbsp;<\/strong>Ensino M\u00e9dio Completo;<\/p>\n\n\n\n<p><strong>Experi\u00eancia \u2013&nbsp;<\/strong>Seis meses na Carteira de Trabalho;<\/p>\n\n\n\n<p><strong>Requisitos Obrigat\u00f3rios \u2013<\/strong>&nbsp;Possui experi\u00eancia na \u00e1rea de Constru\u00e7\u00e3o Civil, NR-12 (Seguran\u00e7a nos Trabalhos em M\u00e1quinas) e NR-35 (Trabalho em Altura) atualizado;<\/p>\n\n\n\n<p><strong>Atividades \u2013<\/strong>&nbsp;Realizar o corte, dobra e fixa\u00e7\u00e3o de partes de metal de acordo com as especifica\u00e7\u00f5es de projetos, para reparar, confeccionar e montar estruturas met\u00e1licas em geral.<\/p>\n\n\n\n<p><strong>Vaga dispon\u00edvel at\u00e9 o dia 13\/04\/2022 ou at\u00e9 o encerramento da vaga.<\/strong><\/p>\n\n\n\n<p><strong>1 vaga \u2013 Auxiliar de Log\u00edstica<\/strong><\/p>\n\n\n\n<p><strong>Escolaridade \u2013&nbsp;<\/strong>Ensino M\u00e9dio Completo ou Cursando Administra\u00e7\u00e3o, Log\u00edstica ou \u00e1reas afins;<\/p>\n\n\n\n<p><strong>Experi\u00eancia \u2013&nbsp;<\/strong>Seis meses na Carteira de Trabalho;<\/p>\n\n\n\n<p><strong>Requisitos Obrigat\u00f3rios \u2013<\/strong>&nbsp;Possuir pacote Office com dom\u00ednio no Excel e elabora\u00e7\u00e3o de planilhas, conhecimento no suprimento de mat\u00e9rias, boa dic\u00e7\u00e3o e perfil ativo;<\/p>\n\n\n\n<p><strong>Atividades \u2013&nbsp;<\/strong>Auxiliar no controle das planilhas de controle de planejamento de consumo.<\/p>\n\n\n\n<p><strong>Vaga dispon\u00edvel at\u00e9 o dia 13\/04\/2022 ou at\u00e9 o encerramento da vaga.<\/strong><\/p>\n\n\n\n<p><strong>1 vaga \u2013 Auxiliar de Eletricista<\/strong><\/p>\n\n\n\n<p><strong>Escolaridade \u2013&nbsp;<\/strong>Ensino M\u00e9dio Completo;<\/p>\n\n\n\n<p><strong>Experi\u00eancia \u2013&nbsp;<\/strong>Registrada na Carteira de Trabalho;<\/p>\n\n\n\n<p><strong>Requisitos Obrigat\u00f3rios \u2013<\/strong>&nbsp;Curso de NR-10 (Seguran\u00e7a em Instala\u00e7\u00f5es e Servi\u00e7os com Eletricidade)&nbsp;e Nr-35 (Trabalho em Altura) atualizado; Carteira Nacional de Habilita\u00e7\u00e3o categoria \u201cD\u201d;<\/p>\n\n\n\n<p><strong>Atividades&nbsp;<\/strong>\u2013&nbsp;Auxiliar o eletricista na instala\u00e7\u00e3o ou substitui\u00e7\u00e3o de lumin\u00e1rias p\u00fablicas; Preencher formul\u00e1rio com informa\u00e7\u00f5es do servi\u00e7o;<\/p>\n\n\n\n<p><strong>Vaga dispon\u00edvel at\u00e9 o dia 13\/04\/2022 ou at\u00e9 o encerramento da vaga.<\/strong><\/p>\n\n\n\n<p><strong>1 vaga \u2013 Eletricista<\/strong><\/p>\n\n\n\n<p><strong>Escolaridade \u2013&nbsp;<\/strong>Ensino M\u00e9dio Completo;<\/p>\n\n\n\n<p><strong>Experi\u00eancia \u2013&nbsp;<\/strong>Registrada na Carteira de Trabalho;<\/p>\n\n\n\n<p><strong>Requisitos Obrigat\u00f3rios \u2013<\/strong>&nbsp;Curso de NR-10 (Seguran\u00e7a em Instala\u00e7\u00f5es e Servi\u00e7os com Eletricidade)&nbsp;e Nr-35 (Trabalho em Altura) atualizado;<\/p>\n\n\n\n<p><strong>Atividades \u2013&nbsp;<\/strong>Atender fornecedores e clientes; Tratar de documentos variados; Apoio a \u00e1rea de recursos Humano e Administrativo.<\/p>\n\n\n\n<p><strong>Vaga dispon\u00edvel at\u00e9 o dia 13\/04\/2022 ou at\u00e9 o encerramento da vaga.<\/strong><\/p>\n\n\n\n<p><strong>1 vaga \u2013 Auxiliar de Ferramentaria<\/strong><\/p>\n\n\n\n<p><strong>Escolaridade \u2013&nbsp;<\/strong>Ensino M\u00e9dio Completo;<\/p>\n\n\n\n<p><strong>Experi\u00eancia \u2013&nbsp;<\/strong>Seis meses na Carteira de Trabalho;<\/p>\n\n\n\n<p><strong>Requisitos Obrigat\u00f3rios \u2013<\/strong>&nbsp;Possuir experi\u00eancia com corte em a\u00e7o e curso de Metrologia atualizado;<\/p>\n\n\n\n<p><strong>Atividades \u2013&nbsp;<\/strong>Produ\u00e7\u00e3o de produtos, manuten\u00e7\u00e3o e opera\u00e7\u00e3o de m\u00e1quinas, distribui\u00e7\u00e3o e abastecimento de materiais.<\/p>\n\n\n\n<p><strong>Vaga dispon\u00edvel at\u00e9 o dia 12\/04\/2022 ou at\u00e9 o encerramento da vaga.<\/strong><\/p>\n\n\n\n<p><strong>2 vagas \u2013&nbsp;Fresador Ferramenteiro<\/strong><\/p>\n\n\n\n<p><strong>Escolaridade \u2013&nbsp;<\/strong>Ensino M\u00e9dio Completo;<\/p>\n\n\n\n<p><strong>Experi\u00eancia \u2013&nbsp;<\/strong>Registrada na Carteira de Trabalho;<\/p>\n\n\n\n<p><strong>Requisitos Obrigat\u00f3rios \u2013<\/strong>&nbsp;Possuir Experi\u00eancia em Desenho t\u00e9cnico e metrologia;<\/p>\n\n\n\n<p><strong>Atividades \u2013&nbsp;<\/strong>Trabalhar diretamente na m\u00e1quina fresadora, confeccionando pe\u00e7as em a\u00e7o em geral.<\/p>\n\n\n\n<p><strong>Vaga dispon\u00edvel at\u00e9 o dia 12\/04\/2022 ou at\u00e9 o encerramento da vaga.<\/strong><\/p>\n\n\n\n<p><strong>1 vaga \u2013&nbsp;Auxiliar de Limpeza \u2013<\/strong>&nbsp;<strong>Vaga exclusiva para Pessoa com Defici\u00eancia (PcD)<\/strong><\/p>\n\n\n\n<p><strong>Escolaridade<\/strong>&nbsp;\u2013&nbsp;Ensino M\u00e9dio Completo;<\/p>\n\n\n\n<p><strong>Experi\u00eancia<\/strong>&nbsp;\u2013&nbsp;Registrada na Carteira de Trabalho;<\/p>\n\n\n\n<p><strong>Atividades \u2013<\/strong>&nbsp;Realizar a limpeza e conserva\u00e7\u00e3o dos ambientes interno e externo.<\/p>\n\n\n\n<p><strong>Vaga dispon\u00edvel at\u00e9 11\/04\/2022 ou at\u00e9 encerramento da vaga.<\/strong><\/p>\n\n\n\n<p><strong>1 vaga \u2013 Operador de M\u00e1quina para Metal\u00fargica<\/strong><\/p>\n\n\n\n<p><strong>Escolaridade<\/strong>&nbsp;\u2013&nbsp;Ensino M\u00e9dio Completo;<\/p>\n\n\n\n<p><strong>Experi\u00eancia<\/strong>&nbsp;\u2013&nbsp;Seis meses na Carteira de Trabalho;<\/p>\n\n\n\n<p><strong>Atividades \u2013<\/strong>&nbsp;Dobrar chapas e barras met\u00e1licas, curvar tubos, chapas e barras de metais, conformar pe\u00e7as de metais por prensagem hidr\u00e1ulica e exc\u00eantrica e cortar chapas de metais.<\/p>\n\n\n\n<p><strong>Vaga dispon\u00edvel at\u00e9 13\/04\/2022 ou at\u00e9 encerramento da vaga.<\/strong><\/p>\n\n\n\n<p><strong>1 vaga \u2013 Comprador<\/strong><\/p>\n\n\n\n<p><strong>Escolaridade<\/strong>&nbsp;\u2013&nbsp;Ensino Superior Completo ou cursando Ci\u00eancias Cont\u00e1beis, Administra\u00e7\u00e3o ou \u00e1reas fins;<\/p>\n\n\n\n<p><strong>Experi\u00eancia<\/strong>&nbsp;\u2013&nbsp;Seis meses na Carteira de Trabalho;<\/p>\n\n\n\n<p><strong>Atividades \u2013<\/strong>&nbsp;Realizar compras de materiais diversos mediante solicita\u00e7\u00e3o via e-mail, programa\u00e7\u00f5es peri\u00f3dicas, mensais e anuais, manter contato com os fornecedores, realizar cota de pre\u00e7os, condi\u00e7\u00f5es de pagamentos e prazos de entrega.<\/p>\n\n\n\n<p><strong>Vaga dispon\u00edvel at\u00e9 12\/04\/2022 ou at\u00e9 encerramento da vaga.<\/strong><\/p>\n\n\n\n<p><strong>1 vaga \u2013 Analista Comercial<\/strong><\/p>\n\n\n\n<p><strong>Escolaridade<\/strong>&nbsp;\u2013&nbsp;Ensino M\u00e9dio Completo;<\/p>\n\n\n\n<p><strong>Experi\u00eancia<\/strong>&nbsp;\u2013&nbsp;Seis meses na Carteira de Trabalho;<\/p>\n\n\n\n<p><strong>Atividades \u2013<\/strong>&nbsp;Realizar atendimento ao cliente, recebimento de pedidos, direcionamento das necessidades dos clientes para os setores envolvidos na produ\u00e7\u00e3o do material.<\/p>\n\n\n\n<p><strong>Vaga dispon\u00edvel at\u00e9 12\/04\/2022 ou at\u00e9 encerramento da vaga.<\/strong><\/p>\n\n\n\n<p><strong>1 vaga \u2013 Or\u00e7amentista<\/strong><\/p>\n\n\n\n<p><strong>Escolaridade<\/strong>&nbsp;\u2013&nbsp;Ensino M\u00e9dio Completo;<\/p>\n\n\n\n<p><strong>Experi\u00eancia<\/strong>&nbsp;\u2013&nbsp;Seis meses na Carteira de Trabalho;<\/p>\n\n\n\n<p><strong>Atividades \u2013<\/strong>&nbsp;Realizar o preparo de or\u00e7amentos a pedido dos clientes para a cota\u00e7\u00e3o de servi\u00e7os executados pela empresa, apurar os custos da produ\u00e7\u00e3o e gerar um pr\u00e9 c\u00e1lculo incluindo valores de mat\u00e9ria prima.<\/p>\n\n\n\n<p><strong>Vaga dispon\u00edvel at\u00e9 12\/04\/2022 ou at\u00e9 encerramento da vaga.<\/strong><\/p>\n\n\n\n<p><strong>Vagas em Andamento \u2013 197<\/strong><\/p>\n\n\n\n<p><strong>5 vagas \u2013 A\u00e7ougueiro<\/strong><\/p>\n\n\n\n<p><strong>Escolaridade \u2013&nbsp;<\/strong>Ensino M\u00e9dio Completo;<\/p>\n\n\n\n<p><strong>Experi\u00eancia \u2013&nbsp;<\/strong>Registrada na Carteira de Trabalho;<\/p>\n\n\n\n<p><strong>Requisitos Obrigat\u00f3rios \u2013&nbsp;<\/strong>Vaga estendida para Pessoa com Defici\u00eancia;<\/p>\n\n\n\n<p><strong>Atividades \u2013<\/strong>&nbsp;Realizar a desossa, limpeza e embalagem de carnes e fazer a montagem do balc\u00e3o.<\/p>\n\n\n\n<p><strong>Vaga dispon\u00edvel at\u00e9 o dia 12\/04\/2022 ou at\u00e9 o encerramento da vaga.<\/strong><\/p>\n\n\n\n<p><strong>5 vagas \u2013 T\u00e9cnico de Refrigera\u00e7\u00e3o<\/strong><\/p>\n\n\n\n<p><strong>Escolaridade \u2013&nbsp;<\/strong>Ensino M\u00e9dio Completo;<\/p>\n\n\n\n<p><strong>Experi\u00eancia \u2013&nbsp;<\/strong>Seis meses na Carteira de Trabalho;<\/p>\n\n\n\n<p><strong>Requisitos Obrigat\u00f3rios \u2013<\/strong><strong>&nbsp;<\/strong>Possuir conhecimento em linha branca;<\/p>\n\n\n\n<p><strong>Atividades \u2013<\/strong>&nbsp;Realizar montagem e instala\u00e7\u00e3o de calefa\u00e7\u00e3o, ventila\u00e7\u00e3o e refrigera\u00e7\u00e3o, entre outras atividades inerentes \u00e0 fun\u00e7\u00e3o.<\/p>\n\n\n\n<p><strong>Vaga dispon\u00edvel at\u00e9 o dia 11\/04\/2022 ou at\u00e9 o encerramento da vaga.<\/strong><\/p>\n\n\n\n<p><strong>1 vaga \u2013 Fiscal de Loja&nbsp;\u2013 Vaga exclusiva para Pessoa com Defici\u00eancia (PcD)<\/strong><\/p>\n\n\n\n<p><strong>Escolaridade \u2013&nbsp;<\/strong>Ensino M\u00e9dio Completo;<\/p>\n\n\n\n<p><strong>Experi\u00eancia \u2013&nbsp;<\/strong>Seis meses na Carteira de Trabalho;<\/p>\n\n\n\n<p><strong>Atividades \u2013&nbsp;<\/strong>Atuar na preven\u00e7\u00e3o de perdas e danos no interior da loja, na circula\u00e7\u00e3o interna na loja, a fim de monitorar. Fiscalizar a entrada e a sa\u00edda de funcion\u00e1rios, prestar atendimento ao cliente, entre outras atividades inerentes \u00e0 fun\u00e7\u00e3o.<\/p>\n\n\n\n<p><strong>Vaga dispon\u00edvel at\u00e9 o dia 11\/04\/2022 ou at\u00e9 o encerramento da vaga.<\/strong><\/p>\n\n\n\n<p><strong>1 vaga \u2013 Auxiliar de Mec\u00e2nica Diesel<\/strong><\/p>\n\n\n\n<p><strong>Escolaridade \u2013&nbsp;<\/strong>Ensino M\u00e9dio Completo;<\/p>\n\n\n\n<p><strong>Experi\u00eancia \u2013&nbsp;<\/strong>Seis meses na Carteira de Trabalho;<\/p>\n\n\n\n<p><strong>Requisitos Obrigat\u00f3rios \u2013<\/strong>&nbsp;Possuir Experi\u00eancia em manuten\u00e7\u00e3o e mec\u00e2nica de caminh\u00f5es;<\/p>\n\n\n\n<p><strong>Atividades \u2013&nbsp;<\/strong>Reparar sistema de arrefecimento, unidade hidr\u00e1ulica e bomba de combust\u00edvel, trocar v\u00e1lvula injetora, molas, barras estabilizadoras, hastes de rea\u00e7\u00e3o e pe\u00e7as desgastadas, or\u00e7ar servi\u00e7os manuais e por computador, efetuar testes hidr\u00e1ulicos e pneum\u00e1ticos, entre outras atividades inerentes \u00e0 fun\u00e7\u00e3o.<\/p>\n\n\n\n<p><strong>Vaga dispon\u00edvel at\u00e9 o dia 11\/04\/2022 ou at\u00e9 o encerramento da vaga.<\/strong><\/p>\n\n\n\n<p><strong>1 vaga \u2013 Serralheiro Industrial<\/strong><\/p>\n\n\n\n<p><strong>Escolaridade \u2013&nbsp;<\/strong>Ensino M\u00e9dio Completo;<\/p>\n\n\n\n<p><strong>Experi\u00eancia \u2013&nbsp;<\/strong>Registrada na Carteira de Trabalho;<\/p>\n\n\n\n<p><strong>Requisitos Obrigat\u00f3rios \u2013<\/strong>&nbsp;Ter pr\u00e1tica no manuseio de equipamentos, como esmeril e serra. Diferencial possuir cursos na \u00e1rea;<\/p>\n\n\n\n<p><strong>Atividades \u2013&nbsp;<\/strong>Confeccionar, reparar e instalar pe\u00e7as em chapas de metal, recortar, modelar e trabalhar barras de materiais ferrosos e n\u00e3o ferrosos, entre outras atividades inerentes \u00e0 fun\u00e7\u00e3o.<\/p>\n\n\n\n<p><strong>Vaga dispon\u00edvel at\u00e9 o dia 11\/04\/2022 ou at\u00e9 o encerramento da vaga.<\/strong><\/p>\n\n\n\n<p><strong>1 vaga \u2013 Recepcionista de Hotel<\/strong><\/p>\n\n\n\n<p><strong>Escolaridade \u2013&nbsp;<\/strong>Ensino M\u00e9dio Completo;<\/p>\n\n\n\n<p><strong>Experi\u00eancia \u2013&nbsp;<\/strong>Seis meses na Carteira de Trabalho;<\/p>\n\n\n\n<p><strong>Requisitos Obrigat\u00f3rios \u2013<\/strong>&nbsp;Possuir experi\u00eancia com Sistema Desbravador;<\/p>\n\n\n\n<p><strong>Atividades \u2013&nbsp;<\/strong>Realizar atendimento ao cliente, Check-in e Check-out, entre outras atividades inerentes \u00e0 fun\u00e7\u00e3o.<\/p>\n\n\n\n<p><strong>Vaga dispon\u00edvel at\u00e9 o dia 12\/04\/2022 ou at\u00e9 o encerramento da vaga.<\/strong><\/p>\n\n\n\n<p><strong>1 vaga \u2013&nbsp;Assistente Comercial<\/strong><\/p>\n\n\n\n<p><strong>Escolaridade \u2013&nbsp;<\/strong>Ensino Superior Completo em Administra\u00e7\u00e3o;<\/p>\n\n\n\n<p><strong>Experi\u00eancia \u2013&nbsp;<\/strong>Seis meses na Carteira de Trabalho;<\/p>\n\n\n\n<p><strong>Atividades \u2013&nbsp;<\/strong>Realizar assist\u00eancia a toda a \u00e1rea comercial do local que trabalha, seja de uma empresa, ind\u00fastria ou organiza\u00e7\u00e3o, auxiliando os processos relacionados principalmente \u00e0s vendas de servi\u00e7os e produtos, podendo atuar tamb\u00e9m na pr\u00e9-venda e no p\u00f3s-venda.<\/p>\n\n\n\n<p><strong>Vaga dispon\u00edvel at\u00e9 o dia 12\/04\/2022 ou at\u00e9 o encerramento da vaga.<\/strong><\/p>\n\n\n\n<p><strong>2 vagas \u2013 Auxiliar de Manuten\u00e7\u00e3o Predial<\/strong><\/p>\n\n\n\n<p><strong>Escolaridade \u2013&nbsp;<\/strong>Ensino M\u00e9dio Completo;<\/p>\n\n\n\n<p><strong>Experi\u00eancia \u2013&nbsp;<\/strong>Seis meses na carteira de trabalho;<\/p>\n\n\n\n<p><strong>Requisitos Obrigat\u00f3rios \u2013&nbsp;<\/strong>Possuir curso de NR-35 (Trabalho em Altura) atualizado;<\/p>\n\n\n\n<p><strong>Atividades \u2013&nbsp;<\/strong>Executar servi\u00e7os de manuten\u00e7\u00e3o el\u00e9trica, mec\u00e2nica, hidr\u00e1ulica, carpintaria e alvenaria, substituindo, trocando, limpando, reparando e instalando pe\u00e7as, componentes e equipamentos. Conservar vidros e fachadas, limpar recintos e acess\u00f3rios e tratar de piscinas. Trabalhar seguindo normas de seguran\u00e7a, higiene, qualidade e prote\u00e7\u00e3o ao meio ambiente.<\/p>\n\n\n\n<p><strong>Vaga dispon\u00edvel at\u00e9 o dia 11\/04\/2022 ou at\u00e9 o encerramento da vaga.<\/strong><\/p>\n\n\n\n<p><strong>1 vaga \u2013 Auxiliar de a\u00e7ougue<\/strong><\/p>\n\n\n\n<p><strong>Escolaridade \u2013&nbsp;<\/strong>Ensino Fundamental Completo;<\/p>\n\n\n\n<p><strong>Experi\u00eancia \u2013&nbsp;<\/strong>Seis meses na Carteira de Trabalho;<\/p>\n\n\n\n<p><strong>Atividades \u2013&nbsp;<\/strong>Realizar atendimento ao cliente e fornecer orienta\u00e7\u00e3o sobre carnes, auxiliar no preparo das carnes, auxiliar o a\u00e7ougueiro no corte de carne, separa\u00e7\u00e3o e desossa.<\/p>\n\n\n\n<p><strong>Vaga dispon\u00edvel at\u00e9 o dia 11\/04\/2022 ou at\u00e9 o encerramento da vaga.<\/strong><\/p>\n\n\n\n<p><strong>1 vaga \u2013 A\u00e7ougueiro<\/strong><\/p>\n\n\n\n<p><strong>Escolaridade \u2013&nbsp;<\/strong>Ensino Fundamental Completo;<\/p>\n\n\n\n<p><strong>Experi\u00eancia \u2013&nbsp;<\/strong>Seis meses na Carteira de Trabalho;<\/p>\n\n\n\n<p><strong>Atividades \u2013<\/strong>&nbsp;Realizar a limpeza e corte das carnes, separar a carne por categorias, limpar o balc\u00e3o ou local de trabalho, embalar adequadamente o pedido do cliente, armazenar a carne em locais de refrigera\u00e7\u00e3o adequados, organizar as carnes para exposi\u00e7\u00e3o nas prateleiras, controlar a reposi\u00e7\u00e3o de mercadorias, higiene e limpeza de c\u00e2maras frias.<\/p>\n\n\n\n<p><strong>Vaga dispon\u00edvel at\u00e9 o dia 11\/04\/2022 ou at\u00e9 o encerramento da vaga.<\/strong><\/p>\n\n\n\n<p><strong>1 vaga \u2013 L\u00edder de FLV<\/strong><\/p>\n\n\n\n<p><strong>Escolaridade \u2013&nbsp;<\/strong>Ensino M\u00e9dio Completo;<\/p>\n\n\n\n<p><strong>Experi\u00eancia \u2013&nbsp;<\/strong>Seis meses na Carteira de Trabalho;<\/p>\n\n\n\n<p><strong>Atividades \u2013&nbsp;<\/strong>Garantir a opera\u00e7\u00e3o do setor de FLV, fazer a sele\u00e7\u00e3o de frutas, verduras e legumes, acondicionar os hortifrutigranjeiros no dep\u00f3sito, ser respons\u00e1vel pela conserva\u00e7\u00e3o de alimentos e abastecer as g\u00f4ndolas, produzir bandejas, embalar e precificar as mercadorias, fazer atendimento ao cliente e pesagem de produtos, ser respons\u00e1vel pela exposi\u00e7\u00e3o, precifica\u00e7\u00e3o, limpeza e organiza\u00e7\u00e3o do setor. Supervisionar os colaboradores do FLV e ser respons\u00e1vel pela avaria do setor.&nbsp;&nbsp;&nbsp;<strong>&nbsp;&nbsp;&nbsp;&nbsp;&nbsp;&nbsp;&nbsp;&nbsp;&nbsp;&nbsp;&nbsp;&nbsp;<\/strong><\/p>\n\n\n\n<p><strong>Vaga dispon\u00edvel at\u00e9 o dia 11\/04\/2022 ou at\u00e9 o encerramento da vaga.<\/strong><\/p>\n\n\n\n<p><strong>2 vagas \u2013 Eletricista de M\u00e1quinas Pesadas<\/strong><\/p>\n\n\n\n<p><strong>Escolaridade \u2013&nbsp;<\/strong>Ensino T\u00e9cnico em Mecatr\u00f4nica ou Automa\u00e7\u00e3o Industrial;<\/p>\n\n\n\n<p><strong>Experi\u00eancia \u2013&nbsp;<\/strong>Seis meses na Carteira de Trabalho;<\/p>\n\n\n\n<p><strong>Requisitos Obrigat\u00f3rios \u2013<\/strong>&nbsp;Possuir curso T\u00e9cnico em Automa\u00e7\u00e3o Industrial ou Mecatr\u00f4nica (feitos na Fucapi ou Mathias Machline) e dom\u00ednio em manuten\u00e7\u00e3o el\u00e9trica e eletr\u00f4nica de equipamentos.<\/p>\n\n\n\n<p><strong>Atividades \u2013&nbsp;<\/strong>Realizar manuten\u00e7\u00e3o el\u00e9trica em embarca\u00e7\u00f5es, geradores, compressores e equipamentos el\u00e9tricos destinados \u00e0s opera\u00e7\u00f5es portu\u00e1rias, incluindo manobra em subesta\u00e7\u00e3o: empilhadeiras de cont\u00eainer, tug master, trollers, guindastes mar\u00edtimos, RTGs, geradores de energia, bombas el\u00e9tricas, pain\u00e9is el\u00e9tricos, sistemas eletr\u00f4nicos. Realizar diagn\u00f3sticos em circuitos el\u00e9tricos e eletromec\u00e2nicos.<\/p>\n\n\n\n<p><strong>Vaga dispon\u00edvel at\u00e9 o dia 12\/04\/2022 ou at\u00e9 o encerramento da vaga.<\/strong><\/p>\n\n\n\n<p><strong>1 vaga \u2013 Assistente Administrativo<\/strong><\/p>\n\n\n\n<p><strong>Escolaridade \u2013&nbsp;<\/strong>Ensino M\u00e9dio Completo;<\/p>\n\n\n\n<p><strong>Experi\u00eancia \u2013&nbsp;<\/strong>Seis meses na Carteira de Trabalho;<\/p>\n\n\n\n<p><strong>Requisitos Obrigat\u00f3rios \u2013<\/strong>&nbsp;Possuir Pacote Office n\u00edvel Intermedi\u00e1rio;<\/p>\n\n\n\n<p><strong>Atividades \u2013&nbsp;<\/strong>Atender fornecedores e clientes; Tratar de documentos variados; Apoio a \u00e1rea de recursos Humano e Administrativo.<\/p>\n\n\n\n<p><strong>Vaga dispon\u00edvel at\u00e9 o dia 11\/04\/2022 ou at\u00e9 o encerramento da vaga.<\/strong><\/p>\n\n\n\n<p><strong>1 vaga \u2013 Ajudante de Serralheiro<\/strong><\/p>\n\n\n\n<p><strong>Escolaridade \u2013<\/strong>&nbsp;Ensino Superior Completo ou N\u00edvel T\u00e9cnico;<\/p>\n\n\n\n<p><strong>Experi\u00eancia \u2013&nbsp;<\/strong>Seis meses na Carteira de Trabalho;<\/p>\n\n\n\n<p><strong>Atividades \u2013<\/strong>&nbsp;Auxiliar nas rotinas de corte, serragem, acabamento, forja e solda de estruturas de ferro, dentre outros.<\/p>\n\n\n\n<p><strong>Vaga dispon\u00edvel at\u00e9 o dia 13\/04\/2022 ou at\u00e9 o encerramento da vaga.<\/strong><\/p>\n\n\n\n<p><strong>1 vaga \u2013 Marceneiro<\/strong><\/p>\n\n\n\n<p><strong>Escolaridade \u2013<\/strong>&nbsp;Ensino Superior Completo ou N\u00edvel T\u00e9cnico;<\/p>\n\n\n\n<p><strong>Experi\u00eancia \u2013&nbsp;<\/strong>Seis meses na Carteira de Trabalho;<\/p>\n\n\n\n<p><strong>Atividades \u2013&nbsp;<\/strong>Confeccionar e reparar m\u00f3veis, utilizando equipamento adequado e guiando-se por desenhos e especifica\u00e7\u00f5es. Analisar a pe\u00e7a a ser fabricada consultando os desenhos, modelos, especifica\u00e7\u00f5es ou outras instru\u00e7\u00f5es.<\/p>\n\n\n\n<p><strong>Vaga dispon\u00edvel at\u00e9 o dia 13\/04\/2022 ou at\u00e9 o encerramento da vaga.<\/strong><\/p>\n\n\n\n<p><strong>1 vaga \u2013 Pintor a Rev\u00f3lver<\/strong><\/p>\n\n\n\n<p><strong>Escolaridade \u2013<\/strong>&nbsp;Ensino Superior Completo ou N\u00edvel T\u00e9cnico;<\/p>\n\n\n\n<p><strong>Experi\u00eancia \u2013&nbsp;<\/strong>Seis meses na Carteira de Trabalho;<\/p>\n\n\n\n<p><strong>Atividades \u2013&nbsp;<\/strong>Prepara\u00e7\u00e3o para pintura, aplica\u00e7\u00e3o de pintura eletrost\u00e1tica (cabine de pintura), finaliza\u00e7\u00e3o em forno.<\/p>\n\n\n\n<p><strong>Vaga dispon\u00edvel at\u00e9 o dia 17\/04\/2022 ou at\u00e9 o encerramento da vaga.<\/strong><\/p>\n\n\n\n<p><strong>1 Vaga \u2013 Projetista de M\u00f3veis<\/strong><\/p>\n\n\n\n<p><strong>Escolaridade \u2013<\/strong>&nbsp;Ensino Superior Completo ou N\u00edvel T\u00e9cnico;<\/p>\n\n\n\n<p><strong>Experi\u00eancia \u2013&nbsp;<\/strong>Seis meses na Carteira de Trabalho;<\/p>\n\n\n\n<p><strong>Atividades \u2013<\/strong>&nbsp;Conhecimentos em detalhamento de projetos, dom\u00ednio em sketch-up e conhecimento b\u00e1sico sobre m\u00f3veis.<\/p>\n\n\n\n<p><strong>Vaga dispon\u00edvel at\u00e9 o dia 17\/04\/2022 ou at\u00e9 o encerramento da vaga.<\/strong><\/p>\n\n\n\n<p><strong>3 vagas \u2013&nbsp;Peixeiro<\/strong><\/p>\n\n\n\n<p><strong>Escolaridade<\/strong>&nbsp;\u2013&nbsp;Ensino Fundamental Completo;<\/p>\n\n\n\n<p><strong>Experi\u00eancia<\/strong>&nbsp;\u2013 Seis meses na Carteira de Trabalho;<\/p>\n\n\n\n<p><strong>Atividades \u2013<\/strong>&nbsp;Preparar, limpar e cortar pescado para comercializa\u00e7\u00e3o, examinar peixes recebidos, armazenar os peixes e manter a ordem e higiene no ambiente de trabalho.<\/p>\n\n\n\n<p><strong>Vaga dispon\u00edvel at\u00e9 11\/04\/2022 ou at\u00e9 encerramento da vaga.<\/strong><\/p>\n\n\n\n<p><strong>3 vagas \u2013&nbsp;A\u00e7ougueiro<\/strong><\/p>\n\n\n\n<p><strong>Escolaridade<\/strong>&nbsp;\u2013&nbsp;Ensino Fundamental Completo;<\/p>\n\n\n\n<p><strong>Experi\u00eancia<\/strong>&nbsp;\u2013 Seis meses na Carteira de Trabalho;<\/p>\n\n\n\n<p><strong>Atividades \u2013<\/strong>&nbsp;Realizar atendimento no balc\u00e3o, examinar as pe\u00e7as de carnes recebidas, verificando se est\u00e1 de acordo com a aquisi\u00e7\u00e3o para comprovar a qualidade e a quantidade, armazenar a carne, dispondo-a em frigor\u00edfico para evitar sua deteriora\u00e7\u00e3o.<\/p>\n\n\n\n<p><strong>Vaga dispon\u00edvel at\u00e9 11\/04\/2022 ou at\u00e9 encerramento da vaga.<\/strong><\/p>\n\n\n\n<p><strong>1 vaga \u2013&nbsp;Encarregado de Obras de Manuten\u00e7\u00e3o&nbsp;<\/strong><\/p>\n\n\n\n<p><strong>Escolaridade<\/strong>&nbsp;\u2013&nbsp;Ensino Fundamental Completo;<\/p>\n\n\n\n<p><strong>Experi\u00eancia<\/strong>&nbsp;\u2013&nbsp;Seis meses na Carteira de Trabalho;<\/p>\n\n\n\n<p><strong>Atividades \u2013<\/strong>&nbsp;Supervisionar colaboradores, leitura e execu\u00e7\u00e3o de projetos, acompanhar cronograma e medi\u00e7\u00f5es de obras e controlar equipamentos.<\/p>\n\n\n\n<p><strong>Vaga dispon\u00edvel at\u00e9 12\/04\/2022 ou at\u00e9 encerramento da vaga.<\/strong><\/p>\n\n\n\n<p><strong>1 vaga \u2013 Auxiliar Administrativo \u2013&nbsp;Vaga exclusiva para Pessoa com Defici\u00eancia (PcD)<\/strong><\/p>\n\n\n\n<p><strong>Escolaridade<\/strong>&nbsp;\u2013&nbsp;Ensino M\u00e9dio Completo;<\/p>\n\n\n\n<p><strong>Experi\u00eancia<\/strong>&nbsp;\u2013&nbsp;Seis meses na Carteira de Trabalho;<\/p>\n\n\n\n<p><strong>Requisitos Obrigat\u00f3rios \u2013<\/strong>&nbsp;Ter experi\u00eancia com Pacote Office e possuir Carteira Nacional de Habilita\u00e7\u00e3o categoria \u201cB\u201d dentro do prazo de validade;<\/p>\n\n\n\n<p><strong>Atividades \u2013&nbsp;<\/strong>Respons\u00e1vel em auxiliar processos administrativos do setor; Auxiliar no controle dos vencimentos, admiss\u00f5es e demais fun\u00e7\u00f5es correlacionadas.<\/p>\n\n\n\n<p><strong>Vaga dispon\u00edvel at\u00e9 12\/04\/2022 ou at\u00e9 encerramento da vaga.<\/strong><\/p>\n\n\n\n<p><strong>3 vagas \u2013 Eletricista de Manuten\u00e7\u00e3o Industrial<\/strong><\/p>\n\n\n\n<p><strong>Escolaridade<\/strong>&nbsp;\u2013&nbsp;Ensino M\u00e9dio Completo;<\/p>\n\n\n\n<p><strong>Experi\u00eancia<\/strong>&nbsp;\u2013&nbsp;Seis meses na Carteira de Trabalho;<\/p>\n\n\n\n<p><strong>Requisitos Obrigat\u00f3rios \u2013<\/strong>&nbsp;Ter cursos NR-10, NR-12, NR-33, NR-35, SEP atualizados e Carteira Nacional de Habilita\u00e7\u00e3o categoria \u201cB\u201d dentro do prazo de validade;<\/p>\n\n\n\n<p><strong>Atividades \u2013&nbsp;<\/strong>Realizar manuten\u00e7\u00e3o preventiva e corretiva em equipamentos industriais.<\/p>\n\n\n\n<p><strong>Vaga dispon\u00edvel at\u00e9 13\/04\/2022 ou at\u00e9 encerramento da vaga.<\/strong><\/p>\n\n\n\n<p><strong>2 vagas \u2013 Operador de Caminh\u00e3o Basculante<\/strong><\/p>\n\n\n\n<p><strong>Escolaridade<\/strong>&nbsp;\u2013&nbsp;Ensino M\u00e9dio Completo;<\/p>\n\n\n\n<p><strong>Experi\u00eancia<\/strong>&nbsp;\u2013&nbsp;Seis meses na Carteira de Trabalho;<\/p>\n\n\n\n<p><strong>Requisitos Obrigat\u00f3rios \u2013&nbsp;<\/strong>Ter&nbsp;cursos de NR-11, NR-12, Dire\u00e7\u00e3o Defensiva e Carteira Nacional de Habilita\u00e7\u00e3o categorias \u201cD\u201d ou \u201cE\u201d dentro do prazo de validade;<\/p>\n\n\n\n<p><strong>Atividades \u2013&nbsp;<\/strong>Transportar mercadorias conforme a legisla\u00e7\u00e3o do tr\u00e2nsito, seguir roteiro, fazer solicita\u00e7\u00f5es de manuten\u00e7\u00e3o preventiva e corretiva do ve\u00edculo.<\/p>\n\n\n\n<p><strong>Vaga dispon\u00edvel at\u00e9 13\/04\/2022 ou at\u00e9 encerramento da vaga.<\/strong><\/p>\n\n\n\n<p><strong>2 vagas \u2013 Mec\u00e2nico de M\u00e1quinas Pesadas (Minera\u00e7\u00e3o)<\/strong><\/p>\n\n\n\n<p><strong>Escolaridade<\/strong>&nbsp;\u2013&nbsp;Ensino M\u00e9dio Completo;<\/p>\n\n\n\n<p><strong>Experi\u00eancia<\/strong>&nbsp;\u2013&nbsp;Seis meses na Carteira de Trabalho;<\/p>\n\n\n\n<p><strong>Requisitos Obrigat\u00f3rios \u2013&nbsp;<\/strong>Ter cursos de NR-12, NR-33, NR-35 e Carteira Nacional de Habilita\u00e7\u00e3o categoria \u201cB\u201d;<\/p>\n\n\n\n<p><strong>Atividades \u2013&nbsp;<\/strong>Realizar a manuten\u00e7\u00e3o de equipamentos de minera\u00e7\u00e3o (m\u00e1quinas pesadas \u2013 marca Caterpillar).<\/p>\n\n\n\n<p><strong>Vaga dispon\u00edvel at\u00e9 13\/04\/2022 ou at\u00e9 encerramento da vaga.<\/strong><\/p>\n\n\n\n<p><strong>3 vagas \u2013 Gar\u00e7om<\/strong><\/p>\n\n\n\n<p><strong>Escolaridade<\/strong>&nbsp;\u2013&nbsp;Ensino M\u00e9dio Completo;<\/p>\n\n\n\n<p><strong>Experi\u00eancia<\/strong>&nbsp;\u2013&nbsp;Seis meses na Carteira de Trabalho;<\/p>\n\n\n\n<p><strong>Requisitos Obrigat\u00f3rios \u2013<\/strong>&nbsp;Ter disponibilidade para dormir em hotel de selva;<\/p>\n\n\n\n<p><strong>Atividades \u2013<\/strong>&nbsp;Recepcionar o cliente, servir alimentos e bebidas, anotar e servir pedidos e executar tarefas correlatas.<\/p>\n\n\n\n<p><strong>Vaga dispon\u00edvel at\u00e9 12\/04\/2022 ou at\u00e9 encerramento da vaga.<\/strong><\/p>\n\n\n\n<p><strong>10 vagas \u2013 Auxiliar Administrativo<\/strong><\/p>\n\n\n\n<p><strong>Escolaridade<\/strong>&nbsp;\u2013&nbsp;Ensino M\u00e9dio Completo;<\/p>\n\n\n\n<p><strong>Experi\u00eancia<\/strong>&nbsp;\u2013&nbsp;Seis meses na Carteira de Trabalho;<\/p>\n\n\n\n<p><strong>Requisitos Obrigat\u00f3rios \u2013<\/strong>&nbsp;Ter Carteira Nacional de Habilita\u00e7\u00e3o categoria \u201cB\u201d dentro do prazo de validade;<\/p>\n\n\n\n<p><strong>Atividades \u2013<\/strong>&nbsp;Executar servi\u00e7os de apoio nas \u00e1reas de Recursos Humanos, realizar servi\u00e7os externos para o acompanhamento de m\u00e3o de obra nas tomadoras de servi\u00e7os.<\/p>\n\n\n\n<p><strong>Vaga dispon\u00edvel at\u00e9 13\/04\/2022 ou at\u00e9 encerramento da vaga.<\/strong><\/p>\n\n\n\n<p><strong>5 vagas \u2013 Encarregado de Obras&nbsp;<\/strong><\/p>\n\n\n\n<p><strong>Escolaridade<\/strong>&nbsp;\u2013&nbsp;Ensino T\u00e9cnico em Edifica\u00e7\u00f5es Completo;<\/p>\n\n\n\n<p><strong>Experi\u00eancia<\/strong>&nbsp;\u2013&nbsp;Seis meses na Carteira de Trabalho;<\/p>\n\n\n\n<p><strong>Requisitos Obrigat\u00f3rios \u2013<\/strong>&nbsp;Ter Carteira Nacional de Habilita\u00e7\u00e3o categoria \u201cB\u201d dentro do prazo de validade;<\/p>\n\n\n\n<p><strong>Atividades \u2013<\/strong>&nbsp;Supervisionar equipes de trabalhadores da constru\u00e7\u00e3o civil; Orientar sobre medidas de seguran\u00e7a e equipamentos; Administrar o cronograma da obra.<\/p>\n\n\n\n<p><strong>Vaga dispon\u00edvel at\u00e9 13\/04\/2022 ou at\u00e9 encerramento da vaga.<\/strong><\/p>\n\n\n\n<p><strong>10 vagas \u2013 T\u00e9cnico em Rede de Computadores&nbsp;<\/strong><\/p>\n\n\n\n<p><strong>Escolaridade<\/strong>&nbsp;\u2013&nbsp;Ensino T\u00e9cnico em Eletrot\u00e9cnica, Eletroeletr\u00f4nica ou Eletromec\u00e2nica Completo;<\/p>\n\n\n\n<p><strong>Experi\u00eancia<\/strong>&nbsp;\u2013&nbsp;Seis meses na Carteira de Trabalho;<\/p>\n\n\n\n<p><strong>Requisitos Obrigat\u00f3rios \u2013<\/strong>&nbsp;Ter&nbsp;cursos pertinentes \u00e0 vaga: CLP, NR-10 e NR-35;<\/p>\n\n\n\n<p><strong>Atividades \u2013<\/strong>&nbsp;Montar, configurar e realizar manuten\u00e7\u00e3o de computadores em redes; Instala\u00e7\u00e3o e configura\u00e7\u00e3o de dispositivos e sistemas operacionais.<\/p>\n\n\n\n<p><strong>Vaga dispon\u00edvel at\u00e9 13\/04\/2022 ou at\u00e9 encerramento da vaga.<\/strong><\/p>\n\n\n\n<p><strong>20 vagas \u2013 Pintor de Obras&nbsp;<\/strong><\/p>\n\n\n\n<p><strong>Escolaridade<\/strong>&nbsp;\u2013&nbsp;Ensino Fundamental Completo;<\/p>\n\n\n\n<p><strong>Experi\u00eancia<\/strong>&nbsp;\u2013&nbsp;Seis meses na Carteira de Trabalho;<\/p>\n\n\n\n<p><strong>Requisitos Obrigat\u00f3rios \u2013<\/strong>&nbsp;Ter&nbsp;cursos pertinentes \u00e0 vaga: CLP, NR-10 e NR-35;<\/p>\n\n\n\n<p><strong>Atividades \u2013<\/strong>&nbsp;Montar, configurar e realizar manuten\u00e7\u00e3o de computadores em redes; Instala\u00e7\u00e3o e configura\u00e7\u00e3o de dispositivos e sistemas operacionais.<\/p>\n\n\n\n<p><strong>Vaga dispon\u00edvel at\u00e9 13\/04\/2022 ou at\u00e9 encerramento da vaga.<\/strong><\/p>\n\n\n\n<p><strong>20 vagas \u2013 Serralheiro<\/strong><\/p>\n\n\n\n<p><strong>Escolaridade<\/strong>&nbsp;\u2013&nbsp;Ensino M\u00e9dio Completo;<\/p>\n\n\n\n<p><strong>Experi\u00eancia<\/strong>&nbsp;\u2013&nbsp;Seis meses na Carteira de Trabalho;<\/p>\n\n\n\n<p><strong>Requisitos Obrigat\u00f3rios \u2013<\/strong>&nbsp;Ter&nbsp;cursos na \u00e1rea;<\/p>\n\n\n\n<p><strong>Atividades \u2013<\/strong>&nbsp;Confeccionar, reparar e instalar pe\u00e7as e elementos diversos em chapas de metal; Fabricar ou reparar caldeiras, tanques, reservat\u00f3rios e outros recipientes de chapas de a\u00e7o; Recortar, modelar e trabalhar barras perfiladas de materiais ferrosos e n\u00e3o ferrosos.<\/p>\n\n\n\n<p><strong>Vaga dispon\u00edvel at\u00e9 13\/04\/2022 ou at\u00e9 encerramento da vaga.<\/strong><\/p>\n\n\n\n<p><strong>10 vagas \u2013 Soldador&nbsp;<\/strong><\/p>\n\n\n\n<p><strong>Escolaridade<\/strong>&nbsp;\u2013&nbsp;Ensino M\u00e9dio Completo;<\/p>\n\n\n\n<p><strong>Experi\u00eancia<\/strong>&nbsp;\u2013&nbsp;Seis meses na Carteira de Trabalho;<\/p>\n\n\n\n<p><strong>Requisitos Obrigat\u00f3rios \u2013<\/strong>&nbsp;Ter&nbsp;cursos na \u00e1rea;<\/p>\n\n\n\n<p><strong>Atividades \u2013<\/strong>&nbsp;Unir e cortar pe\u00e7as de ligas met\u00e1licas usando processos de soldagem e corte tais como eletrodo revestido, tig, mig, mag, oxig\u00e1s, arco submerso, brasagem, plasma. Preparar equipamentos, acess\u00f3rios, consum\u00edveis de soldagem e corte e pe\u00e7as a serem soldadas.<\/p>\n\n\n\n<p><strong>Vaga dispon\u00edvel at\u00e9 13\/04\/2022 ou at\u00e9 encerramento da vaga.<\/strong><\/p>\n\n\n\n<p><strong>10 vagas \u2013 Auxiliar de Solda&nbsp;<\/strong><\/p>\n\n\n\n<p><strong>Escolaridade<\/strong>&nbsp;\u2013&nbsp;Ensino M\u00e9dio Completo;<\/p>\n\n\n\n<p><strong>Experi\u00eancia<\/strong>&nbsp;\u2013&nbsp;Seis meses na Carteira de Trabalho;<\/p>\n\n\n\n<p><strong>Atividades \u2013<\/strong>&nbsp;Auxiliar nos servi\u00e7os de solda, carpintaria e alvenaria, substituindo, trocando, limpando, reparando e instalando pe\u00e7as, componentes e equipamentos.<\/p>\n\n\n\n<p><strong>Vaga dispon\u00edvel at\u00e9 13\/04\/2022 ou at\u00e9 encerramento da vaga.<\/strong><\/p>\n\n\n\n<p><strong>10 vagas \u2013 Pedreiro&nbsp;<\/strong><\/p>\n\n\n\n<p><strong>Escolaridade<\/strong>&nbsp;\u2013&nbsp;Ensino Fundamental Completo;<\/p>\n\n\n\n<p><strong>Experi\u00eancia<\/strong>&nbsp;\u2013&nbsp;Seis meses na Carteira de Trabalho;<\/p>\n\n\n\n<p><strong>Atividades \u2013<\/strong>&nbsp;Reporta-se ao Encarregado de Obras ou Superior Imediato. Atua na constru\u00e7\u00e3o e reforma da parte estrutural e acabamento de pr\u00e9dios comerciais e residenciais ou tamb\u00e9m em constru\u00e7\u00f5es de grande, m\u00e9dio ou pequeno porte.<\/p>\n\n\n\n<p><strong>Vaga dispon\u00edvel at\u00e9 13\/04\/2022 ou at\u00e9 encerramento da vaga.<\/strong><\/p>\n\n\n\n<p><strong>10 vagas \u2013 Auxiliar de Pintor de Obras<\/strong><\/p>\n\n\n\n<p><strong>Escolaridade<\/strong>&nbsp;\u2013&nbsp;Ensino Fundamental Completo;<\/p>\n\n\n\n<p><strong>Experi\u00eancia<\/strong>&nbsp;\u2013&nbsp;Seis meses na Carteira de Trabalho;<\/p>\n\n\n\n<p><strong>Atividades \u2013<\/strong>&nbsp;Pintar as superf\u00edcies externas e internas de edif\u00edcios e outras obras civis, raspando amassando e cobrindo com uma ou v\u00e1rias camadas de tinta; Revestir tetos, paredes e outras partes de edifica\u00e7\u00f5es com papel e materiais pl\u00e1sticos.<\/p>\n\n\n\n<p><strong>Vaga dispon\u00edvel at\u00e9 13\/04\/2022 ou at\u00e9 encerramento da vaga.<\/strong><\/p>\n\n\n\n<p><strong>10 vagas \u2013 Art\u00edfice&nbsp;<\/strong><\/p>\n\n\n\n<p><strong>Escolaridade<\/strong>&nbsp;\u2013&nbsp;Ensino M\u00e9dio Completo;<\/p>\n\n\n\n<p><strong>Experi\u00eancia<\/strong>&nbsp;\u2013&nbsp;Seis meses na Carteira de Trabalho;<\/p>\n\n\n\n<p><strong>Atividades \u2013<\/strong>&nbsp;Executar servi\u00e7os de manuten\u00e7\u00e3o el\u00e9trica, mec\u00e2nica, hidr\u00e1ulica, carpintaria e alvenaria, substituindo, trocando, limpando, reparando e instalando pe\u00e7as, componentes e equipamentos.<\/p>\n\n\n\n<p><strong>Vaga dispon\u00edvel at\u00e9 13\/04\/2022 ou at\u00e9 encerramento da vaga.<\/strong><\/p>\n\n\n\n<p><strong>10 vagas \u2013 Servente<\/strong><\/p>\n\n\n\n<p><strong>Escolaridade<\/strong>&nbsp;\u2013&nbsp;Ensino M\u00e9dio Completo;<\/p>\n\n\n\n<p><strong>Experi\u00eancia<\/strong>&nbsp;\u2013&nbsp;Seis meses na Carteira de Trabalho;<\/p>\n\n\n\n<p><strong>Atividades \u2013<\/strong>&nbsp;Reporta-se ao Encarregado de Obras ou Pedreiro, auxiliando na constru\u00e7\u00e3o ou reparo de obras.<\/p>\n\n\n\n<p><strong>Vaga dispon\u00edvel at\u00e9 13\/04\/2022 ou at\u00e9 encerramento da vaga.<\/strong><\/p>\n\n\n\n<p><strong>1 vaga \u2013 Vendedor<\/strong><\/p>\n\n\n\n<p><strong>Escolaridade<\/strong>&nbsp;\u2013&nbsp;Ensino M\u00e9dio Completo;<\/p>\n\n\n\n<p><strong>Experi\u00eancia<\/strong>&nbsp;\u2013&nbsp;Seis meses na Carteira de Trabalho;<\/p>\n\n\n\n<p><strong>Requisitos Obrigat\u00f3rios \u2013<\/strong>&nbsp;Necess\u00e1rio ter experi\u00eancia com materiais de constru\u00e7\u00e3o;<\/p>\n\n\n\n<p><strong>Atividades \u2013<\/strong>&nbsp;Atender clientes presencialmente e via telefone; Processar e gerenciar pedidos de clientes; Processar vendas \u00e0 vista ou a prazo; Fazer p\u00f3s-venda e acompanhar as vendas realizadas in\u00edcio e fim.<\/p>\n\n\n\n<p><strong>Vaga dispon\u00edvel at\u00e9 13\/04\/2022 ou at\u00e9 encerramento da vaga.<\/strong><\/p>\n\n\n\n<p><strong>1 vaga \u2013 Faturista<\/strong><\/p>\n\n\n\n<p><strong>Escolaridade<\/strong>&nbsp;\u2013&nbsp;Ensino M\u00e9dio Completo;<\/p>\n\n\n\n<p><strong>Experi\u00eancia<\/strong>&nbsp;\u2013&nbsp;Seis meses na Carteira de Trabalho;<\/p>\n\n\n\n<p><strong>Requisitos Obrigat\u00f3rios \u2013<\/strong>&nbsp;Necess\u00e1rio ter experi\u00eancia com materiais de constru\u00e7\u00e3o;<\/p>\n\n\n\n<p><strong>Atividades \u2013<\/strong>&nbsp;Realizar transa\u00e7\u00f5es financeiras do dia a dia, preparar contas, faturas e dep\u00f3sitos banc\u00e1rios. Emitir o faturamento da empresa, receber pedidos de vendas, emiss\u00e3o de notas fiscais e demais fun\u00e7\u00f5es correlatas.<\/p>\n\n\n\n<p><strong>Vaga dispon\u00edvel at\u00e9 12\/04\/2022 ou at\u00e9 encerramento da vaga.<\/strong><\/p>\n\n\n\n<p><strong>7 vagas \u2013 Auxiliar de Limpeza \u2013 Vagas exclusivas para Pessoas com Defici\u00eancia (PcD)<\/strong><\/p>\n\n\n\n<p><strong>Escolaridade<\/strong>&nbsp;\u2013&nbsp;Ensino M\u00e9dio Completo;<\/p>\n\n\n\n<p><strong>Experi\u00eancia<\/strong>&nbsp;\u2013&nbsp;Seis meses na Carteira de Trabalho;<\/p>\n\n\n\n<p><strong>Atividades \u2013<\/strong>&nbsp;Realizar a limpeza e conserva\u00e7\u00e3o do ambiente, lavar banheiros e \u00e1reas afins.<\/p>\n\n\n\n<p><strong>Vaga dispon\u00edvel at\u00e9 11\/04\/2022 ou at\u00e9 encerramento da vaga.<\/strong><\/p>\n\n\n\n<p><strong>1 vaga \u2013 Confeiteiro<\/strong><\/p>\n\n\n\n<p><strong>Escolaridade<\/strong>&nbsp;\u2013&nbsp;Ensino M\u00e9dio Completo;<\/p>\n\n\n\n<p><strong>Experi\u00eancia<\/strong>&nbsp;\u2013&nbsp;Seis meses na Carteira de Trabalho;<\/p>\n\n\n\n<p><strong>Atividades \u2013<\/strong>&nbsp;Confeitar bolos e tortas, ter experi\u00eancia com preparo de bolos e doces.<\/p>\n\n\n\n<p><strong>Vaga dispon\u00edvel at\u00e9 11\/04\/2022 ou at\u00e9 encerramento da vaga.<\/strong><\/p>\n\n\n\n<p><strong>1 vaga \u2013 Encarregado de Produ\u00e7\u00e3o de Padaria<\/strong><\/p>\n\n\n\n<p><strong>Escolaridade<\/strong>&nbsp;\u2013&nbsp;Ensino M\u00e9dio Completo;<\/p>\n\n\n\n<p><strong>Experi\u00eancia<\/strong>&nbsp;\u2013&nbsp;Seis meses na Carteira de Trabalho;<\/p>\n\n\n\n<p><strong>Atividades \u2013<\/strong>&nbsp;Realizar a programa\u00e7\u00e3o, controle de qualidade dos produtos e gest\u00e3o.<\/p>\n\n\n\n<p><strong>Vaga dispon\u00edvel at\u00e9 11\/04\/2022 ou at\u00e9 encerramento da vaga.<\/strong><\/p>\n\n\n\n<p><strong>1 vaga \u2013 Supervisor de Log\u00edstica&nbsp;<\/strong><\/p>\n\n\n\n<p><strong>Escolaridade<\/strong>&nbsp;\u2013&nbsp;Ensino M\u00e9dio Completo;<\/p>\n\n\n\n<p><strong>Experi\u00eancia<\/strong>&nbsp;\u2013&nbsp;Seis meses na Carteira de Trabalho;<\/p>\n\n\n\n<p><strong>Requisitos Obrigat\u00f3rios \u2013<\/strong>&nbsp;Ter conhecimento em softwares ERP e planilhas;<\/p>\n\n\n\n<p><strong>Atividades \u2013<\/strong>&nbsp;Liderar a equipe nos processos de produ\u00e7\u00e3o e log\u00edstica; Analisar relat\u00f3rios di\u00e1rios; Garantir o cumprimento de metas.<\/p>\n\n\n\n<p><strong>Vaga dispon\u00edvel at\u00e9 11\/04\/2022 ou at\u00e9 encerramento da vaga.<\/strong><\/p>\n\n\n\n<p><strong>1 vaga \u2013 Projetista de M\u00f3veis&nbsp;&nbsp;<\/strong><\/p>\n\n\n\n<p><strong>Escolaridade<\/strong>&nbsp;\u2013&nbsp;Ensino M\u00e9dio Completo;<\/p>\n\n\n\n<p><strong>Experi\u00eancia<\/strong>&nbsp;\u2013&nbsp;Seis meses na Carteira de Trabalho;<\/p>\n\n\n\n<p><strong>Atividades \u2013&nbsp;<\/strong>Realizar atendimento ao cliente, projetar ambientes em Promob, venda e fechamento de projetos.<\/p>\n\n\n\n<p><strong>Vaga dispon\u00edvel at\u00e9 11\/04\/2022 ou at\u00e9 encerramento da vaga.<\/strong><\/p>\n\n\n\n<p><strong>2 vagas \u2013 Auxiliar de Manuten\u00e7\u00e3o Industrial<\/strong><\/p>\n\n\n\n<p><strong>Escolaridade<\/strong>&nbsp;\u2013&nbsp;Ensino Fundamental Completo;<\/p>\n\n\n\n<p><strong>Experi\u00eancia<\/strong>&nbsp;\u2013&nbsp;Seis meses na Carteira de Trabalho;<\/p>\n\n\n\n<p><strong>Atividades \u2013<\/strong>&nbsp;Conservar e reparar \u00e1reas dos edif\u00edcios, aparelhos de distribui\u00e7\u00e3o, canaliza\u00e7\u00f5es de \u00e1gua e g\u00e1s, dentre outros.<\/p>\n\n\n\n<p><strong>Vaga dispon\u00edvel at\u00e9 11\/04\/2022 ou at\u00e9 encerramento da vaga.<\/strong><\/p>\n\n\n\n<p><strong>3 vagas \u2013 Assistente Administrativo \u2013 Vagas exclusivas para Pessoas com Defici\u00eancia (PcD)<\/strong><\/p>\n\n\n\n<p><strong>Escolaridade<\/strong>&nbsp;\u2013&nbsp;Ensino M\u00e9dio Completo;<\/p>\n\n\n\n<p><strong>Experi\u00eancia<\/strong>&nbsp;\u2013&nbsp;Seis meses na Carteira de Trabalho;<\/p>\n\n\n\n<p><strong>Requisitos Obrigat\u00f3rios \u2013<\/strong>&nbsp;Ter experi\u00eancia com atendimento ao p\u00fablico e conhecimento em inform\u00e1tica b\u00e1sica e Excel;<\/p>\n\n\n\n<p><strong>Atividades \u2013<\/strong>&nbsp;Realizar atendimento ao cliente, digitar exames, protocolar atendimentos e exames, entregar resultados de exames e manter o local de trabalho limpo e organizado.<\/p>\n\n\n\n<p><strong>Vaga dispon\u00edvel at\u00e9 11\/04\/2022 ou at\u00e9 encerramento da vaga.<\/strong><\/p>\n\n\n\n<p><strong>1 vaga \u2013 Analista de Departamento Pessoal<\/strong><\/p>\n\n\n\n<p><strong>Escolaridade<\/strong>&nbsp;\u2013&nbsp;Ensino Superior em Administra\u00e7\u00e3o, Gest\u00e3o de RH e \u00e1reas afins Incompleto;<\/p>\n\n\n\n<p><strong>Experi\u00eancia<\/strong>&nbsp;\u2013&nbsp;Seis meses na Carteira de Trabalho;<\/p>\n\n\n\n<p><strong>Requisitos Obrigat\u00f3rios \u2013<\/strong>&nbsp;Ter conhecimento em controle de ponto, banco de horas, folha de pagamento, sistema Alterdata e Whintor.<\/p>\n\n\n\n<p><strong>Atividades \u2013&nbsp;<\/strong>Realizar admiss\u00e3o, rescis\u00e3o, f\u00e9rias, gerar guias de FGTS, E-social e manter contato com colaboradores.<\/p>\n\n\n\n<p><strong>Vaga dispon\u00edvel at\u00e9 14\/04\/2022 ou at\u00e9 encerramento da vaga.<\/strong><\/p>\n\n\n\n<p><strong>1 vaga \u2013 Atendente de Loja \u2013 Vaga exclusiva para Pessoa com Defici\u00eancia (PcD)<\/strong><\/p>\n\n\n\n<p><strong>Escolaridade<\/strong>&nbsp;\u2013&nbsp;Ensino M\u00e9dio Completo;<\/p>\n\n\n\n<p><strong>Experi\u00eancia<\/strong>&nbsp;\u2013&nbsp;N\u00e3o \u00e9 necess\u00e1rio;<\/p>\n\n\n\n<p><strong>Atividades \u2013<\/strong>&nbsp;Realizar atendimento ao cliente, arruma\u00e7\u00e3o e distribui\u00e7\u00e3o de roupas.<\/p>\n\n\n\n<p><strong>Vaga dispon\u00edvel at\u00e9 13\/04\/2022 ou at\u00e9 encerramento da vaga.<\/strong><\/p>\n\n\n\n<p><strong>1 vaga \u2013 Auxiliar de Limpeza \u2013 Vaga exclusiva para Pessoa com Defici\u00eancia (PcD)<\/strong><\/p>\n\n\n\n<p><strong>Escolaridade<\/strong>&nbsp;\u2013&nbsp;Ensino M\u00e9dio Completo;<\/p>\n\n\n\n<p><strong>Experi\u00eancia<\/strong>&nbsp;\u2013&nbsp;Seis meses na Carteira de Trabalho;<\/p>\n\n\n\n<p><strong>Atividades \u2013<\/strong>&nbsp;Realizar a limpeza e conserva\u00e7\u00e3o do ambiente, lavar banheiros e \u00e1reas afins.<\/p>\n\n\n\n<p><strong>Vaga dispon\u00edvel at\u00e9 11\/04\/2022 ou at\u00e9 encerramento da vaga.<\/strong><\/p>\n\n\n\n<p><strong>2 vagas \u2013 Operador de Movimenta\u00e7\u00e3o de Armazenagem de Cargas \u2013 Vagas exclusivas para Pessoas com Defici\u00eancia (PcD)<\/strong><\/p>\n\n\n\n<p><strong>Escolaridade<\/strong>&nbsp;\u2013&nbsp;Ensino M\u00e9dio Completo;<\/p>\n\n\n\n<p><strong>Experi\u00eancia<\/strong>&nbsp;\u2013&nbsp;N\u00e3o \u00e9 necess\u00e1rio;<\/p>\n\n\n\n<p><strong>Atividades \u2013<\/strong>&nbsp;Recepcionar, conferir e armazenar produtos e materiais em almoxarifados.<\/p>\n\n\n\n<p><strong>Vaga dispon\u00edvel at\u00e9 11\/04\/2022 ou at\u00e9 encerramento da vaga.<\/strong><\/p>\n\n\n\n<p><strong>1 vaga \u2013 Auxiliar de Limpeza \u2013 Vaga exclusiva para Pessoa com Defici\u00eancia (PcD)<\/strong><\/p>\n\n\n\n<p><strong>Escolaridade<\/strong>&nbsp;\u2013&nbsp;Ensino Fundamental Completo;<\/p>\n\n\n\n<p><strong>Experi\u00eancia<\/strong>&nbsp;\u2013&nbsp;Seis meses na Carteira de Trabalho;<\/p>\n\n\n\n<p><strong>Atividades \u2013<\/strong>&nbsp;Realizar a limpeza e conserva\u00e7\u00e3o do ambiente, lavar banheiros e \u00e1reas afins.<\/p>\n\n\n\n<p><strong>Vaga dispon\u00edvel at\u00e9 11\/04\/2022 ou at\u00e9 encerramento da vaga.<\/strong><\/p>\n\n\n\n<p><strong>Texto \u2013&nbsp;<\/strong>Divulga\u00e7\u00e3o \/ Semtepi<\/p>\n\n\n\n<p><strong>Fotos<\/strong>&nbsp;\u2013 Arquivo \/ Semcom<\/p>\n","protected":false},"excerpt":{"rendered":"<p>A&nbsp;Prefeitura de Manaus, por meio do Sine Manaus,&nbsp;oferta 226 vagas&nbsp;de emprego em v\u00e1rias \u00e1reas de&#8230;<\/p>\n","protected":false},"author":5,"featured_media":1485,"comment_status":"open","ping_status":"open","sticky":false,"template":"","format":"standard","meta":{"footnotes":""},"categories":[49],"tags":[392,391],"class_list":["post-1484","post","type-post","status-publish","format-standard","has-post-thumbnail","hentry","category-destaques","tag-sine-manaus","tag-vagas-de-emprego"],"yoast_head":"<!-- This site is optimized with the Yoast SEO plugin v24.4 - https:\/\/yoast.com\/wordpress\/plugins\/seo\/ -->\n<title>Sine Manaus oferta 226 vagas de emprego nesta segunda-feira, 11\/04 - Not\u00edcias de Todos - Models01<\/title>\n<meta name=\"robots\" content=\"index, follow, max-snippet:-1, max-image-preview:large, max-video-preview:-1\" \/>\n<link rel=\"canonical\" href=\"https:\/\/markd.com.br\/models\/sine-manaus-oferta-226-vagas-de-emprego-nesta-segunda-feira-11-04\/\" \/>\n<meta property=\"og:locale\" content=\"pt_BR\" \/>\n<meta property=\"og:type\" content=\"article\" \/>\n<meta property=\"og:title\" content=\"Sine Manaus oferta 226 vagas de emprego nesta segunda-feira, 11\/04 - Not\u00edcias de Todos - Models01\" \/>\n<meta property=\"og:description\" content=\"A&nbsp;Prefeitura de Manaus, por meio do Sine Manaus,&nbsp;oferta 226 vagas&nbsp;de emprego em v\u00e1rias \u00e1reas de...\" \/>\n<meta property=\"og:url\" content=\"https:\/\/markd.com.br\/models\/sine-manaus-oferta-226-vagas-de-emprego-nesta-segunda-feira-11-04\/\" \/>\n<meta property=\"og:site_name\" content=\"Not\u00edcias de Todos - Models01\" \/>\n<meta property=\"article:published_time\" content=\"2022-04-11T18:17:35+00:00\" \/>\n<meta property=\"article:modified_time\" content=\"2022-04-11T18:17:42+00:00\" \/>\n<meta property=\"og:image\" content=\"https:\/\/markd.com.br\/models\/wp-content\/uploads\/2022\/04\/51236539791_d24f75636e_c-799x445-1.jpg\" \/>\n\t<meta property=\"og:image:width\" content=\"799\" \/>\n\t<meta property=\"og:image:height\" content=\"445\" \/>\n\t<meta property=\"og:image:type\" content=\"image\/jpeg\" \/>\n<meta name=\"author\" content=\"Reda\u00e7\u00e3o Reda\u00e7\u00e3o\" \/>\n<meta name=\"twitter:card\" content=\"summary_large_image\" \/>\n<meta name=\"twitter:label1\" content=\"Escrito por\" \/>\n\t<meta name=\"twitter:data1\" content=\"Reda\u00e7\u00e3o Reda\u00e7\u00e3o\" \/>\n\t<meta name=\"twitter:label2\" content=\"Est. tempo de leitura\" \/>\n\t<meta name=\"twitter:data2\" content=\"22 minutos\" \/>\n<script type=\"application\/ld+json\" class=\"yoast-schema-graph\">{\"@context\":\"https:\/\/schema.org\",\"@graph\":[{\"@type\":\"WebPage\",\"@id\":\"https:\/\/markd.com.br\/models\/sine-manaus-oferta-226-vagas-de-emprego-nesta-segunda-feira-11-04\/\",\"url\":\"https:\/\/markd.com.br\/models\/sine-manaus-oferta-226-vagas-de-emprego-nesta-segunda-feira-11-04\/\",\"name\":\"Sine Manaus oferta 226 vagas de emprego nesta segunda-feira, 11\/04 - Not\u00edcias de Todos - Models01\",\"isPartOf\":{\"@id\":\"https:\/\/markd.com.br\/models\/#website\"},\"primaryImageOfPage\":{\"@id\":\"https:\/\/markd.com.br\/models\/sine-manaus-oferta-226-vagas-de-emprego-nesta-segunda-feira-11-04\/#primaryimage\"},\"image\":{\"@id\":\"https:\/\/markd.com.br\/models\/sine-manaus-oferta-226-vagas-de-emprego-nesta-segunda-feira-11-04\/#primaryimage\"},\"thumbnailUrl\":\"https:\/\/markd.com.br\/models\/wp-content\/uploads\/2022\/04\/51236539791_d24f75636e_c-799x445-1.jpg\",\"datePublished\":\"2022-04-11T18:17:35+00:00\",\"dateModified\":\"2022-04-11T18:17:42+00:00\",\"author\":{\"@id\":\"https:\/\/markd.com.br\/models\/#\/schema\/person\/c12a77ab487a7262d8bec3c47301ad37\"},\"breadcrumb\":{\"@id\":\"https:\/\/markd.com.br\/models\/sine-manaus-oferta-226-vagas-de-emprego-nesta-segunda-feira-11-04\/#breadcrumb\"},\"inLanguage\":\"pt-BR\",\"potentialAction\":[{\"@type\":\"ReadAction\",\"target\":[\"https:\/\/markd.com.br\/models\/sine-manaus-oferta-226-vagas-de-emprego-nesta-segunda-feira-11-04\/\"]}]},{\"@type\":\"ImageObject\",\"inLanguage\":\"pt-BR\",\"@id\":\"https:\/\/markd.com.br\/models\/sine-manaus-oferta-226-vagas-de-emprego-nesta-segunda-feira-11-04\/#primaryimage\",\"url\":\"https:\/\/markd.com.br\/models\/wp-content\/uploads\/2022\/04\/51236539791_d24f75636e_c-799x445-1.jpg\",\"contentUrl\":\"https:\/\/markd.com.br\/models\/wp-content\/uploads\/2022\/04\/51236539791_d24f75636e_c-799x445-1.jpg\",\"width\":799,\"height\":445},{\"@type\":\"BreadcrumbList\",\"@id\":\"https:\/\/markd.com.br\/models\/sine-manaus-oferta-226-vagas-de-emprego-nesta-segunda-feira-11-04\/#breadcrumb\",\"itemListElement\":[{\"@type\":\"ListItem\",\"position\":1,\"name\":\"In\u00edcio\",\"item\":\"https:\/\/markd.com.br\/models\/\"},{\"@type\":\"ListItem\",\"position\":2,\"name\":\"Sine Manaus oferta 226 vagas de emprego nesta segunda-feira, 11\/04\"}]},{\"@type\":\"WebSite\",\"@id\":\"https:\/\/markd.com.br\/models\/#website\",\"url\":\"https:\/\/markd.com.br\/models\/\",\"name\":\"Not\u00edcias de Todos - Models01\",\"description\":\"Tenha um Portal de Not\u00edcias Moderno, Din\u00e2mico, R\u00e1pido e Profissional. Entregamos seu Site de  Not\u00edcias Pronto, Instalado, Hospedado, com Manual Passo a Passo e Suporte 24 horas.\",\"potentialAction\":[{\"@type\":\"SearchAction\",\"target\":{\"@type\":\"EntryPoint\",\"urlTemplate\":\"https:\/\/markd.com.br\/models\/?s={search_term_string}\"},\"query-input\":{\"@type\":\"PropertyValueSpecification\",\"valueRequired\":true,\"valueName\":\"search_term_string\"}}],\"inLanguage\":\"pt-BR\"},{\"@type\":\"Person\",\"@id\":\"https:\/\/markd.com.br\/models\/#\/schema\/person\/c12a77ab487a7262d8bec3c47301ad37\",\"name\":\"Reda\u00e7\u00e3o Reda\u00e7\u00e3o\",\"image\":{\"@type\":\"ImageObject\",\"inLanguage\":\"pt-BR\",\"@id\":\"https:\/\/markd.com.br\/models\/#\/schema\/person\/image\/\",\"url\":\"https:\/\/secure.gravatar.com\/avatar\/9448f3599ce269febf169e183039b4a6?s=96&d=mm&r=g\",\"contentUrl\":\"https:\/\/secure.gravatar.com\/avatar\/9448f3599ce269febf169e183039b4a6?s=96&d=mm&r=g\",\"caption\":\"Reda\u00e7\u00e3o Reda\u00e7\u00e3o\"},\"sameAs\":[\"https:\/\/markd.com.br\/\"],\"url\":\"https:\/\/markd.com.br\/models\/author\/redacao\/\"}]}<\/script>\n<!-- \/ Yoast SEO plugin. -->","yoast_head_json":{"title":"Sine Manaus oferta 226 vagas de emprego nesta segunda-feira, 11\/04 - Not\u00edcias de Todos - Models01","robots":{"index":"index","follow":"follow","max-snippet":"max-snippet:-1","max-image-preview":"max-image-preview:large","max-video-preview":"max-video-preview:-1"},"canonical":"https:\/\/markd.com.br\/models\/sine-manaus-oferta-226-vagas-de-emprego-nesta-segunda-feira-11-04\/","og_locale":"pt_BR","og_type":"article","og_title":"Sine Manaus oferta 226 vagas de emprego nesta segunda-feira, 11\/04 - Not\u00edcias de Todos - Models01","og_description":"A&nbsp;Prefeitura de Manaus, por meio do Sine Manaus,&nbsp;oferta 226 vagas&nbsp;de emprego em v\u00e1rias \u00e1reas de...","og_url":"https:\/\/markd.com.br\/models\/sine-manaus-oferta-226-vagas-de-emprego-nesta-segunda-feira-11-04\/","og_site_name":"Not\u00edcias de Todos - Models01","article_published_time":"2022-04-11T18:17:35+00:00","article_modified_time":"2022-04-11T18:17:42+00:00","og_image":[{"width":799,"height":445,"url":"https:\/\/markd.com.br\/models\/wp-content\/uploads\/2022\/04\/51236539791_d24f75636e_c-799x445-1.jpg","type":"image\/jpeg"}],"author":"Reda\u00e7\u00e3o Reda\u00e7\u00e3o","twitter_card":"summary_large_image","twitter_misc":{"Escrito por":"Reda\u00e7\u00e3o Reda\u00e7\u00e3o","Est. tempo de leitura":"22 minutos"},"schema":{"@context":"https:\/\/schema.org","@graph":[{"@type":"WebPage","@id":"https:\/\/markd.com.br\/models\/sine-manaus-oferta-226-vagas-de-emprego-nesta-segunda-feira-11-04\/","url":"https:\/\/markd.com.br\/models\/sine-manaus-oferta-226-vagas-de-emprego-nesta-segunda-feira-11-04\/","name":"Sine Manaus oferta 226 vagas de emprego nesta segunda-feira, 11\/04 - Not\u00edcias de Todos - Models01","isPartOf":{"@id":"https:\/\/markd.com.br\/models\/#website"},"primaryImageOfPage":{"@id":"https:\/\/markd.com.br\/models\/sine-manaus-oferta-226-vagas-de-emprego-nesta-segunda-feira-11-04\/#primaryimage"},"image":{"@id":"https:\/\/markd.com.br\/models\/sine-manaus-oferta-226-vagas-de-emprego-nesta-segunda-feira-11-04\/#primaryimage"},"thumbnailUrl":"https:\/\/markd.com.br\/models\/wp-content\/uploads\/2022\/04\/51236539791_d24f75636e_c-799x445-1.jpg","datePublished":"2022-04-11T18:17:35+00:00","dateModified":"2022-04-11T18:17:42+00:00","author":{"@id":"https:\/\/markd.com.br\/models\/#\/schema\/person\/c12a77ab487a7262d8bec3c47301ad37"},"breadcrumb":{"@id":"https:\/\/markd.com.br\/models\/sine-manaus-oferta-226-vagas-de-emprego-nesta-segunda-feira-11-04\/#breadcrumb"},"inLanguage":"pt-BR","potentialAction":[{"@type":"ReadAction","target":["https:\/\/markd.com.br\/models\/sine-manaus-oferta-226-vagas-de-emprego-nesta-segunda-feira-11-04\/"]}]},{"@type":"ImageObject","inLanguage":"pt-BR","@id":"https:\/\/markd.com.br\/models\/sine-manaus-oferta-226-vagas-de-emprego-nesta-segunda-feira-11-04\/#primaryimage","url":"https:\/\/markd.com.br\/models\/wp-content\/uploads\/2022\/04\/51236539791_d24f75636e_c-799x445-1.jpg","contentUrl":"https:\/\/markd.com.br\/models\/wp-content\/uploads\/2022\/04\/51236539791_d24f75636e_c-799x445-1.jpg","width":799,"height":445},{"@type":"BreadcrumbList","@id":"https:\/\/markd.com.br\/models\/sine-manaus-oferta-226-vagas-de-emprego-nesta-segunda-feira-11-04\/#breadcrumb","itemListElement":[{"@type":"ListItem","position":1,"name":"In\u00edcio","item":"https:\/\/markd.com.br\/models\/"},{"@type":"ListItem","position":2,"name":"Sine Manaus oferta 226 vagas de emprego nesta segunda-feira, 11\/04"}]},{"@type":"WebSite","@id":"https:\/\/markd.com.br\/models\/#website","url":"https:\/\/markd.com.br\/models\/","name":"Not\u00edcias de Todos - Models01","description":"Tenha um Portal de Not\u00edcias Moderno, Din\u00e2mico, R\u00e1pido e Profissional. Entregamos seu Site de  Not\u00edcias Pronto, Instalado, Hospedado, com Manual Passo a Passo e Suporte 24 horas.","potentialAction":[{"@type":"SearchAction","target":{"@type":"EntryPoint","urlTemplate":"https:\/\/markd.com.br\/models\/?s={search_term_string}"},"query-input":{"@type":"PropertyValueSpecification","valueRequired":true,"valueName":"search_term_string"}}],"inLanguage":"pt-BR"},{"@type":"Person","@id":"https:\/\/markd.com.br\/models\/#\/schema\/person\/c12a77ab487a7262d8bec3c47301ad37","name":"Reda\u00e7\u00e3o Reda\u00e7\u00e3o","image":{"@type":"ImageObject","inLanguage":"pt-BR","@id":"https:\/\/markd.com.br\/models\/#\/schema\/person\/image\/","url":"https:\/\/secure.gravatar.com\/avatar\/9448f3599ce269febf169e183039b4a6?s=96&d=mm&r=g","contentUrl":"https:\/\/secure.gravatar.com\/avatar\/9448f3599ce269febf169e183039b4a6?s=96&d=mm&r=g","caption":"Reda\u00e7\u00e3o Reda\u00e7\u00e3o"},"sameAs":["https:\/\/markd.com.br\/"],"url":"https:\/\/markd.com.br\/models\/author\/redacao\/"}]}},"featured_image_urls":{"full":["https:\/\/markd.com.br\/models\/wp-content\/uploads\/2022\/04\/51236539791_d24f75636e_c-799x445-1.jpg",799,445,false],"thumbnail":["https:\/\/markd.com.br\/models\/wp-content\/uploads\/2022\/04\/51236539791_d24f75636e_c-799x445-1-150x150.jpg",150,150,true],"medium":["https:\/\/markd.com.br\/models\/wp-content\/uploads\/2022\/04\/51236539791_d24f75636e_c-799x445-1-300x167.jpg",300,167,true],"medium_large":["https:\/\/markd.com.br\/models\/wp-content\/uploads\/2022\/04\/51236539791_d24f75636e_c-799x445-1-768x428.jpg",640,357,true],"large":["https:\/\/markd.com.br\/models\/wp-content\/uploads\/2022\/04\/51236539791_d24f75636e_c-799x445-1.jpg",640,356,false],"1536x1536":["https:\/\/markd.com.br\/models\/wp-content\/uploads\/2022\/04\/51236539791_d24f75636e_c-799x445-1.jpg",799,445,false],"2048x2048":["https:\/\/markd.com.br\/models\/wp-content\/uploads\/2022\/04\/51236539791_d24f75636e_c-799x445-1.jpg",799,445,false],"newsphere-slider-full":["https:\/\/markd.com.br\/models\/wp-content\/uploads\/2022\/04\/51236539791_d24f75636e_c-799x445-1.jpg",799,445,false],"newsphere-featured":["https:\/\/markd.com.br\/models\/wp-content\/uploads\/2022\/04\/51236539791_d24f75636e_c-799x445-1.jpg",799,445,false],"newsphere-medium":["https:\/\/markd.com.br\/models\/wp-content\/uploads\/2022\/04\/51236539791_d24f75636e_c-799x445-1-720x380.jpg",720,380,true]},"author_info":{"display_name":"Reda\u00e7\u00e3o Reda\u00e7\u00e3o","author_link":"https:\/\/markd.com.br\/models\/author\/redacao\/"},"category_info":"<a href=\"https:\/\/markd.com.br\/models\/category\/destaques\/\" rel=\"category tag\">destaques<\/a>","tag_info":"destaques","comment_count":"0","jetpack_featured_media_url":"https:\/\/markd.com.br\/models\/wp-content\/uploads\/2022\/04\/51236539791_d24f75636e_c-799x445-1.jpg","_links":{"self":[{"href":"https:\/\/markd.com.br\/models\/wp-json\/wp\/v2\/posts\/1484","targetHints":{"allow":["GET"]}}],"collection":[{"href":"https:\/\/markd.com.br\/models\/wp-json\/wp\/v2\/posts"}],"about":[{"href":"https:\/\/markd.com.br\/models\/wp-json\/wp\/v2\/types\/post"}],"author":[{"embeddable":true,"href":"https:\/\/markd.com.br\/models\/wp-json\/wp\/v2\/users\/5"}],"replies":[{"embeddable":true,"href":"https:\/\/markd.com.br\/models\/wp-json\/wp\/v2\/comments?post=1484"}],"version-history":[{"count":1,"href":"https:\/\/markd.com.br\/models\/wp-json\/wp\/v2\/posts\/1484\/revisions"}],"predecessor-version":[{"id":1486,"href":"https:\/\/markd.com.br\/models\/wp-json\/wp\/v2\/posts\/1484\/revisions\/1486"}],"wp:featuredmedia":[{"embeddable":true,"href":"https:\/\/markd.com.br\/models\/wp-json\/wp\/v2\/media\/1485"}],"wp:attachment":[{"href":"https:\/\/markd.com.br\/models\/wp-json\/wp\/v2\/media?parent=1484"}],"wp:term":[{"taxonomy":"category","embeddable":true,"href":"https:\/\/markd.com.br\/models\/wp-json\/wp\/v2\/categories?post=1484"},{"taxonomy":"post_tag","embeddable":true,"href":"https:\/\/markd.com.br\/models\/wp-json\/wp\/v2\/tags?post=1484"}],"curies":[{"name":"wp","href":"https:\/\/api.w.org\/{rel}","templated":true}]}}