{"id":1496,"date":"2022-04-11T15:37:20","date_gmt":"2022-04-11T18:37:20","guid":{"rendered":"https:\/\/portaldestaquenoticias.com.br\/?p=1496"},"modified":"2022-04-11T15:37:25","modified_gmt":"2022-04-11T18:37:25","slug":"helicoptero-cai-bate-em-caminhao-e-tripulantes-sobrevivem","status":"publish","type":"post","link":"https:\/\/markd.com.br\/models\/helicoptero-cai-bate-em-caminhao-e-tripulantes-sobrevivem\/","title":{"rendered":"Helic\u00f3ptero cai, bate em caminh\u00e3o e tripulantes sobrevivem"},"content":{"rendered":"\n<figure class=\"wp-block-image size-full\"><img loading=\"lazy\" decoding=\"async\" width=\"640\" height=\"445\" src=\"https:\/\/portaldestaquenoticias.com.br\/wp-content\/uploads\/2022\/04\/e3530780-b9a3-11ec-bfd5-48d36c46e330-640x445-1-1.jpg\" alt=\"\" class=\"wp-image-1498\" srcset=\"https:\/\/markd.com.br\/models\/wp-content\/uploads\/2022\/04\/e3530780-b9a3-11ec-bfd5-48d36c46e330-640x445-1-1.jpg 640w, https:\/\/markd.com.br\/models\/wp-content\/uploads\/2022\/04\/e3530780-b9a3-11ec-bfd5-48d36c46e330-640x445-1-1-300x209.jpg 300w\" sizes=\"auto, (max-width: 640px) 100vw, 640px\" \/><\/figure>\n\n\n\n<p>Um helic\u00f3ptero caiu na manh\u00e3 desta segunda-feira (11) na cidade de Contagem, em Minas Gerais. Na queda, a aeronave colidiu ainda com um caminh\u00e3o e, depois, no solo. O Corpo de Bombeiro confirmou que havia duas pessoas no helic\u00f3ptero, piloto e copiloto, e ambos foram resgatados conscientes.<\/p>\n\n\n\n<p>Segundo informa\u00e7\u00f5es da TV Globo, o acidente aconteceu no bairro Ch\u00e1cara Boa Vista, ao lado da Escola de Avia\u00e7\u00e3o Civil. Ainda n\u00e3o se sabe o que gerou a queda do helic\u00f3ptero, por volta das 9h10.<\/p>\n\n\n\n<p>\u201cO acidente aconteceu no momento da decolagem. A aeronave, aparentemente, perdeu pot\u00eancia, e ela acabou colidindo com o caminh\u00e3o-ba\u00fa. Depois colidindo ao solo. O piloto parece que reduziu um pouco a pot\u00eancia, ent\u00e3o n\u00e3o teve muita energia na queda. N\u00e3o teve igni\u00e7\u00e3o, n\u00e3o teve nenhuma combust\u00e3o, e os ocupantes foram retirados sem maiores intercorr\u00eancias\u201d, relatou o tenente Rodrigo Munaiee.<\/p>\n\n\n\n<p>Autoridades afirmaram que um dos tripulantes, o piloto, de 59 anos, teve um trauma tor\u00e1cido e foi socorrido pelo helic\u00f3ptero dos bombeiros. Ele foi levado para o Hospital Jo\u00e3o XXIII, em Belo Horizonte. O copiloto, por sua vez, foi atendido pelo Samu. O local do acidente foi isolado e a bateria foi retirada do local para evitar problemas.<\/p>\n\n\n\n<p>De acordo com a TV Globo, o motorista de caminh\u00e3o Ronaldo Ger\u00f4nimo estacionou o ve\u00edculo e, em seguida, foi atingido pelo ve\u00edculo. O homem estava do lado de fora do caminh\u00e3o e apenas o ba\u00fa refrigerado ficou danificado.<\/p>\n\n\n\n<p>A Ag\u00eancia Nacional de Avia\u00e7\u00e3o Civil (Anac) informou \u00e0 emissora que o helic\u00f3ptero \u00e9 da Escola de Avia\u00e7\u00e3o Civil e estava em situa\u00e7\u00e3o regular, mas s\u00f3 poderia levar um passageiro.<\/p>\n\n\n\n<p>Fonte Yahoo Noticias<\/p>\n","protected":false},"excerpt":{"rendered":"<p>Um helic\u00f3ptero caiu na manh\u00e3 desta segunda-feira (11) na cidade de Contagem, em Minas Gerais&#8230;.<\/p>\n","protected":false},"author":5,"featured_media":0,"comment_status":"open","ping_status":"open","sticky":false,"template":"","format":"standard","meta":{"footnotes":""},"categories":[1],"tags":[62,393,394],"class_list":["post-1496","post","type-post","status-publish","format-standard","hentry","category-sem-categoria","tag-acidente","tag-helicoptero","tag-sobreviventes"],"yoast_head":"<!-- This site is optimized with the Yoast SEO plugin v24.4 - https:\/\/yoast.com\/wordpress\/plugins\/seo\/ -->\n<title>Helic\u00f3ptero cai, bate em caminh\u00e3o e tripulantes sobrevivem - Not\u00edcias de Todos - Models01<\/title>\n<meta name=\"robots\" content=\"index, follow, max-snippet:-1, max-image-preview:large, max-video-preview:-1\" \/>\n<link rel=\"canonical\" href=\"https:\/\/markd.com.br\/models\/helicoptero-cai-bate-em-caminhao-e-tripulantes-sobrevivem\/\" \/>\n<meta property=\"og:locale\" content=\"pt_BR\" \/>\n<meta property=\"og:type\" content=\"article\" \/>\n<meta property=\"og:title\" content=\"Helic\u00f3ptero cai, bate em caminh\u00e3o e tripulantes sobrevivem - Not\u00edcias de Todos - Models01\" \/>\n<meta property=\"og:description\" content=\"Um helic\u00f3ptero caiu na manh\u00e3 desta segunda-feira (11) na cidade de Contagem, em Minas Gerais....\" \/>\n<meta property=\"og:url\" content=\"https:\/\/markd.com.br\/models\/helicoptero-cai-bate-em-caminhao-e-tripulantes-sobrevivem\/\" \/>\n<meta property=\"og:site_name\" content=\"Not\u00edcias de Todos - Models01\" \/>\n<meta property=\"article:published_time\" content=\"2022-04-11T18:37:20+00:00\" \/>\n<meta property=\"article:modified_time\" content=\"2022-04-11T18:37:25+00:00\" \/>\n<meta property=\"og:image\" content=\"https:\/\/portaldestaquenoticias.com.br\/wp-content\/uploads\/2022\/04\/e3530780-b9a3-11ec-bfd5-48d36c46e330-640x445-1-1.jpg\" \/>\n<meta name=\"author\" content=\"Reda\u00e7\u00e3o Reda\u00e7\u00e3o\" \/>\n<meta name=\"twitter:card\" content=\"summary_large_image\" \/>\n<meta name=\"twitter:label1\" content=\"Escrito por\" \/>\n\t<meta name=\"twitter:data1\" content=\"Reda\u00e7\u00e3o Reda\u00e7\u00e3o\" \/>\n\t<meta name=\"twitter:label2\" content=\"Est. tempo de leitura\" \/>\n\t<meta name=\"twitter:data2\" content=\"2 minutos\" \/>\n<script type=\"application\/ld+json\" class=\"yoast-schema-graph\">{\"@context\":\"https:\/\/schema.org\",\"@graph\":[{\"@type\":\"WebPage\",\"@id\":\"https:\/\/markd.com.br\/models\/helicoptero-cai-bate-em-caminhao-e-tripulantes-sobrevivem\/\",\"url\":\"https:\/\/markd.com.br\/models\/helicoptero-cai-bate-em-caminhao-e-tripulantes-sobrevivem\/\",\"name\":\"Helic\u00f3ptero cai, bate em caminh\u00e3o e tripulantes sobrevivem - Not\u00edcias de Todos - Models01\",\"isPartOf\":{\"@id\":\"https:\/\/markd.com.br\/models\/#website\"},\"primaryImageOfPage\":{\"@id\":\"https:\/\/markd.com.br\/models\/helicoptero-cai-bate-em-caminhao-e-tripulantes-sobrevivem\/#primaryimage\"},\"image\":{\"@id\":\"https:\/\/markd.com.br\/models\/helicoptero-cai-bate-em-caminhao-e-tripulantes-sobrevivem\/#primaryimage\"},\"thumbnailUrl\":\"https:\/\/portaldestaquenoticias.com.br\/wp-content\/uploads\/2022\/04\/e3530780-b9a3-11ec-bfd5-48d36c46e330-640x445-1-1.jpg\",\"datePublished\":\"2022-04-11T18:37:20+00:00\",\"dateModified\":\"2022-04-11T18:37:25+00:00\",\"author\":{\"@id\":\"https:\/\/markd.com.br\/models\/#\/schema\/person\/c12a77ab487a7262d8bec3c47301ad37\"},\"breadcrumb\":{\"@id\":\"https:\/\/markd.com.br\/models\/helicoptero-cai-bate-em-caminhao-e-tripulantes-sobrevivem\/#breadcrumb\"},\"inLanguage\":\"pt-BR\",\"potentialAction\":[{\"@type\":\"ReadAction\",\"target\":[\"https:\/\/markd.com.br\/models\/helicoptero-cai-bate-em-caminhao-e-tripulantes-sobrevivem\/\"]}]},{\"@type\":\"ImageObject\",\"inLanguage\":\"pt-BR\",\"@id\":\"https:\/\/markd.com.br\/models\/helicoptero-cai-bate-em-caminhao-e-tripulantes-sobrevivem\/#primaryimage\",\"url\":\"https:\/\/portaldestaquenoticias.com.br\/wp-content\/uploads\/2022\/04\/e3530780-b9a3-11ec-bfd5-48d36c46e330-640x445-1-1.jpg\",\"contentUrl\":\"https:\/\/portaldestaquenoticias.com.br\/wp-content\/uploads\/2022\/04\/e3530780-b9a3-11ec-bfd5-48d36c46e330-640x445-1-1.jpg\"},{\"@type\":\"BreadcrumbList\",\"@id\":\"https:\/\/markd.com.br\/models\/helicoptero-cai-bate-em-caminhao-e-tripulantes-sobrevivem\/#breadcrumb\",\"itemListElement\":[{\"@type\":\"ListItem\",\"position\":1,\"name\":\"In\u00edcio\",\"item\":\"https:\/\/markd.com.br\/models\/\"},{\"@type\":\"ListItem\",\"position\":2,\"name\":\"Helic\u00f3ptero cai, bate em caminh\u00e3o e tripulantes sobrevivem\"}]},{\"@type\":\"WebSite\",\"@id\":\"https:\/\/markd.com.br\/models\/#website\",\"url\":\"https:\/\/markd.com.br\/models\/\",\"name\":\"Not\u00edcias de Todos - Models01\",\"description\":\"Tenha um Portal de Not\u00edcias Moderno, Din\u00e2mico, R\u00e1pido e Profissional. Entregamos seu Site de  Not\u00edcias Pronto, Instalado, Hospedado, com Manual Passo a Passo e Suporte 24 horas.\",\"potentialAction\":[{\"@type\":\"SearchAction\",\"target\":{\"@type\":\"EntryPoint\",\"urlTemplate\":\"https:\/\/markd.com.br\/models\/?s={search_term_string}\"},\"query-input\":{\"@type\":\"PropertyValueSpecification\",\"valueRequired\":true,\"valueName\":\"search_term_string\"}}],\"inLanguage\":\"pt-BR\"},{\"@type\":\"Person\",\"@id\":\"https:\/\/markd.com.br\/models\/#\/schema\/person\/c12a77ab487a7262d8bec3c47301ad37\",\"name\":\"Reda\u00e7\u00e3o Reda\u00e7\u00e3o\",\"image\":{\"@type\":\"ImageObject\",\"inLanguage\":\"pt-BR\",\"@id\":\"https:\/\/markd.com.br\/models\/#\/schema\/person\/image\/\",\"url\":\"https:\/\/secure.gravatar.com\/avatar\/9448f3599ce269febf169e183039b4a6?s=96&d=mm&r=g\",\"contentUrl\":\"https:\/\/secure.gravatar.com\/avatar\/9448f3599ce269febf169e183039b4a6?s=96&d=mm&r=g\",\"caption\":\"Reda\u00e7\u00e3o Reda\u00e7\u00e3o\"},\"sameAs\":[\"https:\/\/markd.com.br\/\"],\"url\":\"https:\/\/markd.com.br\/models\/author\/redacao\/\"}]}<\/script>\n<!-- \/ Yoast SEO plugin. -->","yoast_head_json":{"title":"Helic\u00f3ptero cai, bate em caminh\u00e3o e tripulantes sobrevivem - Not\u00edcias de Todos - Models01","robots":{"index":"index","follow":"follow","max-snippet":"max-snippet:-1","max-image-preview":"max-image-preview:large","max-video-preview":"max-video-preview:-1"},"canonical":"https:\/\/markd.com.br\/models\/helicoptero-cai-bate-em-caminhao-e-tripulantes-sobrevivem\/","og_locale":"pt_BR","og_type":"article","og_title":"Helic\u00f3ptero cai, bate em caminh\u00e3o e tripulantes sobrevivem - Not\u00edcias de Todos - Models01","og_description":"Um helic\u00f3ptero caiu na manh\u00e3 desta segunda-feira (11) na cidade de Contagem, em Minas Gerais....","og_url":"https:\/\/markd.com.br\/models\/helicoptero-cai-bate-em-caminhao-e-tripulantes-sobrevivem\/","og_site_name":"Not\u00edcias de Todos - Models01","article_published_time":"2022-04-11T18:37:20+00:00","article_modified_time":"2022-04-11T18:37:25+00:00","og_image":[{"url":"https:\/\/portaldestaquenoticias.com.br\/wp-content\/uploads\/2022\/04\/e3530780-b9a3-11ec-bfd5-48d36c46e330-640x445-1-1.jpg","type":"","width":"","height":""}],"author":"Reda\u00e7\u00e3o Reda\u00e7\u00e3o","twitter_card":"summary_large_image","twitter_misc":{"Escrito por":"Reda\u00e7\u00e3o Reda\u00e7\u00e3o","Est. tempo de leitura":"2 minutos"},"schema":{"@context":"https:\/\/schema.org","@graph":[{"@type":"WebPage","@id":"https:\/\/markd.com.br\/models\/helicoptero-cai-bate-em-caminhao-e-tripulantes-sobrevivem\/","url":"https:\/\/markd.com.br\/models\/helicoptero-cai-bate-em-caminhao-e-tripulantes-sobrevivem\/","name":"Helic\u00f3ptero cai, bate em caminh\u00e3o e tripulantes sobrevivem - Not\u00edcias de Todos - Models01","isPartOf":{"@id":"https:\/\/markd.com.br\/models\/#website"},"primaryImageOfPage":{"@id":"https:\/\/markd.com.br\/models\/helicoptero-cai-bate-em-caminhao-e-tripulantes-sobrevivem\/#primaryimage"},"image":{"@id":"https:\/\/markd.com.br\/models\/helicoptero-cai-bate-em-caminhao-e-tripulantes-sobrevivem\/#primaryimage"},"thumbnailUrl":"https:\/\/portaldestaquenoticias.com.br\/wp-content\/uploads\/2022\/04\/e3530780-b9a3-11ec-bfd5-48d36c46e330-640x445-1-1.jpg","datePublished":"2022-04-11T18:37:20+00:00","dateModified":"2022-04-11T18:37:25+00:00","author":{"@id":"https:\/\/markd.com.br\/models\/#\/schema\/person\/c12a77ab487a7262d8bec3c47301ad37"},"breadcrumb":{"@id":"https:\/\/markd.com.br\/models\/helicoptero-cai-bate-em-caminhao-e-tripulantes-sobrevivem\/#breadcrumb"},"inLanguage":"pt-BR","potentialAction":[{"@type":"ReadAction","target":["https:\/\/markd.com.br\/models\/helicoptero-cai-bate-em-caminhao-e-tripulantes-sobrevivem\/"]}]},{"@type":"ImageObject","inLanguage":"pt-BR","@id":"https:\/\/markd.com.br\/models\/helicoptero-cai-bate-em-caminhao-e-tripulantes-sobrevivem\/#primaryimage","url":"https:\/\/portaldestaquenoticias.com.br\/wp-content\/uploads\/2022\/04\/e3530780-b9a3-11ec-bfd5-48d36c46e330-640x445-1-1.jpg","contentUrl":"https:\/\/portaldestaquenoticias.com.br\/wp-content\/uploads\/2022\/04\/e3530780-b9a3-11ec-bfd5-48d36c46e330-640x445-1-1.jpg"},{"@type":"BreadcrumbList","@id":"https:\/\/markd.com.br\/models\/helicoptero-cai-bate-em-caminhao-e-tripulantes-sobrevivem\/#breadcrumb","itemListElement":[{"@type":"ListItem","position":1,"name":"In\u00edcio","item":"https:\/\/markd.com.br\/models\/"},{"@type":"ListItem","position":2,"name":"Helic\u00f3ptero cai, bate em caminh\u00e3o e tripulantes sobrevivem"}]},{"@type":"WebSite","@id":"https:\/\/markd.com.br\/models\/#website","url":"https:\/\/markd.com.br\/models\/","name":"Not\u00edcias de Todos - Models01","description":"Tenha um Portal de Not\u00edcias Moderno, Din\u00e2mico, R\u00e1pido e Profissional. Entregamos seu Site de  Not\u00edcias Pronto, Instalado, Hospedado, com Manual Passo a Passo e Suporte 24 horas.","potentialAction":[{"@type":"SearchAction","target":{"@type":"EntryPoint","urlTemplate":"https:\/\/markd.com.br\/models\/?s={search_term_string}"},"query-input":{"@type":"PropertyValueSpecification","valueRequired":true,"valueName":"search_term_string"}}],"inLanguage":"pt-BR"},{"@type":"Person","@id":"https:\/\/markd.com.br\/models\/#\/schema\/person\/c12a77ab487a7262d8bec3c47301ad37","name":"Reda\u00e7\u00e3o Reda\u00e7\u00e3o","image":{"@type":"ImageObject","inLanguage":"pt-BR","@id":"https:\/\/markd.com.br\/models\/#\/schema\/person\/image\/","url":"https:\/\/secure.gravatar.com\/avatar\/9448f3599ce269febf169e183039b4a6?s=96&d=mm&r=g","contentUrl":"https:\/\/secure.gravatar.com\/avatar\/9448f3599ce269febf169e183039b4a6?s=96&d=mm&r=g","caption":"Reda\u00e7\u00e3o Reda\u00e7\u00e3o"},"sameAs":["https:\/\/markd.com.br\/"],"url":"https:\/\/markd.com.br\/models\/author\/redacao\/"}]}},"featured_image_urls":{"full":"","thumbnail":"","medium":"","medium_large":"","large":"","1536x1536":"","2048x2048":"","newsphere-slider-full":"","newsphere-featured":"","newsphere-medium":""},"author_info":{"display_name":"Reda\u00e7\u00e3o Reda\u00e7\u00e3o","author_link":"https:\/\/markd.com.br\/models\/author\/redacao\/"},"category_info":"<a href=\"https:\/\/markd.com.br\/models\/category\/sem-categoria\/\" rel=\"category tag\">Sem categoria<\/a>","tag_info":"Sem categoria","comment_count":"0","jetpack_featured_media_url":"","_links":{"self":[{"href":"https:\/\/markd.com.br\/models\/wp-json\/wp\/v2\/posts\/1496","targetHints":{"allow":["GET"]}}],"collection":[{"href":"https:\/\/markd.com.br\/models\/wp-json\/wp\/v2\/posts"}],"about":[{"href":"https:\/\/markd.com.br\/models\/wp-json\/wp\/v2\/types\/post"}],"author":[{"embeddable":true,"href":"https:\/\/markd.com.br\/models\/wp-json\/wp\/v2\/users\/5"}],"replies":[{"embeddable":true,"href":"https:\/\/markd.com.br\/models\/wp-json\/wp\/v2\/comments?post=1496"}],"version-history":[{"count":1,"href":"https:\/\/markd.com.br\/models\/wp-json\/wp\/v2\/posts\/1496\/revisions"}],"predecessor-version":[{"id":1499,"href":"https:\/\/markd.com.br\/models\/wp-json\/wp\/v2\/posts\/1496\/revisions\/1499"}],"wp:attachment":[{"href":"https:\/\/markd.com.br\/models\/wp-json\/wp\/v2\/media?parent=1496"}],"wp:term":[{"taxonomy":"category","embeddable":true,"href":"https:\/\/markd.com.br\/models\/wp-json\/wp\/v2\/categories?post=1496"},{"taxonomy":"post_tag","embeddable":true,"href":"https:\/\/markd.com.br\/models\/wp-json\/wp\/v2\/tags?post=1496"}],"curies":[{"name":"wp","href":"https:\/\/api.w.org\/{rel}","templated":true}]}}