{"id":1505,"date":"2022-04-11T15:53:49","date_gmt":"2022-04-11T18:53:49","guid":{"rendered":"https:\/\/portaldestaquenoticias.com.br\/?p=1505"},"modified":"2022-04-11T15:53:56","modified_gmt":"2022-04-11T18:53:56","slug":"entregador-do-ifood-diz-que-foi-ameacado-com-arma-por-delegada","status":"publish","type":"post","link":"https:\/\/markd.com.br\/models\/entregador-do-ifood-diz-que-foi-ameacado-com-arma-por-delegada\/","title":{"rendered":"Entregador do iFood diz que foi amea\u00e7ado com arma por delegada"},"content":{"rendered":"\n<p><\/p>\n\n\n\n<p>Uma delegada foi acusada de amea\u00e7ar um entregador de aplicativo, de 41 anos, na \u00faltima sexta-feira (8), quando ele deixava uma encomenda em um pr\u00e9dio em Goi\u00e2nia (GO). Segundo o relato do trabalhador, a mulher tinha um nome parecido com o destinat\u00e1rio do pedido. A policial se irritou com a confus\u00e3o e sacou a arma.<\/p>\n\n\n\n<p>Segundo o relato do homem, ele tinha uma entrega para Gabrielle Perdig\u00e3o, que \u00e9 promotora. Quando chegou ao edif\u00edcio, foi abordado pela delegada Gabriela Adas, que tamb\u00e9m esperava um pacote.<\/p>\n\n\n\n<p>\u201cEu perguntei pelo c\u00f3digo de verifica\u00e7\u00e3o e eu vi que era diferente. Tentei explicar, mas ela colocou o celular na minha cara falando que era para ela. Eu levantei os bra\u00e7os reclamando e ela sacou a arma, disse que era pol\u00edcia e podia me prender. Nessa hora eu virei de costas\u201d, disse. As informa\u00e7\u00f5es s\u00e3o do portal G1.<\/p>\n\n\n\n<p>Depois, o homem subiu para entregar o item para Gabrielle. \u201cEle bateu na minha porta, estava tremendo, chorando, ele me entregou, eu ia fechar a porta e ele pediu: \u2018pelo amor de Deus, desce comigo\u2019. Ele disse que estava com medo dela [delegada] atirar nele e me contou o que tinha acontecido. Eu vi que ele estava tremendo demais e foi decis\u00e3o minha chamar a pol\u00edcia\u201d, contou a promotora.<\/p>\n\n\n\n<p>Em v\u00eddeo, a delegada aparece falando com policiais militares e negando que tivesse sacado sua arma. No boletim de ocorr\u00eancia, a mulher diz que foi amea\u00e7ada pelo entregador, que teria dito que tinha uma faca. Ele nega.<\/p>\n\n\n\n<p>Ap\u00f3s o incidente, o entregador conta que ficou abalado. \u201cEu n\u00e3o aguentei, eu chorei muito, estou nervoso at\u00e9 agora, n\u00e3o consegui dormir\u201d, disse. Ele n\u00e3o quis se identificar.<\/p>\n\n\n\n<p>Em comunicado, a Pol\u00edcia Civil disse que a Corregedoria est\u00e1 tomando as medidas necess\u00e1rias para esclarecer a situa\u00e7\u00e3o. O comunicado afirma tamb\u00e9m que h\u00e1 contradi\u00e7\u00f5es nos relatos de ambas as partes.<\/p>\n\n\n\n<p>O iFood emitiu uma nota afirmando que repudia todo ato de agress\u00e3o ou discrimina\u00e7\u00e3o contra os entregadores. \u201cEm casos como esse, o entregador conta com um canal de den\u00fancias no pr\u00f3prio aplicativo para registrar os fatos que contribuir\u00e3o para a investiga\u00e7\u00e3o interna\u201d.<\/p>\n\n\n\n<p>Fonte Yahoo Noticias<\/p>\n","protected":false},"excerpt":{"rendered":"<p>Uma delegada foi acusada de amea\u00e7ar um entregador de aplicativo, de 41 anos, na \u00faltima&#8230;<\/p>\n","protected":false},"author":5,"featured_media":1506,"comment_status":"open","ping_status":"open","sticky":false,"template":"","format":"standard","meta":{"footnotes":""},"categories":[49],"tags":[397,396,44],"class_list":["post-1505","post","type-post","status-publish","format-standard","has-post-thumbnail","hentry","category-destaques","tag-delegada","tag-ifood","tag-policia-2"],"yoast_head":"<!-- This site is optimized with the Yoast SEO plugin v24.4 - https:\/\/yoast.com\/wordpress\/plugins\/seo\/ -->\n<title>Entregador do iFood diz que foi amea\u00e7ado com arma por delegada - Not\u00edcias de Todos - Models01<\/title>\n<meta name=\"robots\" content=\"index, follow, max-snippet:-1, max-image-preview:large, max-video-preview:-1\" \/>\n<link rel=\"canonical\" href=\"https:\/\/markd.com.br\/models\/entregador-do-ifood-diz-que-foi-ameacado-com-arma-por-delegada\/\" \/>\n<meta property=\"og:locale\" content=\"pt_BR\" \/>\n<meta property=\"og:type\" content=\"article\" \/>\n<meta property=\"og:title\" content=\"Entregador do iFood diz que foi amea\u00e7ado com arma por delegada - Not\u00edcias de Todos - Models01\" \/>\n<meta property=\"og:description\" content=\"Uma delegada foi acusada de amea\u00e7ar um entregador de aplicativo, de 41 anos, na \u00faltima...\" \/>\n<meta property=\"og:url\" content=\"https:\/\/markd.com.br\/models\/entregador-do-ifood-diz-que-foi-ameacado-com-arma-por-delegada\/\" \/>\n<meta property=\"og:site_name\" content=\"Not\u00edcias de Todos - Models01\" \/>\n<meta property=\"article:published_time\" content=\"2022-04-11T18:53:49+00:00\" \/>\n<meta property=\"article:modified_time\" content=\"2022-04-11T18:53:56+00:00\" \/>\n<meta property=\"og:image\" content=\"https:\/\/markd.com.br\/models\/wp-content\/uploads\/2022\/04\/52f3cc00-b9ae-11ec-bcff-8fea5e4f247d-640x445-1.jpg\" \/>\n\t<meta property=\"og:image:width\" content=\"640\" \/>\n\t<meta property=\"og:image:height\" content=\"445\" \/>\n\t<meta property=\"og:image:type\" content=\"image\/jpeg\" \/>\n<meta name=\"author\" content=\"Reda\u00e7\u00e3o Reda\u00e7\u00e3o\" \/>\n<meta name=\"twitter:card\" content=\"summary_large_image\" \/>\n<meta name=\"twitter:label1\" content=\"Escrito por\" \/>\n\t<meta name=\"twitter:data1\" content=\"Reda\u00e7\u00e3o Reda\u00e7\u00e3o\" \/>\n\t<meta name=\"twitter:label2\" content=\"Est. tempo de leitura\" \/>\n\t<meta name=\"twitter:data2\" content=\"2 minutos\" \/>\n<script type=\"application\/ld+json\" class=\"yoast-schema-graph\">{\"@context\":\"https:\/\/schema.org\",\"@graph\":[{\"@type\":\"WebPage\",\"@id\":\"https:\/\/markd.com.br\/models\/entregador-do-ifood-diz-que-foi-ameacado-com-arma-por-delegada\/\",\"url\":\"https:\/\/markd.com.br\/models\/entregador-do-ifood-diz-que-foi-ameacado-com-arma-por-delegada\/\",\"name\":\"Entregador do iFood diz que foi amea\u00e7ado com arma por delegada - Not\u00edcias de Todos - Models01\",\"isPartOf\":{\"@id\":\"https:\/\/markd.com.br\/models\/#website\"},\"primaryImageOfPage\":{\"@id\":\"https:\/\/markd.com.br\/models\/entregador-do-ifood-diz-que-foi-ameacado-com-arma-por-delegada\/#primaryimage\"},\"image\":{\"@id\":\"https:\/\/markd.com.br\/models\/entregador-do-ifood-diz-que-foi-ameacado-com-arma-por-delegada\/#primaryimage\"},\"thumbnailUrl\":\"https:\/\/markd.com.br\/models\/wp-content\/uploads\/2022\/04\/52f3cc00-b9ae-11ec-bcff-8fea5e4f247d-640x445-1.jpg\",\"datePublished\":\"2022-04-11T18:53:49+00:00\",\"dateModified\":\"2022-04-11T18:53:56+00:00\",\"author\":{\"@id\":\"https:\/\/markd.com.br\/models\/#\/schema\/person\/c12a77ab487a7262d8bec3c47301ad37\"},\"breadcrumb\":{\"@id\":\"https:\/\/markd.com.br\/models\/entregador-do-ifood-diz-que-foi-ameacado-com-arma-por-delegada\/#breadcrumb\"},\"inLanguage\":\"pt-BR\",\"potentialAction\":[{\"@type\":\"ReadAction\",\"target\":[\"https:\/\/markd.com.br\/models\/entregador-do-ifood-diz-que-foi-ameacado-com-arma-por-delegada\/\"]}]},{\"@type\":\"ImageObject\",\"inLanguage\":\"pt-BR\",\"@id\":\"https:\/\/markd.com.br\/models\/entregador-do-ifood-diz-que-foi-ameacado-com-arma-por-delegada\/#primaryimage\",\"url\":\"https:\/\/markd.com.br\/models\/wp-content\/uploads\/2022\/04\/52f3cc00-b9ae-11ec-bcff-8fea5e4f247d-640x445-1.jpg\",\"contentUrl\":\"https:\/\/markd.com.br\/models\/wp-content\/uploads\/2022\/04\/52f3cc00-b9ae-11ec-bcff-8fea5e4f247d-640x445-1.jpg\",\"width\":640,\"height\":445},{\"@type\":\"BreadcrumbList\",\"@id\":\"https:\/\/markd.com.br\/models\/entregador-do-ifood-diz-que-foi-ameacado-com-arma-por-delegada\/#breadcrumb\",\"itemListElement\":[{\"@type\":\"ListItem\",\"position\":1,\"name\":\"In\u00edcio\",\"item\":\"https:\/\/markd.com.br\/models\/\"},{\"@type\":\"ListItem\",\"position\":2,\"name\":\"Entregador do iFood diz que foi amea\u00e7ado com arma por delegada\"}]},{\"@type\":\"WebSite\",\"@id\":\"https:\/\/markd.com.br\/models\/#website\",\"url\":\"https:\/\/markd.com.br\/models\/\",\"name\":\"Not\u00edcias de Todos - Models01\",\"description\":\"Tenha um Portal de Not\u00edcias Moderno, Din\u00e2mico, R\u00e1pido e Profissional. Entregamos seu Site de  Not\u00edcias Pronto, Instalado, Hospedado, com Manual Passo a Passo e Suporte 24 horas.\",\"potentialAction\":[{\"@type\":\"SearchAction\",\"target\":{\"@type\":\"EntryPoint\",\"urlTemplate\":\"https:\/\/markd.com.br\/models\/?s={search_term_string}\"},\"query-input\":{\"@type\":\"PropertyValueSpecification\",\"valueRequired\":true,\"valueName\":\"search_term_string\"}}],\"inLanguage\":\"pt-BR\"},{\"@type\":\"Person\",\"@id\":\"https:\/\/markd.com.br\/models\/#\/schema\/person\/c12a77ab487a7262d8bec3c47301ad37\",\"name\":\"Reda\u00e7\u00e3o Reda\u00e7\u00e3o\",\"image\":{\"@type\":\"ImageObject\",\"inLanguage\":\"pt-BR\",\"@id\":\"https:\/\/markd.com.br\/models\/#\/schema\/person\/image\/\",\"url\":\"https:\/\/secure.gravatar.com\/avatar\/9448f3599ce269febf169e183039b4a6?s=96&d=mm&r=g\",\"contentUrl\":\"https:\/\/secure.gravatar.com\/avatar\/9448f3599ce269febf169e183039b4a6?s=96&d=mm&r=g\",\"caption\":\"Reda\u00e7\u00e3o Reda\u00e7\u00e3o\"},\"sameAs\":[\"https:\/\/markd.com.br\/\"],\"url\":\"https:\/\/markd.com.br\/models\/author\/redacao\/\"}]}<\/script>\n<!-- \/ Yoast SEO plugin. -->","yoast_head_json":{"title":"Entregador do iFood diz que foi amea\u00e7ado com arma por delegada - Not\u00edcias de Todos - Models01","robots":{"index":"index","follow":"follow","max-snippet":"max-snippet:-1","max-image-preview":"max-image-preview:large","max-video-preview":"max-video-preview:-1"},"canonical":"https:\/\/markd.com.br\/models\/entregador-do-ifood-diz-que-foi-ameacado-com-arma-por-delegada\/","og_locale":"pt_BR","og_type":"article","og_title":"Entregador do iFood diz que foi amea\u00e7ado com arma por delegada - Not\u00edcias de Todos - Models01","og_description":"Uma delegada foi acusada de amea\u00e7ar um entregador de aplicativo, de 41 anos, na \u00faltima...","og_url":"https:\/\/markd.com.br\/models\/entregador-do-ifood-diz-que-foi-ameacado-com-arma-por-delegada\/","og_site_name":"Not\u00edcias de Todos - Models01","article_published_time":"2022-04-11T18:53:49+00:00","article_modified_time":"2022-04-11T18:53:56+00:00","og_image":[{"width":640,"height":445,"url":"https:\/\/markd.com.br\/models\/wp-content\/uploads\/2022\/04\/52f3cc00-b9ae-11ec-bcff-8fea5e4f247d-640x445-1.jpg","type":"image\/jpeg"}],"author":"Reda\u00e7\u00e3o Reda\u00e7\u00e3o","twitter_card":"summary_large_image","twitter_misc":{"Escrito por":"Reda\u00e7\u00e3o Reda\u00e7\u00e3o","Est. tempo de leitura":"2 minutos"},"schema":{"@context":"https:\/\/schema.org","@graph":[{"@type":"WebPage","@id":"https:\/\/markd.com.br\/models\/entregador-do-ifood-diz-que-foi-ameacado-com-arma-por-delegada\/","url":"https:\/\/markd.com.br\/models\/entregador-do-ifood-diz-que-foi-ameacado-com-arma-por-delegada\/","name":"Entregador do iFood diz que foi amea\u00e7ado com arma por delegada - Not\u00edcias de Todos - Models01","isPartOf":{"@id":"https:\/\/markd.com.br\/models\/#website"},"primaryImageOfPage":{"@id":"https:\/\/markd.com.br\/models\/entregador-do-ifood-diz-que-foi-ameacado-com-arma-por-delegada\/#primaryimage"},"image":{"@id":"https:\/\/markd.com.br\/models\/entregador-do-ifood-diz-que-foi-ameacado-com-arma-por-delegada\/#primaryimage"},"thumbnailUrl":"https:\/\/markd.com.br\/models\/wp-content\/uploads\/2022\/04\/52f3cc00-b9ae-11ec-bcff-8fea5e4f247d-640x445-1.jpg","datePublished":"2022-04-11T18:53:49+00:00","dateModified":"2022-04-11T18:53:56+00:00","author":{"@id":"https:\/\/markd.com.br\/models\/#\/schema\/person\/c12a77ab487a7262d8bec3c47301ad37"},"breadcrumb":{"@id":"https:\/\/markd.com.br\/models\/entregador-do-ifood-diz-que-foi-ameacado-com-arma-por-delegada\/#breadcrumb"},"inLanguage":"pt-BR","potentialAction":[{"@type":"ReadAction","target":["https:\/\/markd.com.br\/models\/entregador-do-ifood-diz-que-foi-ameacado-com-arma-por-delegada\/"]}]},{"@type":"ImageObject","inLanguage":"pt-BR","@id":"https:\/\/markd.com.br\/models\/entregador-do-ifood-diz-que-foi-ameacado-com-arma-por-delegada\/#primaryimage","url":"https:\/\/markd.com.br\/models\/wp-content\/uploads\/2022\/04\/52f3cc00-b9ae-11ec-bcff-8fea5e4f247d-640x445-1.jpg","contentUrl":"https:\/\/markd.com.br\/models\/wp-content\/uploads\/2022\/04\/52f3cc00-b9ae-11ec-bcff-8fea5e4f247d-640x445-1.jpg","width":640,"height":445},{"@type":"BreadcrumbList","@id":"https:\/\/markd.com.br\/models\/entregador-do-ifood-diz-que-foi-ameacado-com-arma-por-delegada\/#breadcrumb","itemListElement":[{"@type":"ListItem","position":1,"name":"In\u00edcio","item":"https:\/\/markd.com.br\/models\/"},{"@type":"ListItem","position":2,"name":"Entregador do iFood diz que foi amea\u00e7ado com arma por delegada"}]},{"@type":"WebSite","@id":"https:\/\/markd.com.br\/models\/#website","url":"https:\/\/markd.com.br\/models\/","name":"Not\u00edcias de Todos - Models01","description":"Tenha um Portal de Not\u00edcias Moderno, Din\u00e2mico, R\u00e1pido e Profissional. Entregamos seu Site de  Not\u00edcias Pronto, Instalado, Hospedado, com Manual Passo a Passo e Suporte 24 horas.","potentialAction":[{"@type":"SearchAction","target":{"@type":"EntryPoint","urlTemplate":"https:\/\/markd.com.br\/models\/?s={search_term_string}"},"query-input":{"@type":"PropertyValueSpecification","valueRequired":true,"valueName":"search_term_string"}}],"inLanguage":"pt-BR"},{"@type":"Person","@id":"https:\/\/markd.com.br\/models\/#\/schema\/person\/c12a77ab487a7262d8bec3c47301ad37","name":"Reda\u00e7\u00e3o Reda\u00e7\u00e3o","image":{"@type":"ImageObject","inLanguage":"pt-BR","@id":"https:\/\/markd.com.br\/models\/#\/schema\/person\/image\/","url":"https:\/\/secure.gravatar.com\/avatar\/9448f3599ce269febf169e183039b4a6?s=96&d=mm&r=g","contentUrl":"https:\/\/secure.gravatar.com\/avatar\/9448f3599ce269febf169e183039b4a6?s=96&d=mm&r=g","caption":"Reda\u00e7\u00e3o Reda\u00e7\u00e3o"},"sameAs":["https:\/\/markd.com.br\/"],"url":"https:\/\/markd.com.br\/models\/author\/redacao\/"}]}},"featured_image_urls":{"full":["https:\/\/markd.com.br\/models\/wp-content\/uploads\/2022\/04\/52f3cc00-b9ae-11ec-bcff-8fea5e4f247d-640x445-1.jpg",640,445,false],"thumbnail":["https:\/\/markd.com.br\/models\/wp-content\/uploads\/2022\/04\/52f3cc00-b9ae-11ec-bcff-8fea5e4f247d-640x445-1-150x150.jpg",150,150,true],"medium":["https:\/\/markd.com.br\/models\/wp-content\/uploads\/2022\/04\/52f3cc00-b9ae-11ec-bcff-8fea5e4f247d-640x445-1-300x209.jpg",300,209,true],"medium_large":["https:\/\/markd.com.br\/models\/wp-content\/uploads\/2022\/04\/52f3cc00-b9ae-11ec-bcff-8fea5e4f247d-640x445-1.jpg",640,445,false],"large":["https:\/\/markd.com.br\/models\/wp-content\/uploads\/2022\/04\/52f3cc00-b9ae-11ec-bcff-8fea5e4f247d-640x445-1.jpg",640,445,false],"1536x1536":["https:\/\/markd.com.br\/models\/wp-content\/uploads\/2022\/04\/52f3cc00-b9ae-11ec-bcff-8fea5e4f247d-640x445-1.jpg",640,445,false],"2048x2048":["https:\/\/markd.com.br\/models\/wp-content\/uploads\/2022\/04\/52f3cc00-b9ae-11ec-bcff-8fea5e4f247d-640x445-1.jpg",640,445,false],"newsphere-slider-full":["https:\/\/markd.com.br\/models\/wp-content\/uploads\/2022\/04\/52f3cc00-b9ae-11ec-bcff-8fea5e4f247d-640x445-1.jpg",640,445,false],"newsphere-featured":["https:\/\/markd.com.br\/models\/wp-content\/uploads\/2022\/04\/52f3cc00-b9ae-11ec-bcff-8fea5e4f247d-640x445-1.jpg",640,445,false],"newsphere-medium":["https:\/\/markd.com.br\/models\/wp-content\/uploads\/2022\/04\/52f3cc00-b9ae-11ec-bcff-8fea5e4f247d-640x445-1-640x380.jpg",640,380,true]},"author_info":{"display_name":"Reda\u00e7\u00e3o Reda\u00e7\u00e3o","author_link":"https:\/\/markd.com.br\/models\/author\/redacao\/"},"category_info":"<a href=\"https:\/\/markd.com.br\/models\/category\/destaques\/\" rel=\"category tag\">destaques<\/a>","tag_info":"destaques","comment_count":"0","jetpack_featured_media_url":"https:\/\/markd.com.br\/models\/wp-content\/uploads\/2022\/04\/52f3cc00-b9ae-11ec-bcff-8fea5e4f247d-640x445-1.jpg","_links":{"self":[{"href":"https:\/\/markd.com.br\/models\/wp-json\/wp\/v2\/posts\/1505","targetHints":{"allow":["GET"]}}],"collection":[{"href":"https:\/\/markd.com.br\/models\/wp-json\/wp\/v2\/posts"}],"about":[{"href":"https:\/\/markd.com.br\/models\/wp-json\/wp\/v2\/types\/post"}],"author":[{"embeddable":true,"href":"https:\/\/markd.com.br\/models\/wp-json\/wp\/v2\/users\/5"}],"replies":[{"embeddable":true,"href":"https:\/\/markd.com.br\/models\/wp-json\/wp\/v2\/comments?post=1505"}],"version-history":[{"count":1,"href":"https:\/\/markd.com.br\/models\/wp-json\/wp\/v2\/posts\/1505\/revisions"}],"predecessor-version":[{"id":1507,"href":"https:\/\/markd.com.br\/models\/wp-json\/wp\/v2\/posts\/1505\/revisions\/1507"}],"wp:featuredmedia":[{"embeddable":true,"href":"https:\/\/markd.com.br\/models\/wp-json\/wp\/v2\/media\/1506"}],"wp:attachment":[{"href":"https:\/\/markd.com.br\/models\/wp-json\/wp\/v2\/media?parent=1505"}],"wp:term":[{"taxonomy":"category","embeddable":true,"href":"https:\/\/markd.com.br\/models\/wp-json\/wp\/v2\/categories?post=1505"},{"taxonomy":"post_tag","embeddable":true,"href":"https:\/\/markd.com.br\/models\/wp-json\/wp\/v2\/tags?post=1505"}],"curies":[{"name":"wp","href":"https:\/\/api.w.org\/{rel}","templated":true}]}}