{"id":1515,"date":"2022-04-11T16:04:11","date_gmt":"2022-04-11T19:04:11","guid":{"rendered":"https:\/\/portaldestaquenoticias.com.br\/?p=1515"},"modified":"2022-04-11T16:04:14","modified_gmt":"2022-04-11T19:04:14","slug":"festival-de-musica-e-arte-de-manaus-apoiado-pela-prefeitura-premia-artistas-vencedores","status":"publish","type":"post","link":"https:\/\/markd.com.br\/models\/festival-de-musica-e-arte-de-manaus-apoiado-pela-prefeitura-premia-artistas-vencedores\/","title":{"rendered":"Festival de M\u00fasica e Arte de Manaus apoiado pela prefeitura premia artistas vencedores"},"content":{"rendered":"\n<p><\/p>\n\n\n\n<p>O palco do Teatro Amazonas recebeu, na noite desta sexta-feira, 8\/4, a final do 1\u00b0 Festival de M\u00fasica e Arte de Manaus (Femuarte), apoiado pela Prefeitura de Manaus, por meio da Funda\u00e7\u00e3o Municipal de Cultura, Turismo e Eventos (Manauscult). O compositor e cantor Salom\u00e3o Rossi foi o vencedor do 1\u00ba Femuarte, com a can\u00e7\u00e3o \u201cFesta do Rei de Todos\u201d.<\/p>\n\n\n\n<p>Em segundo lugar ficou o compositor Jaime Pereira, com a m\u00fasica \u201cManaus Enamorada\u201d, interpretada pela cantora Kethlen Nascimento. \u201cZepelim Bar\u00e9\u201d, dos compositores Renato Borges e Reina, interpretada por Gil Valente, ficou em terceiro lugar. O cantor Nicolas Jr. foi o quarto colocado no festival com a composi\u00e7\u00e3o \u201cEu, o Amor e o Mar\u201d. E \u201cLamento da Floresta\u201d, composta e interpretada pelo cantor L\u00e9o Monteiro, completou a lista das cinco melhores can\u00e7\u00f5es da primeira edi\u00e7\u00e3o do festival.<\/p>\n\n\n\n<p>Realizado pela GYC Produ\u00e7\u00f5es Audiovisuais e Eventos, o festival tamb\u00e9m contou com o apoio da Funda\u00e7\u00e3o de Apoio ao&nbsp;Idoso&nbsp;Doutor Thomas (FDT), e do governo do Estado, por meio da Secretaria de Estado de Cultura e Economia Criativa do Amazonas.<\/p>\n\n\n\n<p>Conforme o diretor-presidente da Manauscult, Alonso Oliveira, fomentar a cultura em Manaus, resgatando os grandes festivais de m\u00fasica, selo da for\u00e7a art\u00edstico-cultural do Estado, \u00e9 uma das determina\u00e7\u00f5es do prefeito David Almeida.<\/p>\n\n\n\n<p>\u201cA Manauscult contribuiu para a realiza\u00e7\u00e3o desses tr\u00eas dias de festival, e tanto a Prefeitura quanto o Estado, est\u00e3o empenhados na valoriza\u00e7\u00e3o da cultura e da arte, tenho certeza que esse evento est\u00e1 servindo de base para revelar grandes talentos e confirmar outros\u201d, disse Oliveira.<\/p>\n\n\n\n<p>O festival premiou em dinheiro os cinco primeiros colocados, al\u00e9m das categorias de melhor letra, arranjo e int\u00e9rprete, totalizando mais de R$ 43 mil em premia\u00e7\u00e3o.<\/p>\n\n\n\n<p>O grande vencedor do 1\u00ba Femuarte, o cantor e compositor Salom\u00e3o Rossi, que tamb\u00e9m levou para casa os pr\u00eamios de melhor letra, arranjo e int\u00e9rprete, explica que a m\u00fasica vencedora da competi\u00e7\u00e3o \u201cFesta do Rei de Todos\u201d \u00e9 dedicada aos tr\u00eas reis do Oriente, que visitaram Jesus Cristo logo ap\u00f3s o nascimento, na manjedoura.<\/p>\n\n\n\n<p>\u201cO festival, muito mais que uma premia\u00e7\u00e3o, neste momento, \u00e9 um presente para todos n\u00f3s que estivermos nesse tempo de reclus\u00e3o, um bom tempo para pensar em tudo, e poder produzir um pouco mais. E dedico esses pr\u00eamios a todos os compositores e int\u00e9rpretes que participaram desse lindo festival, principalmente depois desse momento de pandemia, desse choque de ficar em casa. Agora, voltarmos a estar reunidos em nome da arte e da cultura, \u00e9 muito emocionante\u201d, contou o artista.<\/p>\n\n\n\n<p>O coordenador-geral do evento, Rog\u00e9rio Pimenta, destacou a import\u00e2ncia do apoio da prefeitura para realiza\u00e7\u00e3o do festival. \u201cToda a equipe do Femuarte est\u00e1 muito feliz, com a sensa\u00e7\u00e3o de dever cumprido, de descobrir e divulgar os talentos culturais da nossa terra. Esse festival s\u00f3 foi poss\u00edvel com ajuda da prefeitura, da Manauscult, que n\u00e3o mediram esfor\u00e7os para realizar esse sonho junto com a gente. Que venham mais festivais\u201d<\/p>\n\n\n\n<p>\u2014 \u2014 \u2014<\/p>\n\n\n\n<p><strong>Texto<\/strong>&nbsp;\u2013 Keize Pedrosa \/ Manauscult<\/p>\n\n\n\n<p><strong>Fotos<\/strong>&nbsp;\u2013 Altemar Alcantara\/Semcom<\/p>\n","protected":false},"excerpt":{"rendered":"<p>O palco do Teatro Amazonas recebeu, na noite desta sexta-feira, 8\/4, a final do 1\u00b0&#8230;<\/p>\n","protected":false},"author":5,"featured_media":1516,"comment_status":"open","ping_status":"open","sticky":false,"template":"","format":"standard","meta":{"footnotes":""},"categories":[1],"tags":[314,311,43],"class_list":["post-1515","post","type-post","status-publish","format-standard","has-post-thumbnail","hentry","category-sem-categoria","tag-femuart","tag-manauscult","tag-prefeitura-de-manaus"],"yoast_head":"<!-- This site is optimized with the Yoast SEO plugin v24.4 - https:\/\/yoast.com\/wordpress\/plugins\/seo\/ -->\n<title>Festival de M\u00fasica e Arte de Manaus apoiado pela prefeitura premia artistas vencedores - Not\u00edcias de Todos - Models01<\/title>\n<meta name=\"robots\" content=\"index, follow, max-snippet:-1, max-image-preview:large, max-video-preview:-1\" \/>\n<link rel=\"canonical\" href=\"https:\/\/markd.com.br\/models\/festival-de-musica-e-arte-de-manaus-apoiado-pela-prefeitura-premia-artistas-vencedores\/\" \/>\n<meta property=\"og:locale\" content=\"pt_BR\" \/>\n<meta property=\"og:type\" content=\"article\" \/>\n<meta property=\"og:title\" content=\"Festival de M\u00fasica e Arte de Manaus apoiado pela prefeitura premia artistas vencedores - Not\u00edcias de Todos - Models01\" \/>\n<meta property=\"og:description\" content=\"O palco do Teatro Amazonas recebeu, na noite desta sexta-feira, 8\/4, a final do 1\u00b0...\" \/>\n<meta property=\"og:url\" content=\"https:\/\/markd.com.br\/models\/festival-de-musica-e-arte-de-manaus-apoiado-pela-prefeitura-premia-artistas-vencedores\/\" \/>\n<meta property=\"og:site_name\" content=\"Not\u00edcias de Todos - Models01\" \/>\n<meta property=\"article:published_time\" content=\"2022-04-11T19:04:11+00:00\" \/>\n<meta property=\"article:modified_time\" content=\"2022-04-11T19:04:14+00:00\" \/>\n<meta property=\"og:image\" content=\"https:\/\/markd.com.br\/models\/wp-content\/uploads\/2022\/04\/51991432501_abcef4ddfa_c-799x445-1.jpg\" \/>\n\t<meta property=\"og:image:width\" content=\"799\" \/>\n\t<meta property=\"og:image:height\" content=\"445\" \/>\n\t<meta property=\"og:image:type\" content=\"image\/jpeg\" \/>\n<meta name=\"author\" content=\"Reda\u00e7\u00e3o Reda\u00e7\u00e3o\" \/>\n<meta name=\"twitter:card\" content=\"summary_large_image\" \/>\n<meta name=\"twitter:label1\" content=\"Escrito por\" \/>\n\t<meta name=\"twitter:data1\" content=\"Reda\u00e7\u00e3o Reda\u00e7\u00e3o\" \/>\n\t<meta name=\"twitter:label2\" content=\"Est. tempo de leitura\" \/>\n\t<meta name=\"twitter:data2\" content=\"3 minutos\" \/>\n<script type=\"application\/ld+json\" class=\"yoast-schema-graph\">{\"@context\":\"https:\/\/schema.org\",\"@graph\":[{\"@type\":\"WebPage\",\"@id\":\"https:\/\/markd.com.br\/models\/festival-de-musica-e-arte-de-manaus-apoiado-pela-prefeitura-premia-artistas-vencedores\/\",\"url\":\"https:\/\/markd.com.br\/models\/festival-de-musica-e-arte-de-manaus-apoiado-pela-prefeitura-premia-artistas-vencedores\/\",\"name\":\"Festival de M\u00fasica e Arte de Manaus apoiado pela prefeitura premia artistas vencedores - Not\u00edcias de Todos - Models01\",\"isPartOf\":{\"@id\":\"https:\/\/markd.com.br\/models\/#website\"},\"primaryImageOfPage\":{\"@id\":\"https:\/\/markd.com.br\/models\/festival-de-musica-e-arte-de-manaus-apoiado-pela-prefeitura-premia-artistas-vencedores\/#primaryimage\"},\"image\":{\"@id\":\"https:\/\/markd.com.br\/models\/festival-de-musica-e-arte-de-manaus-apoiado-pela-prefeitura-premia-artistas-vencedores\/#primaryimage\"},\"thumbnailUrl\":\"https:\/\/markd.com.br\/models\/wp-content\/uploads\/2022\/04\/51991432501_abcef4ddfa_c-799x445-1.jpg\",\"datePublished\":\"2022-04-11T19:04:11+00:00\",\"dateModified\":\"2022-04-11T19:04:14+00:00\",\"author\":{\"@id\":\"https:\/\/markd.com.br\/models\/#\/schema\/person\/c12a77ab487a7262d8bec3c47301ad37\"},\"breadcrumb\":{\"@id\":\"https:\/\/markd.com.br\/models\/festival-de-musica-e-arte-de-manaus-apoiado-pela-prefeitura-premia-artistas-vencedores\/#breadcrumb\"},\"inLanguage\":\"pt-BR\",\"potentialAction\":[{\"@type\":\"ReadAction\",\"target\":[\"https:\/\/markd.com.br\/models\/festival-de-musica-e-arte-de-manaus-apoiado-pela-prefeitura-premia-artistas-vencedores\/\"]}]},{\"@type\":\"ImageObject\",\"inLanguage\":\"pt-BR\",\"@id\":\"https:\/\/markd.com.br\/models\/festival-de-musica-e-arte-de-manaus-apoiado-pela-prefeitura-premia-artistas-vencedores\/#primaryimage\",\"url\":\"https:\/\/markd.com.br\/models\/wp-content\/uploads\/2022\/04\/51991432501_abcef4ddfa_c-799x445-1.jpg\",\"contentUrl\":\"https:\/\/markd.com.br\/models\/wp-content\/uploads\/2022\/04\/51991432501_abcef4ddfa_c-799x445-1.jpg\",\"width\":799,\"height\":445},{\"@type\":\"BreadcrumbList\",\"@id\":\"https:\/\/markd.com.br\/models\/festival-de-musica-e-arte-de-manaus-apoiado-pela-prefeitura-premia-artistas-vencedores\/#breadcrumb\",\"itemListElement\":[{\"@type\":\"ListItem\",\"position\":1,\"name\":\"In\u00edcio\",\"item\":\"https:\/\/markd.com.br\/models\/\"},{\"@type\":\"ListItem\",\"position\":2,\"name\":\"Festival de M\u00fasica e Arte de Manaus apoiado pela prefeitura premia artistas vencedores\"}]},{\"@type\":\"WebSite\",\"@id\":\"https:\/\/markd.com.br\/models\/#website\",\"url\":\"https:\/\/markd.com.br\/models\/\",\"name\":\"Not\u00edcias de Todos - Models01\",\"description\":\"Tenha um Portal de Not\u00edcias Moderno, Din\u00e2mico, R\u00e1pido e Profissional. Entregamos seu Site de  Not\u00edcias Pronto, Instalado, Hospedado, com Manual Passo a Passo e Suporte 24 horas.\",\"potentialAction\":[{\"@type\":\"SearchAction\",\"target\":{\"@type\":\"EntryPoint\",\"urlTemplate\":\"https:\/\/markd.com.br\/models\/?s={search_term_string}\"},\"query-input\":{\"@type\":\"PropertyValueSpecification\",\"valueRequired\":true,\"valueName\":\"search_term_string\"}}],\"inLanguage\":\"pt-BR\"},{\"@type\":\"Person\",\"@id\":\"https:\/\/markd.com.br\/models\/#\/schema\/person\/c12a77ab487a7262d8bec3c47301ad37\",\"name\":\"Reda\u00e7\u00e3o Reda\u00e7\u00e3o\",\"image\":{\"@type\":\"ImageObject\",\"inLanguage\":\"pt-BR\",\"@id\":\"https:\/\/markd.com.br\/models\/#\/schema\/person\/image\/\",\"url\":\"https:\/\/secure.gravatar.com\/avatar\/9448f3599ce269febf169e183039b4a6?s=96&d=mm&r=g\",\"contentUrl\":\"https:\/\/secure.gravatar.com\/avatar\/9448f3599ce269febf169e183039b4a6?s=96&d=mm&r=g\",\"caption\":\"Reda\u00e7\u00e3o Reda\u00e7\u00e3o\"},\"sameAs\":[\"https:\/\/markd.com.br\/\"],\"url\":\"https:\/\/markd.com.br\/models\/author\/redacao\/\"}]}<\/script>\n<!-- \/ Yoast SEO plugin. -->","yoast_head_json":{"title":"Festival de M\u00fasica e Arte de Manaus apoiado pela prefeitura premia artistas vencedores - Not\u00edcias de Todos - Models01","robots":{"index":"index","follow":"follow","max-snippet":"max-snippet:-1","max-image-preview":"max-image-preview:large","max-video-preview":"max-video-preview:-1"},"canonical":"https:\/\/markd.com.br\/models\/festival-de-musica-e-arte-de-manaus-apoiado-pela-prefeitura-premia-artistas-vencedores\/","og_locale":"pt_BR","og_type":"article","og_title":"Festival de M\u00fasica e Arte de Manaus apoiado pela prefeitura premia artistas vencedores - Not\u00edcias de Todos - Models01","og_description":"O palco do Teatro Amazonas recebeu, na noite desta sexta-feira, 8\/4, a final do 1\u00b0...","og_url":"https:\/\/markd.com.br\/models\/festival-de-musica-e-arte-de-manaus-apoiado-pela-prefeitura-premia-artistas-vencedores\/","og_site_name":"Not\u00edcias de Todos - Models01","article_published_time":"2022-04-11T19:04:11+00:00","article_modified_time":"2022-04-11T19:04:14+00:00","og_image":[{"width":799,"height":445,"url":"https:\/\/markd.com.br\/models\/wp-content\/uploads\/2022\/04\/51991432501_abcef4ddfa_c-799x445-1.jpg","type":"image\/jpeg"}],"author":"Reda\u00e7\u00e3o Reda\u00e7\u00e3o","twitter_card":"summary_large_image","twitter_misc":{"Escrito por":"Reda\u00e7\u00e3o Reda\u00e7\u00e3o","Est. tempo de leitura":"3 minutos"},"schema":{"@context":"https:\/\/schema.org","@graph":[{"@type":"WebPage","@id":"https:\/\/markd.com.br\/models\/festival-de-musica-e-arte-de-manaus-apoiado-pela-prefeitura-premia-artistas-vencedores\/","url":"https:\/\/markd.com.br\/models\/festival-de-musica-e-arte-de-manaus-apoiado-pela-prefeitura-premia-artistas-vencedores\/","name":"Festival de M\u00fasica e Arte de Manaus apoiado pela prefeitura premia artistas vencedores - Not\u00edcias de Todos - Models01","isPartOf":{"@id":"https:\/\/markd.com.br\/models\/#website"},"primaryImageOfPage":{"@id":"https:\/\/markd.com.br\/models\/festival-de-musica-e-arte-de-manaus-apoiado-pela-prefeitura-premia-artistas-vencedores\/#primaryimage"},"image":{"@id":"https:\/\/markd.com.br\/models\/festival-de-musica-e-arte-de-manaus-apoiado-pela-prefeitura-premia-artistas-vencedores\/#primaryimage"},"thumbnailUrl":"https:\/\/markd.com.br\/models\/wp-content\/uploads\/2022\/04\/51991432501_abcef4ddfa_c-799x445-1.jpg","datePublished":"2022-04-11T19:04:11+00:00","dateModified":"2022-04-11T19:04:14+00:00","author":{"@id":"https:\/\/markd.com.br\/models\/#\/schema\/person\/c12a77ab487a7262d8bec3c47301ad37"},"breadcrumb":{"@id":"https:\/\/markd.com.br\/models\/festival-de-musica-e-arte-de-manaus-apoiado-pela-prefeitura-premia-artistas-vencedores\/#breadcrumb"},"inLanguage":"pt-BR","potentialAction":[{"@type":"ReadAction","target":["https:\/\/markd.com.br\/models\/festival-de-musica-e-arte-de-manaus-apoiado-pela-prefeitura-premia-artistas-vencedores\/"]}]},{"@type":"ImageObject","inLanguage":"pt-BR","@id":"https:\/\/markd.com.br\/models\/festival-de-musica-e-arte-de-manaus-apoiado-pela-prefeitura-premia-artistas-vencedores\/#primaryimage","url":"https:\/\/markd.com.br\/models\/wp-content\/uploads\/2022\/04\/51991432501_abcef4ddfa_c-799x445-1.jpg","contentUrl":"https:\/\/markd.com.br\/models\/wp-content\/uploads\/2022\/04\/51991432501_abcef4ddfa_c-799x445-1.jpg","width":799,"height":445},{"@type":"BreadcrumbList","@id":"https:\/\/markd.com.br\/models\/festival-de-musica-e-arte-de-manaus-apoiado-pela-prefeitura-premia-artistas-vencedores\/#breadcrumb","itemListElement":[{"@type":"ListItem","position":1,"name":"In\u00edcio","item":"https:\/\/markd.com.br\/models\/"},{"@type":"ListItem","position":2,"name":"Festival de M\u00fasica e Arte de Manaus apoiado pela prefeitura premia artistas vencedores"}]},{"@type":"WebSite","@id":"https:\/\/markd.com.br\/models\/#website","url":"https:\/\/markd.com.br\/models\/","name":"Not\u00edcias de Todos - Models01","description":"Tenha um Portal de Not\u00edcias Moderno, Din\u00e2mico, R\u00e1pido e Profissional. Entregamos seu Site de  Not\u00edcias Pronto, Instalado, Hospedado, com Manual Passo a Passo e Suporte 24 horas.","potentialAction":[{"@type":"SearchAction","target":{"@type":"EntryPoint","urlTemplate":"https:\/\/markd.com.br\/models\/?s={search_term_string}"},"query-input":{"@type":"PropertyValueSpecification","valueRequired":true,"valueName":"search_term_string"}}],"inLanguage":"pt-BR"},{"@type":"Person","@id":"https:\/\/markd.com.br\/models\/#\/schema\/person\/c12a77ab487a7262d8bec3c47301ad37","name":"Reda\u00e7\u00e3o Reda\u00e7\u00e3o","image":{"@type":"ImageObject","inLanguage":"pt-BR","@id":"https:\/\/markd.com.br\/models\/#\/schema\/person\/image\/","url":"https:\/\/secure.gravatar.com\/avatar\/9448f3599ce269febf169e183039b4a6?s=96&d=mm&r=g","contentUrl":"https:\/\/secure.gravatar.com\/avatar\/9448f3599ce269febf169e183039b4a6?s=96&d=mm&r=g","caption":"Reda\u00e7\u00e3o Reda\u00e7\u00e3o"},"sameAs":["https:\/\/markd.com.br\/"],"url":"https:\/\/markd.com.br\/models\/author\/redacao\/"}]}},"featured_image_urls":{"full":["https:\/\/markd.com.br\/models\/wp-content\/uploads\/2022\/04\/51991432501_abcef4ddfa_c-799x445-1.jpg",799,445,false],"thumbnail":["https:\/\/markd.com.br\/models\/wp-content\/uploads\/2022\/04\/51991432501_abcef4ddfa_c-799x445-1-150x150.jpg",150,150,true],"medium":["https:\/\/markd.com.br\/models\/wp-content\/uploads\/2022\/04\/51991432501_abcef4ddfa_c-799x445-1-300x167.jpg",300,167,true],"medium_large":["https:\/\/markd.com.br\/models\/wp-content\/uploads\/2022\/04\/51991432501_abcef4ddfa_c-799x445-1-768x428.jpg",640,357,true],"large":["https:\/\/markd.com.br\/models\/wp-content\/uploads\/2022\/04\/51991432501_abcef4ddfa_c-799x445-1.jpg",640,356,false],"1536x1536":["https:\/\/markd.com.br\/models\/wp-content\/uploads\/2022\/04\/51991432501_abcef4ddfa_c-799x445-1.jpg",799,445,false],"2048x2048":["https:\/\/markd.com.br\/models\/wp-content\/uploads\/2022\/04\/51991432501_abcef4ddfa_c-799x445-1.jpg",799,445,false],"newsphere-slider-full":["https:\/\/markd.com.br\/models\/wp-content\/uploads\/2022\/04\/51991432501_abcef4ddfa_c-799x445-1.jpg",799,445,false],"newsphere-featured":["https:\/\/markd.com.br\/models\/wp-content\/uploads\/2022\/04\/51991432501_abcef4ddfa_c-799x445-1.jpg",799,445,false],"newsphere-medium":["https:\/\/markd.com.br\/models\/wp-content\/uploads\/2022\/04\/51991432501_abcef4ddfa_c-799x445-1-720x380.jpg",720,380,true]},"author_info":{"display_name":"Reda\u00e7\u00e3o Reda\u00e7\u00e3o","author_link":"https:\/\/markd.com.br\/models\/author\/redacao\/"},"category_info":"<a href=\"https:\/\/markd.com.br\/models\/category\/sem-categoria\/\" rel=\"category tag\">Sem categoria<\/a>","tag_info":"Sem categoria","comment_count":"0","jetpack_featured_media_url":"https:\/\/markd.com.br\/models\/wp-content\/uploads\/2022\/04\/51991432501_abcef4ddfa_c-799x445-1.jpg","_links":{"self":[{"href":"https:\/\/markd.com.br\/models\/wp-json\/wp\/v2\/posts\/1515","targetHints":{"allow":["GET"]}}],"collection":[{"href":"https:\/\/markd.com.br\/models\/wp-json\/wp\/v2\/posts"}],"about":[{"href":"https:\/\/markd.com.br\/models\/wp-json\/wp\/v2\/types\/post"}],"author":[{"embeddable":true,"href":"https:\/\/markd.com.br\/models\/wp-json\/wp\/v2\/users\/5"}],"replies":[{"embeddable":true,"href":"https:\/\/markd.com.br\/models\/wp-json\/wp\/v2\/comments?post=1515"}],"version-history":[{"count":1,"href":"https:\/\/markd.com.br\/models\/wp-json\/wp\/v2\/posts\/1515\/revisions"}],"predecessor-version":[{"id":1517,"href":"https:\/\/markd.com.br\/models\/wp-json\/wp\/v2\/posts\/1515\/revisions\/1517"}],"wp:featuredmedia":[{"embeddable":true,"href":"https:\/\/markd.com.br\/models\/wp-json\/wp\/v2\/media\/1516"}],"wp:attachment":[{"href":"https:\/\/markd.com.br\/models\/wp-json\/wp\/v2\/media?parent=1515"}],"wp:term":[{"taxonomy":"category","embeddable":true,"href":"https:\/\/markd.com.br\/models\/wp-json\/wp\/v2\/categories?post=1515"},{"taxonomy":"post_tag","embeddable":true,"href":"https:\/\/markd.com.br\/models\/wp-json\/wp\/v2\/tags?post=1515"}],"curies":[{"name":"wp","href":"https:\/\/api.w.org\/{rel}","templated":true}]}}