{"id":1521,"date":"2022-04-11T16:10:11","date_gmt":"2022-04-11T19:10:11","guid":{"rendered":"https:\/\/portaldestaquenoticias.com.br\/?p=1521"},"modified":"2022-04-11T16:10:18","modified_gmt":"2022-04-11T19:10:18","slug":"plenaria-do-plano-municipal-de-cultura-pmc-propoe-acoes-e-planos-para-a-politica-cultural7","status":"publish","type":"post","link":"https:\/\/markd.com.br\/models\/plenaria-do-plano-municipal-de-cultura-pmc-propoe-acoes-e-planos-para-a-politica-cultural7\/","title":{"rendered":"Plen\u00e1ria do Plano Municipal de Cultura (PMC) prop\u00f5e a\u00e7\u00f5es e planos para a pol\u00edtica cultural7"},"content":{"rendered":"\n<p><\/p>\n\n\n\n<p>Escritores, professores, editores e poetas se reuniram na noite da sexta-feira, 8\/4, no Museu da Cidade de Manaus (Muma), centro hist\u00f3rico, na \u00faltima plen\u00e1ria do Plano Municipal de Cultura (PMC), elaborado pela Prefeitura de Manaus, por meio do Conselho Municipal de Cultura (Concultura), para discutir ideias e propor a\u00e7\u00f5es e planos para a pol\u00edtica cultural de Manaus.<\/p>\n\n\n\n<p>O presidente do Concultura, Ten\u00f3rio Telles, destacou o sucesso do trabalho.&nbsp; \u201cA condu\u00e7\u00e3o dos trabalhos foi assertiva com a coordena\u00e7\u00e3o do conselheiro Ricardo Moldes e o bom trabalho de mobiliza\u00e7\u00e3o do segmento da literatura para a reuni\u00e3o, realizado por Dori Carvalho, bem como, dos outros segmentos com a atua\u00e7\u00e3o comprometida dos conselheiros que abra\u00e7aram o desafio de realizar o Plano Municipal de Cultura, necess\u00e1rio para definir os investimentos p\u00fablicos no processo cultural de Manaus\u201d, declarou.<\/p>\n\n\n\n<p>Estiveram presentes na plen\u00e1ria os escritores Elson Farias, Marcos Frederico, Thiago Roney, Rita Alencar e Silva, Rojefferson Moraes, Susy Freitas, Otoni Mesquita, Aldisio Filgueiras e Daniel Amorim. O conselheiro de Literatura Dori Carvalho coordenou os trabalhos. Os debates versaram, dentre outros assuntos, sobre forma\u00e7\u00e3o de leitores e incentivos aos escritores.<\/p>\n\n\n\n<p>A coordena\u00e7\u00e3o geral dos trabalhos ficou a cargo do vice-presidente do Concultura, Neilo Batista, que salientou os pr\u00f3ximos passos do PMC. \u201cAgora \u00e9 filtrar e robustecer o plano com as melhores contribui\u00e7\u00f5es coletadas nos setoriais\u201d. O prazo para consolida\u00e7\u00e3o, conclus\u00e3o e apresenta\u00e7\u00e3o do plano \u00e9 at\u00e9 o m\u00eas de junho.<\/p>\n\n\n\n<p>\u201cEssa foi a \u00faltima reuni\u00e3o da primeira etapa das reuni\u00f5es setoriais do Plano Municipal de Cultura, com a presen\u00e7a do movimento Liter\u00e1rio de Manaus, escritores, bibliotec\u00e1rios, quadrinistas e artistas atuantes do setor. Formulando propostas de mapeamento do setor, como diretrizes de aumento do p\u00fablico do setor e valoriza\u00e7\u00e3o dos profissionais\u201d, destacou o facilitador das reuni\u00f5es, conselheiro Ricardo Moldes.<\/p>\n\n\n\n<p>\u2014 \u2014 \u2014<\/p>\n\n\n\n<p><strong>Texto<\/strong>&nbsp;\u2013 Crist\u00f3v\u00e3o Nonato\/ Concultura<\/p>\n\n\n\n<p><strong>Fotos<\/strong>&nbsp;\u2013 Divulga\u00e7\u00e3o \/ Concultura<\/p>\n","protected":false},"excerpt":{"rendered":"<p>Escritores, professores, editores e poetas se reuniram na noite da sexta-feira, 8\/4, no Museu da&#8230;<\/p>\n","protected":false},"author":5,"featured_media":1522,"comment_status":"open","ping_status":"open","sticky":false,"template":"","format":"standard","meta":{"footnotes":""},"categories":[1],"tags":[405,403],"class_list":["post-1521","post","type-post","status-publish","format-standard","has-post-thumbnail","hentry","category-sem-categoria","tag-concultura","tag-plano-municipal"],"yoast_head":"<!-- This site is optimized with the Yoast SEO plugin v24.4 - https:\/\/yoast.com\/wordpress\/plugins\/seo\/ -->\n<title>Plen\u00e1ria do Plano Municipal de Cultura (PMC) prop\u00f5e a\u00e7\u00f5es e planos para a pol\u00edtica cultural7 - Not\u00edcias de Todos - Models01<\/title>\n<meta name=\"robots\" content=\"index, follow, max-snippet:-1, max-image-preview:large, max-video-preview:-1\" \/>\n<link rel=\"canonical\" href=\"https:\/\/markd.com.br\/models\/plenaria-do-plano-municipal-de-cultura-pmc-propoe-acoes-e-planos-para-a-politica-cultural7\/\" \/>\n<meta property=\"og:locale\" content=\"pt_BR\" \/>\n<meta property=\"og:type\" content=\"article\" \/>\n<meta property=\"og:title\" content=\"Plen\u00e1ria do Plano Municipal de Cultura (PMC) prop\u00f5e a\u00e7\u00f5es e planos para a pol\u00edtica cultural7 - Not\u00edcias de Todos - Models01\" \/>\n<meta property=\"og:description\" content=\"Escritores, professores, editores e poetas se reuniram na noite da sexta-feira, 8\/4, no Museu da...\" \/>\n<meta property=\"og:url\" content=\"https:\/\/markd.com.br\/models\/plenaria-do-plano-municipal-de-cultura-pmc-propoe-acoes-e-planos-para-a-politica-cultural7\/\" \/>\n<meta property=\"og:site_name\" content=\"Not\u00edcias de Todos - Models01\" \/>\n<meta property=\"article:published_time\" content=\"2022-04-11T19:10:11+00:00\" \/>\n<meta property=\"article:modified_time\" content=\"2022-04-11T19:10:18+00:00\" \/>\n<meta property=\"og:image\" content=\"https:\/\/markd.com.br\/models\/wp-content\/uploads\/2022\/04\/IMG-20220408-WA0188-720x407-1-640x445-1.jpg\" \/>\n\t<meta property=\"og:image:width\" content=\"640\" \/>\n\t<meta property=\"og:image:height\" content=\"445\" \/>\n\t<meta property=\"og:image:type\" content=\"image\/jpeg\" \/>\n<meta name=\"author\" content=\"Reda\u00e7\u00e3o Reda\u00e7\u00e3o\" \/>\n<meta name=\"twitter:card\" content=\"summary_large_image\" \/>\n<meta name=\"twitter:label1\" content=\"Escrito por\" \/>\n\t<meta name=\"twitter:data1\" content=\"Reda\u00e7\u00e3o Reda\u00e7\u00e3o\" \/>\n\t<meta name=\"twitter:label2\" content=\"Est. tempo de leitura\" \/>\n\t<meta name=\"twitter:data2\" content=\"2 minutos\" \/>\n<script type=\"application\/ld+json\" class=\"yoast-schema-graph\">{\"@context\":\"https:\/\/schema.org\",\"@graph\":[{\"@type\":\"WebPage\",\"@id\":\"https:\/\/markd.com.br\/models\/plenaria-do-plano-municipal-de-cultura-pmc-propoe-acoes-e-planos-para-a-politica-cultural7\/\",\"url\":\"https:\/\/markd.com.br\/models\/plenaria-do-plano-municipal-de-cultura-pmc-propoe-acoes-e-planos-para-a-politica-cultural7\/\",\"name\":\"Plen\u00e1ria do Plano Municipal de Cultura (PMC) prop\u00f5e a\u00e7\u00f5es e planos para a pol\u00edtica cultural7 - Not\u00edcias de Todos - Models01\",\"isPartOf\":{\"@id\":\"https:\/\/markd.com.br\/models\/#website\"},\"primaryImageOfPage\":{\"@id\":\"https:\/\/markd.com.br\/models\/plenaria-do-plano-municipal-de-cultura-pmc-propoe-acoes-e-planos-para-a-politica-cultural7\/#primaryimage\"},\"image\":{\"@id\":\"https:\/\/markd.com.br\/models\/plenaria-do-plano-municipal-de-cultura-pmc-propoe-acoes-e-planos-para-a-politica-cultural7\/#primaryimage\"},\"thumbnailUrl\":\"https:\/\/markd.com.br\/models\/wp-content\/uploads\/2022\/04\/IMG-20220408-WA0188-720x407-1-640x445-1.jpg\",\"datePublished\":\"2022-04-11T19:10:11+00:00\",\"dateModified\":\"2022-04-11T19:10:18+00:00\",\"author\":{\"@id\":\"https:\/\/markd.com.br\/models\/#\/schema\/person\/c12a77ab487a7262d8bec3c47301ad37\"},\"breadcrumb\":{\"@id\":\"https:\/\/markd.com.br\/models\/plenaria-do-plano-municipal-de-cultura-pmc-propoe-acoes-e-planos-para-a-politica-cultural7\/#breadcrumb\"},\"inLanguage\":\"pt-BR\",\"potentialAction\":[{\"@type\":\"ReadAction\",\"target\":[\"https:\/\/markd.com.br\/models\/plenaria-do-plano-municipal-de-cultura-pmc-propoe-acoes-e-planos-para-a-politica-cultural7\/\"]}]},{\"@type\":\"ImageObject\",\"inLanguage\":\"pt-BR\",\"@id\":\"https:\/\/markd.com.br\/models\/plenaria-do-plano-municipal-de-cultura-pmc-propoe-acoes-e-planos-para-a-politica-cultural7\/#primaryimage\",\"url\":\"https:\/\/markd.com.br\/models\/wp-content\/uploads\/2022\/04\/IMG-20220408-WA0188-720x407-1-640x445-1.jpg\",\"contentUrl\":\"https:\/\/markd.com.br\/models\/wp-content\/uploads\/2022\/04\/IMG-20220408-WA0188-720x407-1-640x445-1.jpg\",\"width\":640,\"height\":445},{\"@type\":\"BreadcrumbList\",\"@id\":\"https:\/\/markd.com.br\/models\/plenaria-do-plano-municipal-de-cultura-pmc-propoe-acoes-e-planos-para-a-politica-cultural7\/#breadcrumb\",\"itemListElement\":[{\"@type\":\"ListItem\",\"position\":1,\"name\":\"In\u00edcio\",\"item\":\"https:\/\/markd.com.br\/models\/\"},{\"@type\":\"ListItem\",\"position\":2,\"name\":\"Plen\u00e1ria do Plano Municipal de Cultura (PMC) prop\u00f5e a\u00e7\u00f5es e planos para a pol\u00edtica cultural7\"}]},{\"@type\":\"WebSite\",\"@id\":\"https:\/\/markd.com.br\/models\/#website\",\"url\":\"https:\/\/markd.com.br\/models\/\",\"name\":\"Not\u00edcias de Todos - Models01\",\"description\":\"Tenha um Portal de Not\u00edcias Moderno, Din\u00e2mico, R\u00e1pido e Profissional. Entregamos seu Site de  Not\u00edcias Pronto, Instalado, Hospedado, com Manual Passo a Passo e Suporte 24 horas.\",\"potentialAction\":[{\"@type\":\"SearchAction\",\"target\":{\"@type\":\"EntryPoint\",\"urlTemplate\":\"https:\/\/markd.com.br\/models\/?s={search_term_string}\"},\"query-input\":{\"@type\":\"PropertyValueSpecification\",\"valueRequired\":true,\"valueName\":\"search_term_string\"}}],\"inLanguage\":\"pt-BR\"},{\"@type\":\"Person\",\"@id\":\"https:\/\/markd.com.br\/models\/#\/schema\/person\/c12a77ab487a7262d8bec3c47301ad37\",\"name\":\"Reda\u00e7\u00e3o Reda\u00e7\u00e3o\",\"image\":{\"@type\":\"ImageObject\",\"inLanguage\":\"pt-BR\",\"@id\":\"https:\/\/markd.com.br\/models\/#\/schema\/person\/image\/\",\"url\":\"https:\/\/secure.gravatar.com\/avatar\/9448f3599ce269febf169e183039b4a6?s=96&d=mm&r=g\",\"contentUrl\":\"https:\/\/secure.gravatar.com\/avatar\/9448f3599ce269febf169e183039b4a6?s=96&d=mm&r=g\",\"caption\":\"Reda\u00e7\u00e3o Reda\u00e7\u00e3o\"},\"sameAs\":[\"https:\/\/markd.com.br\/\"],\"url\":\"https:\/\/markd.com.br\/models\/author\/redacao\/\"}]}<\/script>\n<!-- \/ Yoast SEO plugin. -->","yoast_head_json":{"title":"Plen\u00e1ria do Plano Municipal de Cultura (PMC) prop\u00f5e a\u00e7\u00f5es e planos para a pol\u00edtica cultural7 - Not\u00edcias de Todos - Models01","robots":{"index":"index","follow":"follow","max-snippet":"max-snippet:-1","max-image-preview":"max-image-preview:large","max-video-preview":"max-video-preview:-1"},"canonical":"https:\/\/markd.com.br\/models\/plenaria-do-plano-municipal-de-cultura-pmc-propoe-acoes-e-planos-para-a-politica-cultural7\/","og_locale":"pt_BR","og_type":"article","og_title":"Plen\u00e1ria do Plano Municipal de Cultura (PMC) prop\u00f5e a\u00e7\u00f5es e planos para a pol\u00edtica cultural7 - Not\u00edcias de Todos - Models01","og_description":"Escritores, professores, editores e poetas se reuniram na noite da sexta-feira, 8\/4, no Museu da...","og_url":"https:\/\/markd.com.br\/models\/plenaria-do-plano-municipal-de-cultura-pmc-propoe-acoes-e-planos-para-a-politica-cultural7\/","og_site_name":"Not\u00edcias de Todos - Models01","article_published_time":"2022-04-11T19:10:11+00:00","article_modified_time":"2022-04-11T19:10:18+00:00","og_image":[{"width":640,"height":445,"url":"https:\/\/markd.com.br\/models\/wp-content\/uploads\/2022\/04\/IMG-20220408-WA0188-720x407-1-640x445-1.jpg","type":"image\/jpeg"}],"author":"Reda\u00e7\u00e3o Reda\u00e7\u00e3o","twitter_card":"summary_large_image","twitter_misc":{"Escrito por":"Reda\u00e7\u00e3o Reda\u00e7\u00e3o","Est. tempo de leitura":"2 minutos"},"schema":{"@context":"https:\/\/schema.org","@graph":[{"@type":"WebPage","@id":"https:\/\/markd.com.br\/models\/plenaria-do-plano-municipal-de-cultura-pmc-propoe-acoes-e-planos-para-a-politica-cultural7\/","url":"https:\/\/markd.com.br\/models\/plenaria-do-plano-municipal-de-cultura-pmc-propoe-acoes-e-planos-para-a-politica-cultural7\/","name":"Plen\u00e1ria do Plano Municipal de Cultura (PMC) prop\u00f5e a\u00e7\u00f5es e planos para a pol\u00edtica cultural7 - Not\u00edcias de Todos - Models01","isPartOf":{"@id":"https:\/\/markd.com.br\/models\/#website"},"primaryImageOfPage":{"@id":"https:\/\/markd.com.br\/models\/plenaria-do-plano-municipal-de-cultura-pmc-propoe-acoes-e-planos-para-a-politica-cultural7\/#primaryimage"},"image":{"@id":"https:\/\/markd.com.br\/models\/plenaria-do-plano-municipal-de-cultura-pmc-propoe-acoes-e-planos-para-a-politica-cultural7\/#primaryimage"},"thumbnailUrl":"https:\/\/markd.com.br\/models\/wp-content\/uploads\/2022\/04\/IMG-20220408-WA0188-720x407-1-640x445-1.jpg","datePublished":"2022-04-11T19:10:11+00:00","dateModified":"2022-04-11T19:10:18+00:00","author":{"@id":"https:\/\/markd.com.br\/models\/#\/schema\/person\/c12a77ab487a7262d8bec3c47301ad37"},"breadcrumb":{"@id":"https:\/\/markd.com.br\/models\/plenaria-do-plano-municipal-de-cultura-pmc-propoe-acoes-e-planos-para-a-politica-cultural7\/#breadcrumb"},"inLanguage":"pt-BR","potentialAction":[{"@type":"ReadAction","target":["https:\/\/markd.com.br\/models\/plenaria-do-plano-municipal-de-cultura-pmc-propoe-acoes-e-planos-para-a-politica-cultural7\/"]}]},{"@type":"ImageObject","inLanguage":"pt-BR","@id":"https:\/\/markd.com.br\/models\/plenaria-do-plano-municipal-de-cultura-pmc-propoe-acoes-e-planos-para-a-politica-cultural7\/#primaryimage","url":"https:\/\/markd.com.br\/models\/wp-content\/uploads\/2022\/04\/IMG-20220408-WA0188-720x407-1-640x445-1.jpg","contentUrl":"https:\/\/markd.com.br\/models\/wp-content\/uploads\/2022\/04\/IMG-20220408-WA0188-720x407-1-640x445-1.jpg","width":640,"height":445},{"@type":"BreadcrumbList","@id":"https:\/\/markd.com.br\/models\/plenaria-do-plano-municipal-de-cultura-pmc-propoe-acoes-e-planos-para-a-politica-cultural7\/#breadcrumb","itemListElement":[{"@type":"ListItem","position":1,"name":"In\u00edcio","item":"https:\/\/markd.com.br\/models\/"},{"@type":"ListItem","position":2,"name":"Plen\u00e1ria do Plano Municipal de Cultura (PMC) prop\u00f5e a\u00e7\u00f5es e planos para a pol\u00edtica cultural7"}]},{"@type":"WebSite","@id":"https:\/\/markd.com.br\/models\/#website","url":"https:\/\/markd.com.br\/models\/","name":"Not\u00edcias de Todos - Models01","description":"Tenha um Portal de Not\u00edcias Moderno, Din\u00e2mico, R\u00e1pido e Profissional. Entregamos seu Site de  Not\u00edcias Pronto, Instalado, Hospedado, com Manual Passo a Passo e Suporte 24 horas.","potentialAction":[{"@type":"SearchAction","target":{"@type":"EntryPoint","urlTemplate":"https:\/\/markd.com.br\/models\/?s={search_term_string}"},"query-input":{"@type":"PropertyValueSpecification","valueRequired":true,"valueName":"search_term_string"}}],"inLanguage":"pt-BR"},{"@type":"Person","@id":"https:\/\/markd.com.br\/models\/#\/schema\/person\/c12a77ab487a7262d8bec3c47301ad37","name":"Reda\u00e7\u00e3o Reda\u00e7\u00e3o","image":{"@type":"ImageObject","inLanguage":"pt-BR","@id":"https:\/\/markd.com.br\/models\/#\/schema\/person\/image\/","url":"https:\/\/secure.gravatar.com\/avatar\/9448f3599ce269febf169e183039b4a6?s=96&d=mm&r=g","contentUrl":"https:\/\/secure.gravatar.com\/avatar\/9448f3599ce269febf169e183039b4a6?s=96&d=mm&r=g","caption":"Reda\u00e7\u00e3o Reda\u00e7\u00e3o"},"sameAs":["https:\/\/markd.com.br\/"],"url":"https:\/\/markd.com.br\/models\/author\/redacao\/"}]}},"featured_image_urls":{"full":["https:\/\/markd.com.br\/models\/wp-content\/uploads\/2022\/04\/IMG-20220408-WA0188-720x407-1-640x445-1.jpg",640,445,false],"thumbnail":["https:\/\/markd.com.br\/models\/wp-content\/uploads\/2022\/04\/IMG-20220408-WA0188-720x407-1-640x445-1-150x150.jpg",150,150,true],"medium":["https:\/\/markd.com.br\/models\/wp-content\/uploads\/2022\/04\/IMG-20220408-WA0188-720x407-1-640x445-1-300x209.jpg",300,209,true],"medium_large":["https:\/\/markd.com.br\/models\/wp-content\/uploads\/2022\/04\/IMG-20220408-WA0188-720x407-1-640x445-1.jpg",640,445,false],"large":["https:\/\/markd.com.br\/models\/wp-content\/uploads\/2022\/04\/IMG-20220408-WA0188-720x407-1-640x445-1.jpg",640,445,false],"1536x1536":["https:\/\/markd.com.br\/models\/wp-content\/uploads\/2022\/04\/IMG-20220408-WA0188-720x407-1-640x445-1.jpg",640,445,false],"2048x2048":["https:\/\/markd.com.br\/models\/wp-content\/uploads\/2022\/04\/IMG-20220408-WA0188-720x407-1-640x445-1.jpg",640,445,false],"newsphere-slider-full":["https:\/\/markd.com.br\/models\/wp-content\/uploads\/2022\/04\/IMG-20220408-WA0188-720x407-1-640x445-1.jpg",640,445,false],"newsphere-featured":["https:\/\/markd.com.br\/models\/wp-content\/uploads\/2022\/04\/IMG-20220408-WA0188-720x407-1-640x445-1.jpg",640,445,false],"newsphere-medium":["https:\/\/markd.com.br\/models\/wp-content\/uploads\/2022\/04\/IMG-20220408-WA0188-720x407-1-640x445-1-640x380.jpg",640,380,true]},"author_info":{"display_name":"Reda\u00e7\u00e3o Reda\u00e7\u00e3o","author_link":"https:\/\/markd.com.br\/models\/author\/redacao\/"},"category_info":"<a href=\"https:\/\/markd.com.br\/models\/category\/sem-categoria\/\" rel=\"category tag\">Sem categoria<\/a>","tag_info":"Sem categoria","comment_count":"0","jetpack_featured_media_url":"https:\/\/markd.com.br\/models\/wp-content\/uploads\/2022\/04\/IMG-20220408-WA0188-720x407-1-640x445-1.jpg","_links":{"self":[{"href":"https:\/\/markd.com.br\/models\/wp-json\/wp\/v2\/posts\/1521","targetHints":{"allow":["GET"]}}],"collection":[{"href":"https:\/\/markd.com.br\/models\/wp-json\/wp\/v2\/posts"}],"about":[{"href":"https:\/\/markd.com.br\/models\/wp-json\/wp\/v2\/types\/post"}],"author":[{"embeddable":true,"href":"https:\/\/markd.com.br\/models\/wp-json\/wp\/v2\/users\/5"}],"replies":[{"embeddable":true,"href":"https:\/\/markd.com.br\/models\/wp-json\/wp\/v2\/comments?post=1521"}],"version-history":[{"count":1,"href":"https:\/\/markd.com.br\/models\/wp-json\/wp\/v2\/posts\/1521\/revisions"}],"predecessor-version":[{"id":1523,"href":"https:\/\/markd.com.br\/models\/wp-json\/wp\/v2\/posts\/1521\/revisions\/1523"}],"wp:featuredmedia":[{"embeddable":true,"href":"https:\/\/markd.com.br\/models\/wp-json\/wp\/v2\/media\/1522"}],"wp:attachment":[{"href":"https:\/\/markd.com.br\/models\/wp-json\/wp\/v2\/media?parent=1521"}],"wp:term":[{"taxonomy":"category","embeddable":true,"href":"https:\/\/markd.com.br\/models\/wp-json\/wp\/v2\/categories?post=1521"},{"taxonomy":"post_tag","embeddable":true,"href":"https:\/\/markd.com.br\/models\/wp-json\/wp\/v2\/tags?post=1521"}],"curies":[{"name":"wp","href":"https:\/\/api.w.org\/{rel}","templated":true}]}}