{"id":1546,"date":"2022-04-13T11:34:22","date_gmt":"2022-04-13T14:34:22","guid":{"rendered":"https:\/\/portaldestaquenoticias.com.br\/?p=1546"},"modified":"2022-04-13T11:34:28","modified_gmt":"2022-04-13T14:34:28","slug":"vereador-diego-afonso-visitou-os-bairro-aleixo-e-adrianopolis-para-prestar-conta-do-seu-mandato","status":"publish","type":"post","link":"https:\/\/markd.com.br\/models\/vereador-diego-afonso-visitou-os-bairro-aleixo-e-adrianopolis-para-prestar-conta-do-seu-mandato\/","title":{"rendered":"Vereador Diego Afonso Visitou os Bairro Aleixo e Adrian\u00f3polis para prestar conta do seu mandato"},"content":{"rendered":"\n<p><\/p>\n\n\n\n<p>Na noite de Ontem 12\/04 o Vereador Diego Afonso esteve nos bairros do Aleixo e Adrian\u00f3polis, para prestar contas da sua atua\u00e7\u00e3o durante esse primeiro ano de mandato na C\u00e2mara Municipal.<\/p>\n\n\n\n<p>O apoio ao esporte em todos os bairros \u00e9 essencial para o desenvolvimento das crian\u00e7as e jovens, al\u00e9m do uso das \u00e1reas de lazer pela comunidade, evitando a criminalidade.<\/p>\n\n\n\n<p>Nesta noite, tamb\u00e9m participou da funda\u00e7\u00e3o da Associa\u00e7\u00e3o Anjo da Guarda, que j\u00e1 est\u00e1 desenvolvendo um trabalho essencial na zona Centro-Sul de Manaus.<\/p>\n\n\n\n<p>O vereador Diego tem visitado diversos bairros de Manaus para ouvir a popula\u00e7\u00e3o que busca melhorias para seu bairro.<\/p>\n","protected":false},"excerpt":{"rendered":"<p>Na noite de Ontem 12\/04 o Vereador Diego Afonso esteve nos bairros do Aleixo e&#8230;<\/p>\n","protected":false},"author":5,"featured_media":1547,"comment_status":"open","ping_status":"open","sticky":false,"template":"","format":"standard","meta":{"footnotes":""},"categories":[7],"tags":[409,410,408],"class_list":["post-1546","post","type-post","status-publish","format-standard","has-post-thumbnail","hentry","category-politica","tag-camara-municipal","tag-politica-2","tag-vereador-diego-afonso"],"yoast_head":"<!-- This site is optimized with the Yoast SEO plugin v24.4 - https:\/\/yoast.com\/wordpress\/plugins\/seo\/ -->\n<title>Vereador Diego Afonso Visitou os Bairro Aleixo e Adrian\u00f3polis para prestar conta do seu mandato - Not\u00edcias de Todos - Models01<\/title>\n<meta name=\"robots\" content=\"index, follow, max-snippet:-1, max-image-preview:large, max-video-preview:-1\" \/>\n<link rel=\"canonical\" href=\"https:\/\/markd.com.br\/models\/vereador-diego-afonso-visitou-os-bairro-aleixo-e-adrianopolis-para-prestar-conta-do-seu-mandato\/\" \/>\n<meta property=\"og:locale\" content=\"pt_BR\" \/>\n<meta property=\"og:type\" content=\"article\" \/>\n<meta property=\"og:title\" content=\"Vereador Diego Afonso Visitou os Bairro Aleixo e Adrian\u00f3polis para prestar conta do seu mandato - Not\u00edcias de Todos - Models01\" \/>\n<meta property=\"og:description\" content=\"Na noite de Ontem 12\/04 o Vereador Diego Afonso esteve nos bairros do Aleixo e...\" \/>\n<meta property=\"og:url\" content=\"https:\/\/markd.com.br\/models\/vereador-diego-afonso-visitou-os-bairro-aleixo-e-adrianopolis-para-prestar-conta-do-seu-mandato\/\" \/>\n<meta property=\"og:site_name\" content=\"Not\u00edcias de Todos - Models01\" \/>\n<meta property=\"article:published_time\" content=\"2022-04-13T14:34:22+00:00\" \/>\n<meta property=\"article:modified_time\" content=\"2022-04-13T14:34:28+00:00\" \/>\n<meta property=\"og:image\" content=\"https:\/\/markd.com.br\/models\/wp-content\/uploads\/2022\/04\/278180545_524667375691417_5944849968130011349_n-1.jpg\" \/>\n\t<meta property=\"og:image:width\" content=\"640\" \/>\n\t<meta property=\"og:image:height\" content=\"426\" \/>\n\t<meta property=\"og:image:type\" content=\"image\/jpeg\" \/>\n<meta name=\"author\" content=\"Reda\u00e7\u00e3o Reda\u00e7\u00e3o\" \/>\n<meta name=\"twitter:card\" content=\"summary_large_image\" \/>\n<meta name=\"twitter:label1\" content=\"Escrito por\" \/>\n\t<meta name=\"twitter:data1\" content=\"Reda\u00e7\u00e3o Reda\u00e7\u00e3o\" \/>\n\t<meta name=\"twitter:label2\" content=\"Est. tempo de leitura\" \/>\n\t<meta name=\"twitter:data2\" content=\"1 minuto\" \/>\n<script type=\"application\/ld+json\" class=\"yoast-schema-graph\">{\"@context\":\"https:\/\/schema.org\",\"@graph\":[{\"@type\":\"WebPage\",\"@id\":\"https:\/\/markd.com.br\/models\/vereador-diego-afonso-visitou-os-bairro-aleixo-e-adrianopolis-para-prestar-conta-do-seu-mandato\/\",\"url\":\"https:\/\/markd.com.br\/models\/vereador-diego-afonso-visitou-os-bairro-aleixo-e-adrianopolis-para-prestar-conta-do-seu-mandato\/\",\"name\":\"Vereador Diego Afonso Visitou os Bairro Aleixo e Adrian\u00f3polis para prestar conta do seu mandato - Not\u00edcias de Todos - Models01\",\"isPartOf\":{\"@id\":\"https:\/\/markd.com.br\/models\/#website\"},\"primaryImageOfPage\":{\"@id\":\"https:\/\/markd.com.br\/models\/vereador-diego-afonso-visitou-os-bairro-aleixo-e-adrianopolis-para-prestar-conta-do-seu-mandato\/#primaryimage\"},\"image\":{\"@id\":\"https:\/\/markd.com.br\/models\/vereador-diego-afonso-visitou-os-bairro-aleixo-e-adrianopolis-para-prestar-conta-do-seu-mandato\/#primaryimage\"},\"thumbnailUrl\":\"https:\/\/markd.com.br\/models\/wp-content\/uploads\/2022\/04\/278180545_524667375691417_5944849968130011349_n-1.jpg\",\"datePublished\":\"2022-04-13T14:34:22+00:00\",\"dateModified\":\"2022-04-13T14:34:28+00:00\",\"author\":{\"@id\":\"https:\/\/markd.com.br\/models\/#\/schema\/person\/c12a77ab487a7262d8bec3c47301ad37\"},\"breadcrumb\":{\"@id\":\"https:\/\/markd.com.br\/models\/vereador-diego-afonso-visitou-os-bairro-aleixo-e-adrianopolis-para-prestar-conta-do-seu-mandato\/#breadcrumb\"},\"inLanguage\":\"pt-BR\",\"potentialAction\":[{\"@type\":\"ReadAction\",\"target\":[\"https:\/\/markd.com.br\/models\/vereador-diego-afonso-visitou-os-bairro-aleixo-e-adrianopolis-para-prestar-conta-do-seu-mandato\/\"]}]},{\"@type\":\"ImageObject\",\"inLanguage\":\"pt-BR\",\"@id\":\"https:\/\/markd.com.br\/models\/vereador-diego-afonso-visitou-os-bairro-aleixo-e-adrianopolis-para-prestar-conta-do-seu-mandato\/#primaryimage\",\"url\":\"https:\/\/markd.com.br\/models\/wp-content\/uploads\/2022\/04\/278180545_524667375691417_5944849968130011349_n-1.jpg\",\"contentUrl\":\"https:\/\/markd.com.br\/models\/wp-content\/uploads\/2022\/04\/278180545_524667375691417_5944849968130011349_n-1.jpg\",\"width\":640,\"height\":426},{\"@type\":\"BreadcrumbList\",\"@id\":\"https:\/\/markd.com.br\/models\/vereador-diego-afonso-visitou-os-bairro-aleixo-e-adrianopolis-para-prestar-conta-do-seu-mandato\/#breadcrumb\",\"itemListElement\":[{\"@type\":\"ListItem\",\"position\":1,\"name\":\"In\u00edcio\",\"item\":\"https:\/\/markd.com.br\/models\/\"},{\"@type\":\"ListItem\",\"position\":2,\"name\":\"Vereador Diego Afonso Visitou os Bairro Aleixo e Adrian\u00f3polis para prestar conta do seu mandato\"}]},{\"@type\":\"WebSite\",\"@id\":\"https:\/\/markd.com.br\/models\/#website\",\"url\":\"https:\/\/markd.com.br\/models\/\",\"name\":\"Not\u00edcias de Todos - Models01\",\"description\":\"Tenha um Portal de Not\u00edcias Moderno, Din\u00e2mico, R\u00e1pido e Profissional. Entregamos seu Site de  Not\u00edcias Pronto, Instalado, Hospedado, com Manual Passo a Passo e Suporte 24 horas.\",\"potentialAction\":[{\"@type\":\"SearchAction\",\"target\":{\"@type\":\"EntryPoint\",\"urlTemplate\":\"https:\/\/markd.com.br\/models\/?s={search_term_string}\"},\"query-input\":{\"@type\":\"PropertyValueSpecification\",\"valueRequired\":true,\"valueName\":\"search_term_string\"}}],\"inLanguage\":\"pt-BR\"},{\"@type\":\"Person\",\"@id\":\"https:\/\/markd.com.br\/models\/#\/schema\/person\/c12a77ab487a7262d8bec3c47301ad37\",\"name\":\"Reda\u00e7\u00e3o Reda\u00e7\u00e3o\",\"image\":{\"@type\":\"ImageObject\",\"inLanguage\":\"pt-BR\",\"@id\":\"https:\/\/markd.com.br\/models\/#\/schema\/person\/image\/\",\"url\":\"https:\/\/secure.gravatar.com\/avatar\/9448f3599ce269febf169e183039b4a6?s=96&d=mm&r=g\",\"contentUrl\":\"https:\/\/secure.gravatar.com\/avatar\/9448f3599ce269febf169e183039b4a6?s=96&d=mm&r=g\",\"caption\":\"Reda\u00e7\u00e3o Reda\u00e7\u00e3o\"},\"sameAs\":[\"https:\/\/markd.com.br\/\"],\"url\":\"https:\/\/markd.com.br\/models\/author\/redacao\/\"}]}<\/script>\n<!-- \/ Yoast SEO plugin. -->","yoast_head_json":{"title":"Vereador Diego Afonso Visitou os Bairro Aleixo e Adrian\u00f3polis para prestar conta do seu mandato - Not\u00edcias de Todos - Models01","robots":{"index":"index","follow":"follow","max-snippet":"max-snippet:-1","max-image-preview":"max-image-preview:large","max-video-preview":"max-video-preview:-1"},"canonical":"https:\/\/markd.com.br\/models\/vereador-diego-afonso-visitou-os-bairro-aleixo-e-adrianopolis-para-prestar-conta-do-seu-mandato\/","og_locale":"pt_BR","og_type":"article","og_title":"Vereador Diego Afonso Visitou os Bairro Aleixo e Adrian\u00f3polis para prestar conta do seu mandato - Not\u00edcias de Todos - Models01","og_description":"Na noite de Ontem 12\/04 o Vereador Diego Afonso esteve nos bairros do Aleixo e...","og_url":"https:\/\/markd.com.br\/models\/vereador-diego-afonso-visitou-os-bairro-aleixo-e-adrianopolis-para-prestar-conta-do-seu-mandato\/","og_site_name":"Not\u00edcias de Todos - Models01","article_published_time":"2022-04-13T14:34:22+00:00","article_modified_time":"2022-04-13T14:34:28+00:00","og_image":[{"width":640,"height":426,"url":"https:\/\/markd.com.br\/models\/wp-content\/uploads\/2022\/04\/278180545_524667375691417_5944849968130011349_n-1.jpg","type":"image\/jpeg"}],"author":"Reda\u00e7\u00e3o Reda\u00e7\u00e3o","twitter_card":"summary_large_image","twitter_misc":{"Escrito por":"Reda\u00e7\u00e3o Reda\u00e7\u00e3o","Est. tempo de leitura":"1 minuto"},"schema":{"@context":"https:\/\/schema.org","@graph":[{"@type":"WebPage","@id":"https:\/\/markd.com.br\/models\/vereador-diego-afonso-visitou-os-bairro-aleixo-e-adrianopolis-para-prestar-conta-do-seu-mandato\/","url":"https:\/\/markd.com.br\/models\/vereador-diego-afonso-visitou-os-bairro-aleixo-e-adrianopolis-para-prestar-conta-do-seu-mandato\/","name":"Vereador Diego Afonso Visitou os Bairro Aleixo e Adrian\u00f3polis para prestar conta do seu mandato - Not\u00edcias de Todos - Models01","isPartOf":{"@id":"https:\/\/markd.com.br\/models\/#website"},"primaryImageOfPage":{"@id":"https:\/\/markd.com.br\/models\/vereador-diego-afonso-visitou-os-bairro-aleixo-e-adrianopolis-para-prestar-conta-do-seu-mandato\/#primaryimage"},"image":{"@id":"https:\/\/markd.com.br\/models\/vereador-diego-afonso-visitou-os-bairro-aleixo-e-adrianopolis-para-prestar-conta-do-seu-mandato\/#primaryimage"},"thumbnailUrl":"https:\/\/markd.com.br\/models\/wp-content\/uploads\/2022\/04\/278180545_524667375691417_5944849968130011349_n-1.jpg","datePublished":"2022-04-13T14:34:22+00:00","dateModified":"2022-04-13T14:34:28+00:00","author":{"@id":"https:\/\/markd.com.br\/models\/#\/schema\/person\/c12a77ab487a7262d8bec3c47301ad37"},"breadcrumb":{"@id":"https:\/\/markd.com.br\/models\/vereador-diego-afonso-visitou-os-bairro-aleixo-e-adrianopolis-para-prestar-conta-do-seu-mandato\/#breadcrumb"},"inLanguage":"pt-BR","potentialAction":[{"@type":"ReadAction","target":["https:\/\/markd.com.br\/models\/vereador-diego-afonso-visitou-os-bairro-aleixo-e-adrianopolis-para-prestar-conta-do-seu-mandato\/"]}]},{"@type":"ImageObject","inLanguage":"pt-BR","@id":"https:\/\/markd.com.br\/models\/vereador-diego-afonso-visitou-os-bairro-aleixo-e-adrianopolis-para-prestar-conta-do-seu-mandato\/#primaryimage","url":"https:\/\/markd.com.br\/models\/wp-content\/uploads\/2022\/04\/278180545_524667375691417_5944849968130011349_n-1.jpg","contentUrl":"https:\/\/markd.com.br\/models\/wp-content\/uploads\/2022\/04\/278180545_524667375691417_5944849968130011349_n-1.jpg","width":640,"height":426},{"@type":"BreadcrumbList","@id":"https:\/\/markd.com.br\/models\/vereador-diego-afonso-visitou-os-bairro-aleixo-e-adrianopolis-para-prestar-conta-do-seu-mandato\/#breadcrumb","itemListElement":[{"@type":"ListItem","position":1,"name":"In\u00edcio","item":"https:\/\/markd.com.br\/models\/"},{"@type":"ListItem","position":2,"name":"Vereador Diego Afonso Visitou os Bairro Aleixo e Adrian\u00f3polis para prestar conta do seu mandato"}]},{"@type":"WebSite","@id":"https:\/\/markd.com.br\/models\/#website","url":"https:\/\/markd.com.br\/models\/","name":"Not\u00edcias de Todos - Models01","description":"Tenha um Portal de Not\u00edcias Moderno, Din\u00e2mico, R\u00e1pido e Profissional. Entregamos seu Site de  Not\u00edcias Pronto, Instalado, Hospedado, com Manual Passo a Passo e Suporte 24 horas.","potentialAction":[{"@type":"SearchAction","target":{"@type":"EntryPoint","urlTemplate":"https:\/\/markd.com.br\/models\/?s={search_term_string}"},"query-input":{"@type":"PropertyValueSpecification","valueRequired":true,"valueName":"search_term_string"}}],"inLanguage":"pt-BR"},{"@type":"Person","@id":"https:\/\/markd.com.br\/models\/#\/schema\/person\/c12a77ab487a7262d8bec3c47301ad37","name":"Reda\u00e7\u00e3o Reda\u00e7\u00e3o","image":{"@type":"ImageObject","inLanguage":"pt-BR","@id":"https:\/\/markd.com.br\/models\/#\/schema\/person\/image\/","url":"https:\/\/secure.gravatar.com\/avatar\/9448f3599ce269febf169e183039b4a6?s=96&d=mm&r=g","contentUrl":"https:\/\/secure.gravatar.com\/avatar\/9448f3599ce269febf169e183039b4a6?s=96&d=mm&r=g","caption":"Reda\u00e7\u00e3o Reda\u00e7\u00e3o"},"sameAs":["https:\/\/markd.com.br\/"],"url":"https:\/\/markd.com.br\/models\/author\/redacao\/"}]}},"featured_image_urls":{"full":["https:\/\/markd.com.br\/models\/wp-content\/uploads\/2022\/04\/278180545_524667375691417_5944849968130011349_n-1.jpg",640,426,false],"thumbnail":["https:\/\/markd.com.br\/models\/wp-content\/uploads\/2022\/04\/278180545_524667375691417_5944849968130011349_n-1-150x150.jpg",150,150,true],"medium":["https:\/\/markd.com.br\/models\/wp-content\/uploads\/2022\/04\/278180545_524667375691417_5944849968130011349_n-1-300x200.jpg",300,200,true],"medium_large":["https:\/\/markd.com.br\/models\/wp-content\/uploads\/2022\/04\/278180545_524667375691417_5944849968130011349_n-1.jpg",640,426,false],"large":["https:\/\/markd.com.br\/models\/wp-content\/uploads\/2022\/04\/278180545_524667375691417_5944849968130011349_n-1.jpg",640,426,false],"1536x1536":["https:\/\/markd.com.br\/models\/wp-content\/uploads\/2022\/04\/278180545_524667375691417_5944849968130011349_n-1.jpg",640,426,false],"2048x2048":["https:\/\/markd.com.br\/models\/wp-content\/uploads\/2022\/04\/278180545_524667375691417_5944849968130011349_n-1.jpg",640,426,false],"newsphere-slider-full":["https:\/\/markd.com.br\/models\/wp-content\/uploads\/2022\/04\/278180545_524667375691417_5944849968130011349_n-1.jpg",640,426,false],"newsphere-featured":["https:\/\/markd.com.br\/models\/wp-content\/uploads\/2022\/04\/278180545_524667375691417_5944849968130011349_n-1.jpg",640,426,false],"newsphere-medium":["https:\/\/markd.com.br\/models\/wp-content\/uploads\/2022\/04\/278180545_524667375691417_5944849968130011349_n-1-640x380.jpg",640,380,true]},"author_info":{"display_name":"Reda\u00e7\u00e3o Reda\u00e7\u00e3o","author_link":"https:\/\/markd.com.br\/models\/author\/redacao\/"},"category_info":"<a href=\"https:\/\/markd.com.br\/models\/category\/politica\/\" rel=\"category tag\">Pol\u00edtica<\/a>","tag_info":"Pol\u00edtica","comment_count":"0","jetpack_featured_media_url":"https:\/\/markd.com.br\/models\/wp-content\/uploads\/2022\/04\/278180545_524667375691417_5944849968130011349_n-1.jpg","_links":{"self":[{"href":"https:\/\/markd.com.br\/models\/wp-json\/wp\/v2\/posts\/1546","targetHints":{"allow":["GET"]}}],"collection":[{"href":"https:\/\/markd.com.br\/models\/wp-json\/wp\/v2\/posts"}],"about":[{"href":"https:\/\/markd.com.br\/models\/wp-json\/wp\/v2\/types\/post"}],"author":[{"embeddable":true,"href":"https:\/\/markd.com.br\/models\/wp-json\/wp\/v2\/users\/5"}],"replies":[{"embeddable":true,"href":"https:\/\/markd.com.br\/models\/wp-json\/wp\/v2\/comments?post=1546"}],"version-history":[{"count":1,"href":"https:\/\/markd.com.br\/models\/wp-json\/wp\/v2\/posts\/1546\/revisions"}],"predecessor-version":[{"id":1548,"href":"https:\/\/markd.com.br\/models\/wp-json\/wp\/v2\/posts\/1546\/revisions\/1548"}],"wp:featuredmedia":[{"embeddable":true,"href":"https:\/\/markd.com.br\/models\/wp-json\/wp\/v2\/media\/1547"}],"wp:attachment":[{"href":"https:\/\/markd.com.br\/models\/wp-json\/wp\/v2\/media?parent=1546"}],"wp:term":[{"taxonomy":"category","embeddable":true,"href":"https:\/\/markd.com.br\/models\/wp-json\/wp\/v2\/categories?post=1546"},{"taxonomy":"post_tag","embeddable":true,"href":"https:\/\/markd.com.br\/models\/wp-json\/wp\/v2\/tags?post=1546"}],"curies":[{"name":"wp","href":"https:\/\/api.w.org\/{rel}","templated":true}]}}