{"id":1549,"date":"2022-04-13T11:39:02","date_gmt":"2022-04-13T14:39:02","guid":{"rendered":"https:\/\/portaldestaquenoticias.com.br\/?p=1549"},"modified":"2022-04-13T11:39:06","modified_gmt":"2022-04-13T14:39:06","slug":"secretaria-da-semed-dulce-almeida-debateu-na-camara-municipal-de-manaus-sobre-melhorias-educacionais-para-criancas-autistas","status":"publish","type":"post","link":"https:\/\/markd.com.br\/models\/secretaria-da-semed-dulce-almeida-debateu-na-camara-municipal-de-manaus-sobre-melhorias-educacionais-para-criancas-autistas\/","title":{"rendered":"Secret\u00e1ria da Semed Dulce Almeida debateu na C\u00e2mara Municipal de Manaus sobre melhorias educacionais para Crian\u00e7as Autistas"},"content":{"rendered":"\n<p><\/p>\n\n\n\n<p>A secret\u00e1ria da Semed, Dulce Almeida, esteve na C\u00e2mara Municipal para debater sobre melhorias educacionais para as crian\u00e7as com autismo.<br><br>O Vereador Diego Afonso aproveitou a oportunidade para apresentar o Projeto de Lei, de sua autoria, que prop\u00f5e homenagem \u00e0 secretaria com a Medalha Garcitylzo do Lago e Silva.<br><br>O PL ainda ser\u00e1 votado pelos vereadores, no plen\u00e1rio da Casa Legislativa.<\/p>\n\n\n\n<p>Justa Homenagem.<\/p>\n","protected":false},"excerpt":{"rendered":"<p>A secret\u00e1ria da Semed, Dulce Almeida, esteve na C\u00e2mara Municipal para debater sobre melhorias educacionais&#8230;<\/p>\n","protected":false},"author":5,"featured_media":1550,"comment_status":"open","ping_status":"open","sticky":false,"template":"","format":"standard","meta":{"footnotes":""},"categories":[1],"tags":[409,85,411],"class_list":["post-1549","post","type-post","status-publish","format-standard","has-post-thumbnail","hentry","category-sem-categoria","tag-camara-municipal","tag-dulce-almeida","tag-semed"],"yoast_head":"<!-- This site is optimized with the Yoast SEO plugin v24.4 - https:\/\/yoast.com\/wordpress\/plugins\/seo\/ -->\n<title>Secret\u00e1ria da Semed Dulce Almeida debateu na C\u00e2mara Municipal de Manaus sobre melhorias educacionais para Crian\u00e7as Autistas - Not\u00edcias de Todos - Models01<\/title>\n<meta name=\"robots\" content=\"index, follow, max-snippet:-1, max-image-preview:large, max-video-preview:-1\" \/>\n<link rel=\"canonical\" href=\"https:\/\/markd.com.br\/models\/secretaria-da-semed-dulce-almeida-debateu-na-camara-municipal-de-manaus-sobre-melhorias-educacionais-para-criancas-autistas\/\" \/>\n<meta property=\"og:locale\" content=\"pt_BR\" \/>\n<meta property=\"og:type\" content=\"article\" \/>\n<meta property=\"og:title\" content=\"Secret\u00e1ria da Semed Dulce Almeida debateu na C\u00e2mara Municipal de Manaus sobre melhorias educacionais para Crian\u00e7as Autistas - Not\u00edcias de Todos - Models01\" \/>\n<meta property=\"og:description\" content=\"A secret\u00e1ria da Semed, Dulce Almeida, esteve na C\u00e2mara Municipal para debater sobre melhorias educacionais...\" \/>\n<meta property=\"og:url\" content=\"https:\/\/markd.com.br\/models\/secretaria-da-semed-dulce-almeida-debateu-na-camara-municipal-de-manaus-sobre-melhorias-educacionais-para-criancas-autistas\/\" \/>\n<meta property=\"og:site_name\" content=\"Not\u00edcias de Todos - Models01\" \/>\n<meta property=\"article:published_time\" content=\"2022-04-13T14:39:02+00:00\" \/>\n<meta property=\"article:modified_time\" content=\"2022-04-13T14:39:06+00:00\" \/>\n<meta property=\"og:image\" content=\"https:\/\/markd.com.br\/models\/wp-content\/uploads\/2022\/04\/278434214_524492055708949_7417590171274299555_n-1.jpg\" \/>\n\t<meta property=\"og:image:width\" content=\"640\" \/>\n\t<meta property=\"og:image:height\" content=\"427\" \/>\n\t<meta property=\"og:image:type\" content=\"image\/jpeg\" \/>\n<meta name=\"author\" content=\"Reda\u00e7\u00e3o Reda\u00e7\u00e3o\" \/>\n<meta name=\"twitter:card\" content=\"summary_large_image\" \/>\n<meta name=\"twitter:label1\" content=\"Escrito por\" \/>\n\t<meta name=\"twitter:data1\" content=\"Reda\u00e7\u00e3o Reda\u00e7\u00e3o\" \/>\n\t<meta name=\"twitter:label2\" content=\"Est. tempo de leitura\" \/>\n\t<meta name=\"twitter:data2\" content=\"1 minuto\" \/>\n<script type=\"application\/ld+json\" class=\"yoast-schema-graph\">{\"@context\":\"https:\/\/schema.org\",\"@graph\":[{\"@type\":\"WebPage\",\"@id\":\"https:\/\/markd.com.br\/models\/secretaria-da-semed-dulce-almeida-debateu-na-camara-municipal-de-manaus-sobre-melhorias-educacionais-para-criancas-autistas\/\",\"url\":\"https:\/\/markd.com.br\/models\/secretaria-da-semed-dulce-almeida-debateu-na-camara-municipal-de-manaus-sobre-melhorias-educacionais-para-criancas-autistas\/\",\"name\":\"Secret\u00e1ria da Semed Dulce Almeida debateu na C\u00e2mara Municipal de Manaus sobre melhorias educacionais para Crian\u00e7as Autistas - Not\u00edcias de Todos - Models01\",\"isPartOf\":{\"@id\":\"https:\/\/markd.com.br\/models\/#website\"},\"primaryImageOfPage\":{\"@id\":\"https:\/\/markd.com.br\/models\/secretaria-da-semed-dulce-almeida-debateu-na-camara-municipal-de-manaus-sobre-melhorias-educacionais-para-criancas-autistas\/#primaryimage\"},\"image\":{\"@id\":\"https:\/\/markd.com.br\/models\/secretaria-da-semed-dulce-almeida-debateu-na-camara-municipal-de-manaus-sobre-melhorias-educacionais-para-criancas-autistas\/#primaryimage\"},\"thumbnailUrl\":\"https:\/\/markd.com.br\/models\/wp-content\/uploads\/2022\/04\/278434214_524492055708949_7417590171274299555_n-1.jpg\",\"datePublished\":\"2022-04-13T14:39:02+00:00\",\"dateModified\":\"2022-04-13T14:39:06+00:00\",\"author\":{\"@id\":\"https:\/\/markd.com.br\/models\/#\/schema\/person\/c12a77ab487a7262d8bec3c47301ad37\"},\"breadcrumb\":{\"@id\":\"https:\/\/markd.com.br\/models\/secretaria-da-semed-dulce-almeida-debateu-na-camara-municipal-de-manaus-sobre-melhorias-educacionais-para-criancas-autistas\/#breadcrumb\"},\"inLanguage\":\"pt-BR\",\"potentialAction\":[{\"@type\":\"ReadAction\",\"target\":[\"https:\/\/markd.com.br\/models\/secretaria-da-semed-dulce-almeida-debateu-na-camara-municipal-de-manaus-sobre-melhorias-educacionais-para-criancas-autistas\/\"]}]},{\"@type\":\"ImageObject\",\"inLanguage\":\"pt-BR\",\"@id\":\"https:\/\/markd.com.br\/models\/secretaria-da-semed-dulce-almeida-debateu-na-camara-municipal-de-manaus-sobre-melhorias-educacionais-para-criancas-autistas\/#primaryimage\",\"url\":\"https:\/\/markd.com.br\/models\/wp-content\/uploads\/2022\/04\/278434214_524492055708949_7417590171274299555_n-1.jpg\",\"contentUrl\":\"https:\/\/markd.com.br\/models\/wp-content\/uploads\/2022\/04\/278434214_524492055708949_7417590171274299555_n-1.jpg\",\"width\":640,\"height\":427},{\"@type\":\"BreadcrumbList\",\"@id\":\"https:\/\/markd.com.br\/models\/secretaria-da-semed-dulce-almeida-debateu-na-camara-municipal-de-manaus-sobre-melhorias-educacionais-para-criancas-autistas\/#breadcrumb\",\"itemListElement\":[{\"@type\":\"ListItem\",\"position\":1,\"name\":\"In\u00edcio\",\"item\":\"https:\/\/markd.com.br\/models\/\"},{\"@type\":\"ListItem\",\"position\":2,\"name\":\"Secret\u00e1ria da Semed Dulce Almeida debateu na C\u00e2mara Municipal de Manaus sobre melhorias educacionais para Crian\u00e7as Autistas\"}]},{\"@type\":\"WebSite\",\"@id\":\"https:\/\/markd.com.br\/models\/#website\",\"url\":\"https:\/\/markd.com.br\/models\/\",\"name\":\"Not\u00edcias de Todos - Models01\",\"description\":\"Tenha um Portal de Not\u00edcias Moderno, Din\u00e2mico, R\u00e1pido e Profissional. Entregamos seu Site de  Not\u00edcias Pronto, Instalado, Hospedado, com Manual Passo a Passo e Suporte 24 horas.\",\"potentialAction\":[{\"@type\":\"SearchAction\",\"target\":{\"@type\":\"EntryPoint\",\"urlTemplate\":\"https:\/\/markd.com.br\/models\/?s={search_term_string}\"},\"query-input\":{\"@type\":\"PropertyValueSpecification\",\"valueRequired\":true,\"valueName\":\"search_term_string\"}}],\"inLanguage\":\"pt-BR\"},{\"@type\":\"Person\",\"@id\":\"https:\/\/markd.com.br\/models\/#\/schema\/person\/c12a77ab487a7262d8bec3c47301ad37\",\"name\":\"Reda\u00e7\u00e3o Reda\u00e7\u00e3o\",\"image\":{\"@type\":\"ImageObject\",\"inLanguage\":\"pt-BR\",\"@id\":\"https:\/\/markd.com.br\/models\/#\/schema\/person\/image\/\",\"url\":\"https:\/\/secure.gravatar.com\/avatar\/9448f3599ce269febf169e183039b4a6?s=96&d=mm&r=g\",\"contentUrl\":\"https:\/\/secure.gravatar.com\/avatar\/9448f3599ce269febf169e183039b4a6?s=96&d=mm&r=g\",\"caption\":\"Reda\u00e7\u00e3o Reda\u00e7\u00e3o\"},\"sameAs\":[\"https:\/\/markd.com.br\/\"],\"url\":\"https:\/\/markd.com.br\/models\/author\/redacao\/\"}]}<\/script>\n<!-- \/ Yoast SEO plugin. -->","yoast_head_json":{"title":"Secret\u00e1ria da Semed Dulce Almeida debateu na C\u00e2mara Municipal de Manaus sobre melhorias educacionais para Crian\u00e7as Autistas - Not\u00edcias de Todos - Models01","robots":{"index":"index","follow":"follow","max-snippet":"max-snippet:-1","max-image-preview":"max-image-preview:large","max-video-preview":"max-video-preview:-1"},"canonical":"https:\/\/markd.com.br\/models\/secretaria-da-semed-dulce-almeida-debateu-na-camara-municipal-de-manaus-sobre-melhorias-educacionais-para-criancas-autistas\/","og_locale":"pt_BR","og_type":"article","og_title":"Secret\u00e1ria da Semed Dulce Almeida debateu na C\u00e2mara Municipal de Manaus sobre melhorias educacionais para Crian\u00e7as Autistas - Not\u00edcias de Todos - Models01","og_description":"A secret\u00e1ria da Semed, Dulce Almeida, esteve na C\u00e2mara Municipal para debater sobre melhorias educacionais...","og_url":"https:\/\/markd.com.br\/models\/secretaria-da-semed-dulce-almeida-debateu-na-camara-municipal-de-manaus-sobre-melhorias-educacionais-para-criancas-autistas\/","og_site_name":"Not\u00edcias de Todos - Models01","article_published_time":"2022-04-13T14:39:02+00:00","article_modified_time":"2022-04-13T14:39:06+00:00","og_image":[{"width":640,"height":427,"url":"https:\/\/markd.com.br\/models\/wp-content\/uploads\/2022\/04\/278434214_524492055708949_7417590171274299555_n-1.jpg","type":"image\/jpeg"}],"author":"Reda\u00e7\u00e3o Reda\u00e7\u00e3o","twitter_card":"summary_large_image","twitter_misc":{"Escrito por":"Reda\u00e7\u00e3o Reda\u00e7\u00e3o","Est. tempo de leitura":"1 minuto"},"schema":{"@context":"https:\/\/schema.org","@graph":[{"@type":"WebPage","@id":"https:\/\/markd.com.br\/models\/secretaria-da-semed-dulce-almeida-debateu-na-camara-municipal-de-manaus-sobre-melhorias-educacionais-para-criancas-autistas\/","url":"https:\/\/markd.com.br\/models\/secretaria-da-semed-dulce-almeida-debateu-na-camara-municipal-de-manaus-sobre-melhorias-educacionais-para-criancas-autistas\/","name":"Secret\u00e1ria da Semed Dulce Almeida debateu na C\u00e2mara Municipal de Manaus sobre melhorias educacionais para Crian\u00e7as Autistas - Not\u00edcias de Todos - Models01","isPartOf":{"@id":"https:\/\/markd.com.br\/models\/#website"},"primaryImageOfPage":{"@id":"https:\/\/markd.com.br\/models\/secretaria-da-semed-dulce-almeida-debateu-na-camara-municipal-de-manaus-sobre-melhorias-educacionais-para-criancas-autistas\/#primaryimage"},"image":{"@id":"https:\/\/markd.com.br\/models\/secretaria-da-semed-dulce-almeida-debateu-na-camara-municipal-de-manaus-sobre-melhorias-educacionais-para-criancas-autistas\/#primaryimage"},"thumbnailUrl":"https:\/\/markd.com.br\/models\/wp-content\/uploads\/2022\/04\/278434214_524492055708949_7417590171274299555_n-1.jpg","datePublished":"2022-04-13T14:39:02+00:00","dateModified":"2022-04-13T14:39:06+00:00","author":{"@id":"https:\/\/markd.com.br\/models\/#\/schema\/person\/c12a77ab487a7262d8bec3c47301ad37"},"breadcrumb":{"@id":"https:\/\/markd.com.br\/models\/secretaria-da-semed-dulce-almeida-debateu-na-camara-municipal-de-manaus-sobre-melhorias-educacionais-para-criancas-autistas\/#breadcrumb"},"inLanguage":"pt-BR","potentialAction":[{"@type":"ReadAction","target":["https:\/\/markd.com.br\/models\/secretaria-da-semed-dulce-almeida-debateu-na-camara-municipal-de-manaus-sobre-melhorias-educacionais-para-criancas-autistas\/"]}]},{"@type":"ImageObject","inLanguage":"pt-BR","@id":"https:\/\/markd.com.br\/models\/secretaria-da-semed-dulce-almeida-debateu-na-camara-municipal-de-manaus-sobre-melhorias-educacionais-para-criancas-autistas\/#primaryimage","url":"https:\/\/markd.com.br\/models\/wp-content\/uploads\/2022\/04\/278434214_524492055708949_7417590171274299555_n-1.jpg","contentUrl":"https:\/\/markd.com.br\/models\/wp-content\/uploads\/2022\/04\/278434214_524492055708949_7417590171274299555_n-1.jpg","width":640,"height":427},{"@type":"BreadcrumbList","@id":"https:\/\/markd.com.br\/models\/secretaria-da-semed-dulce-almeida-debateu-na-camara-municipal-de-manaus-sobre-melhorias-educacionais-para-criancas-autistas\/#breadcrumb","itemListElement":[{"@type":"ListItem","position":1,"name":"In\u00edcio","item":"https:\/\/markd.com.br\/models\/"},{"@type":"ListItem","position":2,"name":"Secret\u00e1ria da Semed Dulce Almeida debateu na C\u00e2mara Municipal de Manaus sobre melhorias educacionais para Crian\u00e7as Autistas"}]},{"@type":"WebSite","@id":"https:\/\/markd.com.br\/models\/#website","url":"https:\/\/markd.com.br\/models\/","name":"Not\u00edcias de Todos - Models01","description":"Tenha um Portal de Not\u00edcias Moderno, Din\u00e2mico, R\u00e1pido e Profissional. Entregamos seu Site de  Not\u00edcias Pronto, Instalado, Hospedado, com Manual Passo a Passo e Suporte 24 horas.","potentialAction":[{"@type":"SearchAction","target":{"@type":"EntryPoint","urlTemplate":"https:\/\/markd.com.br\/models\/?s={search_term_string}"},"query-input":{"@type":"PropertyValueSpecification","valueRequired":true,"valueName":"search_term_string"}}],"inLanguage":"pt-BR"},{"@type":"Person","@id":"https:\/\/markd.com.br\/models\/#\/schema\/person\/c12a77ab487a7262d8bec3c47301ad37","name":"Reda\u00e7\u00e3o Reda\u00e7\u00e3o","image":{"@type":"ImageObject","inLanguage":"pt-BR","@id":"https:\/\/markd.com.br\/models\/#\/schema\/person\/image\/","url":"https:\/\/secure.gravatar.com\/avatar\/9448f3599ce269febf169e183039b4a6?s=96&d=mm&r=g","contentUrl":"https:\/\/secure.gravatar.com\/avatar\/9448f3599ce269febf169e183039b4a6?s=96&d=mm&r=g","caption":"Reda\u00e7\u00e3o Reda\u00e7\u00e3o"},"sameAs":["https:\/\/markd.com.br\/"],"url":"https:\/\/markd.com.br\/models\/author\/redacao\/"}]}},"featured_image_urls":{"full":["https:\/\/markd.com.br\/models\/wp-content\/uploads\/2022\/04\/278434214_524492055708949_7417590171274299555_n-1.jpg",640,427,false],"thumbnail":["https:\/\/markd.com.br\/models\/wp-content\/uploads\/2022\/04\/278434214_524492055708949_7417590171274299555_n-1-150x150.jpg",150,150,true],"medium":["https:\/\/markd.com.br\/models\/wp-content\/uploads\/2022\/04\/278434214_524492055708949_7417590171274299555_n-1-300x200.jpg",300,200,true],"medium_large":["https:\/\/markd.com.br\/models\/wp-content\/uploads\/2022\/04\/278434214_524492055708949_7417590171274299555_n-1.jpg",640,427,false],"large":["https:\/\/markd.com.br\/models\/wp-content\/uploads\/2022\/04\/278434214_524492055708949_7417590171274299555_n-1.jpg",640,427,false],"1536x1536":["https:\/\/markd.com.br\/models\/wp-content\/uploads\/2022\/04\/278434214_524492055708949_7417590171274299555_n-1.jpg",640,427,false],"2048x2048":["https:\/\/markd.com.br\/models\/wp-content\/uploads\/2022\/04\/278434214_524492055708949_7417590171274299555_n-1.jpg",640,427,false],"newsphere-slider-full":["https:\/\/markd.com.br\/models\/wp-content\/uploads\/2022\/04\/278434214_524492055708949_7417590171274299555_n-1.jpg",640,427,false],"newsphere-featured":["https:\/\/markd.com.br\/models\/wp-content\/uploads\/2022\/04\/278434214_524492055708949_7417590171274299555_n-1.jpg",640,427,false],"newsphere-medium":["https:\/\/markd.com.br\/models\/wp-content\/uploads\/2022\/04\/278434214_524492055708949_7417590171274299555_n-1-640x380.jpg",640,380,true]},"author_info":{"display_name":"Reda\u00e7\u00e3o Reda\u00e7\u00e3o","author_link":"https:\/\/markd.com.br\/models\/author\/redacao\/"},"category_info":"<a href=\"https:\/\/markd.com.br\/models\/category\/sem-categoria\/\" rel=\"category tag\">Sem categoria<\/a>","tag_info":"Sem categoria","comment_count":"0","jetpack_featured_media_url":"https:\/\/markd.com.br\/models\/wp-content\/uploads\/2022\/04\/278434214_524492055708949_7417590171274299555_n-1.jpg","_links":{"self":[{"href":"https:\/\/markd.com.br\/models\/wp-json\/wp\/v2\/posts\/1549","targetHints":{"allow":["GET"]}}],"collection":[{"href":"https:\/\/markd.com.br\/models\/wp-json\/wp\/v2\/posts"}],"about":[{"href":"https:\/\/markd.com.br\/models\/wp-json\/wp\/v2\/types\/post"}],"author":[{"embeddable":true,"href":"https:\/\/markd.com.br\/models\/wp-json\/wp\/v2\/users\/5"}],"replies":[{"embeddable":true,"href":"https:\/\/markd.com.br\/models\/wp-json\/wp\/v2\/comments?post=1549"}],"version-history":[{"count":1,"href":"https:\/\/markd.com.br\/models\/wp-json\/wp\/v2\/posts\/1549\/revisions"}],"predecessor-version":[{"id":1551,"href":"https:\/\/markd.com.br\/models\/wp-json\/wp\/v2\/posts\/1549\/revisions\/1551"}],"wp:featuredmedia":[{"embeddable":true,"href":"https:\/\/markd.com.br\/models\/wp-json\/wp\/v2\/media\/1550"}],"wp:attachment":[{"href":"https:\/\/markd.com.br\/models\/wp-json\/wp\/v2\/media?parent=1549"}],"wp:term":[{"taxonomy":"category","embeddable":true,"href":"https:\/\/markd.com.br\/models\/wp-json\/wp\/v2\/categories?post=1549"},{"taxonomy":"post_tag","embeddable":true,"href":"https:\/\/markd.com.br\/models\/wp-json\/wp\/v2\/tags?post=1549"}],"curies":[{"name":"wp","href":"https:\/\/api.w.org\/{rel}","templated":true}]}}