{"id":1552,"date":"2022-04-13T11:42:39","date_gmt":"2022-04-13T14:42:39","guid":{"rendered":"https:\/\/portaldestaquenoticias.com.br\/?p=1552"},"modified":"2022-04-13T11:42:45","modified_gmt":"2022-04-13T14:42:45","slug":"prefeitura-divulga-lista-de-selecionados-para-formacao-de-startups","status":"publish","type":"post","link":"https:\/\/markd.com.br\/models\/prefeitura-divulga-lista-de-selecionados-para-formacao-de-startups\/","title":{"rendered":"Prefeitura divulga lista de selecionados para \u2018Forma\u00e7\u00e3o de Startups\u2019"},"content":{"rendered":"\n<p><\/p>\n\n\n\n<p>A Prefeitura de Manaus, por meio da Secretaria Municipal do Trabalho, Empreendedorismo e Inova\u00e7\u00e3o (Semtepi), em parceria com o Instituto de Desenvolvimento, Turismo, Cultura, Esporte e Meio Ambiente (IDT-Cema), divulga, nesta ter\u00e7a-feira, 13\/4, os selecionados para a terceira turma do curso \u201cForma\u00e7\u00e3o de Startups\u201d, que ser\u00e1 realizado entre os dias 15 e 17\/4, no Casar\u00e3o da Inova\u00e7\u00e3o Cassina, no Centro.<\/p>\n\n\n\n<p>\u201cO edital Mais Inova\u00e7\u00e3o trouxe para a cidade novas tecnologias e uma nova vis\u00e3o do empreendedorismo e o Forma\u00e7\u00e3o de Startups foi idealizado com o intuito de fomentar e fortalecer ainda mais o empreendedorismo e a inova\u00e7\u00e3o na nossa capital\u201d, destacou o secret\u00e1rio da Semtepi, Radyr J\u00fanior.<\/p>\n\n\n\n<p>Com dura\u00e7\u00e3o de 18 horas, o curso permitir\u00e1 aos alunos uma intera\u00e7\u00e3o com mentores selecionados em todo o Brasil. A metodologia tem como objetivo promover o interc\u00e2mbio de conhecimentos, ampliar a&nbsp;<em>network&nbsp;<\/em>e criar oportunidades em outros ecossistemas e mercados.<\/p>\n\n\n\n<p>&nbsp;A lista completa de selecionados pode ser conferida em (<a href=\"http:\/\/semtepi.manaus.am.gov.br\/\" target=\"_blank\" rel=\"noreferrer noopener\">semtepi.manaus.am.gov.br<\/a>), a partir das 18h.<\/p>\n\n\n\n<p>\u2014 \u2014 \u2014<strong>Texto<\/strong>&nbsp;\u2013 Divulga\u00e7\u00e3o \/ Semtepi<\/p>\n","protected":false},"excerpt":{"rendered":"<p>A Prefeitura de Manaus, por meio da Secretaria Municipal do Trabalho, Empreendedorismo e Inova\u00e7\u00e3o (Semtepi),&#8230;<\/p>\n","protected":false},"author":5,"featured_media":1553,"comment_status":"open","ping_status":"open","sticky":false,"template":"","format":"standard","meta":{"footnotes":""},"categories":[35],"tags":[414,43,413],"class_list":["post-1552","post","type-post","status-publish","format-standard","has-post-thumbnail","hentry","category-prefeitura-de-manaus","tag-cultura","tag-prefeitura-de-manaus","tag-semtepi"],"yoast_head":"<!-- This site is optimized with the Yoast SEO plugin v24.4 - https:\/\/yoast.com\/wordpress\/plugins\/seo\/ -->\n<title>Prefeitura divulga lista de selecionados para \u2018Forma\u00e7\u00e3o de Startups\u2019 - Not\u00edcias de Todos - Models01<\/title>\n<meta name=\"robots\" content=\"index, follow, max-snippet:-1, max-image-preview:large, max-video-preview:-1\" \/>\n<link rel=\"canonical\" href=\"https:\/\/markd.com.br\/models\/prefeitura-divulga-lista-de-selecionados-para-formacao-de-startups\/\" \/>\n<meta property=\"og:locale\" content=\"pt_BR\" \/>\n<meta property=\"og:type\" content=\"article\" \/>\n<meta property=\"og:title\" content=\"Prefeitura divulga lista de selecionados para \u2018Forma\u00e7\u00e3o de Startups\u2019 - Not\u00edcias de Todos - Models01\" \/>\n<meta property=\"og:description\" content=\"A Prefeitura de Manaus, por meio da Secretaria Municipal do Trabalho, Empreendedorismo e Inova\u00e7\u00e3o (Semtepi),...\" \/>\n<meta property=\"og:url\" content=\"https:\/\/markd.com.br\/models\/prefeitura-divulga-lista-de-selecionados-para-formacao-de-startups\/\" \/>\n<meta property=\"og:site_name\" content=\"Not\u00edcias de Todos - Models01\" \/>\n<meta property=\"article:published_time\" content=\"2022-04-13T14:42:39+00:00\" \/>\n<meta property=\"article:modified_time\" content=\"2022-04-13T14:42:45+00:00\" \/>\n<meta property=\"og:image\" content=\"https:\/\/markd.com.br\/models\/wp-content\/uploads\/2022\/04\/51876089201_31e760cc3d_k-720x407-1-1.jpg\" \/>\n\t<meta property=\"og:image:width\" content=\"640\" \/>\n\t<meta property=\"og:image:height\" content=\"362\" \/>\n\t<meta property=\"og:image:type\" content=\"image\/jpeg\" \/>\n<meta name=\"author\" content=\"Reda\u00e7\u00e3o Reda\u00e7\u00e3o\" \/>\n<meta name=\"twitter:card\" content=\"summary_large_image\" \/>\n<meta name=\"twitter:label1\" content=\"Escrito por\" \/>\n\t<meta name=\"twitter:data1\" content=\"Reda\u00e7\u00e3o Reda\u00e7\u00e3o\" \/>\n\t<meta name=\"twitter:label2\" content=\"Est. tempo de leitura\" \/>\n\t<meta name=\"twitter:data2\" content=\"1 minuto\" \/>\n<script type=\"application\/ld+json\" class=\"yoast-schema-graph\">{\"@context\":\"https:\/\/schema.org\",\"@graph\":[{\"@type\":\"WebPage\",\"@id\":\"https:\/\/markd.com.br\/models\/prefeitura-divulga-lista-de-selecionados-para-formacao-de-startups\/\",\"url\":\"https:\/\/markd.com.br\/models\/prefeitura-divulga-lista-de-selecionados-para-formacao-de-startups\/\",\"name\":\"Prefeitura divulga lista de selecionados para \u2018Forma\u00e7\u00e3o de Startups\u2019 - Not\u00edcias de Todos - Models01\",\"isPartOf\":{\"@id\":\"https:\/\/markd.com.br\/models\/#website\"},\"primaryImageOfPage\":{\"@id\":\"https:\/\/markd.com.br\/models\/prefeitura-divulga-lista-de-selecionados-para-formacao-de-startups\/#primaryimage\"},\"image\":{\"@id\":\"https:\/\/markd.com.br\/models\/prefeitura-divulga-lista-de-selecionados-para-formacao-de-startups\/#primaryimage\"},\"thumbnailUrl\":\"https:\/\/markd.com.br\/models\/wp-content\/uploads\/2022\/04\/51876089201_31e760cc3d_k-720x407-1-1.jpg\",\"datePublished\":\"2022-04-13T14:42:39+00:00\",\"dateModified\":\"2022-04-13T14:42:45+00:00\",\"author\":{\"@id\":\"https:\/\/markd.com.br\/models\/#\/schema\/person\/c12a77ab487a7262d8bec3c47301ad37\"},\"breadcrumb\":{\"@id\":\"https:\/\/markd.com.br\/models\/prefeitura-divulga-lista-de-selecionados-para-formacao-de-startups\/#breadcrumb\"},\"inLanguage\":\"pt-BR\",\"potentialAction\":[{\"@type\":\"ReadAction\",\"target\":[\"https:\/\/markd.com.br\/models\/prefeitura-divulga-lista-de-selecionados-para-formacao-de-startups\/\"]}]},{\"@type\":\"ImageObject\",\"inLanguage\":\"pt-BR\",\"@id\":\"https:\/\/markd.com.br\/models\/prefeitura-divulga-lista-de-selecionados-para-formacao-de-startups\/#primaryimage\",\"url\":\"https:\/\/markd.com.br\/models\/wp-content\/uploads\/2022\/04\/51876089201_31e760cc3d_k-720x407-1-1.jpg\",\"contentUrl\":\"https:\/\/markd.com.br\/models\/wp-content\/uploads\/2022\/04\/51876089201_31e760cc3d_k-720x407-1-1.jpg\",\"width\":640,\"height\":362},{\"@type\":\"BreadcrumbList\",\"@id\":\"https:\/\/markd.com.br\/models\/prefeitura-divulga-lista-de-selecionados-para-formacao-de-startups\/#breadcrumb\",\"itemListElement\":[{\"@type\":\"ListItem\",\"position\":1,\"name\":\"In\u00edcio\",\"item\":\"https:\/\/markd.com.br\/models\/\"},{\"@type\":\"ListItem\",\"position\":2,\"name\":\"Prefeitura divulga lista de selecionados para \u2018Forma\u00e7\u00e3o de Startups\u2019\"}]},{\"@type\":\"WebSite\",\"@id\":\"https:\/\/markd.com.br\/models\/#website\",\"url\":\"https:\/\/markd.com.br\/models\/\",\"name\":\"Not\u00edcias de Todos - Models01\",\"description\":\"Tenha um Portal de Not\u00edcias Moderno, Din\u00e2mico, R\u00e1pido e Profissional. Entregamos seu Site de  Not\u00edcias Pronto, Instalado, Hospedado, com Manual Passo a Passo e Suporte 24 horas.\",\"potentialAction\":[{\"@type\":\"SearchAction\",\"target\":{\"@type\":\"EntryPoint\",\"urlTemplate\":\"https:\/\/markd.com.br\/models\/?s={search_term_string}\"},\"query-input\":{\"@type\":\"PropertyValueSpecification\",\"valueRequired\":true,\"valueName\":\"search_term_string\"}}],\"inLanguage\":\"pt-BR\"},{\"@type\":\"Person\",\"@id\":\"https:\/\/markd.com.br\/models\/#\/schema\/person\/c12a77ab487a7262d8bec3c47301ad37\",\"name\":\"Reda\u00e7\u00e3o Reda\u00e7\u00e3o\",\"image\":{\"@type\":\"ImageObject\",\"inLanguage\":\"pt-BR\",\"@id\":\"https:\/\/markd.com.br\/models\/#\/schema\/person\/image\/\",\"url\":\"https:\/\/secure.gravatar.com\/avatar\/9448f3599ce269febf169e183039b4a6?s=96&d=mm&r=g\",\"contentUrl\":\"https:\/\/secure.gravatar.com\/avatar\/9448f3599ce269febf169e183039b4a6?s=96&d=mm&r=g\",\"caption\":\"Reda\u00e7\u00e3o Reda\u00e7\u00e3o\"},\"sameAs\":[\"https:\/\/markd.com.br\/\"],\"url\":\"https:\/\/markd.com.br\/models\/author\/redacao\/\"}]}<\/script>\n<!-- \/ Yoast SEO plugin. -->","yoast_head_json":{"title":"Prefeitura divulga lista de selecionados para \u2018Forma\u00e7\u00e3o de Startups\u2019 - Not\u00edcias de Todos - Models01","robots":{"index":"index","follow":"follow","max-snippet":"max-snippet:-1","max-image-preview":"max-image-preview:large","max-video-preview":"max-video-preview:-1"},"canonical":"https:\/\/markd.com.br\/models\/prefeitura-divulga-lista-de-selecionados-para-formacao-de-startups\/","og_locale":"pt_BR","og_type":"article","og_title":"Prefeitura divulga lista de selecionados para \u2018Forma\u00e7\u00e3o de Startups\u2019 - Not\u00edcias de Todos - Models01","og_description":"A Prefeitura de Manaus, por meio da Secretaria Municipal do Trabalho, Empreendedorismo e Inova\u00e7\u00e3o (Semtepi),...","og_url":"https:\/\/markd.com.br\/models\/prefeitura-divulga-lista-de-selecionados-para-formacao-de-startups\/","og_site_name":"Not\u00edcias de Todos - Models01","article_published_time":"2022-04-13T14:42:39+00:00","article_modified_time":"2022-04-13T14:42:45+00:00","og_image":[{"width":640,"height":362,"url":"https:\/\/markd.com.br\/models\/wp-content\/uploads\/2022\/04\/51876089201_31e760cc3d_k-720x407-1-1.jpg","type":"image\/jpeg"}],"author":"Reda\u00e7\u00e3o Reda\u00e7\u00e3o","twitter_card":"summary_large_image","twitter_misc":{"Escrito por":"Reda\u00e7\u00e3o Reda\u00e7\u00e3o","Est. tempo de leitura":"1 minuto"},"schema":{"@context":"https:\/\/schema.org","@graph":[{"@type":"WebPage","@id":"https:\/\/markd.com.br\/models\/prefeitura-divulga-lista-de-selecionados-para-formacao-de-startups\/","url":"https:\/\/markd.com.br\/models\/prefeitura-divulga-lista-de-selecionados-para-formacao-de-startups\/","name":"Prefeitura divulga lista de selecionados para \u2018Forma\u00e7\u00e3o de Startups\u2019 - Not\u00edcias de Todos - Models01","isPartOf":{"@id":"https:\/\/markd.com.br\/models\/#website"},"primaryImageOfPage":{"@id":"https:\/\/markd.com.br\/models\/prefeitura-divulga-lista-de-selecionados-para-formacao-de-startups\/#primaryimage"},"image":{"@id":"https:\/\/markd.com.br\/models\/prefeitura-divulga-lista-de-selecionados-para-formacao-de-startups\/#primaryimage"},"thumbnailUrl":"https:\/\/markd.com.br\/models\/wp-content\/uploads\/2022\/04\/51876089201_31e760cc3d_k-720x407-1-1.jpg","datePublished":"2022-04-13T14:42:39+00:00","dateModified":"2022-04-13T14:42:45+00:00","author":{"@id":"https:\/\/markd.com.br\/models\/#\/schema\/person\/c12a77ab487a7262d8bec3c47301ad37"},"breadcrumb":{"@id":"https:\/\/markd.com.br\/models\/prefeitura-divulga-lista-de-selecionados-para-formacao-de-startups\/#breadcrumb"},"inLanguage":"pt-BR","potentialAction":[{"@type":"ReadAction","target":["https:\/\/markd.com.br\/models\/prefeitura-divulga-lista-de-selecionados-para-formacao-de-startups\/"]}]},{"@type":"ImageObject","inLanguage":"pt-BR","@id":"https:\/\/markd.com.br\/models\/prefeitura-divulga-lista-de-selecionados-para-formacao-de-startups\/#primaryimage","url":"https:\/\/markd.com.br\/models\/wp-content\/uploads\/2022\/04\/51876089201_31e760cc3d_k-720x407-1-1.jpg","contentUrl":"https:\/\/markd.com.br\/models\/wp-content\/uploads\/2022\/04\/51876089201_31e760cc3d_k-720x407-1-1.jpg","width":640,"height":362},{"@type":"BreadcrumbList","@id":"https:\/\/markd.com.br\/models\/prefeitura-divulga-lista-de-selecionados-para-formacao-de-startups\/#breadcrumb","itemListElement":[{"@type":"ListItem","position":1,"name":"In\u00edcio","item":"https:\/\/markd.com.br\/models\/"},{"@type":"ListItem","position":2,"name":"Prefeitura divulga lista de selecionados para \u2018Forma\u00e7\u00e3o de Startups\u2019"}]},{"@type":"WebSite","@id":"https:\/\/markd.com.br\/models\/#website","url":"https:\/\/markd.com.br\/models\/","name":"Not\u00edcias de Todos - Models01","description":"Tenha um Portal de Not\u00edcias Moderno, Din\u00e2mico, R\u00e1pido e Profissional. Entregamos seu Site de  Not\u00edcias Pronto, Instalado, Hospedado, com Manual Passo a Passo e Suporte 24 horas.","potentialAction":[{"@type":"SearchAction","target":{"@type":"EntryPoint","urlTemplate":"https:\/\/markd.com.br\/models\/?s={search_term_string}"},"query-input":{"@type":"PropertyValueSpecification","valueRequired":true,"valueName":"search_term_string"}}],"inLanguage":"pt-BR"},{"@type":"Person","@id":"https:\/\/markd.com.br\/models\/#\/schema\/person\/c12a77ab487a7262d8bec3c47301ad37","name":"Reda\u00e7\u00e3o Reda\u00e7\u00e3o","image":{"@type":"ImageObject","inLanguage":"pt-BR","@id":"https:\/\/markd.com.br\/models\/#\/schema\/person\/image\/","url":"https:\/\/secure.gravatar.com\/avatar\/9448f3599ce269febf169e183039b4a6?s=96&d=mm&r=g","contentUrl":"https:\/\/secure.gravatar.com\/avatar\/9448f3599ce269febf169e183039b4a6?s=96&d=mm&r=g","caption":"Reda\u00e7\u00e3o Reda\u00e7\u00e3o"},"sameAs":["https:\/\/markd.com.br\/"],"url":"https:\/\/markd.com.br\/models\/author\/redacao\/"}]}},"featured_image_urls":{"full":["https:\/\/markd.com.br\/models\/wp-content\/uploads\/2022\/04\/51876089201_31e760cc3d_k-720x407-1-1.jpg",640,362,false],"thumbnail":["https:\/\/markd.com.br\/models\/wp-content\/uploads\/2022\/04\/51876089201_31e760cc3d_k-720x407-1-1-150x150.jpg",150,150,true],"medium":["https:\/\/markd.com.br\/models\/wp-content\/uploads\/2022\/04\/51876089201_31e760cc3d_k-720x407-1-1-300x170.jpg",300,170,true],"medium_large":["https:\/\/markd.com.br\/models\/wp-content\/uploads\/2022\/04\/51876089201_31e760cc3d_k-720x407-1-1.jpg",640,362,false],"large":["https:\/\/markd.com.br\/models\/wp-content\/uploads\/2022\/04\/51876089201_31e760cc3d_k-720x407-1-1.jpg",640,362,false],"1536x1536":["https:\/\/markd.com.br\/models\/wp-content\/uploads\/2022\/04\/51876089201_31e760cc3d_k-720x407-1-1.jpg",640,362,false],"2048x2048":["https:\/\/markd.com.br\/models\/wp-content\/uploads\/2022\/04\/51876089201_31e760cc3d_k-720x407-1-1.jpg",640,362,false],"newsphere-slider-full":["https:\/\/markd.com.br\/models\/wp-content\/uploads\/2022\/04\/51876089201_31e760cc3d_k-720x407-1-1.jpg",640,362,false],"newsphere-featured":["https:\/\/markd.com.br\/models\/wp-content\/uploads\/2022\/04\/51876089201_31e760cc3d_k-720x407-1-1.jpg",640,362,false],"newsphere-medium":["https:\/\/markd.com.br\/models\/wp-content\/uploads\/2022\/04\/51876089201_31e760cc3d_k-720x407-1-1.jpg",640,362,false]},"author_info":{"display_name":"Reda\u00e7\u00e3o Reda\u00e7\u00e3o","author_link":"https:\/\/markd.com.br\/models\/author\/redacao\/"},"category_info":"<a href=\"https:\/\/markd.com.br\/models\/category\/prefeitura-de-manaus\/\" rel=\"category tag\">Prefeitura de Manaus<\/a>","tag_info":"Prefeitura de Manaus","comment_count":"0","jetpack_featured_media_url":"https:\/\/markd.com.br\/models\/wp-content\/uploads\/2022\/04\/51876089201_31e760cc3d_k-720x407-1-1.jpg","_links":{"self":[{"href":"https:\/\/markd.com.br\/models\/wp-json\/wp\/v2\/posts\/1552","targetHints":{"allow":["GET"]}}],"collection":[{"href":"https:\/\/markd.com.br\/models\/wp-json\/wp\/v2\/posts"}],"about":[{"href":"https:\/\/markd.com.br\/models\/wp-json\/wp\/v2\/types\/post"}],"author":[{"embeddable":true,"href":"https:\/\/markd.com.br\/models\/wp-json\/wp\/v2\/users\/5"}],"replies":[{"embeddable":true,"href":"https:\/\/markd.com.br\/models\/wp-json\/wp\/v2\/comments?post=1552"}],"version-history":[{"count":1,"href":"https:\/\/markd.com.br\/models\/wp-json\/wp\/v2\/posts\/1552\/revisions"}],"predecessor-version":[{"id":1554,"href":"https:\/\/markd.com.br\/models\/wp-json\/wp\/v2\/posts\/1552\/revisions\/1554"}],"wp:featuredmedia":[{"embeddable":true,"href":"https:\/\/markd.com.br\/models\/wp-json\/wp\/v2\/media\/1553"}],"wp:attachment":[{"href":"https:\/\/markd.com.br\/models\/wp-json\/wp\/v2\/media?parent=1552"}],"wp:term":[{"taxonomy":"category","embeddable":true,"href":"https:\/\/markd.com.br\/models\/wp-json\/wp\/v2\/categories?post=1552"},{"taxonomy":"post_tag","embeddable":true,"href":"https:\/\/markd.com.br\/models\/wp-json\/wp\/v2\/tags?post=1552"}],"curies":[{"name":"wp","href":"https:\/\/api.w.org\/{rel}","templated":true}]}}