{"id":1555,"date":"2022-04-13T11:45:37","date_gmt":"2022-04-13T14:45:37","guid":{"rendered":"https:\/\/portaldestaquenoticias.com.br\/?p=1555"},"modified":"2022-04-13T11:45:42","modified_gmt":"2022-04-13T14:45:42","slug":"prefeitura-realiza-encontro-com-entidades-da-sociedade-civil-voltadas-para-autistas","status":"publish","type":"post","link":"https:\/\/markd.com.br\/models\/prefeitura-realiza-encontro-com-entidades-da-sociedade-civil-voltadas-para-autistas\/","title":{"rendered":"Prefeitura realiza encontro com entidades da sociedade civil voltadas para autistas"},"content":{"rendered":"\n<p><\/p>\n\n\n\n<p>Integrando a programa\u00e7\u00e3o da Prefeitura de Manaus&nbsp;em alus\u00e3o ao Dia Mundial de Conscientiza\u00e7\u00e3o do Autismo, comemorado no \u00faltimo dia 2\/4, a Secretaria Municipal da Mulher, Assist\u00eancia Social e Cidadania (Semasc) promoveu, nesta ter\u00e7a-feira, 12, o 1\u00ba Encontro Municipal de Organiza\u00e7\u00f5es da Sociedade Civil e Entidades Governamentais. O evento foi realizado no parque municipal do Idoso, bairro Nossa Senhora das Gra\u00e7as, na zona Centro-Sul, e reuniu, servidores da Semasc, e tamb\u00e9m das secretarias municipais de Sa\u00fade (Semsa), de Educa\u00e7\u00e3o (Semed) e Fundo Manaus Solid\u00e1ria.<\/p>\n\n\n\n<p>Com o tema \u201cAvan\u00e7os e Desafios no Atendimento das Pessoas com TEA (Transtorno do Espectro Autista)\u201d, o evento teve o objetivo de fortalecer as entidades representativas de pessoas com autismo e suas fam\u00edlias, al\u00e9m de discutir a situa\u00e7\u00e3o atual da popula\u00e7\u00e3o com o TEA.<\/p>\n\n\n\n<p>\u201cPor meio da discuss\u00e3o poderemos avaliar os atendimentos que est\u00e3o sendo realizados, dentro de todas as pol\u00edticas p\u00fablicas que n\u00f3s desenvolvemos na Prefeitura de Manaus. Por determina\u00e7\u00e3o do prefeito David Almeida, a proposta \u00e9 que n\u00f3s estejamos mais pr\u00f3ximos das organiza\u00e7\u00f5es que atuam com pessoas autistas e a partir da\u00ed, fortalecer a rede de atendimento\u201d, informou a secret\u00e1ria da Semasc, Jane Mara Moraes.<\/p>\n\n\n\n<p>A pessoa com TEA apresenta diferentes graus, sendo poss\u00edvel encontrar aqueles com quadros considerados leves e outros com quadros mais graves. O n\u00edvel de apoio a cada uma delas dever\u00e1 ser correspondente a esse grau de gravidade.<\/p>\n\n\n\n<p>O diagn\u00f3stico tardio, que \u00e9 prejudicial para os autistas, uma vez que as terapias s\u00e3o importantes para o seu desenvolvimento completo, foi um dos assuntos discutidos durante o evento.<\/p>\n\n\n\n<p>\u201cEsse encontro tem uma import\u00e2ncia muito grande, j\u00e1 que h\u00e1 algum tempo quase n\u00e3o se ouvia falar sobre o autismo. Hoje, para n\u00f3s est\u00e1 sendo um momento hist\u00f3rico pois poderemos dialogar com o poder p\u00fablico sobre as nossas necessidades e quem ganha s\u00e3o os autistas\u201d, comentou a vice-presidente do Instituto Amigo Anjo, Rosane Queiroz.<\/p>\n\n\n\n<p>A aproxima\u00e7\u00e3o com as entidades que atuam com as pessoas com TEA tamb\u00e9m foi destacado pelo presidente do Fundo Manaus Solid\u00e1ria, Emerson Castro. \u201cAl\u00e9m desse encontro que estamos tendo aqui, j\u00e1 firmamos algumas parcerias com as organiza\u00e7\u00f5es que atendem autistas. Nosso objetivo maior \u00e9 fazer com que cada vez mais essas organiza\u00e7\u00f5es se aproximem do poder p\u00fablico, levando mais pol\u00edticas p\u00fablicas para quem precisa\u201d, pontuou Emerson.<\/p>\n\n\n\n<p>A Prefeitura de Manaus possui o Espa\u00e7o de Atendimento Multidisciplinar ao Autista Amigo Ruy (Eamaar), no Alvorada, zona Oeste, que atende os autistas at\u00e9 14 anos, com uma equipe multidisciplinar composta por pediatra, psiquiatra, neuropediatra, dentista, psic\u00f3logos, psicopedagogos, educador f\u00edsico, servi\u00e7o social, enfermagem, fisioterapia e enfermagem.<\/p>\n\n\n\n<p>\u201cEstamos fazendo um balan\u00e7o sobre os avan\u00e7os e desafios do atendimento \u00e0s pessoas com autismo, no munic\u00edpio de Manaus. Desde o in\u00edcio do m\u00eas temos realizado uma s\u00e9rie de atividades voltadas para o desenvolvimento dos autistas, com programa\u00e7\u00f5es que contemplaram tamb\u00e9m as suas fam\u00edlias. E \u00e9 desse envolvimento do poder p\u00fablico com as organiza\u00e7\u00f5es que poderemos avan\u00e7ar nesse trabalho\u201d, concluiu a subsecret\u00e1ria de Pol\u00edticas Afirmativas para as Mulheres e Direitos Humanos da Semasc, Gra\u00e7a Prola.<\/p>\n\n\n\n<p><strong>TEA<\/strong><\/p>\n\n\n\n<p>O TEA \u00e9 um transtorno do neurodesenvolvimento, que como toda defici\u00eancia, n\u00e3o tem cura, mas pode ter seus sintomas suavizados com um acompanhamento adequado e precoce do paciente. O transtorno \u00e9 observado logo nos primeiros anos de vida, mas os sintomas nem sempre s\u00e3o os mesmos para todos. Podem se manifestar da seguinte forma: movimentos motores, uso de objetos ou fala estereotipados ou repetitivos (por exemplo, estereotipias motoras simples, alinhar brinquedos ou girar objetos, ecolalia, frases idiossincr\u00e1ticas).<\/p>\n\n\n\n<p>Interesses fixos e altamente restritos que s\u00e3o anormais em intensidade ou foco (por exemplo, forte apego ou preocupa\u00e7\u00e3o com objetos incomuns, interesses excessivamente circunscritos ou perseverativos). Hiper ou hipoatividade a est\u00edmulos sensoriais ou interesse incomum por aspectos sensoriais do ambiente (como indiferen\u00e7a aparente a dor\/temperatura, rea\u00e7\u00e3o contr\u00e1ria a sons ou texturas espec\u00edficas, cheirar ou tocar objetos de forma excessiva, fascina\u00e7\u00e3o visual por luzes ou movimento).<\/p>\n\n\n\n<p>\u2014 \u2014 \u2014<\/p>\n\n\n\n<p><strong>Texto<\/strong>&nbsp;\u2013 Leonardo Fierro \/ Semasc<\/p>\n\n\n\n<p><strong>Fotos<\/strong>&nbsp;\u2013 Jo\u00e3o Viana \/ Semcom<\/p>\n","protected":false},"excerpt":{"rendered":"<p>Integrando a programa\u00e7\u00e3o da Prefeitura de Manaus&nbsp;em alus\u00e3o ao Dia Mundial de Conscientiza\u00e7\u00e3o do Autismo,&#8230;<\/p>\n","protected":false},"author":5,"featured_media":1556,"comment_status":"open","ping_status":"open","sticky":false,"template":"","format":"standard","meta":{"footnotes":""},"categories":[35],"tags":[416,43,415],"class_list":["post-1555","post","type-post","status-publish","format-standard","has-post-thumbnail","hentry","category-prefeitura-de-manaus","tag-autismo","tag-prefeitura-de-manaus","tag-semasc"],"yoast_head":"<!-- This site is optimized with the Yoast SEO plugin v24.4 - https:\/\/yoast.com\/wordpress\/plugins\/seo\/ -->\n<title>Prefeitura realiza encontro com entidades da sociedade civil voltadas para autistas - Not\u00edcias de Todos - Models01<\/title>\n<meta name=\"robots\" content=\"index, follow, max-snippet:-1, max-image-preview:large, max-video-preview:-1\" \/>\n<link rel=\"canonical\" href=\"https:\/\/markd.com.br\/models\/prefeitura-realiza-encontro-com-entidades-da-sociedade-civil-voltadas-para-autistas\/\" \/>\n<meta property=\"og:locale\" content=\"pt_BR\" \/>\n<meta property=\"og:type\" content=\"article\" \/>\n<meta property=\"og:title\" content=\"Prefeitura realiza encontro com entidades da sociedade civil voltadas para autistas - Not\u00edcias de Todos - Models01\" \/>\n<meta property=\"og:description\" content=\"Integrando a programa\u00e7\u00e3o da Prefeitura de Manaus&nbsp;em alus\u00e3o ao Dia Mundial de Conscientiza\u00e7\u00e3o do Autismo,...\" \/>\n<meta property=\"og:url\" content=\"https:\/\/markd.com.br\/models\/prefeitura-realiza-encontro-com-entidades-da-sociedade-civil-voltadas-para-autistas\/\" \/>\n<meta property=\"og:site_name\" content=\"Not\u00edcias de Todos - Models01\" \/>\n<meta property=\"article:published_time\" content=\"2022-04-13T14:45:37+00:00\" \/>\n<meta property=\"article:modified_time\" content=\"2022-04-13T14:45:42+00:00\" \/>\n<meta property=\"og:image\" content=\"https:\/\/markd.com.br\/models\/wp-content\/uploads\/2022\/04\/52000473921_7d3d1bc733_c-1.jpg\" \/>\n\t<meta property=\"og:image:width\" content=\"640\" \/>\n\t<meta property=\"og:image:height\" content=\"427\" \/>\n\t<meta property=\"og:image:type\" content=\"image\/jpeg\" \/>\n<meta name=\"author\" content=\"Reda\u00e7\u00e3o Reda\u00e7\u00e3o\" \/>\n<meta name=\"twitter:card\" content=\"summary_large_image\" \/>\n<meta name=\"twitter:label1\" content=\"Escrito por\" \/>\n\t<meta name=\"twitter:data1\" content=\"Reda\u00e7\u00e3o Reda\u00e7\u00e3o\" \/>\n\t<meta name=\"twitter:label2\" content=\"Est. tempo de leitura\" \/>\n\t<meta name=\"twitter:data2\" content=\"4 minutos\" \/>\n<script type=\"application\/ld+json\" class=\"yoast-schema-graph\">{\"@context\":\"https:\/\/schema.org\",\"@graph\":[{\"@type\":\"WebPage\",\"@id\":\"https:\/\/markd.com.br\/models\/prefeitura-realiza-encontro-com-entidades-da-sociedade-civil-voltadas-para-autistas\/\",\"url\":\"https:\/\/markd.com.br\/models\/prefeitura-realiza-encontro-com-entidades-da-sociedade-civil-voltadas-para-autistas\/\",\"name\":\"Prefeitura realiza encontro com entidades da sociedade civil voltadas para autistas - Not\u00edcias de Todos - Models01\",\"isPartOf\":{\"@id\":\"https:\/\/markd.com.br\/models\/#website\"},\"primaryImageOfPage\":{\"@id\":\"https:\/\/markd.com.br\/models\/prefeitura-realiza-encontro-com-entidades-da-sociedade-civil-voltadas-para-autistas\/#primaryimage\"},\"image\":{\"@id\":\"https:\/\/markd.com.br\/models\/prefeitura-realiza-encontro-com-entidades-da-sociedade-civil-voltadas-para-autistas\/#primaryimage\"},\"thumbnailUrl\":\"https:\/\/markd.com.br\/models\/wp-content\/uploads\/2022\/04\/52000473921_7d3d1bc733_c-1.jpg\",\"datePublished\":\"2022-04-13T14:45:37+00:00\",\"dateModified\":\"2022-04-13T14:45:42+00:00\",\"author\":{\"@id\":\"https:\/\/markd.com.br\/models\/#\/schema\/person\/c12a77ab487a7262d8bec3c47301ad37\"},\"breadcrumb\":{\"@id\":\"https:\/\/markd.com.br\/models\/prefeitura-realiza-encontro-com-entidades-da-sociedade-civil-voltadas-para-autistas\/#breadcrumb\"},\"inLanguage\":\"pt-BR\",\"potentialAction\":[{\"@type\":\"ReadAction\",\"target\":[\"https:\/\/markd.com.br\/models\/prefeitura-realiza-encontro-com-entidades-da-sociedade-civil-voltadas-para-autistas\/\"]}]},{\"@type\":\"ImageObject\",\"inLanguage\":\"pt-BR\",\"@id\":\"https:\/\/markd.com.br\/models\/prefeitura-realiza-encontro-com-entidades-da-sociedade-civil-voltadas-para-autistas\/#primaryimage\",\"url\":\"https:\/\/markd.com.br\/models\/wp-content\/uploads\/2022\/04\/52000473921_7d3d1bc733_c-1.jpg\",\"contentUrl\":\"https:\/\/markd.com.br\/models\/wp-content\/uploads\/2022\/04\/52000473921_7d3d1bc733_c-1.jpg\",\"width\":640,\"height\":427},{\"@type\":\"BreadcrumbList\",\"@id\":\"https:\/\/markd.com.br\/models\/prefeitura-realiza-encontro-com-entidades-da-sociedade-civil-voltadas-para-autistas\/#breadcrumb\",\"itemListElement\":[{\"@type\":\"ListItem\",\"position\":1,\"name\":\"In\u00edcio\",\"item\":\"https:\/\/markd.com.br\/models\/\"},{\"@type\":\"ListItem\",\"position\":2,\"name\":\"Prefeitura realiza encontro com entidades da sociedade civil voltadas para autistas\"}]},{\"@type\":\"WebSite\",\"@id\":\"https:\/\/markd.com.br\/models\/#website\",\"url\":\"https:\/\/markd.com.br\/models\/\",\"name\":\"Not\u00edcias de Todos - Models01\",\"description\":\"Tenha um Portal de Not\u00edcias Moderno, Din\u00e2mico, R\u00e1pido e Profissional. Entregamos seu Site de  Not\u00edcias Pronto, Instalado, Hospedado, com Manual Passo a Passo e Suporte 24 horas.\",\"potentialAction\":[{\"@type\":\"SearchAction\",\"target\":{\"@type\":\"EntryPoint\",\"urlTemplate\":\"https:\/\/markd.com.br\/models\/?s={search_term_string}\"},\"query-input\":{\"@type\":\"PropertyValueSpecification\",\"valueRequired\":true,\"valueName\":\"search_term_string\"}}],\"inLanguage\":\"pt-BR\"},{\"@type\":\"Person\",\"@id\":\"https:\/\/markd.com.br\/models\/#\/schema\/person\/c12a77ab487a7262d8bec3c47301ad37\",\"name\":\"Reda\u00e7\u00e3o Reda\u00e7\u00e3o\",\"image\":{\"@type\":\"ImageObject\",\"inLanguage\":\"pt-BR\",\"@id\":\"https:\/\/markd.com.br\/models\/#\/schema\/person\/image\/\",\"url\":\"https:\/\/secure.gravatar.com\/avatar\/9448f3599ce269febf169e183039b4a6?s=96&d=mm&r=g\",\"contentUrl\":\"https:\/\/secure.gravatar.com\/avatar\/9448f3599ce269febf169e183039b4a6?s=96&d=mm&r=g\",\"caption\":\"Reda\u00e7\u00e3o Reda\u00e7\u00e3o\"},\"sameAs\":[\"https:\/\/markd.com.br\/\"],\"url\":\"https:\/\/markd.com.br\/models\/author\/redacao\/\"}]}<\/script>\n<!-- \/ Yoast SEO plugin. -->","yoast_head_json":{"title":"Prefeitura realiza encontro com entidades da sociedade civil voltadas para autistas - Not\u00edcias de Todos - Models01","robots":{"index":"index","follow":"follow","max-snippet":"max-snippet:-1","max-image-preview":"max-image-preview:large","max-video-preview":"max-video-preview:-1"},"canonical":"https:\/\/markd.com.br\/models\/prefeitura-realiza-encontro-com-entidades-da-sociedade-civil-voltadas-para-autistas\/","og_locale":"pt_BR","og_type":"article","og_title":"Prefeitura realiza encontro com entidades da sociedade civil voltadas para autistas - Not\u00edcias de Todos - Models01","og_description":"Integrando a programa\u00e7\u00e3o da Prefeitura de Manaus&nbsp;em alus\u00e3o ao Dia Mundial de Conscientiza\u00e7\u00e3o do Autismo,...","og_url":"https:\/\/markd.com.br\/models\/prefeitura-realiza-encontro-com-entidades-da-sociedade-civil-voltadas-para-autistas\/","og_site_name":"Not\u00edcias de Todos - Models01","article_published_time":"2022-04-13T14:45:37+00:00","article_modified_time":"2022-04-13T14:45:42+00:00","og_image":[{"width":640,"height":427,"url":"https:\/\/markd.com.br\/models\/wp-content\/uploads\/2022\/04\/52000473921_7d3d1bc733_c-1.jpg","type":"image\/jpeg"}],"author":"Reda\u00e7\u00e3o Reda\u00e7\u00e3o","twitter_card":"summary_large_image","twitter_misc":{"Escrito por":"Reda\u00e7\u00e3o Reda\u00e7\u00e3o","Est. tempo de leitura":"4 minutos"},"schema":{"@context":"https:\/\/schema.org","@graph":[{"@type":"WebPage","@id":"https:\/\/markd.com.br\/models\/prefeitura-realiza-encontro-com-entidades-da-sociedade-civil-voltadas-para-autistas\/","url":"https:\/\/markd.com.br\/models\/prefeitura-realiza-encontro-com-entidades-da-sociedade-civil-voltadas-para-autistas\/","name":"Prefeitura realiza encontro com entidades da sociedade civil voltadas para autistas - Not\u00edcias de Todos - Models01","isPartOf":{"@id":"https:\/\/markd.com.br\/models\/#website"},"primaryImageOfPage":{"@id":"https:\/\/markd.com.br\/models\/prefeitura-realiza-encontro-com-entidades-da-sociedade-civil-voltadas-para-autistas\/#primaryimage"},"image":{"@id":"https:\/\/markd.com.br\/models\/prefeitura-realiza-encontro-com-entidades-da-sociedade-civil-voltadas-para-autistas\/#primaryimage"},"thumbnailUrl":"https:\/\/markd.com.br\/models\/wp-content\/uploads\/2022\/04\/52000473921_7d3d1bc733_c-1.jpg","datePublished":"2022-04-13T14:45:37+00:00","dateModified":"2022-04-13T14:45:42+00:00","author":{"@id":"https:\/\/markd.com.br\/models\/#\/schema\/person\/c12a77ab487a7262d8bec3c47301ad37"},"breadcrumb":{"@id":"https:\/\/markd.com.br\/models\/prefeitura-realiza-encontro-com-entidades-da-sociedade-civil-voltadas-para-autistas\/#breadcrumb"},"inLanguage":"pt-BR","potentialAction":[{"@type":"ReadAction","target":["https:\/\/markd.com.br\/models\/prefeitura-realiza-encontro-com-entidades-da-sociedade-civil-voltadas-para-autistas\/"]}]},{"@type":"ImageObject","inLanguage":"pt-BR","@id":"https:\/\/markd.com.br\/models\/prefeitura-realiza-encontro-com-entidades-da-sociedade-civil-voltadas-para-autistas\/#primaryimage","url":"https:\/\/markd.com.br\/models\/wp-content\/uploads\/2022\/04\/52000473921_7d3d1bc733_c-1.jpg","contentUrl":"https:\/\/markd.com.br\/models\/wp-content\/uploads\/2022\/04\/52000473921_7d3d1bc733_c-1.jpg","width":640,"height":427},{"@type":"BreadcrumbList","@id":"https:\/\/markd.com.br\/models\/prefeitura-realiza-encontro-com-entidades-da-sociedade-civil-voltadas-para-autistas\/#breadcrumb","itemListElement":[{"@type":"ListItem","position":1,"name":"In\u00edcio","item":"https:\/\/markd.com.br\/models\/"},{"@type":"ListItem","position":2,"name":"Prefeitura realiza encontro com entidades da sociedade civil voltadas para autistas"}]},{"@type":"WebSite","@id":"https:\/\/markd.com.br\/models\/#website","url":"https:\/\/markd.com.br\/models\/","name":"Not\u00edcias de Todos - Models01","description":"Tenha um Portal de Not\u00edcias Moderno, Din\u00e2mico, R\u00e1pido e Profissional. Entregamos seu Site de  Not\u00edcias Pronto, Instalado, Hospedado, com Manual Passo a Passo e Suporte 24 horas.","potentialAction":[{"@type":"SearchAction","target":{"@type":"EntryPoint","urlTemplate":"https:\/\/markd.com.br\/models\/?s={search_term_string}"},"query-input":{"@type":"PropertyValueSpecification","valueRequired":true,"valueName":"search_term_string"}}],"inLanguage":"pt-BR"},{"@type":"Person","@id":"https:\/\/markd.com.br\/models\/#\/schema\/person\/c12a77ab487a7262d8bec3c47301ad37","name":"Reda\u00e7\u00e3o Reda\u00e7\u00e3o","image":{"@type":"ImageObject","inLanguage":"pt-BR","@id":"https:\/\/markd.com.br\/models\/#\/schema\/person\/image\/","url":"https:\/\/secure.gravatar.com\/avatar\/9448f3599ce269febf169e183039b4a6?s=96&d=mm&r=g","contentUrl":"https:\/\/secure.gravatar.com\/avatar\/9448f3599ce269febf169e183039b4a6?s=96&d=mm&r=g","caption":"Reda\u00e7\u00e3o Reda\u00e7\u00e3o"},"sameAs":["https:\/\/markd.com.br\/"],"url":"https:\/\/markd.com.br\/models\/author\/redacao\/"}]}},"featured_image_urls":{"full":["https:\/\/markd.com.br\/models\/wp-content\/uploads\/2022\/04\/52000473921_7d3d1bc733_c-1.jpg",640,427,false],"thumbnail":["https:\/\/markd.com.br\/models\/wp-content\/uploads\/2022\/04\/52000473921_7d3d1bc733_c-1-150x150.jpg",150,150,true],"medium":["https:\/\/markd.com.br\/models\/wp-content\/uploads\/2022\/04\/52000473921_7d3d1bc733_c-1-300x200.jpg",300,200,true],"medium_large":["https:\/\/markd.com.br\/models\/wp-content\/uploads\/2022\/04\/52000473921_7d3d1bc733_c-1.jpg",640,427,false],"large":["https:\/\/markd.com.br\/models\/wp-content\/uploads\/2022\/04\/52000473921_7d3d1bc733_c-1.jpg",640,427,false],"1536x1536":["https:\/\/markd.com.br\/models\/wp-content\/uploads\/2022\/04\/52000473921_7d3d1bc733_c-1.jpg",640,427,false],"2048x2048":["https:\/\/markd.com.br\/models\/wp-content\/uploads\/2022\/04\/52000473921_7d3d1bc733_c-1.jpg",640,427,false],"newsphere-slider-full":["https:\/\/markd.com.br\/models\/wp-content\/uploads\/2022\/04\/52000473921_7d3d1bc733_c-1.jpg",640,427,false],"newsphere-featured":["https:\/\/markd.com.br\/models\/wp-content\/uploads\/2022\/04\/52000473921_7d3d1bc733_c-1.jpg",640,427,false],"newsphere-medium":["https:\/\/markd.com.br\/models\/wp-content\/uploads\/2022\/04\/52000473921_7d3d1bc733_c-1-640x380.jpg",640,380,true]},"author_info":{"display_name":"Reda\u00e7\u00e3o Reda\u00e7\u00e3o","author_link":"https:\/\/markd.com.br\/models\/author\/redacao\/"},"category_info":"<a href=\"https:\/\/markd.com.br\/models\/category\/prefeitura-de-manaus\/\" rel=\"category tag\">Prefeitura de Manaus<\/a>","tag_info":"Prefeitura de Manaus","comment_count":"0","jetpack_featured_media_url":"https:\/\/markd.com.br\/models\/wp-content\/uploads\/2022\/04\/52000473921_7d3d1bc733_c-1.jpg","_links":{"self":[{"href":"https:\/\/markd.com.br\/models\/wp-json\/wp\/v2\/posts\/1555","targetHints":{"allow":["GET"]}}],"collection":[{"href":"https:\/\/markd.com.br\/models\/wp-json\/wp\/v2\/posts"}],"about":[{"href":"https:\/\/markd.com.br\/models\/wp-json\/wp\/v2\/types\/post"}],"author":[{"embeddable":true,"href":"https:\/\/markd.com.br\/models\/wp-json\/wp\/v2\/users\/5"}],"replies":[{"embeddable":true,"href":"https:\/\/markd.com.br\/models\/wp-json\/wp\/v2\/comments?post=1555"}],"version-history":[{"count":1,"href":"https:\/\/markd.com.br\/models\/wp-json\/wp\/v2\/posts\/1555\/revisions"}],"predecessor-version":[{"id":1557,"href":"https:\/\/markd.com.br\/models\/wp-json\/wp\/v2\/posts\/1555\/revisions\/1557"}],"wp:featuredmedia":[{"embeddable":true,"href":"https:\/\/markd.com.br\/models\/wp-json\/wp\/v2\/media\/1556"}],"wp:attachment":[{"href":"https:\/\/markd.com.br\/models\/wp-json\/wp\/v2\/media?parent=1555"}],"wp:term":[{"taxonomy":"category","embeddable":true,"href":"https:\/\/markd.com.br\/models\/wp-json\/wp\/v2\/categories?post=1555"},{"taxonomy":"post_tag","embeddable":true,"href":"https:\/\/markd.com.br\/models\/wp-json\/wp\/v2\/tags?post=1555"}],"curies":[{"name":"wp","href":"https:\/\/api.w.org\/{rel}","templated":true}]}}