{"id":1562,"date":"2022-04-13T11:53:54","date_gmt":"2022-04-13T14:53:54","guid":{"rendered":"https:\/\/portaldestaquenoticias.com.br\/?p=1562"},"modified":"2022-04-13T11:54:00","modified_gmt":"2022-04-13T14:54:00","slug":"prefeitura-realiza-doacao-de-livros-infantis-para-a-biblioteca-do-parque-cidade-da-crianca","status":"publish","type":"post","link":"https:\/\/markd.com.br\/models\/prefeitura-realiza-doacao-de-livros-infantis-para-a-biblioteca-do-parque-cidade-da-crianca\/","title":{"rendered":"Prefeitura realiza doa\u00e7\u00e3o de livros infantis para a biblioteca do parque Cidade da Crian\u00e7a"},"content":{"rendered":"\n<p>A Prefeitura de Manaus, por meio da Secretaria de Meio Ambiente e Sustentabilidade (Semmas), doou, na tarde desta ter\u00e7a-feira, 12\/4, mais de 200 livros infantis para a montagem da biblioteca do parque Cidade da Crian\u00e7a, no Aleixo, zona Centro-Sul. Esse \u00e9 o primeiro fruto da a\u00e7\u00e3o de arrecada\u00e7\u00e3o dos livros que a prefeitura vem fazendo para a realiza\u00e7\u00e3o da \u201c6\u00aa Feira do Livro de Manaus\u201d. A segunda a\u00e7\u00e3o ser\u00e1 a realiza\u00e7\u00e3o da feira, prevista para acontecer em 14\/5, no parque dos Bilhares, Chapada.<\/p>\n\n\n\n<p>Uma triagem dos livros doados foi realizada pelas equipes da Divis\u00e3o de Educa\u00e7\u00e3o Ambiental e do Departamento de Mudan\u00e7as Clim\u00e1ticas e \u00c1reas Protegidas da Semmas, com os t\u00edtulos todos voltados para crian\u00e7as.<\/p>\n\n\n\n<p>Uma das coordenadoras do parque Cidade da Crian\u00e7a, L\u00edvia Raquel Carneiro falou sobre a import\u00e2ncia da doa\u00e7\u00e3o para a revitaliza\u00e7\u00e3o da biblioteca do parque e para as crian\u00e7as.<\/p>\n\n\n\n<p>\u201cAgradecemos ao secret\u00e1rio Ant\u00f4nio Stroski pela parceria da Semmas com o nosso parque Cidade da Crian\u00e7a e pela doa\u00e7\u00e3o dos livros. N\u00f3s do parque ficamos alegres em receber esses livros, porque vai nos possibilitar revitalizar nossa biblioteca. As crian\u00e7as aqui v\u00e3o receber com muita alegria essa doa\u00e7\u00e3o maravilhosa que recebemos da Semmas\u201d, disse a coordenadora.<\/p>\n\n\n\n<p>Al\u00e9m da doa\u00e7\u00e3o, durante a 6\u00aa Feira de Livros ser\u00e3o repassados mais t\u00edtulos para o parque Cidade das Crian\u00e7as, de acordo com o titular da Semmas, Antonio Ademir Stroski.&nbsp;<\/p>\n\n\n\n<p>\u201cA Semmas j\u00e1 come\u00e7a a distribuir bons frutos, obtidos pela campanha de doa\u00e7\u00e3o de livros, que vai resultar na 6\u00aa Feira do Livro. Essa \u00e9 uma a\u00e7\u00e3o que tem um significado muito especial, porque envolve as crian\u00e7as. Al\u00e9m disso, mais livros ser\u00e3o doados para o parque e outras doa\u00e7\u00f5es ser\u00e3o realizadas na cidade e nas unidades de conserva\u00e7\u00e3o, coordenadas pela Semmas\u201d, informou Stroski.<\/p>\n\n\n\n<p>\u2014 \u2014 \u2014<\/p>\n\n\n\n<p><strong>Texto<\/strong>&nbsp;\u2013 Keynes Breves \/ Semmas<\/p>\n\n\n\n<p><strong>Fotos<\/strong>&nbsp;\u2013 Cris Vidal \/ Semmas<\/p>\n","protected":false},"excerpt":{"rendered":"<p>A Prefeitura de Manaus, por meio da Secretaria de Meio Ambiente e Sustentabilidade (Semmas), doou,&#8230;<\/p>\n","protected":false},"author":5,"featured_media":1563,"comment_status":"open","ping_status":"open","sticky":false,"template":"","format":"standard","meta":{"footnotes":""},"categories":[35],"tags":[43,401,417],"class_list":["post-1562","post","type-post","status-publish","format-standard","has-post-thumbnail","hentry","category-prefeitura-de-manaus","tag-prefeitura-de-manaus","tag-semcom","tag-semmas"],"yoast_head":"<!-- This site is optimized with the Yoast SEO plugin v24.4 - https:\/\/yoast.com\/wordpress\/plugins\/seo\/ -->\n<title>Prefeitura realiza doa\u00e7\u00e3o de livros infantis para a biblioteca do parque Cidade da Crian\u00e7a - Not\u00edcias de Todos - Models01<\/title>\n<meta name=\"robots\" content=\"index, follow, max-snippet:-1, max-image-preview:large, max-video-preview:-1\" \/>\n<link rel=\"canonical\" href=\"https:\/\/markd.com.br\/models\/prefeitura-realiza-doacao-de-livros-infantis-para-a-biblioteca-do-parque-cidade-da-crianca\/\" \/>\n<meta property=\"og:locale\" content=\"pt_BR\" \/>\n<meta property=\"og:type\" content=\"article\" \/>\n<meta property=\"og:title\" content=\"Prefeitura realiza doa\u00e7\u00e3o de livros infantis para a biblioteca do parque Cidade da Crian\u00e7a - Not\u00edcias de Todos - Models01\" \/>\n<meta property=\"og:description\" content=\"A Prefeitura de Manaus, por meio da Secretaria de Meio Ambiente e Sustentabilidade (Semmas), doou,...\" \/>\n<meta property=\"og:url\" content=\"https:\/\/markd.com.br\/models\/prefeitura-realiza-doacao-de-livros-infantis-para-a-biblioteca-do-parque-cidade-da-crianca\/\" \/>\n<meta property=\"og:site_name\" content=\"Not\u00edcias de Todos - Models01\" \/>\n<meta property=\"article:published_time\" content=\"2022-04-13T14:53:54+00:00\" \/>\n<meta property=\"article:modified_time\" content=\"2022-04-13T14:54:00+00:00\" \/>\n<meta property=\"og:image\" content=\"https:\/\/markd.com.br\/models\/wp-content\/uploads\/2022\/04\/IMG_5818-640x445-1.jpg\" \/>\n\t<meta property=\"og:image:width\" content=\"640\" \/>\n\t<meta property=\"og:image:height\" content=\"445\" \/>\n\t<meta property=\"og:image:type\" content=\"image\/jpeg\" \/>\n<meta name=\"author\" content=\"Reda\u00e7\u00e3o Reda\u00e7\u00e3o\" \/>\n<meta name=\"twitter:card\" content=\"summary_large_image\" \/>\n<meta name=\"twitter:label1\" content=\"Escrito por\" \/>\n\t<meta name=\"twitter:data1\" content=\"Reda\u00e7\u00e3o Reda\u00e7\u00e3o\" \/>\n\t<meta name=\"twitter:label2\" content=\"Est. tempo de leitura\" \/>\n\t<meta name=\"twitter:data2\" content=\"2 minutos\" \/>\n<script type=\"application\/ld+json\" class=\"yoast-schema-graph\">{\"@context\":\"https:\/\/schema.org\",\"@graph\":[{\"@type\":\"WebPage\",\"@id\":\"https:\/\/markd.com.br\/models\/prefeitura-realiza-doacao-de-livros-infantis-para-a-biblioteca-do-parque-cidade-da-crianca\/\",\"url\":\"https:\/\/markd.com.br\/models\/prefeitura-realiza-doacao-de-livros-infantis-para-a-biblioteca-do-parque-cidade-da-crianca\/\",\"name\":\"Prefeitura realiza doa\u00e7\u00e3o de livros infantis para a biblioteca do parque Cidade da Crian\u00e7a - Not\u00edcias de Todos - Models01\",\"isPartOf\":{\"@id\":\"https:\/\/markd.com.br\/models\/#website\"},\"primaryImageOfPage\":{\"@id\":\"https:\/\/markd.com.br\/models\/prefeitura-realiza-doacao-de-livros-infantis-para-a-biblioteca-do-parque-cidade-da-crianca\/#primaryimage\"},\"image\":{\"@id\":\"https:\/\/markd.com.br\/models\/prefeitura-realiza-doacao-de-livros-infantis-para-a-biblioteca-do-parque-cidade-da-crianca\/#primaryimage\"},\"thumbnailUrl\":\"https:\/\/markd.com.br\/models\/wp-content\/uploads\/2022\/04\/IMG_5818-640x445-1.jpg\",\"datePublished\":\"2022-04-13T14:53:54+00:00\",\"dateModified\":\"2022-04-13T14:54:00+00:00\",\"author\":{\"@id\":\"https:\/\/markd.com.br\/models\/#\/schema\/person\/c12a77ab487a7262d8bec3c47301ad37\"},\"breadcrumb\":{\"@id\":\"https:\/\/markd.com.br\/models\/prefeitura-realiza-doacao-de-livros-infantis-para-a-biblioteca-do-parque-cidade-da-crianca\/#breadcrumb\"},\"inLanguage\":\"pt-BR\",\"potentialAction\":[{\"@type\":\"ReadAction\",\"target\":[\"https:\/\/markd.com.br\/models\/prefeitura-realiza-doacao-de-livros-infantis-para-a-biblioteca-do-parque-cidade-da-crianca\/\"]}]},{\"@type\":\"ImageObject\",\"inLanguage\":\"pt-BR\",\"@id\":\"https:\/\/markd.com.br\/models\/prefeitura-realiza-doacao-de-livros-infantis-para-a-biblioteca-do-parque-cidade-da-crianca\/#primaryimage\",\"url\":\"https:\/\/markd.com.br\/models\/wp-content\/uploads\/2022\/04\/IMG_5818-640x445-1.jpg\",\"contentUrl\":\"https:\/\/markd.com.br\/models\/wp-content\/uploads\/2022\/04\/IMG_5818-640x445-1.jpg\",\"width\":640,\"height\":445},{\"@type\":\"BreadcrumbList\",\"@id\":\"https:\/\/markd.com.br\/models\/prefeitura-realiza-doacao-de-livros-infantis-para-a-biblioteca-do-parque-cidade-da-crianca\/#breadcrumb\",\"itemListElement\":[{\"@type\":\"ListItem\",\"position\":1,\"name\":\"In\u00edcio\",\"item\":\"https:\/\/markd.com.br\/models\/\"},{\"@type\":\"ListItem\",\"position\":2,\"name\":\"Prefeitura realiza doa\u00e7\u00e3o de livros infantis para a biblioteca do parque Cidade da Crian\u00e7a\"}]},{\"@type\":\"WebSite\",\"@id\":\"https:\/\/markd.com.br\/models\/#website\",\"url\":\"https:\/\/markd.com.br\/models\/\",\"name\":\"Not\u00edcias de Todos - Models01\",\"description\":\"Tenha um Portal de Not\u00edcias Moderno, Din\u00e2mico, R\u00e1pido e Profissional. Entregamos seu Site de  Not\u00edcias Pronto, Instalado, Hospedado, com Manual Passo a Passo e Suporte 24 horas.\",\"potentialAction\":[{\"@type\":\"SearchAction\",\"target\":{\"@type\":\"EntryPoint\",\"urlTemplate\":\"https:\/\/markd.com.br\/models\/?s={search_term_string}\"},\"query-input\":{\"@type\":\"PropertyValueSpecification\",\"valueRequired\":true,\"valueName\":\"search_term_string\"}}],\"inLanguage\":\"pt-BR\"},{\"@type\":\"Person\",\"@id\":\"https:\/\/markd.com.br\/models\/#\/schema\/person\/c12a77ab487a7262d8bec3c47301ad37\",\"name\":\"Reda\u00e7\u00e3o Reda\u00e7\u00e3o\",\"image\":{\"@type\":\"ImageObject\",\"inLanguage\":\"pt-BR\",\"@id\":\"https:\/\/markd.com.br\/models\/#\/schema\/person\/image\/\",\"url\":\"https:\/\/secure.gravatar.com\/avatar\/9448f3599ce269febf169e183039b4a6?s=96&d=mm&r=g\",\"contentUrl\":\"https:\/\/secure.gravatar.com\/avatar\/9448f3599ce269febf169e183039b4a6?s=96&d=mm&r=g\",\"caption\":\"Reda\u00e7\u00e3o Reda\u00e7\u00e3o\"},\"sameAs\":[\"https:\/\/markd.com.br\/\"],\"url\":\"https:\/\/markd.com.br\/models\/author\/redacao\/\"}]}<\/script>\n<!-- \/ Yoast SEO plugin. -->","yoast_head_json":{"title":"Prefeitura realiza doa\u00e7\u00e3o de livros infantis para a biblioteca do parque Cidade da Crian\u00e7a - Not\u00edcias de Todos - Models01","robots":{"index":"index","follow":"follow","max-snippet":"max-snippet:-1","max-image-preview":"max-image-preview:large","max-video-preview":"max-video-preview:-1"},"canonical":"https:\/\/markd.com.br\/models\/prefeitura-realiza-doacao-de-livros-infantis-para-a-biblioteca-do-parque-cidade-da-crianca\/","og_locale":"pt_BR","og_type":"article","og_title":"Prefeitura realiza doa\u00e7\u00e3o de livros infantis para a biblioteca do parque Cidade da Crian\u00e7a - Not\u00edcias de Todos - Models01","og_description":"A Prefeitura de Manaus, por meio da Secretaria de Meio Ambiente e Sustentabilidade (Semmas), doou,...","og_url":"https:\/\/markd.com.br\/models\/prefeitura-realiza-doacao-de-livros-infantis-para-a-biblioteca-do-parque-cidade-da-crianca\/","og_site_name":"Not\u00edcias de Todos - Models01","article_published_time":"2022-04-13T14:53:54+00:00","article_modified_time":"2022-04-13T14:54:00+00:00","og_image":[{"width":640,"height":445,"url":"https:\/\/markd.com.br\/models\/wp-content\/uploads\/2022\/04\/IMG_5818-640x445-1.jpg","type":"image\/jpeg"}],"author":"Reda\u00e7\u00e3o Reda\u00e7\u00e3o","twitter_card":"summary_large_image","twitter_misc":{"Escrito por":"Reda\u00e7\u00e3o Reda\u00e7\u00e3o","Est. tempo de leitura":"2 minutos"},"schema":{"@context":"https:\/\/schema.org","@graph":[{"@type":"WebPage","@id":"https:\/\/markd.com.br\/models\/prefeitura-realiza-doacao-de-livros-infantis-para-a-biblioteca-do-parque-cidade-da-crianca\/","url":"https:\/\/markd.com.br\/models\/prefeitura-realiza-doacao-de-livros-infantis-para-a-biblioteca-do-parque-cidade-da-crianca\/","name":"Prefeitura realiza doa\u00e7\u00e3o de livros infantis para a biblioteca do parque Cidade da Crian\u00e7a - Not\u00edcias de Todos - Models01","isPartOf":{"@id":"https:\/\/markd.com.br\/models\/#website"},"primaryImageOfPage":{"@id":"https:\/\/markd.com.br\/models\/prefeitura-realiza-doacao-de-livros-infantis-para-a-biblioteca-do-parque-cidade-da-crianca\/#primaryimage"},"image":{"@id":"https:\/\/markd.com.br\/models\/prefeitura-realiza-doacao-de-livros-infantis-para-a-biblioteca-do-parque-cidade-da-crianca\/#primaryimage"},"thumbnailUrl":"https:\/\/markd.com.br\/models\/wp-content\/uploads\/2022\/04\/IMG_5818-640x445-1.jpg","datePublished":"2022-04-13T14:53:54+00:00","dateModified":"2022-04-13T14:54:00+00:00","author":{"@id":"https:\/\/markd.com.br\/models\/#\/schema\/person\/c12a77ab487a7262d8bec3c47301ad37"},"breadcrumb":{"@id":"https:\/\/markd.com.br\/models\/prefeitura-realiza-doacao-de-livros-infantis-para-a-biblioteca-do-parque-cidade-da-crianca\/#breadcrumb"},"inLanguage":"pt-BR","potentialAction":[{"@type":"ReadAction","target":["https:\/\/markd.com.br\/models\/prefeitura-realiza-doacao-de-livros-infantis-para-a-biblioteca-do-parque-cidade-da-crianca\/"]}]},{"@type":"ImageObject","inLanguage":"pt-BR","@id":"https:\/\/markd.com.br\/models\/prefeitura-realiza-doacao-de-livros-infantis-para-a-biblioteca-do-parque-cidade-da-crianca\/#primaryimage","url":"https:\/\/markd.com.br\/models\/wp-content\/uploads\/2022\/04\/IMG_5818-640x445-1.jpg","contentUrl":"https:\/\/markd.com.br\/models\/wp-content\/uploads\/2022\/04\/IMG_5818-640x445-1.jpg","width":640,"height":445},{"@type":"BreadcrumbList","@id":"https:\/\/markd.com.br\/models\/prefeitura-realiza-doacao-de-livros-infantis-para-a-biblioteca-do-parque-cidade-da-crianca\/#breadcrumb","itemListElement":[{"@type":"ListItem","position":1,"name":"In\u00edcio","item":"https:\/\/markd.com.br\/models\/"},{"@type":"ListItem","position":2,"name":"Prefeitura realiza doa\u00e7\u00e3o de livros infantis para a biblioteca do parque Cidade da Crian\u00e7a"}]},{"@type":"WebSite","@id":"https:\/\/markd.com.br\/models\/#website","url":"https:\/\/markd.com.br\/models\/","name":"Not\u00edcias de Todos - Models01","description":"Tenha um Portal de Not\u00edcias Moderno, Din\u00e2mico, R\u00e1pido e Profissional. Entregamos seu Site de  Not\u00edcias Pronto, Instalado, Hospedado, com Manual Passo a Passo e Suporte 24 horas.","potentialAction":[{"@type":"SearchAction","target":{"@type":"EntryPoint","urlTemplate":"https:\/\/markd.com.br\/models\/?s={search_term_string}"},"query-input":{"@type":"PropertyValueSpecification","valueRequired":true,"valueName":"search_term_string"}}],"inLanguage":"pt-BR"},{"@type":"Person","@id":"https:\/\/markd.com.br\/models\/#\/schema\/person\/c12a77ab487a7262d8bec3c47301ad37","name":"Reda\u00e7\u00e3o Reda\u00e7\u00e3o","image":{"@type":"ImageObject","inLanguage":"pt-BR","@id":"https:\/\/markd.com.br\/models\/#\/schema\/person\/image\/","url":"https:\/\/secure.gravatar.com\/avatar\/9448f3599ce269febf169e183039b4a6?s=96&d=mm&r=g","contentUrl":"https:\/\/secure.gravatar.com\/avatar\/9448f3599ce269febf169e183039b4a6?s=96&d=mm&r=g","caption":"Reda\u00e7\u00e3o Reda\u00e7\u00e3o"},"sameAs":["https:\/\/markd.com.br\/"],"url":"https:\/\/markd.com.br\/models\/author\/redacao\/"}]}},"featured_image_urls":{"full":["https:\/\/markd.com.br\/models\/wp-content\/uploads\/2022\/04\/IMG_5818-640x445-1.jpg",640,445,false],"thumbnail":["https:\/\/markd.com.br\/models\/wp-content\/uploads\/2022\/04\/IMG_5818-640x445-1-150x150.jpg",150,150,true],"medium":["https:\/\/markd.com.br\/models\/wp-content\/uploads\/2022\/04\/IMG_5818-640x445-1-300x209.jpg",300,209,true],"medium_large":["https:\/\/markd.com.br\/models\/wp-content\/uploads\/2022\/04\/IMG_5818-640x445-1.jpg",640,445,false],"large":["https:\/\/markd.com.br\/models\/wp-content\/uploads\/2022\/04\/IMG_5818-640x445-1.jpg",640,445,false],"1536x1536":["https:\/\/markd.com.br\/models\/wp-content\/uploads\/2022\/04\/IMG_5818-640x445-1.jpg",640,445,false],"2048x2048":["https:\/\/markd.com.br\/models\/wp-content\/uploads\/2022\/04\/IMG_5818-640x445-1.jpg",640,445,false],"newsphere-slider-full":["https:\/\/markd.com.br\/models\/wp-content\/uploads\/2022\/04\/IMG_5818-640x445-1.jpg",640,445,false],"newsphere-featured":["https:\/\/markd.com.br\/models\/wp-content\/uploads\/2022\/04\/IMG_5818-640x445-1.jpg",640,445,false],"newsphere-medium":["https:\/\/markd.com.br\/models\/wp-content\/uploads\/2022\/04\/IMG_5818-640x445-1-640x380.jpg",640,380,true]},"author_info":{"display_name":"Reda\u00e7\u00e3o Reda\u00e7\u00e3o","author_link":"https:\/\/markd.com.br\/models\/author\/redacao\/"},"category_info":"<a href=\"https:\/\/markd.com.br\/models\/category\/prefeitura-de-manaus\/\" rel=\"category tag\">Prefeitura de Manaus<\/a>","tag_info":"Prefeitura de Manaus","comment_count":"0","jetpack_featured_media_url":"https:\/\/markd.com.br\/models\/wp-content\/uploads\/2022\/04\/IMG_5818-640x445-1.jpg","_links":{"self":[{"href":"https:\/\/markd.com.br\/models\/wp-json\/wp\/v2\/posts\/1562","targetHints":{"allow":["GET"]}}],"collection":[{"href":"https:\/\/markd.com.br\/models\/wp-json\/wp\/v2\/posts"}],"about":[{"href":"https:\/\/markd.com.br\/models\/wp-json\/wp\/v2\/types\/post"}],"author":[{"embeddable":true,"href":"https:\/\/markd.com.br\/models\/wp-json\/wp\/v2\/users\/5"}],"replies":[{"embeddable":true,"href":"https:\/\/markd.com.br\/models\/wp-json\/wp\/v2\/comments?post=1562"}],"version-history":[{"count":1,"href":"https:\/\/markd.com.br\/models\/wp-json\/wp\/v2\/posts\/1562\/revisions"}],"predecessor-version":[{"id":1564,"href":"https:\/\/markd.com.br\/models\/wp-json\/wp\/v2\/posts\/1562\/revisions\/1564"}],"wp:featuredmedia":[{"embeddable":true,"href":"https:\/\/markd.com.br\/models\/wp-json\/wp\/v2\/media\/1563"}],"wp:attachment":[{"href":"https:\/\/markd.com.br\/models\/wp-json\/wp\/v2\/media?parent=1562"}],"wp:term":[{"taxonomy":"category","embeddable":true,"href":"https:\/\/markd.com.br\/models\/wp-json\/wp\/v2\/categories?post=1562"},{"taxonomy":"post_tag","embeddable":true,"href":"https:\/\/markd.com.br\/models\/wp-json\/wp\/v2\/tags?post=1562"}],"curies":[{"name":"wp","href":"https:\/\/api.w.org\/{rel}","templated":true}]}}