{"id":1565,"date":"2022-04-13T11:57:11","date_gmt":"2022-04-13T14:57:11","guid":{"rendered":"https:\/\/portaldestaquenoticias.com.br\/?p=1565"},"modified":"2022-04-13T11:57:16","modified_gmt":"2022-04-13T14:57:16","slug":"prefeitura-de-manaus-prossegue-com-a-campanha-iptu-premiado","status":"publish","type":"post","link":"https:\/\/markd.com.br\/models\/prefeitura-de-manaus-prossegue-com-a-campanha-iptu-premiado\/","title":{"rendered":"Prefeitura de Manaus prossegue com a campanha \u2018IPTU Premiado\u2019"},"content":{"rendered":"\n<p><\/p>\n\n\n\n<p>No pr\u00f3ximo dia 30\/4, a Prefeitura de Manaus &nbsp;ir\u00e1 realizar mais um sorteio da campanha \u201cIPTU Premiado\u201d. Ser\u00e3o sorteados um pr\u00eamio de R$ 20 mil, tr\u00eas pr\u00eamios de R$ 10 mil, tr\u00eas de R$ 5 mil e mais 10 premia\u00e7\u00f5es no valor de R$ 2 mil. Concorrem aos pr\u00eamios os contribuintes do Imposto Sobre a Propriedade Predial e Territorial Urbana (IPTU), pessoas f\u00edsicas, que pagaram seu tributo em cota \u00fanica ou optaram pelo pagamento parcelado. No segundo caso, estes devem estar com a primeira parcela quitada, al\u00e9m de realizar o pagamento da segunda parcela at\u00e9 o dia do seu vencimento, programado para 18 deste m\u00eas de abril.<\/p>\n\n\n\n<p>Quem n\u00e3o tem em m\u00e3os o carn\u00ea do IPTU 2022, as guias para pagamento poder\u00e3o ser consultadas e impressas por meio do portal de servi\u00e7os tribut\u00e1rios da Prefeitura de Manaus:&nbsp;<a href=\"http:\/\/manausatende.manaus.am.gov.br\/\" target=\"_blank\" rel=\"noreferrer noopener\">http:\/\/manausatende.manaus.am.gov.br<\/a>.<\/p>\n\n\n\n<p>Conforme o subsecret\u00e1rio da Receita da Secretaria Municipal de Finan\u00e7as e Tecnologia da Informa\u00e7\u00e3o (Semef), Arm\u00ednio Pontes, o contribuinte n\u00e3o precisa realizar nenhum cadastro para concorrer aos pr\u00eamios.<\/p>\n\n\n\n<p>\u201cAo pagar a guia, o sistema j\u00e1 gera automaticamente o bilhete eletr\u00f4nico correspondente \u00e0 matr\u00edcula do IPTU pago. O sorteio \u00e9 realizado eletronicamente a partir da cria\u00e7\u00e3o de um c\u00f3digo&nbsp;<em>hash<\/em>&nbsp;e com base nos n\u00fameros sorteados pela Loteria Federal\u201d, explica.<\/p>\n\n\n\n<p>Mais detalhes sobre a campanha, assim como o cronograma de sorteios e premia\u00e7\u00f5es poder\u00e3o ser consultados na p\u00e1gina eletr\u00f4nica da promo\u00e7\u00e3o:&nbsp;<a href=\"http:\/\/iptupremiado.manaus.am.gov.br\/\" target=\"_blank\" rel=\"noreferrer noopener\">http:\/\/iptupremiado.manaus.am.gov.br<\/a>.<\/p>\n\n\n\n<p><strong>Resultados<\/strong><\/p>\n\n\n\n<p>Na avalia\u00e7\u00e3o do subsecret\u00e1rio da Semef, a campanha tem gerado resultados positivos para o munic\u00edpio, em rela\u00e7\u00e3o \u00e0 arrecada\u00e7\u00e3o do tributo. De acordo com ele, aproximadamente R$ 150 milh\u00f5es j\u00e1 foram arrecadados com o pagamento do IPTU 2022. \u201cIsso \u00e9 quase 20% do total arrecadado em 2021\u201d, observa Pontes, ao afirmar que a meta de arrecada\u00e7\u00e3o do imposto predial para este ano \u00e9 de R$ 350 milh\u00f5es.<\/p>\n\n\n\n<p>A Prefeitura de Manaus lan\u00e7ou este ano 597,3 mil cadastros imobili\u00e1rios em sua base do IPTU. Desse total, 514,9 mil s\u00e3o contribuintes tribut\u00e1veis, que somam lan\u00e7amentos de R$ 509,2 milh\u00f5es. Aproximadamente 80% do total tribut\u00e1vel s\u00e3o pessoas f\u00edsicas.<\/p>\n\n\n\n<p>\u2014 \u2014 \u2014<strong>Texto<\/strong>&nbsp;\u2013 Anderson Farias \/ Semef<\/p>\n","protected":false},"excerpt":{"rendered":"<p>No pr\u00f3ximo dia 30\/4, a Prefeitura de Manaus &nbsp;ir\u00e1 realizar mais um sorteio da campanha&#8230;<\/p>\n","protected":false},"author":5,"featured_media":1566,"comment_status":"open","ping_status":"open","sticky":false,"template":"","format":"standard","meta":{"footnotes":""},"categories":[35],"tags":[418,43,419],"class_list":["post-1565","post","type-post","status-publish","format-standard","has-post-thumbnail","hentry","category-prefeitura-de-manaus","tag-iptu","tag-prefeitura-de-manaus","tag-semef"],"yoast_head":"<!-- This site is optimized with the Yoast SEO plugin v24.4 - https:\/\/yoast.com\/wordpress\/plugins\/seo\/ -->\n<title>Prefeitura de Manaus prossegue com a campanha \u2018IPTU Premiado\u2019 - Not\u00edcias de Todos - Models01<\/title>\n<meta name=\"robots\" content=\"index, follow, max-snippet:-1, max-image-preview:large, max-video-preview:-1\" \/>\n<link rel=\"canonical\" href=\"https:\/\/markd.com.br\/models\/prefeitura-de-manaus-prossegue-com-a-campanha-iptu-premiado\/\" \/>\n<meta property=\"og:locale\" content=\"pt_BR\" \/>\n<meta property=\"og:type\" content=\"article\" \/>\n<meta property=\"og:title\" content=\"Prefeitura de Manaus prossegue com a campanha \u2018IPTU Premiado\u2019 - Not\u00edcias de Todos - Models01\" \/>\n<meta property=\"og:description\" content=\"No pr\u00f3ximo dia 30\/4, a Prefeitura de Manaus &nbsp;ir\u00e1 realizar mais um sorteio da campanha...\" \/>\n<meta property=\"og:url\" content=\"https:\/\/markd.com.br\/models\/prefeitura-de-manaus-prossegue-com-a-campanha-iptu-premiado\/\" \/>\n<meta property=\"og:site_name\" content=\"Not\u00edcias de Todos - Models01\" \/>\n<meta property=\"article:published_time\" content=\"2022-04-13T14:57:11+00:00\" \/>\n<meta property=\"article:modified_time\" content=\"2022-04-13T14:57:16+00:00\" \/>\n<meta property=\"og:image\" content=\"https:\/\/markd.com.br\/models\/wp-content\/uploads\/2022\/04\/51932483591_54e9aa858c_k-720x407-1-1.jpg\" \/>\n\t<meta property=\"og:image:width\" content=\"640\" \/>\n\t<meta property=\"og:image:height\" content=\"362\" \/>\n\t<meta property=\"og:image:type\" content=\"image\/jpeg\" \/>\n<meta name=\"author\" content=\"Reda\u00e7\u00e3o Reda\u00e7\u00e3o\" \/>\n<meta name=\"twitter:card\" content=\"summary_large_image\" \/>\n<meta name=\"twitter:label1\" content=\"Escrito por\" \/>\n\t<meta name=\"twitter:data1\" content=\"Reda\u00e7\u00e3o Reda\u00e7\u00e3o\" \/>\n\t<meta name=\"twitter:label2\" content=\"Est. tempo de leitura\" \/>\n\t<meta name=\"twitter:data2\" content=\"2 minutos\" \/>\n<script type=\"application\/ld+json\" class=\"yoast-schema-graph\">{\"@context\":\"https:\/\/schema.org\",\"@graph\":[{\"@type\":\"WebPage\",\"@id\":\"https:\/\/markd.com.br\/models\/prefeitura-de-manaus-prossegue-com-a-campanha-iptu-premiado\/\",\"url\":\"https:\/\/markd.com.br\/models\/prefeitura-de-manaus-prossegue-com-a-campanha-iptu-premiado\/\",\"name\":\"Prefeitura de Manaus prossegue com a campanha \u2018IPTU Premiado\u2019 - Not\u00edcias de Todos - Models01\",\"isPartOf\":{\"@id\":\"https:\/\/markd.com.br\/models\/#website\"},\"primaryImageOfPage\":{\"@id\":\"https:\/\/markd.com.br\/models\/prefeitura-de-manaus-prossegue-com-a-campanha-iptu-premiado\/#primaryimage\"},\"image\":{\"@id\":\"https:\/\/markd.com.br\/models\/prefeitura-de-manaus-prossegue-com-a-campanha-iptu-premiado\/#primaryimage\"},\"thumbnailUrl\":\"https:\/\/markd.com.br\/models\/wp-content\/uploads\/2022\/04\/51932483591_54e9aa858c_k-720x407-1-1.jpg\",\"datePublished\":\"2022-04-13T14:57:11+00:00\",\"dateModified\":\"2022-04-13T14:57:16+00:00\",\"author\":{\"@id\":\"https:\/\/markd.com.br\/models\/#\/schema\/person\/c12a77ab487a7262d8bec3c47301ad37\"},\"breadcrumb\":{\"@id\":\"https:\/\/markd.com.br\/models\/prefeitura-de-manaus-prossegue-com-a-campanha-iptu-premiado\/#breadcrumb\"},\"inLanguage\":\"pt-BR\",\"potentialAction\":[{\"@type\":\"ReadAction\",\"target\":[\"https:\/\/markd.com.br\/models\/prefeitura-de-manaus-prossegue-com-a-campanha-iptu-premiado\/\"]}]},{\"@type\":\"ImageObject\",\"inLanguage\":\"pt-BR\",\"@id\":\"https:\/\/markd.com.br\/models\/prefeitura-de-manaus-prossegue-com-a-campanha-iptu-premiado\/#primaryimage\",\"url\":\"https:\/\/markd.com.br\/models\/wp-content\/uploads\/2022\/04\/51932483591_54e9aa858c_k-720x407-1-1.jpg\",\"contentUrl\":\"https:\/\/markd.com.br\/models\/wp-content\/uploads\/2022\/04\/51932483591_54e9aa858c_k-720x407-1-1.jpg\",\"width\":640,\"height\":362},{\"@type\":\"BreadcrumbList\",\"@id\":\"https:\/\/markd.com.br\/models\/prefeitura-de-manaus-prossegue-com-a-campanha-iptu-premiado\/#breadcrumb\",\"itemListElement\":[{\"@type\":\"ListItem\",\"position\":1,\"name\":\"In\u00edcio\",\"item\":\"https:\/\/markd.com.br\/models\/\"},{\"@type\":\"ListItem\",\"position\":2,\"name\":\"Prefeitura de Manaus prossegue com a campanha \u2018IPTU Premiado\u2019\"}]},{\"@type\":\"WebSite\",\"@id\":\"https:\/\/markd.com.br\/models\/#website\",\"url\":\"https:\/\/markd.com.br\/models\/\",\"name\":\"Not\u00edcias de Todos - Models01\",\"description\":\"Tenha um Portal de Not\u00edcias Moderno, Din\u00e2mico, R\u00e1pido e Profissional. Entregamos seu Site de  Not\u00edcias Pronto, Instalado, Hospedado, com Manual Passo a Passo e Suporte 24 horas.\",\"potentialAction\":[{\"@type\":\"SearchAction\",\"target\":{\"@type\":\"EntryPoint\",\"urlTemplate\":\"https:\/\/markd.com.br\/models\/?s={search_term_string}\"},\"query-input\":{\"@type\":\"PropertyValueSpecification\",\"valueRequired\":true,\"valueName\":\"search_term_string\"}}],\"inLanguage\":\"pt-BR\"},{\"@type\":\"Person\",\"@id\":\"https:\/\/markd.com.br\/models\/#\/schema\/person\/c12a77ab487a7262d8bec3c47301ad37\",\"name\":\"Reda\u00e7\u00e3o Reda\u00e7\u00e3o\",\"image\":{\"@type\":\"ImageObject\",\"inLanguage\":\"pt-BR\",\"@id\":\"https:\/\/markd.com.br\/models\/#\/schema\/person\/image\/\",\"url\":\"https:\/\/secure.gravatar.com\/avatar\/9448f3599ce269febf169e183039b4a6?s=96&d=mm&r=g\",\"contentUrl\":\"https:\/\/secure.gravatar.com\/avatar\/9448f3599ce269febf169e183039b4a6?s=96&d=mm&r=g\",\"caption\":\"Reda\u00e7\u00e3o Reda\u00e7\u00e3o\"},\"sameAs\":[\"https:\/\/markd.com.br\/\"],\"url\":\"https:\/\/markd.com.br\/models\/author\/redacao\/\"}]}<\/script>\n<!-- \/ Yoast SEO plugin. -->","yoast_head_json":{"title":"Prefeitura de Manaus prossegue com a campanha \u2018IPTU Premiado\u2019 - Not\u00edcias de Todos - Models01","robots":{"index":"index","follow":"follow","max-snippet":"max-snippet:-1","max-image-preview":"max-image-preview:large","max-video-preview":"max-video-preview:-1"},"canonical":"https:\/\/markd.com.br\/models\/prefeitura-de-manaus-prossegue-com-a-campanha-iptu-premiado\/","og_locale":"pt_BR","og_type":"article","og_title":"Prefeitura de Manaus prossegue com a campanha \u2018IPTU Premiado\u2019 - Not\u00edcias de Todos - Models01","og_description":"No pr\u00f3ximo dia 30\/4, a Prefeitura de Manaus &nbsp;ir\u00e1 realizar mais um sorteio da campanha...","og_url":"https:\/\/markd.com.br\/models\/prefeitura-de-manaus-prossegue-com-a-campanha-iptu-premiado\/","og_site_name":"Not\u00edcias de Todos - Models01","article_published_time":"2022-04-13T14:57:11+00:00","article_modified_time":"2022-04-13T14:57:16+00:00","og_image":[{"width":640,"height":362,"url":"https:\/\/markd.com.br\/models\/wp-content\/uploads\/2022\/04\/51932483591_54e9aa858c_k-720x407-1-1.jpg","type":"image\/jpeg"}],"author":"Reda\u00e7\u00e3o Reda\u00e7\u00e3o","twitter_card":"summary_large_image","twitter_misc":{"Escrito por":"Reda\u00e7\u00e3o Reda\u00e7\u00e3o","Est. tempo de leitura":"2 minutos"},"schema":{"@context":"https:\/\/schema.org","@graph":[{"@type":"WebPage","@id":"https:\/\/markd.com.br\/models\/prefeitura-de-manaus-prossegue-com-a-campanha-iptu-premiado\/","url":"https:\/\/markd.com.br\/models\/prefeitura-de-manaus-prossegue-com-a-campanha-iptu-premiado\/","name":"Prefeitura de Manaus prossegue com a campanha \u2018IPTU Premiado\u2019 - Not\u00edcias de Todos - Models01","isPartOf":{"@id":"https:\/\/markd.com.br\/models\/#website"},"primaryImageOfPage":{"@id":"https:\/\/markd.com.br\/models\/prefeitura-de-manaus-prossegue-com-a-campanha-iptu-premiado\/#primaryimage"},"image":{"@id":"https:\/\/markd.com.br\/models\/prefeitura-de-manaus-prossegue-com-a-campanha-iptu-premiado\/#primaryimage"},"thumbnailUrl":"https:\/\/markd.com.br\/models\/wp-content\/uploads\/2022\/04\/51932483591_54e9aa858c_k-720x407-1-1.jpg","datePublished":"2022-04-13T14:57:11+00:00","dateModified":"2022-04-13T14:57:16+00:00","author":{"@id":"https:\/\/markd.com.br\/models\/#\/schema\/person\/c12a77ab487a7262d8bec3c47301ad37"},"breadcrumb":{"@id":"https:\/\/markd.com.br\/models\/prefeitura-de-manaus-prossegue-com-a-campanha-iptu-premiado\/#breadcrumb"},"inLanguage":"pt-BR","potentialAction":[{"@type":"ReadAction","target":["https:\/\/markd.com.br\/models\/prefeitura-de-manaus-prossegue-com-a-campanha-iptu-premiado\/"]}]},{"@type":"ImageObject","inLanguage":"pt-BR","@id":"https:\/\/markd.com.br\/models\/prefeitura-de-manaus-prossegue-com-a-campanha-iptu-premiado\/#primaryimage","url":"https:\/\/markd.com.br\/models\/wp-content\/uploads\/2022\/04\/51932483591_54e9aa858c_k-720x407-1-1.jpg","contentUrl":"https:\/\/markd.com.br\/models\/wp-content\/uploads\/2022\/04\/51932483591_54e9aa858c_k-720x407-1-1.jpg","width":640,"height":362},{"@type":"BreadcrumbList","@id":"https:\/\/markd.com.br\/models\/prefeitura-de-manaus-prossegue-com-a-campanha-iptu-premiado\/#breadcrumb","itemListElement":[{"@type":"ListItem","position":1,"name":"In\u00edcio","item":"https:\/\/markd.com.br\/models\/"},{"@type":"ListItem","position":2,"name":"Prefeitura de Manaus prossegue com a campanha \u2018IPTU Premiado\u2019"}]},{"@type":"WebSite","@id":"https:\/\/markd.com.br\/models\/#website","url":"https:\/\/markd.com.br\/models\/","name":"Not\u00edcias de Todos - Models01","description":"Tenha um Portal de Not\u00edcias Moderno, Din\u00e2mico, R\u00e1pido e Profissional. Entregamos seu Site de  Not\u00edcias Pronto, Instalado, Hospedado, com Manual Passo a Passo e Suporte 24 horas.","potentialAction":[{"@type":"SearchAction","target":{"@type":"EntryPoint","urlTemplate":"https:\/\/markd.com.br\/models\/?s={search_term_string}"},"query-input":{"@type":"PropertyValueSpecification","valueRequired":true,"valueName":"search_term_string"}}],"inLanguage":"pt-BR"},{"@type":"Person","@id":"https:\/\/markd.com.br\/models\/#\/schema\/person\/c12a77ab487a7262d8bec3c47301ad37","name":"Reda\u00e7\u00e3o Reda\u00e7\u00e3o","image":{"@type":"ImageObject","inLanguage":"pt-BR","@id":"https:\/\/markd.com.br\/models\/#\/schema\/person\/image\/","url":"https:\/\/secure.gravatar.com\/avatar\/9448f3599ce269febf169e183039b4a6?s=96&d=mm&r=g","contentUrl":"https:\/\/secure.gravatar.com\/avatar\/9448f3599ce269febf169e183039b4a6?s=96&d=mm&r=g","caption":"Reda\u00e7\u00e3o Reda\u00e7\u00e3o"},"sameAs":["https:\/\/markd.com.br\/"],"url":"https:\/\/markd.com.br\/models\/author\/redacao\/"}]}},"featured_image_urls":{"full":["https:\/\/markd.com.br\/models\/wp-content\/uploads\/2022\/04\/51932483591_54e9aa858c_k-720x407-1-1.jpg",640,362,false],"thumbnail":["https:\/\/markd.com.br\/models\/wp-content\/uploads\/2022\/04\/51932483591_54e9aa858c_k-720x407-1-1-150x150.jpg",150,150,true],"medium":["https:\/\/markd.com.br\/models\/wp-content\/uploads\/2022\/04\/51932483591_54e9aa858c_k-720x407-1-1-300x170.jpg",300,170,true],"medium_large":["https:\/\/markd.com.br\/models\/wp-content\/uploads\/2022\/04\/51932483591_54e9aa858c_k-720x407-1-1.jpg",640,362,false],"large":["https:\/\/markd.com.br\/models\/wp-content\/uploads\/2022\/04\/51932483591_54e9aa858c_k-720x407-1-1.jpg",640,362,false],"1536x1536":["https:\/\/markd.com.br\/models\/wp-content\/uploads\/2022\/04\/51932483591_54e9aa858c_k-720x407-1-1.jpg",640,362,false],"2048x2048":["https:\/\/markd.com.br\/models\/wp-content\/uploads\/2022\/04\/51932483591_54e9aa858c_k-720x407-1-1.jpg",640,362,false],"newsphere-slider-full":["https:\/\/markd.com.br\/models\/wp-content\/uploads\/2022\/04\/51932483591_54e9aa858c_k-720x407-1-1.jpg",640,362,false],"newsphere-featured":["https:\/\/markd.com.br\/models\/wp-content\/uploads\/2022\/04\/51932483591_54e9aa858c_k-720x407-1-1.jpg",640,362,false],"newsphere-medium":["https:\/\/markd.com.br\/models\/wp-content\/uploads\/2022\/04\/51932483591_54e9aa858c_k-720x407-1-1.jpg",640,362,false]},"author_info":{"display_name":"Reda\u00e7\u00e3o Reda\u00e7\u00e3o","author_link":"https:\/\/markd.com.br\/models\/author\/redacao\/"},"category_info":"<a href=\"https:\/\/markd.com.br\/models\/category\/prefeitura-de-manaus\/\" rel=\"category tag\">Prefeitura de Manaus<\/a>","tag_info":"Prefeitura de Manaus","comment_count":"0","jetpack_featured_media_url":"https:\/\/markd.com.br\/models\/wp-content\/uploads\/2022\/04\/51932483591_54e9aa858c_k-720x407-1-1.jpg","_links":{"self":[{"href":"https:\/\/markd.com.br\/models\/wp-json\/wp\/v2\/posts\/1565","targetHints":{"allow":["GET"]}}],"collection":[{"href":"https:\/\/markd.com.br\/models\/wp-json\/wp\/v2\/posts"}],"about":[{"href":"https:\/\/markd.com.br\/models\/wp-json\/wp\/v2\/types\/post"}],"author":[{"embeddable":true,"href":"https:\/\/markd.com.br\/models\/wp-json\/wp\/v2\/users\/5"}],"replies":[{"embeddable":true,"href":"https:\/\/markd.com.br\/models\/wp-json\/wp\/v2\/comments?post=1565"}],"version-history":[{"count":1,"href":"https:\/\/markd.com.br\/models\/wp-json\/wp\/v2\/posts\/1565\/revisions"}],"predecessor-version":[{"id":1567,"href":"https:\/\/markd.com.br\/models\/wp-json\/wp\/v2\/posts\/1565\/revisions\/1567"}],"wp:featuredmedia":[{"embeddable":true,"href":"https:\/\/markd.com.br\/models\/wp-json\/wp\/v2\/media\/1566"}],"wp:attachment":[{"href":"https:\/\/markd.com.br\/models\/wp-json\/wp\/v2\/media?parent=1565"}],"wp:term":[{"taxonomy":"category","embeddable":true,"href":"https:\/\/markd.com.br\/models\/wp-json\/wp\/v2\/categories?post=1565"},{"taxonomy":"post_tag","embeddable":true,"href":"https:\/\/markd.com.br\/models\/wp-json\/wp\/v2\/tags?post=1565"}],"curies":[{"name":"wp","href":"https:\/\/api.w.org\/{rel}","templated":true}]}}